{"id":593,"date":"2012-08-22T23:20:02","date_gmt":"2012-08-22T21:20:02","guid":{"rendered":"http:\/\/www.robertosedda.it\/?p=593"},"modified":"2012-08-22T23:23:52","modified_gmt":"2012-08-22T21:23:52","slug":"umanita-in-frantumi","status":"publish","type":"post","link":"http:\/\/www.robertosedda.it\/?p=593","title":{"rendered":"Umanit\u00e0 in frantumi"},"content":{"rendered":"<p>Mi \u00e8 capitato ieri di partecipare a una occasione di formazione in cui \u00e8 stato distribuito un testo di Francuccio Gesualdi, che fu uno dei \u201cragazzi di Barbiana\u201d di don Milani ed \u00e8 adesso l\u2019animatore del <a href=\"http:\/\/www.cnms.it\/\">Centro Nuovo Modello di Sviluppo<\/a>.<\/p>\n<p>Il testo \u00e8 tratto da un libretto molto agile e dal costo assolutamente contenuto, che \u00e8 facilmente reperibile presso le Botteghe del Commercio Equo ed \u00e8 oltretutto liberamente scaricabile dal <em>web<\/em>, per esempio <a href=\"http:\/\/www.cnms.it\/sites\/default\/files\/altravia.pdf\">qui<\/a>. Si tratta de <em>L\u2019altra via<\/em>, Edizioni Altreconomia, appunto di Franco Gesualdi.<\/p>\n<p>Mi sembra quindi una lettura consigliabile a chi volesse approfondire temi accennati nel primo incontro dell\u2019<a href=\"http:\/\/ultimotriennio.wordpress.com\/2011\/11\/03\/petra-perreca-ospite-allincontro-adulti-sulla-sostenibilita\/\">Osservatorio della Realt\u00e0<\/a>. Posto qui sotto il brano che \u00e8 stato oggetto di dibattito ieri, sperando di incuriosirvi.<\/p>\n<p>Nella sua urgenza e severit\u00e0, il brano rigetta le posizioni di coloro che, come pure \u00e8 accaduto nelle obiezioni avanzate a <a href=\"http:\/\/ultimotriennio.wordpress.com\/2011\/11\/21\/intervista-a-petra-perreca\/\">Petra Perreca<\/a>, sembrano sperare contro ogni evidenza che si possa costruire giustizia sociale senza porsi il problema della sostenibilit\u00e0 o, detto in altro modo, che sia pensabile che la prospettiva mondiale possa essere quella di garantire a libello globale uno stile di vita del tutto opulento come quello del mondo occidentale.<\/p>\n<blockquote>\n<p align=\"left\">Esaurimento di risorse e accumulo di rifiuti sono chiari segnali di un sistema che sta divorando se stesso. Il tutto mentre met\u00e0 della popolazione mondiale non ha ancora conosciuto il gusto della dignit\u00e0 umana. Crisi sociale e crisi ambientale strette in un abbraccio mortale.<\/p>\n<p align=\"left\">Secondo la Banca mondiale sono tre miliardi e hanno le sembianze del bambino piangente che siede nudo fuori dalla capanna. Dell\u2019uomo dal volto scavato e bruciato dal sole che,\u00a0machete\u00a0alla mano, cerca di strappare un pezzo di terra alla foresta. Della donna dal corpo macilento, appena ricoperto di stracci, che cerca del cibo frugando nella montagna di rifiuti. Sono i poveri assoluti che secondo il linguaggio arido del denaro vivono con meno di due dollari al giorno. Secondo il linguaggio concreto della vita non riescono a soddisfare nemmeno i bisogni fondamentali. Non mangiano pi\u00f9 di una volta al giorno, si alimentano con una dieta costituita quasi esclusivamente da farinacei e legumi. Molti di loro bevono acqua di pozzo o di fiume, non godono di servizi igienici. Vivono in baracche costruite con materiale di recupero o in capanne costruite con materiale naturale trovato nei dintorni. Hanno scarsi indumenti e un bassissimo livello di scolarit\u00e0. In caso di malattia non possono curarsi, sono costretti a indebitarsi per fare fronte a qualsiasi necessit\u00e0 che esce fuori dalla pura e semplice sopravvivenza.<\/p>\n<p align=\"left\">I poveri assoluti popolano i villaggi sperduti delle campagne e si affollano nelle baraccopoli di citt\u00e0. Campano su lavori precari, malpagati, sono alla totale merc\u00e9 di padroni, caporali e mercanti. Tramite i nostri consumi li incontriamo quotidianamente quando beviamo una tazza di caff\u00e8, quando mangiamo una banana, quando indossiamo un paio di scarpe sportive. Hanno il volto del contadino africano che \u00e8 costretto a vendere il suo caff\u00e8 a 20 centesimi di dollaro al chilo mentre noi lo ricompriamo a otto euro, del bambino ecuadoriano che per un dollaro e mezzo al giorno lavora dieci ore nel bananeto, della ragazzina cinese che per 30 centesimi di dollaro l\u2019ora produce le scarpe firmate che noi ricompriamo a 120 euro. Il primo personaggio che incontriamo al mattino, prima di avere dato il buongiorno al nostro compagno o alla nostra compagna, ai nostri figli, \u00e8 un contadino del Kenya o un bracciante del Brasile. E pu\u00f2 essere un povero assoluto.<\/p>\n<p align=\"left\">La coscienza di ogni persona civile si ribella ad un mondo dove il 20% pi\u00f9 ricco gode dell\u201986% della ricchezza prodotta mentre il 40% pi\u00f9 povero deve accontentarsi del 3%. Tocca a tutti lottare contro una globalizzazione che in nome del libero mercato d\u00e0 il potere a multinazionali come Nestl\u00e9, Kraft, Sara Lee di fissare il prezzo di caff\u00e8 e cacao a livelli da fame. Tocca a tutti fare pressione su Nike, Adidas e tutte le altre imprese che delocalizzano affinch\u00e9 paghino salari dignitosi. Ma la lotta per regole pi\u00f9 eque e comportamenti pi\u00f9 corretti, non basta pi\u00f9.<\/p>\n<p align=\"left\">Non siamo pi\u00f9 nel Novecento quando si poteva pensare di fare giustizia portando tutti gli abitanti del pianeta al nostro stesso tenore di vita. Oggi il pianeta non ce la farebbe a garantire a tutte le famiglie del mondo l\u2019automobile, la lavatrice, il frigorifero, guardaroba stracolmi, una dieta a base di carne. \u00c8 stato calcolato che se volessimo estendere a tutto il mondo il tenore di vita degli americani ci vorrebbero cinque pianeti: uno come campi, uno come oceani, uno come miniere, uno come foreste, uno come discarica di rifiuti(1). Noi non abbiamo quattro pianeti di scorta, con questo unico pianeta dobbiamo raggiungere due\u00a0obiettivi fondamentali: dobbiamo lasciare ai nostri figli una\u00a0Terra vivibile e dobbiamo consentire agli impoveriti di uscire\u00a0rapidamente dalla loro povert\u00e0. Noi siamo sovrappeso, ci farebbe\u00a0bene dimagrire, ma loro non hanno ancora raggiunto il peso\u00a0forma, per vivere dignitosamente hanno bisogno di mangiare\u00a0di pi\u00f9, vestirsi di pi\u00f9, curarsi di pi\u00f9, studiare di pi\u00f9, viaggiare\u00a0di pi\u00f9. E lo potranno fare solo se noi, i grassoni, accettiamo\u00a0di sottoporci a cura dimagrante perch\u00e9 c\u2019\u00e8 competizione per\u00a0le risorse scarse, per gli spazi ambientali gi\u00e0 compromessi. La\u00a0morale della favola \u00e8 che non si pu\u00f2 pi\u00f9 parlare di giustizia senza\u00a0tenere conto della sostenibilit\u00e0, l\u2019unico modo per coniugare\u00a0equit\u00e0 e sostenibilit\u00e0 \u00e8 che i ricchi si convertano alla sobriet\u00e0,\u00a0ad uno stile di vita personale e collettivo, pi\u00f9 parsimonioso, pi\u00f9\u00a0pulito, pi\u00f9 lento, pi\u00f9 inserito nei cicli naturali. \u201cVivere semplicemente,\u00a0affinch\u00e9 gli altri possano semplicemente vivere\u201d proponeva\u00a0Gandhi gi\u00e0 negli anni Quaranta.<\/p>\n<p align=\"left\">\u00a0(1)\u00a0Elaborazione dati Wwf,\u00a0Living Planet 2008<\/p>\n<\/blockquote>\n","protected":false},"excerpt":{"rendered":"<p>Mi \u00e8 capitato ieri di partecipare a una occasione di formazione in cui \u00e8 stato distribuito un testo di Francuccio<\/p>\n","protected":false},"author":1,"featured_media":0,"comment_status":"open","ping_status":"open","sticky":false,"template":"","format":"standard","meta":{"_mi_skip_tracking":false,"_monsterinsights_sitenote_active":false,"_monsterinsights_sitenote_note":"","_monsterinsights_sitenote_category":0,"jetpack_post_was_ever_published":false,"_jetpack_newsletter_access":"","jetpack_publicize_message":"","jetpack_is_tweetstorm":false,"jetpack_publicize_feature_enabled":true,"jetpack_social_post_already_shared":false,"jetpack_social_options":{"image_generator_settings":{"template":"highway","enabled":false}}},"categories":[52,77,17,16],"tags":[],"jetpack_publicize_connections":[],"jetpack_featured_media_url":"","jetpack_sharing_enabled":true,"jetpack_shortlink":"https:\/\/wp.me\/p4jV2T-9z","jetpack_likes_enabled":true,"jetpack-related-posts":[{"id":3820,"url":"http:\/\/www.robertosedda.it\/?p=3820","url_meta":{"origin":593,"position":0},"title":"Otto grandi canzoni su Ges\u00f9","author":"Rufus","date":"04\/07\/2013","format":"video","excerpt":"Ieri pomeriggio sono stato intervistato da Vito Biolchini per Extralive! a proposito di Banca Etica (magari ne parler\u00f2 meglio pi\u00f9 tardi, quando viene pubblicato il podcast) e mi sono ricordato dell'unico altro contatto da me avuto con Vito, quando ho portato la sarfata di rito a Buongiorno Cagliari (allora su\u2026","rel":"","context":"In &quot;Coordinate&quot;","block_context":{"text":"Coordinate","link":"http:\/\/www.robertosedda.it\/?cat=52"},"img":{"alt_text":"","src":"https:\/\/i0.wp.com\/www.robertosedda.it\/wp-content\/uploads\/2013\/07\/Canzoni-Gesu.jpg?fit=1044%2C328&resize=350%2C200","width":350,"height":200,"srcset":"https:\/\/i0.wp.com\/www.robertosedda.it\/wp-content\/uploads\/2013\/07\/Canzoni-Gesu.jpg?fit=1044%2C328&resize=350%2C200 1x, https:\/\/i0.wp.com\/www.robertosedda.it\/wp-content\/uploads\/2013\/07\/Canzoni-Gesu.jpg?fit=1044%2C328&resize=700%2C400 2x"},"classes":[]},{"id":17748,"url":"http:\/\/www.robertosedda.it\/?p=17748","url_meta":{"origin":593,"position":1},"title":"Come fare una lectio divina autogestita","author":"Rufus","date":"23\/01\/2020","format":false,"excerpt":"La lectio divina \u00e8 una antica pratica della tradizione monastica di studio e meditazione della Bibbia, venuta in auge nelle comunit\u00e0 parrocchiali e nelle associazioni laicali negli anni del post-Concilio. In Italia la sua divulgazione \u00e8 legata in particolar modo al lavoro del Cardinal Martini, anche se la sua diffusione\u2026","rel":"","context":"In &quot;Coordinate&quot;","block_context":{"text":"Coordinate","link":"http:\/\/www.robertosedda.it\/?cat=52"},"img":{"alt_text":"","src":"https:\/\/i0.wp.com\/www.robertosedda.it\/wp-content\/uploads\/2020\/01\/lectio.jpg?fit=810%2C538&resize=350%2C200","width":350,"height":200,"srcset":"https:\/\/i0.wp.com\/www.robertosedda.it\/wp-content\/uploads\/2020\/01\/lectio.jpg?fit=810%2C538&resize=350%2C200 1x, https:\/\/i0.wp.com\/www.robertosedda.it\/wp-content\/uploads\/2020\/01\/lectio.jpg?fit=810%2C538&resize=700%2C400 2x"},"classes":[]},{"id":16619,"url":"http:\/\/www.robertosedda.it\/?p=16619","url_meta":{"origin":593,"position":2},"title":"Entrare nel sepolcro","author":"Rufus","date":"26\/04\/2019","format":false,"excerpt":"La settimana scorsa il gruppo La Pira si \u00e8 preparato alla Pasqua con una lectio divina sul brano del Vangelo di Giovanni che viene letto nella Messa del giorno di Pasqua (la notte, invece, si legge il brano della Resurrezione tratto da quello dei sinottici che corrisponde al ciclo liturgico\u2026","rel":"","context":"In &quot;Coordinate&quot;","block_context":{"text":"Coordinate","link":"http:\/\/www.robertosedda.it\/?cat=52"},"img":{"alt_text":"","src":"https:\/\/i0.wp.com\/www.robertosedda.it\/wp-content\/uploads\/2019\/04\/sepolcro-vuoto-2.jpg?fit=1200%2C645&resize=350%2C200","width":350,"height":200,"srcset":"https:\/\/i0.wp.com\/www.robertosedda.it\/wp-content\/uploads\/2019\/04\/sepolcro-vuoto-2.jpg?fit=1200%2C645&resize=350%2C200 1x, https:\/\/i0.wp.com\/www.robertosedda.it\/wp-content\/uploads\/2019\/04\/sepolcro-vuoto-2.jpg?fit=1200%2C645&resize=700%2C400 2x, https:\/\/i0.wp.com\/www.robertosedda.it\/wp-content\/uploads\/2019\/04\/sepolcro-vuoto-2.jpg?fit=1200%2C645&resize=1050%2C600 3x"},"classes":[]},{"id":13874,"url":"http:\/\/www.robertosedda.it\/?p=13874","url_meta":{"origin":593,"position":3},"title":"Don Milani, scappa veloce","author":"Rufus","date":"21\/06\/2017","format":false,"excerpt":"Sono andato ieri al convegno che una serie di realt\u00e0 della diocesi di Cagliari hanno dedicato alla figura di don Milani, intitolato La sfida di don Milani. Ora, la mia opinione su un convegno del genere \u00e8 riassunta in una battuta fulminante di Silvio Orlando in\u00a0Sud di Salvatores. https:\/\/www.youtube.com\/watch?v=0ltlncYqWwo Ciro\u2026","rel":"","context":"In &quot;Coordinate&quot;","block_context":{"text":"Coordinate","link":"http:\/\/www.robertosedda.it\/?cat=52"},"img":{"alt_text":"","src":"https:\/\/i0.wp.com\/www.robertosedda.it\/wp-content\/uploads\/2017\/06\/Don-Milani.jpg?fit=849%2C1200&resize=350%2C200","width":350,"height":200,"srcset":"https:\/\/i0.wp.com\/www.robertosedda.it\/wp-content\/uploads\/2017\/06\/Don-Milani.jpg?fit=849%2C1200&resize=350%2C200 1x, https:\/\/i0.wp.com\/www.robertosedda.it\/wp-content\/uploads\/2017\/06\/Don-Milani.jpg?fit=849%2C1200&resize=700%2C400 2x"},"classes":[]},{"id":5008,"url":"http:\/\/www.robertosedda.it\/?p=5008","url_meta":{"origin":593,"position":4},"title":"Con la stessa passione dei bambini","author":"Rufus","date":"13\/11\/2013","format":false,"excerpt":"Ieri sono andato alla Messa in occasione del diciannovesimo anniversario dell'ordinazione di don Giulio Madeddu. Al momento della colletta (la preghiera che il sacerdote pronuncia fra i riti di ingresso e la liturgia della Parola, per predisporre l'assemblea ormai costituita all'ascolto), Giulio ha letto ad alta voce il testo, rubricato\u2026","rel":"","context":"In &quot;Coordinate&quot;","block_context":{"text":"Coordinate","link":"http:\/\/www.robertosedda.it\/?cat=52"},"img":{"alt_text":"","src":"","width":0,"height":0},"classes":[]},{"id":9735,"url":"http:\/\/www.robertosedda.it\/?p=9735","url_meta":{"origin":593,"position":5},"title":"Il romanzo di Rut","author":"Rufus","date":"05\/03\/2015","format":"video","excerpt":"Ho gi\u00e0 accennato al fatto\u00a0che ho dedicato una puntata recente di\u00a0Oggi parliamo di libri al Libro di Rut, uno dei testi\u00a0minori dell'Antico Testamento. Pu\u00f2 stupirsi\u00a0della sua inclusione in un ciclo di puntate dedicate alle grandi storie d'amore solo chi non conosce l'enorme variet\u00e0 di registri narrativi e di generi letterari\u2026","rel":"","context":"In &quot;Coordinate&quot;","block_context":{"text":"Coordinate","link":"http:\/\/www.robertosedda.it\/?cat=52"},"img":{"alt_text":"","src":"https:\/\/i0.wp.com\/img.youtube.com\/vi\/iX3b0-kQaT4\/0.jpg?resize=350%2C200","width":350,"height":200},"classes":[]}],"_links":{"self":[{"href":"http:\/\/www.robertosedda.it\/index.php?rest_route=\/wp\/v2\/posts\/593"}],"collection":[{"href":"http:\/\/www.robertosedda.it\/index.php?rest_route=\/wp\/v2\/posts"}],"about":[{"href":"http:\/\/www.robertosedda.it\/index.php?rest_route=\/wp\/v2\/types\/post"}],"author":[{"embeddable":true,"href":"http:\/\/www.robertosedda.it\/index.php?rest_route=\/wp\/v2\/users\/1"}],"replies":[{"embeddable":true,"href":"http:\/\/www.robertosedda.it\/index.php?rest_route=%2Fwp%2Fv2%2Fcomments&post=593"}],"version-history":[{"count":3,"href":"http:\/\/www.robertosedda.it\/index.php?rest_route=\/wp\/v2\/posts\/593\/revisions"}],"predecessor-version":[{"id":595,"href":"http:\/\/www.robertosedda.it\/index.php?rest_route=\/wp\/v2\/posts\/593\/revisions\/595"}],"wp:attachment":[{"href":"http:\/\/www.robertosedda.it\/index.php?rest_route=%2Fwp%2Fv2%2Fmedia&parent=593"}],"wp:term":[{"taxonomy":"category","embeddable":true,"href":"http:\/\/www.robertosedda.it\/index.php?rest_route=%2Fwp%2Fv2%2Fcategories&post=593"},{"taxonomy":"post_tag","embeddable":true,"href":"http:\/\/www.robertosedda.it\/index.php?rest_route=%2Fwp%2Fv2%2Ftags&post=593"}],"curies":[{"name":"wp","href":"https:\/\/api.w.org\/{rel}","templated":true}]}}