{"id":5896,"date":"2014-01-23T13:08:23","date_gmt":"2014-01-23T12:08:23","guid":{"rendered":"http:\/\/www.robertosedda.it\/?p=5896"},"modified":"2014-12-28T17:54:07","modified_gmt":"2014-12-28T16:54:07","slug":"campagna-elettorale-for-dummies","status":"publish","type":"post","link":"http:\/\/www.robertosedda.it\/?p=5896","title":{"rendered":"Campagna elettorale for dummies"},"content":{"rendered":"<p>In epoca di elezioni diventa pi\u00f9 difficile scrivere di politica per chi, come me, <a href=\"http:\/\/www.robertosedda.it\/?p=2307\">si \u00e8 sempre ripromesso di non dire mai per chi vota<\/a>.<\/p>\n<p>Il che un po&#8217; in questi giorni mi pesa, perch\u00e9 ho delle cose &#8220;di politica&#8221; da dire e non \u00e8 facile destreggiarsi. Ci provo.<\/p>\n<p><a href=\"https:\/\/i0.wp.com\/www.robertosedda.it\/wp-content\/uploads\/2014\/01\/Elezioni-per-dummies.jpg\"><img data-attachment-id=\"5948\" data-permalink=\"http:\/\/www.robertosedda.it\/?attachment_id=5948\" data-orig-file=\"https:\/\/i0.wp.com\/www.robertosedda.it\/wp-content\/uploads\/2014\/01\/Elezioni-per-dummies.jpg?fit=319%2C400\" data-orig-size=\"319,400\" data-comments-opened=\"1\" data-image-meta=\"{&quot;aperture&quot;:&quot;0&quot;,&quot;credit&quot;:&quot;&quot;,&quot;camera&quot;:&quot;&quot;,&quot;caption&quot;:&quot;&quot;,&quot;created_timestamp&quot;:&quot;0&quot;,&quot;copyright&quot;:&quot;&quot;,&quot;focal_length&quot;:&quot;0&quot;,&quot;iso&quot;:&quot;0&quot;,&quot;shutter_speed&quot;:&quot;0&quot;,&quot;title&quot;:&quot;&quot;}\" data-image-title=\"Elezioni per dummies\" data-image-description=\"\" data-image-caption=\"\" data-medium-file=\"https:\/\/i0.wp.com\/www.robertosedda.it\/wp-content\/uploads\/2014\/01\/Elezioni-per-dummies.jpg?fit=239%2C300\" data-large-file=\"https:\/\/i0.wp.com\/www.robertosedda.it\/wp-content\/uploads\/2014\/01\/Elezioni-per-dummies.jpg?fit=319%2C400\" decoding=\"async\" loading=\"lazy\" class=\"alignleft size-full wp-image-5948\" src=\"https:\/\/i0.wp.com\/www.robertosedda.it\/wp-content\/uploads\/2014\/01\/Elezioni-per-dummies.jpg?resize=319%2C400\" alt=\"Elezioni per dummies\" width=\"319\" height=\"400\" srcset=\"https:\/\/i0.wp.com\/www.robertosedda.it\/wp-content\/uploads\/2014\/01\/Elezioni-per-dummies.jpg?w=319 319w, https:\/\/i0.wp.com\/www.robertosedda.it\/wp-content\/uploads\/2014\/01\/Elezioni-per-dummies.jpg?resize=119%2C150 119w, https:\/\/i0.wp.com\/www.robertosedda.it\/wp-content\/uploads\/2014\/01\/Elezioni-per-dummies.jpg?resize=239%2C300 239w\" sizes=\"(max-width: 319px) 100vw, 319px\" data-recalc-dims=\"1\" \/><\/a>Una delle cose che penso in questo periodo \u00e8 questa: ma dove hanno imparato a fare campagna elettorale i contendenti? Sul Bignami? Sembra che tutti abbiano seguito il corso dell&#8217;esame di <em>Elezioni <a href=\"http:\/\/en.wikipedia.org\/wiki\/101_(term)\">101<\/a>\u00a0<\/em>e non si siano poi dati pensiero di capirne di pi\u00f9<em>.<\/em><\/p>\n<p>E mi chiedo: possibile che cose cos\u00ec bolse funzionino <em>davvero<\/em>? Che Pigliaru che apre l&#8217;<em>account<\/em> su <em>Twitter<\/em> appena candidato, senza esserci mai stato prima, guadagni voti in questa maniera? Che la strategia insulsa di <em>Sardegna Possibile<\/em> di dichiarare a rate i nomi dei potenziali assessori per dilatare la presenza sugli organi di stampa sia <em>davvero<\/em> efficace? Davvero i giornalisti sono cos\u00ec messi male che abboccano a <em>Twitter<\/em> o hanno cos\u00ec bisogno di riempire le pagine che anche una colonnina sulla biografia del nuovo assessore <em>in pectore<\/em> \u00e8 grasso che cola? E davvero questo fa la differenza nell&#8217;opinione pubblica? \u00c8 possibile che <a href=\"http:\/\/www.robertosedda.it\/?p=4791\">campagne elettorali svolte come se si facesse il compitino<\/a> possano portare a vincere le elezioni? Davvero c&#8217;\u00e8 qualcuno che crede che Obama ha vinto le elezioni perch\u00e9 \u00e8 stato capace di fare <em>narrazione<\/em> o di usare i <em>social network<\/em>? Davvero? \u00c8 la stessa convinzione dei repubblicani che credevano che i democratici vincessero perch\u00e9 avevano un buon <em>sofware<\/em> (il famoso <em>Narwhal<\/em>) e\u00a0la seconda volta\u00a0si sono subito preoccupati\u00a0di farsi\u00a0un <em>software<\/em> anche loro (che chiamarono <em>Orca<\/em> perch\u00e9 \u00e8 l&#8217;unico predatore esistente del narvalo):\u00a0si \u00e8 visto poi com&#8217;\u00e8 finita&#8230;<\/p>\n<p>Se \u00e8 cos\u00ec, se c&#8217;\u00e8 gente che crede che Obama sia questo e le elezioni si vincano cos\u00ec\u00a0siamo messi male, ragazzi.<\/p>\n<p>In realt\u00e0 un po&#8217; mi sono fatto l&#8217;idea che ci sono\u00a0diverse\u00a0spiegazioni possibili, e ve le elenco; ognuno si scelga la sua:<\/p>\n<ol>\n<li>\u00e8 un ennesimo segno di come\u00a0la politica\u00a0abbia perso il contatto con la realt\u00e0: persi nel mondo di <em>Twitter<\/em> si crede che questo sostituisca il fare politica per davvero;<\/li>\n<li>\u00e8 un segno della pochezza culturale della classe politica, che oltre campagne elettorali per\u00a0principianti non \u00e8 in grado di andare: meglio che facciano il compitino, tutto sommato, che niente;<\/li>\n<li>\u00e8 un segno della pochezza della competenza politica della popolazione sarda: se basta un po&#8217; di fumo negli occhi per convincerla, perch\u00e9 sprecarsi?<\/li>\n<li>l&#8217;opinione pubblica \u00e8 incontrollabile, ormai \u00e8 tutta pancia e irrazionalit\u00e0: come pugili bendati vincer\u00e0 il candidato che per pura fortuna piazzer\u00e0 il colpo casuale ma vincente, e quindi si mette tutto nel calderone sperando che faccia brodo;<\/li>\n<li>\u00e8 tutta mistificazione: le vantate strategie di comunicazione, i programmi e il posizionamento politico sono\u00a0uno specchietto per le allodole che serve a mascherare il fatto che le elezioni le vinceranno consolidate reti di clientele, i soldi da mettere in campo, il peso dei potentati locali che si \u00e8 riusciti a coinvolgere nelle proprie liste, la stampa che gi\u00e0 da prima delle elezioni aveva deciso chi sostenere e, insomma, i fondamentali del potere: il resto \u00e8 roba che bisogna mettere in\u00a0mostra giusto per educazione.<\/li>\n<\/ol>\n<p>A\u00a0partire da uno\u00a0<a href=\"http:\/\/pricetheory.uchicago.edu\/levitt\/Papers\/LevittUsingRepeatChallengers1994.pdf\">studio seminale di Steven Levitt<\/a> (quello di <a title=\"La scienza grama\" href=\"http:\/\/www.robertosedda.it\/?p=3692\"><em>Freakonomics<\/em><\/a>) esiste un&#8217;ampia letteratura economica <a href=\"http:\/\/freakonomics.com\/2012\/01\/17\/how-much-does-campaign-spending-influence-the-election-a-freakonomics-quorum\/\">che dimostra che i soldi da soli non vincono le campagne elettorali<\/a>, quindi la 5. pu\u00f2 essere vera solo se \u00e8 vera almeno un&#8217;altra delle altre spiegazioni proposte &#8211;\u00a0probabilmente la 2. e la 3. Il che ci riporta a bomba: cio\u00e8 alla sensazione che uno svolgimento cos\u00ec elementare\u00a0della\u00a0\u00a0campagna elettorale\u00a0abbia prima di tutto\u00a0una spiegazione\u00a0<em>culturale<\/em> (e, incidentalmente, questa sar\u00e0 l&#8217;unica spiegazione di una eventuale vittoria di Cappellacci, che \u00e8 il candidato che, partendo dalla posizione di Governatore, ha pi\u00f9 leve del potere in mano: se vince,\u00a0sar\u00e0 per l&#8217;incapacit\u00e0 degli avversari di mettere in campo un&#8217;alternativa politica e culturale con un peso maggiore &#8211; a partire dalla scelta di dividersi &#8211;\u00a0non per il vantaggio di posizione in termini di risorse da impiegare).<\/p>\n<p>Di una cosa per\u00f2 sono certo: c&#8217;\u00e8 evidentemente uno spazio politico, in Sardegna, per campagne elettorali fatte come si deve. Oppure, detto in altro modo: il giorno che arriva uno che le campagne elettorali le sa fare davvero e che di politica ne capisce prende e se li mette tutti in tasca come nulla.<\/p>\n","protected":false},"excerpt":{"rendered":"<p>In epoca di elezioni diventa pi\u00f9 difficile scrivere di politica per chi, come me, si \u00e8 sempre ripromesso di non<\/p>\n","protected":false},"author":1,"featured_media":5948,"comment_status":"closed","ping_status":"closed","sticky":false,"template":"","format":"standard","meta":{"_mi_skip_tracking":false,"_monsterinsights_sitenote_active":false,"_monsterinsights_sitenote_note":"","_monsterinsights_sitenote_category":0,"jetpack_post_was_ever_published":false,"_jetpack_newsletter_access":"","jetpack_publicize_message":"","jetpack_is_tweetstorm":false,"jetpack_publicize_feature_enabled":true,"jetpack_social_post_already_shared":false,"jetpack_social_options":{"image_generator_settings":{"template":"highway","enabled":false}}},"categories":[52,17,59,16],"tags":[],"jetpack_publicize_connections":[],"jetpack_featured_media_url":"https:\/\/i0.wp.com\/www.robertosedda.it\/wp-content\/uploads\/2014\/01\/Elezioni-per-dummies.jpg?fit=319%2C400","jetpack_sharing_enabled":true,"jetpack_shortlink":"https:\/\/wp.me\/p4jV2T-1x6","jetpack_likes_enabled":true,"jetpack-related-posts":[{"id":6134,"url":"http:\/\/www.robertosedda.it\/?p=6134","url_meta":{"origin":5896,"position":0},"title":"Troppa poca Europa nella campagna elettorale","author":"Rufus","date":"03\/02\/2014","format":false,"excerpt":"A causa della campagna elettorale, dei vari impegni, del freddo e dell'influenza sono gi\u00e0 due settimane che il gruppo dei blogger del luned\u00ec non riesce a produrre il consueto articolo. Quello che segue \u00e8 stato inviato ma non discusso la settimana scorsa (peraltro io ho smesso da un po' di\u2026","rel":"","context":"In &quot;Coordinate&quot;","block_context":{"text":"Coordinate","link":"http:\/\/www.robertosedda.it\/?cat=52"},"img":{"alt_text":"","src":"https:\/\/i0.wp.com\/www.robertosedda.it\/wp-content\/uploads\/2014\/02\/Flag_of_Europe.svg.png?fit=1200%2C800&resize=350%2C200","width":350,"height":200,"srcset":"https:\/\/i0.wp.com\/www.robertosedda.it\/wp-content\/uploads\/2014\/02\/Flag_of_Europe.svg.png?fit=1200%2C800&resize=350%2C200 1x, https:\/\/i0.wp.com\/www.robertosedda.it\/wp-content\/uploads\/2014\/02\/Flag_of_Europe.svg.png?fit=1200%2C800&resize=700%2C400 2x, https:\/\/i0.wp.com\/www.robertosedda.it\/wp-content\/uploads\/2014\/02\/Flag_of_Europe.svg.png?fit=1200%2C800&resize=1050%2C600 3x"},"classes":[]},{"id":20540,"url":"http:\/\/www.robertosedda.it\/?p=20540","url_meta":{"origin":5896,"position":1},"title":"Oh, comunque poi sono stato eletto (e le cose che ho imparato)","author":"Rufus","date":"20\/06\/2024","format":false,"excerpt":"Come ho raccontato, ero candidato al Senato Accademico come rappresentante del personale tecnico, amministrativo e bibliotecario. \u00c8 andata bene, e sotto trovate la lettera di ringraziamento, se avete curiosit\u00e0. Prima, per\u00f2, vorrei appuntare qui alcune riflessioni che mi sono venute in mente durante la brevissima campagna elettorale. Intanto: \u00e8 molto\u2026","rel":"","context":"In &quot;Coordinate&quot;","block_context":{"text":"Coordinate","link":"http:\/\/www.robertosedda.it\/?cat=52"},"img":{"alt_text":"","src":"https:\/\/i0.wp.com\/www.robertosedda.it\/wp-content\/uploads\/2024\/06\/Elezioni-risultati.jpg?fit=546%2C460&resize=350%2C200","width":350,"height":200},"classes":[]},{"id":7479,"url":"http:\/\/www.robertosedda.it\/?p=7479","url_meta":{"origin":5896,"position":2},"title":"Due parole sulle elezioni europee","author":"Rufus","date":"20\/05\/2014","format":false,"excerpt":"Sono abbastanza disturbato dal modo con il quale il dibattito elettorale in vista delle prossime europee si sta focalizzando esclusivamente su tematiche politiche nazionali. La causa \u00e8, ovviamente, nella polarizzazione della polemica fra le posizioni di PD e M5S, che competono per il primato in una logica tutta interna che\u2026","rel":"","context":"In &quot;Coordinate&quot;","block_context":{"text":"Coordinate","link":"http:\/\/www.robertosedda.it\/?cat=52"},"img":{"alt_text":"","src":"https:\/\/i0.wp.com\/www.robertosedda.it\/wp-content\/uploads\/2014\/05\/Feudalesimo-e-libert\u00e0-1.jpg?fit=679%2C960&resize=350%2C200","width":350,"height":200},"classes":[]},{"id":6563,"url":"http:\/\/www.robertosedda.it\/?p=6563","url_meta":{"origin":5896,"position":3},"title":"Restare umani. Anche in Sardegna","author":"Rufus","date":"25\/02\/2014","format":false,"excerpt":"Pubblico con vero piacere il consueto frutto delle riunioni dei blogger del luned\u00ec, questa volta a firma di Francesca Madrigali, ed \u00e8 anche l'occasione per suggerire la lettura del suo blog, che \u00e8 sempre molto piacevole e che oggi viene anche inserito nella posizione di amico della settimana. Oltre che\u2026","rel":"","context":"In &quot;Coordinate&quot;","block_context":{"text":"Coordinate","link":"http:\/\/www.robertosedda.it\/?cat=52"},"img":{"alt_text":"","src":"https:\/\/i0.wp.com\/www.robertosedda.it\/wp-content\/uploads\/2014\/02\/videolina_pigliaru.jpg?fit=1200%2C900&resize=350%2C200","width":350,"height":200,"srcset":"https:\/\/i0.wp.com\/www.robertosedda.it\/wp-content\/uploads\/2014\/02\/videolina_pigliaru.jpg?fit=1200%2C900&resize=350%2C200 1x, https:\/\/i0.wp.com\/www.robertosedda.it\/wp-content\/uploads\/2014\/02\/videolina_pigliaru.jpg?fit=1200%2C900&resize=700%2C400 2x, https:\/\/i0.wp.com\/www.robertosedda.it\/wp-content\/uploads\/2014\/02\/videolina_pigliaru.jpg?fit=1200%2C900&resize=1050%2C600 3x"},"classes":[]},{"id":2255,"url":"http:\/\/www.robertosedda.it\/?p=2255","url_meta":{"origin":5896,"position":4},"title":"Tecnologie politiche","author":"Rufus","date":"19\/02\/2013","format":false,"excerpt":"Ho letto\u00a0oggi un articolo magnifico su The Atlantic\u00a0che racconta tutta la parte tecnologica della\u00a0campagna elettorale di Barack Obama\u00a0(l'ho letto perch\u00e9 era\u00a0citato in un articolo a sua volta interessante su LivePaola, che\u00a0io ho trovato perch\u00e9 Gianluca Diegoli\u00a0l'ha segnalato su Twitter: mi sembra giusto riconoscere tutta la catena). Ora, la campagna elettorale\u2026","rel":"","context":"In &quot;Coordinate&quot;","block_context":{"text":"Coordinate","link":"http:\/\/www.robertosedda.it\/?cat=52"},"img":{"alt_text":"","src":"https:\/\/i0.wp.com\/www.robertosedda.it\/wp-content\/uploads\/2013\/02\/harperhug.jpg?fit=610%2C426&resize=350%2C200","width":350,"height":200},"classes":[]},{"id":6560,"url":"http:\/\/www.robertosedda.it\/?p=6560","url_meta":{"origin":5896,"position":5},"title":"Elezione del Comitato Etico: un&#8217;opinione","author":"Rufus","date":"24\/02\/2014","format":false,"excerpt":"Alla prossima Assemblea di Banca popolare Etica sar\u00e0 rinnovato il nostro comitato etico, che ha esaurito il suo mandato triennale. Con gli altri Referenti dei soci delle cinque Aree in cui \u00e8 divisa la banca ho sottoscritto un documento per provare a indirizzare il dibattito elettorale nella direzione secondo noi\u2026","rel":"","context":"In &quot;Banche e finanza&quot;","block_context":{"text":"Banche e finanza","link":"http:\/\/www.robertosedda.it\/?cat=72"},"img":{"alt_text":"","src":"https:\/\/i0.wp.com\/www.robertosedda.it\/wp-content\/uploads\/2014\/02\/Banca-Etica-15-anni.jpg?fit=510%2C250&resize=350%2C200","width":350,"height":200},"classes":[]}],"_links":{"self":[{"href":"http:\/\/www.robertosedda.it\/index.php?rest_route=\/wp\/v2\/posts\/5896"}],"collection":[{"href":"http:\/\/www.robertosedda.it\/index.php?rest_route=\/wp\/v2\/posts"}],"about":[{"href":"http:\/\/www.robertosedda.it\/index.php?rest_route=\/wp\/v2\/types\/post"}],"author":[{"embeddable":true,"href":"http:\/\/www.robertosedda.it\/index.php?rest_route=\/wp\/v2\/users\/1"}],"replies":[{"embeddable":true,"href":"http:\/\/www.robertosedda.it\/index.php?rest_route=%2Fwp%2Fv2%2Fcomments&post=5896"}],"version-history":[{"count":6,"href":"http:\/\/www.robertosedda.it\/index.php?rest_route=\/wp\/v2\/posts\/5896\/revisions"}],"predecessor-version":[{"id":9228,"href":"http:\/\/www.robertosedda.it\/index.php?rest_route=\/wp\/v2\/posts\/5896\/revisions\/9228"}],"wp:featuredmedia":[{"embeddable":true,"href":"http:\/\/www.robertosedda.it\/index.php?rest_route=\/wp\/v2\/media\/5948"}],"wp:attachment":[{"href":"http:\/\/www.robertosedda.it\/index.php?rest_route=%2Fwp%2Fv2%2Fmedia&parent=5896"}],"wp:term":[{"taxonomy":"category","embeddable":true,"href":"http:\/\/www.robertosedda.it\/index.php?rest_route=%2Fwp%2Fv2%2Fcategories&post=5896"},{"taxonomy":"post_tag","embeddable":true,"href":"http:\/\/www.robertosedda.it\/index.php?rest_route=%2Fwp%2Fv2%2Ftags&post=5896"}],"curies":[{"name":"wp","href":"https:\/\/api.w.org\/{rel}","templated":true}]}}