{"id":5836,"date":"2014-01-12T11:34:01","date_gmt":"2014-01-12T10:34:01","guid":{"rendered":"http:\/\/www.robertosedda.it\/?p=5836"},"modified":"2014-12-26T20:06:14","modified_gmt":"2014-12-26T19:06:14","slug":"i-corsi-di-formazione-di-poliste-per-il-2014","status":"publish","type":"post","link":"http:\/\/www.robertosedda.it\/?p=5836","title":{"rendered":"I corsi di formazione di Poliste per il 2014"},"content":{"rendered":"<p>La mia amica e vicina di casa Rossana Moro mi ha mandato per mail la segnalazione dei <a href=\"http:\/\/www.poliste.com\/formazione\/\">corsi di formazione di\u00a0<em>Poliste\u00a0<\/em> per il 2014<\/a> chiedendomi di passare parola, cosa che faccio volentieri qui sul <em>blog<\/em>.<\/p>\n<p><a href=\"https:\/\/i0.wp.com\/www.robertosedda.it\/wp-content\/uploads\/2014\/01\/logo-poliste.png\"><img data-attachment-id=\"5841\" data-permalink=\"http:\/\/www.robertosedda.it\/?attachment_id=5841\" data-orig-file=\"https:\/\/i0.wp.com\/www.robertosedda.it\/wp-content\/uploads\/2014\/01\/logo-poliste.png?fit=176%2C127\" data-orig-size=\"176,127\" data-comments-opened=\"1\" data-image-meta=\"{&quot;aperture&quot;:&quot;0&quot;,&quot;credit&quot;:&quot;&quot;,&quot;camera&quot;:&quot;&quot;,&quot;caption&quot;:&quot;&quot;,&quot;created_timestamp&quot;:&quot;0&quot;,&quot;copyright&quot;:&quot;&quot;,&quot;focal_length&quot;:&quot;0&quot;,&quot;iso&quot;:&quot;0&quot;,&quot;shutter_speed&quot;:&quot;0&quot;,&quot;title&quot;:&quot;&quot;}\" data-image-title=\"logo-poliste\" data-image-description=\"\" data-image-caption=\"\" data-medium-file=\"https:\/\/i0.wp.com\/www.robertosedda.it\/wp-content\/uploads\/2014\/01\/logo-poliste.png?fit=176%2C127\" data-large-file=\"https:\/\/i0.wp.com\/www.robertosedda.it\/wp-content\/uploads\/2014\/01\/logo-poliste.png?fit=176%2C127\" decoding=\"async\" loading=\"lazy\" class=\"alignleft size-full wp-image-5841\" src=\"https:\/\/i0.wp.com\/www.robertosedda.it\/wp-content\/uploads\/2014\/01\/logo-poliste.png?resize=176%2C127\" alt=\"logo-poliste\" width=\"176\" height=\"127\" srcset=\"https:\/\/i0.wp.com\/www.robertosedda.it\/wp-content\/uploads\/2014\/01\/logo-poliste.png?w=176 176w, https:\/\/i0.wp.com\/www.robertosedda.it\/wp-content\/uploads\/2014\/01\/logo-poliste.png?resize=150%2C108 150w\" sizes=\"(max-width: 176px) 100vw, 176px\" data-recalc-dims=\"1\" \/><\/a>A parte Rossana fra i docenti e i soci di <em>Poliste<\/em> c&#8217;\u00e8 Serenella Paci, dalla quale ho imparato (quasi) tutto quello che so sul <em>metaplan<\/em> e che ho visto condurre in maniera stratosferica il primo <em>open space<\/em> che si sia mai fatto a Cagliari, in tempi ormai molto lontani e prima che qualcuno lo facesse diventare <a title=\"Contraddizioni\" href=\"http:\/\/www.robertosedda.it\/?p=4791\">foglia di fico della propaganda politica<\/a>, quindi nei corsi di <em>Poliste<\/em> ho una fiducia implicita.<\/p>\n<p>Fiducia che vedo \u00e8 condivisa anche dagli amici di <em>Marrai a fura<\/em>, <a href=\"http:\/\/marraiafura.com\/corsi-progettazione-partecipata-facilitazione-dei-gruppi-cagliari-nel-2014\/\">che mi hanno preceduto di qualche giorno nella segnalazione<\/a>.<\/p>\n<p>Tutti i corsi girano in un modo o nell&#8217;altro attorno al tema della <a title=\"Fatevi una cultura sulla democrazia partecipativa\" href=\"http:\/\/www.robertosedda.it\/?p=4806\">democrazia partecipativa<\/a>, ma l&#8217;elenco preciso \u00e8 questo:<\/p>\n<ul>\n<li><a title=\"La facilitazione dei gruppi e le metodologie partecipative. Corso di formazione.\" href=\"http:\/\/www.poliste.com\/la-facilitazione-dei-gruppi-e-le-metodologie-partecipative-corso-di-formazione\/\" target=\"_blank\">La facilitazione dei gruppi e le metodologie partecipative<\/a> (32 ore, 20-21 febbraio e 20-21 marzo 2014)<\/li>\n<li><a title=\"Comunicazione interpersonale e public speaking. Corso di formazione.\" href=\"http:\/\/www.poliste.com\/comunicazione-interpersonale-e-public-speaking-corso-di-formazione\/\" target=\"_blank\">Comunicazione interpersonale e public speaking<\/a> (16 ore, 6-7 marzo 2014)<\/li>\n<li><a title=\"Saper organizzare. Corso di formazione.\" href=\"http:\/\/www.poliste.com\/saper-organizzare-corso-di-formazione\/\" target=\"_blank\">Saper organizzare<\/a> (16 ore, 13-14 marzo 2014)<\/li>\n<li><a title=\"La gestione del conflitto nei gruppi di lavoro. Corso di formazione.\" href=\"http:\/\/www.poliste.com\/la-gestione-del-conflitto-nei-gruppi-di-lavoro-corso-di-formazione\/\" target=\"_blank\">La gestione del conflitto nei gruppi di lavoro<\/a> (16 ore, 3-4 aprile 2014)<\/li>\n<li><a title=\"La programmazione comunitaria 2014-2020. Corso di formazione.\" href=\"http:\/\/www.poliste.com\/la-programmazione-comunitaria-2014-2020-corso-di-formazione\/\" target=\"_blank\">La programmazione comunitaria 2014-2020<\/a> (16 ore, 17-18 aprile 2014)<\/li>\n<li><a title=\"La progettazione per obiettivi: il PCM Project Cycle Management. Corso di formazione.\" href=\"http:\/\/www.poliste.com\/la-progettazione-per-obiettivi-il-pcm-project-cycle-management-corso-di-formazione\/\" target=\"_blank\">La progettazione per obiettivi: il PCM \u2013 Project Cycle Management<\/a> (12 ore, 8-9 maggio 2014)<\/li>\n<li><a title=\"Il project management. Corso di formazione.\" href=\"http:\/\/www.poliste.com\/il-project-management-corso-di-formazione\/\" target=\"_blank\">Il project management<\/a> (16 ore, 22-23 maggio 2014)<\/li>\n<li><a title=\"Facilitare processi di sviluppo locale: la progettazione partecipata nella programmazione europea 2014-2020. Corso di formazione.\" href=\"http:\/\/www.poliste.com\/facilitare-processi-di-sviluppo-locale-la-progettazione-partecipata-nella-programmazione-europea-2014-2020-corso-di-formazione\/\" target=\"_blank\">Facilitare processi di sviluppo locale: la progettazione partecipata nella programmazione europea 2014-2020<\/a> (92 ore, da febbraio a maggio 2014)<\/li>\n<\/ul>\n<p><a href=\"https:\/\/i0.wp.com\/www.robertosedda.it\/wp-content\/uploads\/2014\/01\/poliste-conflitto.jpg\"><img data-attachment-id=\"5842\" data-permalink=\"http:\/\/www.robertosedda.it\/?attachment_id=5842\" data-orig-file=\"https:\/\/i0.wp.com\/www.robertosedda.it\/wp-content\/uploads\/2014\/01\/poliste-conflitto.jpg?fit=470%2C200\" data-orig-size=\"470,200\" data-comments-opened=\"1\" data-image-meta=\"{&quot;aperture&quot;:&quot;2.8&quot;,&quot;credit&quot;:&quot;&quot;,&quot;camera&quot;:&quot;DSC-H2&quot;,&quot;caption&quot;:&quot;&quot;,&quot;created_timestamp&quot;:&quot;1319201724&quot;,&quot;copyright&quot;:&quot;&quot;,&quot;focal_length&quot;:&quot;6&quot;,&quot;iso&quot;:&quot;125&quot;,&quot;shutter_speed&quot;:&quot;0.025&quot;,&quot;title&quot;:&quot;&quot;}\" data-image-title=\"poliste conflitto\" data-image-description=\"\" data-image-caption=\"\" data-medium-file=\"https:\/\/i0.wp.com\/www.robertosedda.it\/wp-content\/uploads\/2014\/01\/poliste-conflitto.jpg?fit=300%2C127\" data-large-file=\"https:\/\/i0.wp.com\/www.robertosedda.it\/wp-content\/uploads\/2014\/01\/poliste-conflitto.jpg?fit=470%2C200\" decoding=\"async\" loading=\"lazy\" class=\"alignleft size-full wp-image-5842\" src=\"https:\/\/i0.wp.com\/www.robertosedda.it\/wp-content\/uploads\/2014\/01\/poliste-conflitto.jpg?resize=470%2C200\" alt=\"poliste conflitto\" width=\"470\" height=\"200\" srcset=\"https:\/\/i0.wp.com\/www.robertosedda.it\/wp-content\/uploads\/2014\/01\/poliste-conflitto.jpg?w=470 470w, https:\/\/i0.wp.com\/www.robertosedda.it\/wp-content\/uploads\/2014\/01\/poliste-conflitto.jpg?resize=150%2C63 150w, https:\/\/i0.wp.com\/www.robertosedda.it\/wp-content\/uploads\/2014\/01\/poliste-conflitto.jpg?resize=300%2C127 300w\" sizes=\"(max-width: 470px) 100vw, 470px\" data-recalc-dims=\"1\" \/><\/a>La segnalazione ha tanto pi\u00f9 valore se considerate che io non ci guadagno niente (a parte la familiarit\u00e0 di pianerottolo con Rossana e la stima per Serenella Paci non ho rapporti con <em>Poliste<\/em>): piuttosto , potendo, sono corsi a cui penserei di partecipare anch&#8217;io &#8211; diciamo: se avessi i soldi, considerato che il lavoro dei professionisti si paga e che nessuno di questi corsi \u00e8 propriamente economico.<\/p>\n<p><a href=\"https:\/\/i0.wp.com\/www.robertosedda.it\/wp-content\/uploads\/2014\/01\/Poliste.png\"><img data-attachment-id=\"5839\" data-permalink=\"http:\/\/www.robertosedda.it\/?attachment_id=5839\" data-orig-file=\"https:\/\/i0.wp.com\/www.robertosedda.it\/wp-content\/uploads\/2014\/01\/Poliste.png?fit=1007%2C610\" data-orig-size=\"1007,610\" data-comments-opened=\"1\" data-image-meta=\"{&quot;aperture&quot;:&quot;0&quot;,&quot;credit&quot;:&quot;&quot;,&quot;camera&quot;:&quot;&quot;,&quot;caption&quot;:&quot;&quot;,&quot;created_timestamp&quot;:&quot;0&quot;,&quot;copyright&quot;:&quot;&quot;,&quot;focal_length&quot;:&quot;0&quot;,&quot;iso&quot;:&quot;0&quot;,&quot;shutter_speed&quot;:&quot;0&quot;,&quot;title&quot;:&quot;&quot;}\" data-image-title=\"Poliste\" data-image-description=\"\" data-image-caption=\"\" data-medium-file=\"https:\/\/i0.wp.com\/www.robertosedda.it\/wp-content\/uploads\/2014\/01\/Poliste.png?fit=300%2C181\" data-large-file=\"https:\/\/i0.wp.com\/www.robertosedda.it\/wp-content\/uploads\/2014\/01\/Poliste.png?fit=510%2C309\" decoding=\"async\" loading=\"lazy\" class=\"alignright size-medium wp-image-5839\" src=\"https:\/\/i0.wp.com\/www.robertosedda.it\/wp-content\/uploads\/2014\/01\/Poliste.png?resize=300%2C181\" alt=\"Poliste\" width=\"300\" height=\"181\" srcset=\"https:\/\/i0.wp.com\/www.robertosedda.it\/wp-content\/uploads\/2014\/01\/Poliste.png?resize=300%2C181 300w, https:\/\/i0.wp.com\/www.robertosedda.it\/wp-content\/uploads\/2014\/01\/Poliste.png?resize=150%2C90 150w, https:\/\/i0.wp.com\/www.robertosedda.it\/wp-content\/uploads\/2014\/01\/Poliste.png?resize=700%2C424 700w, https:\/\/i0.wp.com\/www.robertosedda.it\/wp-content\/uploads\/2014\/01\/Poliste.png?w=1007 1007w\" sizes=\"(max-width: 300px) 100vw, 300px\" data-recalc-dims=\"1\" \/><\/a>Il quale tema dei soldi mi rimanda a un&#8217;altra osservazione: quando vedo stendere questi programmi di formazione mi cresce il rimpianto per l&#8217;abdicazione, da parte dell&#8217;Azione Cattolica diocesana e pi\u00f9 in generale della comunit\u00e0 ecclesiale, al ruolo che aveva di agenzia formativa di primo livello, sostanzialmente gratuita, che costituiva un livello intermedio vitale e importantissimo fra la qualit\u00e0 di attivit\u00e0 semi-professionalizzanti come quelle di\u00a0<em>Poliste<\/em> e&#8230; il nulla, un&#8217;eclissi a cui ne corrisponde un&#8217;altra, speculare e altrettanto dolorosa, dell&#8217;attivit\u00e0 formativa da parte dei movimenti per la pace e ambientalisti. Il fatto che ormai quasi sia sparita quasi tutta la formazione &#8220;di base&#8221; su partecipazione, gestione dei gruppi, gestione del conflitto, ciclo di vita del gruppo di lavoro, metodologie di progettazione e cos\u00ec via \u00e8 un indice di fragilit\u00e0 del tessuto sociale che dovrebbe interrogare tutti: ma, come suol dirsi, questo \u00e8 un&#8217;altra storia e sar\u00e0 raccontata un&#8217;altra volta. <a href=\"http:\/\/issuu.com\/poliste\/docs\/formazione-poliste\">Nel frattempo se volete potete sfogliare<\/a> <em> on line<\/em> il catalogo delle attivit\u00e0 formative 2014 di <em>Poliste<\/em>.<\/p>\n","protected":false},"excerpt":{"rendered":"<p>La mia amica e vicina di casa Rossana Moro mi ha mandato per mail la segnalazione dei corsi di formazione<\/p>\n","protected":false},"author":1,"featured_media":5841,"comment_status":"open","ping_status":"open","sticky":false,"template":"","format":"standard","meta":{"_mi_skip_tracking":false,"_monsterinsights_sitenote_active":false,"_monsterinsights_sitenote_note":"","_monsterinsights_sitenote_category":0,"jetpack_post_was_ever_published":false,"_jetpack_newsletter_access":"","jetpack_publicize_message":"","jetpack_is_tweetstorm":false,"jetpack_publicize_feature_enabled":true,"jetpack_social_post_already_shared":false,"jetpack_social_options":{"image_generator_settings":{"template":"highway","enabled":false}}},"categories":[52,66,54,17,16],"tags":[],"jetpack_publicize_connections":[],"jetpack_featured_media_url":"https:\/\/i0.wp.com\/www.robertosedda.it\/wp-content\/uploads\/2014\/01\/logo-poliste.png?fit=176%2C127","jetpack_sharing_enabled":true,"jetpack_shortlink":"https:\/\/wp.me\/p4jV2T-1w8","jetpack_likes_enabled":true,"jetpack-related-posts":[{"id":11091,"url":"http:\/\/www.robertosedda.it\/?p=11091","url_meta":{"origin":5836,"position":0},"title":"Lo zio Rufus si \u00e8 fatto mettere sotto","author":"Rufus","date":"29\/10\/2015","format":false,"excerpt":"La settimana scorsa il mio socio, compare e compagno Andrea Assorgia mi ha detto che si era iscritto a una specializzazione\u00a0su\u00a0Coursera: cinque corsi collegati fra loro su come progettare e costruire un\u00a0videogame\u00a0usando un programma specifico che si chiama\u00a0Unity3D. Almeno uno dei corsi era interessante anche per chi non \u00e8 un\u2026","rel":"","context":"In &quot;Coordinate&quot;","block_context":{"text":"Coordinate","link":"http:\/\/www.robertosedda.it\/?cat=52"},"img":{"alt_text":"","src":"https:\/\/i0.wp.com\/www.robertosedda.it\/wp-content\/uploads\/2015\/10\/Casey-O_Donnell.jpg?fit=965%2C514&resize=350%2C200","width":350,"height":200,"srcset":"https:\/\/i0.wp.com\/www.robertosedda.it\/wp-content\/uploads\/2015\/10\/Casey-O_Donnell.jpg?fit=965%2C514&resize=350%2C200 1x, https:\/\/i0.wp.com\/www.robertosedda.it\/wp-content\/uploads\/2015\/10\/Casey-O_Donnell.jpg?fit=965%2C514&resize=700%2C400 2x"},"classes":[]},{"id":1561,"url":"http:\/\/www.robertosedda.it\/?p=1561","url_meta":{"origin":5836,"position":1},"title":"Nuove frontiere di formazione","author":"Rufus","date":"04\/12\/2012","format":false,"excerpt":"Ho segnalato da poco su Facebook due articoli che riporto anche qui e che saranno, penso, interessanti per i miei amici che si occupano di formazione o di attivit\u00e0 educative. Entrambe le notizie sono legate dal fatto che siamo nel campo dell'uso delle nuove tecnologie per l'insegnamento e che si\u2026","rel":"","context":"In &quot;Il web&quot;","block_context":{"text":"Il web","link":"http:\/\/www.robertosedda.it\/?cat=64"},"img":{"alt_text":"","src":"https:\/\/i0.wp.com\/www.robertosedda.it\/wp-content\/uploads\/2012\/12\/khan_one-world-schoolhouse1.jpg?fit=250%2C377&resize=350%2C200","width":350,"height":200},"classes":[]},{"id":17082,"url":"http:\/\/www.robertosedda.it\/?p=17082","url_meta":{"origin":5836,"position":2},"title":"Esami omicidi","author":"Rufus","date":"28\/08\/2019","format":false,"excerpt":"Ho gi\u00e0 segnalato in passato il fatto che in India il sistema di accesso all'Universit\u00e0 \u00e8 estremamente competitivo e questo causa talvolta fenomeni di corruzione e di malaffare nella gestione dei concorsi (sono casi che si ripetono, anche se in forme diverse). Leggo ora sulla BBC che il sistema, anche\u2026","rel":"","context":"In &quot;Coordinate&quot;","block_context":{"text":"Coordinate","link":"http:\/\/www.robertosedda.it\/?cat=52"},"img":{"alt_text":"","src":"https:\/\/i0.wp.com\/www.robertosedda.it\/wp-content\/uploads\/2019\/08\/India-studenti.jpg?fit=660%2C473&resize=350%2C200","width":350,"height":200},"classes":[]},{"id":243,"url":"http:\/\/www.robertosedda.it\/?p=243","url_meta":{"origin":5836,"position":3},"title":"Primo, non entrare in banca","author":"Rufus","date":"21\/08\/2012","format":false,"excerpt":"Dal mio punto di vista personale il libro (che non \u00e8 un romanzo, ma pi\u00f9 un racconto lungo) soffre un po' del fatto che molte cose raccontate, cio\u00e8 le malefatte delle banche... le sapevo gi\u00e0, sono un po' pane quotidiano, e quindi non rappresentano quello che, credo, per altri sia\u2026","rel":"","context":"In &quot;Banche e finanza&quot;","block_context":{"text":"Banche e finanza","link":"http:\/\/www.robertosedda.it\/?cat=72"},"img":{"alt_text":"","src":"","width":0,"height":0},"classes":[]},{"id":8160,"url":"http:\/\/www.robertosedda.it\/?p=8160","url_meta":{"origin":5836,"position":4},"title":"Le donne negoziano peggio? No, sono gli uomini che gli mentono pi\u00f9 spesso","author":"Rufus","date":"07\/08\/2014","format":false,"excerpt":"Trovo in questo periodo molto interessante la polemica nata negli USA a proposito dell'iniziativa di Women against feminism (\"donne contro il femminismo\") ma mi guardo bene dal commentarlo perch\u00e9 trovo che sia un argomento avvelenato in cui il rischio di tirarsi addosso tutto e il contrario di tutto \u00e8 troppo\u2026","rel":"","context":"In &quot;Coordinate&quot;","block_context":{"text":"Coordinate","link":"http:\/\/www.robertosedda.it\/?cat=52"},"img":{"alt_text":"","src":"https:\/\/i0.wp.com\/www.robertosedda.it\/wp-content\/uploads\/2014\/08\/women-negotiation.jpg?fit=590%2C421&resize=350%2C200","width":350,"height":200},"classes":[]},{"id":4451,"url":"http:\/\/www.robertosedda.it\/?p=4451","url_meta":{"origin":5836,"position":5},"title":"Lo zio Rufus va all&#8217;Universit\u00e0","author":"Rufus","date":"16\/09\/2013","format":false,"excerpt":"Avviso: questo articolo riguarda cose veramente mie, probabilmente di nessun interesse per il mondo. Dell'importanza di un titolo di studio Insomma, un po' mi prudevano le mani. Chi mi conosce sa che dopo una lunga (e talvolta dolorosa) vita in Scienze Politiche,\u00a0non mi sono mai laureato: la prima volta ho\u2026","rel":"","context":"In &quot;Coordinate&quot;","block_context":{"text":"Coordinate","link":"http:\/\/www.robertosedda.it\/?cat=52"},"img":{"alt_text":"","src":"https:\/\/i0.wp.com\/www.robertosedda.it\/wp-content\/uploads\/2013\/09\/Logo_Universit\u00e0_di_Cagliari.jpg?fit=593%2C595&resize=350%2C200","width":350,"height":200},"classes":[]}],"_links":{"self":[{"href":"http:\/\/www.robertosedda.it\/index.php?rest_route=\/wp\/v2\/posts\/5836"}],"collection":[{"href":"http:\/\/www.robertosedda.it\/index.php?rest_route=\/wp\/v2\/posts"}],"about":[{"href":"http:\/\/www.robertosedda.it\/index.php?rest_route=\/wp\/v2\/types\/post"}],"author":[{"embeddable":true,"href":"http:\/\/www.robertosedda.it\/index.php?rest_route=\/wp\/v2\/users\/1"}],"replies":[{"embeddable":true,"href":"http:\/\/www.robertosedda.it\/index.php?rest_route=%2Fwp%2Fv2%2Fcomments&post=5836"}],"version-history":[{"count":6,"href":"http:\/\/www.robertosedda.it\/index.php?rest_route=\/wp\/v2\/posts\/5836\/revisions"}],"predecessor-version":[{"id":9142,"href":"http:\/\/www.robertosedda.it\/index.php?rest_route=\/wp\/v2\/posts\/5836\/revisions\/9142"}],"wp:featuredmedia":[{"embeddable":true,"href":"http:\/\/www.robertosedda.it\/index.php?rest_route=\/wp\/v2\/media\/5841"}],"wp:attachment":[{"href":"http:\/\/www.robertosedda.it\/index.php?rest_route=%2Fwp%2Fv2%2Fmedia&parent=5836"}],"wp:term":[{"taxonomy":"category","embeddable":true,"href":"http:\/\/www.robertosedda.it\/index.php?rest_route=%2Fwp%2Fv2%2Fcategories&post=5836"},{"taxonomy":"post_tag","embeddable":true,"href":"http:\/\/www.robertosedda.it\/index.php?rest_route=%2Fwp%2Fv2%2Ftags&post=5836"}],"curies":[{"name":"wp","href":"https:\/\/api.w.org\/{rel}","templated":true}]}}