{"id":5831,"date":"2014-01-11T15:54:45","date_gmt":"2014-01-11T14:54:45","guid":{"rendered":"http:\/\/www.robertosedda.it\/?p=5831"},"modified":"2014-02-13T16:11:09","modified_gmt":"2014-02-13T15:11:09","slug":"elezioni-quellonda-che-viene-e-che-va","status":"publish","type":"post","link":"http:\/\/www.robertosedda.it\/?p=5831","title":{"rendered":"Elezioni: quell&#8217;onda che viene e che va"},"content":{"rendered":"<p>Mi dice un amico: \u00abSai, Tizio si candida con noi\u00bb.<\/p>\n<p>\u00abE chi sarebbe?\u00bb. \u00bbUno che prima era uno importante di un altro partito\u00bb.<\/p>\n<p>\u00abUhm\u00bb, dico. E lui: \u00abPiuttosto, hai sentito di Caio?\u00bb.<\/p>\n<p>\u00abNo, chi \u00e8?\u00bb. \u00abUno che prima era nel partito tale e adesso \u00e8 andato nel partito talaltro perch\u00e9 voleva andare in un altro partito ancora ma l\u00ec non ha trovato posto\u00bb.<\/p>\n<p>Ci siamo capiti. La cosa pi\u00f9 impressionante di questi giorni sono le transumanze di grandi masse di personale politico che si spostano in mandrie compatte alla ricerca di pascoli elettorali migliori.<\/p>\n<p>La prova migliore della trasformazione della politica nel miglior senso trasformistico ottocentesco: potentati locali che si combinano e ricombinano a piacimento, liquidi che riempiono tutti gli interstizi del recipiente politico. Un fenomeno che attraversa, se non tutti i partiti, almeno tutti gli schieramenti.<\/p>\n<p>Un&#8217;onda di marea che viene e che va, e che alla fine depone delicatamente i detriti ognuno al suo posto, nelle liste elettorali.<\/p>\n<p>L&#8217;importante per i potenziali consiglieri regionali \u00e8 pensare positivo: c&#8217;\u00e8 posto per tutti. Avanti un altro.<\/p>\n<div class=\"jetpack-video-wrapper\"><span class=\"embed-youtube\" style=\"text-align:center; display: block;\"><iframe class=\"youtube-player\" width=\"800\" height=\"450\" src=\"https:\/\/www.youtube.com\/embed\/PC9tgxm9BMM?version=3&#038;rel=1&#038;showsearch=0&#038;showinfo=1&#038;iv_load_policy=1&#038;fs=1&#038;hl=it-IT&#038;autohide=2&#038;wmode=transparent\" allowfullscreen=\"true\" style=\"border:0;\" sandbox=\"allow-scripts allow-same-origin allow-popups allow-presentation\"><\/iframe><\/span><\/div>\n<p>Chiedo scusa a Lorenzo che sicuramente con la sua canzone intendeva altro.<\/p>\n","protected":false},"excerpt":{"rendered":"<p>Mi dice un amico: \u00abSai, Tizio si candida con noi\u00bb. \u00abE chi sarebbe?\u00bb. \u00bbUno che prima era uno importante di<\/p>\n","protected":false},"author":1,"featured_media":0,"comment_status":"open","ping_status":"open","sticky":false,"template":"","format":"video","meta":{"_mi_skip_tracking":false,"_monsterinsights_sitenote_active":false,"_monsterinsights_sitenote_note":"","_monsterinsights_sitenote_category":0,"jetpack_post_was_ever_published":false,"_jetpack_newsletter_access":"","jetpack_publicize_message":"","jetpack_is_tweetstorm":false,"jetpack_publicize_feature_enabled":true,"jetpack_social_post_already_shared":false,"jetpack_social_options":{"image_generator_settings":{"template":"highway","enabled":false}}},"categories":[52,57,17,59,16],"tags":[],"jetpack_publicize_connections":[],"jetpack_featured_media_url":"","jetpack_sharing_enabled":true,"jetpack_shortlink":"https:\/\/wp.me\/p4jV2T-1w3","jetpack_likes_enabled":true,"jetpack-related-posts":[{"id":6491,"url":"http:\/\/www.robertosedda.it\/?p=6491","url_meta":{"origin":5831,"position":0},"title":"Mi espongo alla berlina: elezioni regionali","author":"Rufus","date":"18\/02\/2014","format":false,"excerpt":"Ai bei vecchi tempi di it.arti.cinema si usava il tag \"miespongoallaberlina\" per introdurre post in cui si lodavano film universalmente considerati brutti o si facevano altre cose estremamente imprudenti. Lo metto come titolo a questo articolo perch\u00e9 sto per fare una cosa che davvero non si dovrebbe fare: commentare i\u2026","rel":"","context":"In &quot;Coordinate&quot;","block_context":{"text":"Coordinate","link":"http:\/\/www.robertosedda.it\/?cat=52"},"img":{"alt_text":"","src":"https:\/\/i0.wp.com\/www.robertosedda.it\/wp-content\/uploads\/2014\/02\/Vittoria-Pigliaru.jpg?fit=960%2C637&resize=350%2C200","width":350,"height":200,"srcset":"https:\/\/i0.wp.com\/www.robertosedda.it\/wp-content\/uploads\/2014\/02\/Vittoria-Pigliaru.jpg?fit=960%2C637&resize=350%2C200 1x, https:\/\/i0.wp.com\/www.robertosedda.it\/wp-content\/uploads\/2014\/02\/Vittoria-Pigliaru.jpg?fit=960%2C637&resize=700%2C400 2x"},"classes":[]},{"id":5937,"url":"http:\/\/www.robertosedda.it\/?p=5937","url_meta":{"origin":5831,"position":1},"title":"Fare buona politica all&#8217;epoca del trasformismo","author":"Rufus","date":"30\/01\/2014","format":false,"excerpt":"In un post di qualche giorno fa ho ironizzato sui flussi e riflussi di candidati che in occasione delle elezioni si spostano da una lista all'altra finch\u00e9 non trovano una collocazione soddisfacente, anche a costo di approdare in partiti molto diversi da quelli in cui hanno militato fino a quel\u2026","rel":"","context":"In &quot;Coordinate&quot;","block_context":{"text":"Coordinate","link":"http:\/\/www.robertosedda.it\/?cat=52"},"img":{"alt_text":"","src":"https:\/\/i0.wp.com\/www.robertosedda.it\/wp-content\/uploads\/2014\/01\/Agostino-Depretis.jpg?fit=250%2C312&resize=350%2C200","width":350,"height":200},"classes":[]},{"id":3776,"url":"http:\/\/www.robertosedda.it\/?p=3776","url_meta":{"origin":5831,"position":2},"title":"Popolarit\u00e0","author":"Rufus","date":"01\/07\/2013","format":false,"excerpt":"Nell'articolo di Michela Murgia sulla sua candidatura alla presidenza della Regione Sardegna c'\u00e8 una frase che mi ha colpito. ProgReS \u00e8 un partito giovane e dinamico, dove la media degli aderenti \u00e8 intorno ai 30 anni e la competenza pi\u00f9 diffusa \u00e8 la laurea. Hmmmm. La laurea. Io e Michela\u2026","rel":"","context":"In &quot;Coordinate&quot;","block_context":{"text":"Coordinate","link":"http:\/\/www.robertosedda.it\/?cat=52"},"img":{"alt_text":"","src":"https:\/\/i0.wp.com\/www.robertosedda.it\/wp-content\/uploads\/2013\/07\/Michela-Murgia.jpg?fit=960%2C639&resize=350%2C200","width":350,"height":200,"srcset":"https:\/\/i0.wp.com\/www.robertosedda.it\/wp-content\/uploads\/2013\/07\/Michela-Murgia.jpg?fit=960%2C639&resize=350%2C200 1x, https:\/\/i0.wp.com\/www.robertosedda.it\/wp-content\/uploads\/2013\/07\/Michela-Murgia.jpg?fit=960%2C639&resize=700%2C400 2x"},"classes":[]},{"id":2337,"url":"http:\/\/www.robertosedda.it\/?p=2337","url_meta":{"origin":5831,"position":3},"title":"Viva la libert\u00e0!","author":"Rufus","date":"26\/02\/2013","format":"video","excerpt":"Ieri sera sono andato al cinema. Credo che decidere di andare al cinema mentre\u00a0le notizie di risultati elettorali appesi a un filo invadono tutte le TV, la radio e i social network riveli un buon grado di sangue freddo, oppure una consolidata abitudine a scoprire che purtroppo toccher\u00e0 aspettare un'altra\u2026","rel":"","context":"In &quot;Coordinate&quot;","block_context":{"text":"Coordinate","link":"http:\/\/www.robertosedda.it\/?cat=52"},"img":{"alt_text":"","src":"https:\/\/i0.wp.com\/www.robertosedda.it\/wp-content\/uploads\/2013\/02\/viva-la-libert\u00c3\u00a0-1-208x300.jpg?resize=350%2C200","width":350,"height":200},"classes":[]},{"id":2799,"url":"http:\/\/www.robertosedda.it\/?p=2799","url_meta":{"origin":5831,"position":4},"title":"Persone normali","author":"Rufus","date":"08\/04\/2013","format":false,"excerpt":"Mi capita l'altro giorno di parlare con un ragazzo giovane, bravo, impegnato in politica. Racconta a me e a un altro paio di amici di cose\u00a0paradossali, di meccanismi interni alla sua organizzazione per cui se ti dai da fare sei inviso ai dirigenti, se fai politica sul serio ti dicono\u2026","rel":"","context":"In &quot;Coordinate&quot;","block_context":{"text":"Coordinate","link":"http:\/\/www.robertosedda.it\/?cat=52"},"img":{"alt_text":"","src":"https:\/\/i0.wp.com\/www.robertosedda.it\/wp-content\/uploads\/2013\/04\/occhio.jpg?fit=659%2C648&resize=350%2C200","width":350,"height":200},"classes":[]},{"id":12164,"url":"http:\/\/www.robertosedda.it\/?p=12164","url_meta":{"origin":5831,"position":5},"title":"La Brexit vince. Un&#8217;illusione muore","author":"Rufus","date":"30\/06\/2016","format":false,"excerpt":"Ho proposto che il seminario di Cagliari Citt\u00e0 Capitale e del Circolo Me-Ti prenda spunto da un articolo del giornalista inglese Paul Mason (un importante editorialista e commentatore televisivo, molto schierato a sinistra), di cui ho gi\u00e0 detto che Si tratta di un articolo che si propone di suggerire al\u2026","rel":"","context":"In &quot;Coordinate&quot;","block_context":{"text":"Coordinate","link":"http:\/\/www.robertosedda.it\/?cat=52"},"img":{"alt_text":"","src":"https:\/\/i0.wp.com\/www.robertosedda.it\/wp-content\/uploads\/2016\/06\/maxresdefault-1.jpg?fit=1200%2C675&resize=350%2C200","width":350,"height":200,"srcset":"https:\/\/i0.wp.com\/www.robertosedda.it\/wp-content\/uploads\/2016\/06\/maxresdefault-1.jpg?fit=1200%2C675&resize=350%2C200 1x, https:\/\/i0.wp.com\/www.robertosedda.it\/wp-content\/uploads\/2016\/06\/maxresdefault-1.jpg?fit=1200%2C675&resize=700%2C400 2x, https:\/\/i0.wp.com\/www.robertosedda.it\/wp-content\/uploads\/2016\/06\/maxresdefault-1.jpg?fit=1200%2C675&resize=1050%2C600 3x"},"classes":[]}],"_links":{"self":[{"href":"http:\/\/www.robertosedda.it\/index.php?rest_route=\/wp\/v2\/posts\/5831"}],"collection":[{"href":"http:\/\/www.robertosedda.it\/index.php?rest_route=\/wp\/v2\/posts"}],"about":[{"href":"http:\/\/www.robertosedda.it\/index.php?rest_route=\/wp\/v2\/types\/post"}],"author":[{"embeddable":true,"href":"http:\/\/www.robertosedda.it\/index.php?rest_route=\/wp\/v2\/users\/1"}],"replies":[{"embeddable":true,"href":"http:\/\/www.robertosedda.it\/index.php?rest_route=%2Fwp%2Fv2%2Fcomments&post=5831"}],"version-history":[{"count":4,"href":"http:\/\/www.robertosedda.it\/index.php?rest_route=\/wp\/v2\/posts\/5831\/revisions"}],"predecessor-version":[{"id":6440,"href":"http:\/\/www.robertosedda.it\/index.php?rest_route=\/wp\/v2\/posts\/5831\/revisions\/6440"}],"wp:attachment":[{"href":"http:\/\/www.robertosedda.it\/index.php?rest_route=%2Fwp%2Fv2%2Fmedia&parent=5831"}],"wp:term":[{"taxonomy":"category","embeddable":true,"href":"http:\/\/www.robertosedda.it\/index.php?rest_route=%2Fwp%2Fv2%2Fcategories&post=5831"},{"taxonomy":"post_tag","embeddable":true,"href":"http:\/\/www.robertosedda.it\/index.php?rest_route=%2Fwp%2Fv2%2Ftags&post=5831"}],"curies":[{"name":"wp","href":"https:\/\/api.w.org\/{rel}","templated":true}]}}