{"id":5799,"date":"2014-01-17T08:46:17","date_gmt":"2014-01-17T07:46:17","guid":{"rendered":"http:\/\/www.robertosedda.it\/?p=5799"},"modified":"2014-12-26T20:47:30","modified_gmt":"2014-12-26T19:47:30","slug":"intervista-a-petter-skafle-henriksen","status":"publish","type":"post","link":"http:\/\/www.robertosedda.it\/?p=5799","title":{"rendered":"Intervista a Petter Skafle Henriksen"},"content":{"rendered":"<p>Giorni fa <a title=\"Due cortometraggi ambientati a Cagliari\" href=\"http:\/\/www.robertosedda.it\/?p=5629\">ho segnalato due cortometraggi casualmente girati a Cagliari nello stesso periodo da due registi diversi<\/a>&#8230; molto diversi.<\/p>\n<p>La cosa mi ha un po&#8217; incuriosito e mi \u00e8 venuta voglia di approfondire, cos\u00ec ho proposto a entrambi un&#8217;intervista, con le stesse domande, su cosa voglia dire girare a Cagliari, che immagine della citt\u00e0 volevano trasmettere e cos\u00ec via.\u00a0Una cosa\u00a0che mi sembrava potenzialmente divertente e interessante e che devo dire \u00e8 stata accolta con molta cortesia sia da Henriksen che da Jacopo Cullin.<\/p>\n<p>Pubblico oggi la prima delle due interviste, quella a Petter Skafle Henriksen. L&#8217;abbiamo fatta in inglese e poi l&#8217;ho tradotta: ma a parte <a title=\"L\u2019intervista a Petter Skafle Henriksen\" href=\"http:\/\/www.robertosedda.it\/?page_id=5787\">ho pubblicato anche l&#8217;originale<\/a>, cos\u00ec potete farvi un&#8217;idea della mia traduzione. Ringrazio particolarmente Petter anche perch\u00e9 mi ha mandato le due belle foto fatte nel <em>backstage<\/em> che ho incluso nell&#8217;articolo e ne approfitto per segnalarvi che mi ha detto che seguir\u00e0 la discussione perch\u00e9 \u00e8 interessato ai commenti dei lettori: un buon motivo per vincere la pigrizia e scrivere qui sotto il vostro parere sul video e sull&#8217;intervista.<b><a href=\"https:\/\/i0.wp.com\/www.robertosedda.it\/wp-content\/uploads\/2014\/01\/Tarjei-Westby.jpg\"><img data-attachment-id=\"5794\" data-permalink=\"http:\/\/www.robertosedda.it\/?attachment_id=5794\" data-orig-file=\"https:\/\/i0.wp.com\/www.robertosedda.it\/wp-content\/uploads\/2014\/01\/Tarjei-Westby.jpg?fit=1920%2C1080\" data-orig-size=\"1920,1080\" data-comments-opened=\"1\" data-image-meta=\"{&quot;aperture&quot;:&quot;0&quot;,&quot;credit&quot;:&quot;&quot;,&quot;camera&quot;:&quot;&quot;,&quot;caption&quot;:&quot;&quot;,&quot;created_timestamp&quot;:&quot;0&quot;,&quot;copyright&quot;:&quot;&quot;,&quot;focal_length&quot;:&quot;0&quot;,&quot;iso&quot;:&quot;0&quot;,&quot;shutter_speed&quot;:&quot;0&quot;,&quot;title&quot;:&quot;&quot;}\" data-image-title=\"Tarjei Westby\" data-image-description=\"\" data-image-caption=\"\" data-medium-file=\"https:\/\/i0.wp.com\/www.robertosedda.it\/wp-content\/uploads\/2014\/01\/Tarjei-Westby.jpg?fit=300%2C168\" data-large-file=\"https:\/\/i0.wp.com\/www.robertosedda.it\/wp-content\/uploads\/2014\/01\/Tarjei-Westby.jpg?fit=510%2C287\" decoding=\"async\" loading=\"lazy\" class=\"aligncenter size-large wp-image-5794\" src=\"https:\/\/i0.wp.com\/www.robertosedda.it\/wp-content\/uploads\/2014\/01\/Tarjei-Westby.jpg?resize=700%2C393\" alt=\"Tarjei Westby\" width=\"700\" height=\"393\" srcset=\"https:\/\/i0.wp.com\/www.robertosedda.it\/wp-content\/uploads\/2014\/01\/Tarjei-Westby.jpg?resize=1024%2C576 1024w, https:\/\/i0.wp.com\/www.robertosedda.it\/wp-content\/uploads\/2014\/01\/Tarjei-Westby.jpg?resize=150%2C84 150w, https:\/\/i0.wp.com\/www.robertosedda.it\/wp-content\/uploads\/2014\/01\/Tarjei-Westby.jpg?resize=300%2C168 300w, https:\/\/i0.wp.com\/www.robertosedda.it\/wp-content\/uploads\/2014\/01\/Tarjei-Westby.jpg?resize=700%2C393 700w, https:\/\/i0.wp.com\/www.robertosedda.it\/wp-content\/uploads\/2014\/01\/Tarjei-Westby.jpg?w=1920 1920w, https:\/\/i0.wp.com\/www.robertosedda.it\/wp-content\/uploads\/2014\/01\/Tarjei-Westby.jpg?w=1600 1600w\" sizes=\"(max-width: 700px) 100vw, 700px\" data-recalc-dims=\"1\" \/><\/a><\/b><strong>Per cominciare: che impegno produttivo richiede un cortometraggio? A chi lo guarda sembra magari che finisca in un attimo, ma immagino che dietro ci sia un discreto impegno e un buon numero di persone, o sbaglio?<\/strong><\/p>\n<p>Hai ragione, talvolta pu\u00f2 essere difficile spiegare alla gente quanto lavoro sta dietro ciascun minuto di film concluso. Bene, un film pu\u00f2 risultare piuttosto costoso, a seconda delle proprie scelte artistiche, il contenuto del film, la disponibilit\u00e0 delle attrezzature e cos\u00ec via. Sarai sempre costretto a trovare un modo per fare le cose a prezzo contenuto, specialmente quando ci si autofinanzia, come nel mio caso. <i>Il ragazzo e l\u2019abisso <\/i>\u00e8 stato fatto da me e da due amici: il fotografo Kenneth Sortland Myklebust e l\u2019attore Tarjei Westby.<\/p>\n<p><strong>Posso chiederti anche quanto \u00e8 costato <em>The boy and the abyss<\/em>? Come \u00e8 stato finanziato?<\/strong><\/p>\n<p><i>Il ragazzo e l\u2019abisso<\/i> \u00e8 costato circa 600 euro, principalmente in spese di viaggio per la Sardegna. Ci siamo autofinanziati. Tutto, dagli attori, le attrezzature, la colonna sonora originale e cos\u00ec via \u00e8 stato fatto gratis. La prossima volta mi piacerebbe avere a disposizione fondi maggiori. \u00c8 piacevole poter pagare i collaboratori se puoi.<\/p>\n<p><strong>Mi pare di capire che la tua carriera \u00e8 ancora agli inizi. \u00c8 difficile essere un autore \u201cgiovane\u201d in Norvegia? Pensi pi\u00f9 o meno che in Italia?<\/strong><\/p>\n<p>Si, ho ventisei anni e sono appena agli inizi. Ho studiato cinematografia a Stoccolma e Singapore e psicologia a Oslo. Puntare a una carriera artistica sar\u00e0 sempre una strada pi\u00f9 impegnativa. Immagino che questo valga per ciascuno. La Norvegia \u00e8 un paese ricco, cosa che rende secondo me pi\u00f9 facile seguire i propri sogni qui che nella maggior parte degli altri paesi. Il governo \u00e8 bravo a sostenere la cultura qui. Ma i tempi politici e economici stanno cambiando gi\u00e0 mentre parliamo. Il governo ha introdotto tagli significativi per il sostegno per il cinema e la televisione nel bilancio di quest\u2019anno. Questo vuol dire che il finanziamento privato nei prossimi anni acquisir\u00e0 pi\u00f9 importanza nei prossimi anni. Che a sua volta condurr\u00e0 a pi\u00f9 progetti commerciali. I cortometraggi soffriranno molto di conseguenza, dato che raramente portano guadagni.<\/p>\n<p><strong>Perch\u00e9 girare a Cagliari? Perch\u00e9 ti \u00e8 venuto naturale, perch\u00e9 era pi\u00f9 facile, per una coincidenza, perch\u00e9 era funzionale alla storia, per una scelta\u2026<\/strong><\/p>\n<p>Siamo stati invitati a partecipare a <em>Skepto <\/em>col mio precedente cortometraggio <em>Shit no more<\/em> [<i>basta merda<\/i> o <i>basta cagare<\/i>, <i>NdRufus<\/i>]. Siamo arrivati con quattro giorni d\u2019anticipo e ci siamo portati la telecamera. Per il pubblico norvegese Cagliari \u00e8 certamente \u201cesotica\u201d, cosa che funziona bene, dato che si suppone che il personaggio principale si risvegli in una terra straniera. Sono molto curioso di vedere come gli italiani interpreteranno il film, dato che per loro l\u2019Italia non \u00e8 cos\u00ec esotica.<\/p>\n<p><strong>Questa \u00e8 forse la domanda pi\u00f9 ingenua di tutte: cosa vuol dire girare a Cagliari dal punto di vista visivo? Pone delle problematiche, dei limiti, delle opportunit\u00e0 particolari?<\/strong><\/p>\n<p>Girare a Cagliari ci ha offerto la possibilit\u00e0 di scatenarci un pochino e \u201cfare quel che volevamo\u201d. Tarjei ha potuto andarsene in giro di corsa nudo per le strade senza dover avere paura di incontrare amici o parenti. Ancora non so se sia considerato un reato spogliarsi in pubblico in Italia, d&#8217;altra parte\u2026 Mi sono piaciute molto le strade piccole e strette e la visuale mozzafiato dalla cima della citt\u00e0.<\/p>\n<p><b><a href=\"https:\/\/i0.wp.com\/www.robertosedda.it\/wp-content\/uploads\/2014\/01\/Petter_Skafle_Henriksen-e-Tarjei_Westby.jpg\"><img data-attachment-id=\"5795\" data-permalink=\"http:\/\/www.robertosedda.it\/?attachment_id=5795\" data-orig-file=\"https:\/\/i0.wp.com\/www.robertosedda.it\/wp-content\/uploads\/2014\/01\/Petter_Skafle_Henriksen-e-Tarjei_Westby.jpg?fit=2615%2C1743\" data-orig-size=\"2615,1743\" data-comments-opened=\"1\" data-image-meta=\"{&quot;aperture&quot;:&quot;10&quot;,&quot;credit&quot;:&quot;&quot;,&quot;camera&quot;:&quot;Canon EOS 5D Mark III&quot;,&quot;caption&quot;:&quot;&quot;,&quot;created_timestamp&quot;:&quot;1365474261&quot;,&quot;copyright&quot;:&quot;&quot;,&quot;focal_length&quot;:&quot;50&quot;,&quot;iso&quot;:&quot;100&quot;,&quot;shutter_speed&quot;:&quot;0.0025&quot;,&quot;title&quot;:&quot;&quot;}\" data-image-title=\"Petter_Skafle_Henriksen e Tarjei_Westby\" data-image-description=\"\" data-image-caption=\"\" data-medium-file=\"https:\/\/i0.wp.com\/www.robertosedda.it\/wp-content\/uploads\/2014\/01\/Petter_Skafle_Henriksen-e-Tarjei_Westby.jpg?fit=300%2C199\" data-large-file=\"https:\/\/i0.wp.com\/www.robertosedda.it\/wp-content\/uploads\/2014\/01\/Petter_Skafle_Henriksen-e-Tarjei_Westby.jpg?fit=510%2C340\" decoding=\"async\" loading=\"lazy\" class=\"aligncenter size-large wp-image-5795\" src=\"https:\/\/i0.wp.com\/www.robertosedda.it\/wp-content\/uploads\/2014\/01\/Petter_Skafle_Henriksen-e-Tarjei_Westby.jpg?resize=700%2C466\" alt=\"Petter_Skafle_Henriksen e Tarjei_Westby\" width=\"700\" height=\"466\" srcset=\"https:\/\/i0.wp.com\/www.robertosedda.it\/wp-content\/uploads\/2014\/01\/Petter_Skafle_Henriksen-e-Tarjei_Westby.jpg?resize=1024%2C682 1024w, https:\/\/i0.wp.com\/www.robertosedda.it\/wp-content\/uploads\/2014\/01\/Petter_Skafle_Henriksen-e-Tarjei_Westby.jpg?resize=150%2C99 150w, https:\/\/i0.wp.com\/www.robertosedda.it\/wp-content\/uploads\/2014\/01\/Petter_Skafle_Henriksen-e-Tarjei_Westby.jpg?resize=300%2C199 300w, https:\/\/i0.wp.com\/www.robertosedda.it\/wp-content\/uploads\/2014\/01\/Petter_Skafle_Henriksen-e-Tarjei_Westby.jpg?resize=700%2C466 700w, https:\/\/i0.wp.com\/www.robertosedda.it\/wp-content\/uploads\/2014\/01\/Petter_Skafle_Henriksen-e-Tarjei_Westby.jpg?w=1600 1600w, https:\/\/i0.wp.com\/www.robertosedda.it\/wp-content\/uploads\/2014\/01\/Petter_Skafle_Henriksen-e-Tarjei_Westby.jpg?w=2400 2400w\" sizes=\"(max-width: 700px) 100vw, 700px\" data-recalc-dims=\"1\" \/><\/a><\/b><strong>C\u2018era un certo tipo di visione della citt\u00e0 e dei suoi dintorni che volevi trasmettere? Anche qui parlo prima di tutto dell\u2019aspetto \u201cvisivo\u201d, non so, panorami, ambienti, scorci, luci\u2026<\/strong><\/p>\n<p>Sono stato molto attento che il film non diventasse un documentario turistico\u00a0su Cagliari. Il pubblico non dovrebbe riconoscere il luogo, perch\u00e9 questo toglierebbe alla storia la sua magia. Come ho accennato, Cagliari \u00e8 molto esotica per noi, e ho apprezzato la pietra calcarea, i piccoli balconi e la colorazione gialla complessiva, che a casa nostra non abbiamo.<\/p>\n<p><strong>Non so se \u00e8 educato chiederlo: hai visto il corto di Cullin? Che te ne sembra? Trovi dei punti di contatto nella sua Cagliari e nella tua?<\/strong><\/p>\n<p>[La risposta a questa domanda si \u00e8 fusa con quella successiva, <em>NdRufus<\/em>]<\/p>\n<p><strong>Cinematograficamente i due corti sono abbastanza diversi, ma a me \u00e8 sembrato di trovare dei punti di contatto nelle tematiche di fondo: il richiamo all\u2019infanzia, l\u2019esigenza di giocarsi la vita. Sei d\u2019accordo? E secondo te \u00e8 un caso, un segno dei tempi, dipende dal fatto che siete tutti e due abbastanza giovani\u2026<\/strong><\/p>\n<p>L\u2019ho visto, una volta allo <em>Skepto Internationa Film Festival<\/em> e di nuovo oggi sul tuo <em>blog<\/em>. Siamo tutti d\u2019accordo che fosse uno dei migliori film visti a <em>Skepto<\/em>. \u00c8 buffo vedere che abbiamo usato la stessa piazza sotto l\u2019<em>Hostel Marina<\/em> come <em>location<\/em>. \u00c8 una storia molto carina, che trascende et\u00e0 e tempo. Per quanto ci possano essere similitudini riguardo all\u2019infanzia e vivere la vita in pienezza ci sono anche differenti temi nei due film. Non posso esprimermi per Cullin ma il mio film riguarda il fatto di fare il salto in avanti e sconfiggere la paura, anche quando sei nervoso al massimo grado e temi di fallire. Anche se io sono giovane credo che questo sia un tema che vale per ogni et\u00e0. Viviamo in un periodo dove dobbiamo costantemente andare oltre verso nuovi luoghi, incontrare nuove persone, lavori e culture. Ci vuole esercizio per diventare bravi in questo.<\/p>\n<p>Infine, vorrei dire che spero di tornare a Cagliari per lo <em>Skepto <\/em>di quest\u2019anno. Anche se pare che <em>Ryanair<\/em> abbia cambiato le sue tratte verso Cagliari quest\u2019anno, cos\u00ec spero di trovare qualche altra soluzione.<\/p>\n<iframe src=\"http:\/\/player.vimeo.com\/video\/72134840\" width=\"400\" height=\"225\" frameborder=\"0\" webkitAllowFullScreen mozallowfullscreen allowFullScreen><\/iframe>\n","protected":false},"excerpt":{"rendered":"<p>Giorni fa ho segnalato due cortometraggi casualmente girati a Cagliari nello stesso periodo da due registi diversi&#8230; molto diversi. La<\/p>\n","protected":false},"author":1,"featured_media":5795,"comment_status":"open","ping_status":"open","sticky":false,"template":"","format":"standard","meta":{"_mi_skip_tracking":false,"_monsterinsights_sitenote_active":false,"_monsterinsights_sitenote_note":"","_monsterinsights_sitenote_category":0,"jetpack_post_was_ever_published":false,"_jetpack_newsletter_access":"","jetpack_publicize_message":"","jetpack_is_tweetstorm":false,"jetpack_publicize_feature_enabled":true,"jetpack_social_post_already_shared":false,"jetpack_social_options":{"image_generator_settings":{"template":"highway","enabled":false}}},"categories":[52,14,53,75,12],"tags":[],"jetpack_publicize_connections":[],"jetpack_featured_media_url":"https:\/\/i0.wp.com\/www.robertosedda.it\/wp-content\/uploads\/2014\/01\/Petter_Skafle_Henriksen-e-Tarjei_Westby.jpg?fit=2615%2C1743","jetpack_sharing_enabled":true,"jetpack_shortlink":"https:\/\/wp.me\/p4jV2T-1vx","jetpack_likes_enabled":true,"jetpack-related-posts":[{"id":5629,"url":"http:\/\/www.robertosedda.it\/?p=5629","url_meta":{"origin":5799,"position":0},"title":"Due cortometraggi  ambientati a Cagliari","author":"Rufus","date":"29\/12\/2013","format":"video","excerpt":"Mi\u00a0sono capitati recentemente sotto gli occhi due cortometraggi entrambi ambientati a Cagliari: uno \u00e8 Buio di Jacopo Cullin, cabarettista, attore e regista molto noto al nostro pubblico locale (e anche oltre, ed \u00e8 stato anche il protagonista de L'arbitro di Paolo Zucca), l'altro \u00e8 il norvegese (immagino per la potenza\u2026","rel":"","context":"In &quot;Coordinate&quot;","block_context":{"text":"Coordinate","link":"http:\/\/www.robertosedda.it\/?cat=52"},"img":{"alt_text":"","src":"https:\/\/i0.wp.com\/img.youtube.com\/vi\/neREcQ5RJ1Y\/0.jpg?resize=350%2C200","width":350,"height":200},"classes":[]},{"id":6964,"url":"http:\/\/www.robertosedda.it\/?p=6964","url_meta":{"origin":5799,"position":1},"title":"Allo Skepto","author":"Rufus","date":"15\/04\/2014","format":"video","excerpt":"Nel fine settimana sono stato con Maria Bonaria a un paio di sessioni dello\u00a0Skepto, il festival internazionale di cortometraggi che si tiene a Cagliari, in parte per avere l'occasione di salutare Petter Skafle Henriksen che accompagnava il suo The boy and the abyss. Fra i corti che ho visto ho\u2026","rel":"","context":"In &quot;Coordinate&quot;","block_context":{"text":"Coordinate","link":"http:\/\/www.robertosedda.it\/?cat=52"},"img":{"alt_text":"","src":"https:\/\/i0.wp.com\/i.vimeocdn.com\/video\/447843926_640.jpg?resize=350%2C200","width":350,"height":200},"classes":[]},{"id":4993,"url":"http:\/\/www.robertosedda.it\/?p=4993","url_meta":{"origin":5799,"position":2},"title":"Cagliari: il mare come strategia di sviluppo. Ma occorre una diversa classe dirigente","author":"Rufus","date":"12\/11\/2013","format":false,"excerpt":"Proseguono gli incontri dei blogger. Questa settimana l'articolo \u00e8 di Franco Meloni e viene pubblicato, oltre che su questo sito, su quelli di Fondazione Sardinia, Tramas de amistade, Aladin pensiero, Vito Biolchini, Sardegna soprattutto, Enrico Lobina, Madrigopolis, Forma paris\u00a0e Tottus in pari. Riflessioni sul futuro di Cagliari: il mare come\u2026","rel":"","context":"In &quot;Coordinate&quot;","block_context":{"text":"Coordinate","link":"http:\/\/www.robertosedda.it\/?cat=52"},"img":{"alt_text":"","src":"https:\/\/i0.wp.com\/www.robertosedda.it\/wp-content\/uploads\/2013\/11\/porto-di-cagliari.jpg?fit=1200%2C900&resize=350%2C200","width":350,"height":200,"srcset":"https:\/\/i0.wp.com\/www.robertosedda.it\/wp-content\/uploads\/2013\/11\/porto-di-cagliari.jpg?fit=1200%2C900&resize=350%2C200 1x, https:\/\/i0.wp.com\/www.robertosedda.it\/wp-content\/uploads\/2013\/11\/porto-di-cagliari.jpg?fit=1200%2C900&resize=700%2C400 2x, https:\/\/i0.wp.com\/www.robertosedda.it\/wp-content\/uploads\/2013\/11\/porto-di-cagliari.jpg?fit=1200%2C900&resize=1050%2C600 3x"},"classes":[]},{"id":6993,"url":"http:\/\/www.robertosedda.it\/?p=6993","url_meta":{"origin":5799,"position":3},"title":"Una breve nota sul dibattito sul turismo cagliaritano","author":"Rufus","date":"17\/04\/2014","format":false,"excerpt":"Mi capita spesso di ascoltare in macchina\u00a0la rubrica My Cagliari, che\u00a0Radio X\u00a0dedica all'esperienza degli studenti Erasmus a Cagliari. In cinque\u00a0brevi minuti viene chiesto a uno studente straniero ogni volta diverso di dare un voto e un parere su Cagliari, la sua mobilit\u00e0, i servizi turistici, il cibo, la vita notturna,\u2026","rel":"","context":"In &quot;Coordinate&quot;","block_context":{"text":"Coordinate","link":"http:\/\/www.robertosedda.it\/?cat=52"},"img":{"alt_text":"","src":"https:\/\/i0.wp.com\/www.robertosedda.it\/wp-content\/uploads\/2014\/04\/Mycagliari-Erasmus.jpg?fit=620%2C310&resize=350%2C200","width":350,"height":200},"classes":[]},{"id":5043,"url":"http:\/\/www.robertosedda.it\/?p=5043","url_meta":{"origin":5799,"position":4},"title":"Domande di politica","author":"Rufus","date":"19\/11\/2013","format":false,"excerpt":"Con i disastri di ieri e diciotto morti non ho molta voglia di scrivere, ma questo l'avevo preparato ieri e poi, forse, c'entra anche con l'alluvione, anche se marginalmente. A me Cagliari interessa A me le cose che riguardano Cagliari interessano molto. D'altronde \u00e8 la mia citt\u00e0, ci vivo da\u2026","rel":"","context":"In &quot;Coordinate&quot;","block_context":{"text":"Coordinate","link":"http:\/\/www.robertosedda.it\/?cat=52"},"img":{"alt_text":"","src":"https:\/\/i0.wp.com\/www.robertosedda.it\/wp-content\/uploads\/2013\/11\/Panorama-Cagliari.jpg?fit=640%2C428&resize=350%2C200","width":350,"height":200},"classes":[]},{"id":10799,"url":"http:\/\/www.robertosedda.it\/?p=10799","url_meta":{"origin":5799,"position":5},"title":"Ringraziamenti annuali (i soliti, ma sinceri)","author":"Rufus","date":"09\/09\/2015","format":false,"excerpt":"Come sempre fine agosto \u00e8 tempo di bilanci annuali per quanto riguarda le statistiche di frequenza del blog. Col fatto che siamo rimasti fermi quasi una settimana sono un po\u2019 in ritardo, ma ieri sono andato finalmente a guardarmele. Raccontava il compianto padre Acquaro di un suo confratello mercedario, afflitto\u2026","rel":"","context":"In &quot;Il web&quot;","block_context":{"text":"Il web","link":"http:\/\/www.robertosedda.it\/?cat=64"},"img":{"alt_text":"","src":"https:\/\/i0.wp.com\/www.robertosedda.it\/wp-content\/uploads\/2015\/09\/Stats-2014_15.jpg?fit=1187%2C581&resize=350%2C200","width":350,"height":200,"srcset":"https:\/\/i0.wp.com\/www.robertosedda.it\/wp-content\/uploads\/2015\/09\/Stats-2014_15.jpg?fit=1187%2C581&resize=350%2C200 1x, https:\/\/i0.wp.com\/www.robertosedda.it\/wp-content\/uploads\/2015\/09\/Stats-2014_15.jpg?fit=1187%2C581&resize=700%2C400 2x, https:\/\/i0.wp.com\/www.robertosedda.it\/wp-content\/uploads\/2015\/09\/Stats-2014_15.jpg?fit=1187%2C581&resize=1050%2C600 3x"},"classes":[]}],"_links":{"self":[{"href":"http:\/\/www.robertosedda.it\/index.php?rest_route=\/wp\/v2\/posts\/5799"}],"collection":[{"href":"http:\/\/www.robertosedda.it\/index.php?rest_route=\/wp\/v2\/posts"}],"about":[{"href":"http:\/\/www.robertosedda.it\/index.php?rest_route=\/wp\/v2\/types\/post"}],"author":[{"embeddable":true,"href":"http:\/\/www.robertosedda.it\/index.php?rest_route=\/wp\/v2\/users\/1"}],"replies":[{"embeddable":true,"href":"http:\/\/www.robertosedda.it\/index.php?rest_route=%2Fwp%2Fv2%2Fcomments&post=5799"}],"version-history":[{"count":15,"href":"http:\/\/www.robertosedda.it\/index.php?rest_route=\/wp\/v2\/posts\/5799\/revisions"}],"predecessor-version":[{"id":9147,"href":"http:\/\/www.robertosedda.it\/index.php?rest_route=\/wp\/v2\/posts\/5799\/revisions\/9147"}],"wp:featuredmedia":[{"embeddable":true,"href":"http:\/\/www.robertosedda.it\/index.php?rest_route=\/wp\/v2\/media\/5795"}],"wp:attachment":[{"href":"http:\/\/www.robertosedda.it\/index.php?rest_route=%2Fwp%2Fv2%2Fmedia&parent=5799"}],"wp:term":[{"taxonomy":"category","embeddable":true,"href":"http:\/\/www.robertosedda.it\/index.php?rest_route=%2Fwp%2Fv2%2Fcategories&post=5799"},{"taxonomy":"post_tag","embeddable":true,"href":"http:\/\/www.robertosedda.it\/index.php?rest_route=%2Fwp%2Fv2%2Ftags&post=5799"}],"curies":[{"name":"wp","href":"https:\/\/api.w.org\/{rel}","templated":true}]}}