{"id":5736,"date":"2014-01-03T18:40:28","date_gmt":"2014-01-03T17:40:28","guid":{"rendered":"http:\/\/www.robertosedda.it\/?p=5736"},"modified":"2014-12-26T19:21:37","modified_gmt":"2014-12-26T18:21:37","slug":"philomena-stephen-frears-uk-2013","status":"publish","type":"post","link":"http:\/\/www.robertosedda.it\/?p=5736","title":{"rendered":"Philomena (Stephen Frears, UK 2013)"},"content":{"rendered":"<div class=\"jetpack-video-wrapper\"><span class=\"embed-youtube\" style=\"text-align:center; display: block;\"><iframe class=\"youtube-player\" width=\"800\" height=\"450\" src=\"https:\/\/www.youtube.com\/embed\/ZI3dvBVuyQU?version=3&#038;rel=1&#038;showsearch=0&#038;showinfo=1&#038;iv_load_policy=1&#038;fs=1&#038;hl=it-IT&#038;autohide=2&#038;wmode=transparent\" allowfullscreen=\"true\" style=\"border:0;\" sandbox=\"allow-scripts allow-same-origin allow-popups allow-presentation\"><\/iframe><\/span><\/div>\n<p>Ho detto a mia sorella che <em>Philomena<\/em> non \u00e8 &#8220;drammatico&#8221;. \u00abNon capisco come possa dirlo\u00bb, mi ha fatto, \u00abconsiderando che parla di una a cui tolgono il figlio a forza e lo cerca per cinquant&#8217;anni\u00bb.<\/p>\n<p>\u00c8 vero. E in realt\u00e0 <em>Philomena<\/em> \u00e8 drammatico. Ma ancora l&#8217;altra sera un amico mi ha detto: \u00abAh, hai visto <em>Philomena<\/em>? Anche io. Credevo fosse molto pi\u00f9 drammatico\u00bb.<\/p>\n<p>Il fatto \u00e8 che <em>Philomena<\/em> \u00e8 costruito come un capolavoro di sfumature contrapposte, di caratteri che si sfiorano piuttosto che scontrarsi, di visioni del mondo pi\u00f9 vissute che enunciate, di sentimenti taciuti. Il centro di questa nuvola impalpabile \u00e8 un singolo fatto drammatico (e tragico), ma nell&#8217;economia generale del film rimane pi\u00f9 che come una ferita aperta e sanguinante come un livido che duole in permanenza ma in maniera sorda. E quindi nei vari momenti del film c&#8217;\u00e8 il tempo anche per dimenticare momentaneamente il dolore, per ridere, scherzare e pensare ad altro. Poi, naturalmente, sempre l\u00ec si torna.<\/p>\n<p>Nella scelta del tono medio, dell&#8217;equilibrio, anche della umana contraddizione dei caratteri che fa s\u00ec che uno possa essere allo stesso tempo un giornalista cinico e un uomo buono oppure una casalinga ottusa e insieme una donna di straordinaria sensibilit\u00e0, \u00e8 la qualit\u00e0 migliore di <em>Philomena<\/em>. E questo permette alla sceneggiatura di accennare (sempre con mezzi toni) ad altri temi che arricchiscono il tema principale: per esempio il rapporto madre\/figlio scomparso si costruisce man mano in maniera speculare rispetto al rapporto madre\/figlio trovato del rapporto fra Philomena e Martin, il giornalista che a aiuta nella sua ricerca.<\/p>\n<p>L&#8217;unico personaggio tagliato con l&#8217;accetta \u00e8 la suora che nel finale, senza pentimenti n\u00e9 tentennamenti, continua a imputare a Philomena il suo &#8220;peccato&#8221;: personaggi che mi \u00e8 parso caricaturale e parole che nella finezza del film apparivano particolarmente rozze. Un po&#8217; va detto che identificare le suore come &#8220;cattive&#8221; rende comunque il film pi\u00f9 equilibrato, gli da un centro e per contrasto tratteggia meglio il personaggio di Philomena, tuttavia sempre di caricaturizzazione si tratta. Scopro fra l&#8217;altro da <em>Wiki<\/em> che:<\/p>\n<blockquote>\n<h4>Anachronisms<\/h4>\n<p>Sister Hildegard McNulty, the antagonist in the movie, is depicted as having met with journalist Sixsmith after he started working on the story. McNulty died in 1995, and Sixsmith started his investigation only much later in 2004. The final scene where a wheelchair-bound McNulty chastizes Philomena Lee for carnality is also poetic license.<\/p><\/blockquote>\n<p>La suora \u00e8 cio\u00e8 morta nel 1995. Poich\u00e9 Sixsmith, sul cui libro \u00e8 basato il film, ha iniziato le sue ricerche nel 2004, la suora non pu\u00f2 comparire nel film e la scena della tirata finale \u00e8 una licenza poetica.<\/p>\n<p>Monumentale \u00e8 la prova dei due attori principali: gigantesco in particolare Steve Coogan che co-firma anche una sceneggiatura, come ho cercato di dire, di grandissima qualit\u00e0.<\/p>\n<p>Infine il film \u00e8, non so bene come dire, molto cattolico. Non scherzo: \u00e8 cos\u00ec, forse anche oltre le intenzioni degli autori e del regista, e si raccomanda per una visione parrocchiale.<\/p>\n","protected":false},"excerpt":{"rendered":"<p>Ho detto a mia sorella che Philomena non \u00e8 &#8220;drammatico&#8221;. \u00abNon capisco come possa dirlo\u00bb, mi ha fatto, \u00abconsiderando che<\/p>\n","protected":false},"author":1,"featured_media":0,"comment_status":"open","ping_status":"open","sticky":false,"template":"","format":"video","meta":{"_mi_skip_tracking":false,"_monsterinsights_sitenote_active":false,"_monsterinsights_sitenote_note":"","_monsterinsights_sitenote_category":0,"jetpack_post_was_ever_published":false,"_jetpack_newsletter_access":"","jetpack_publicize_message":"","jetpack_is_tweetstorm":false,"jetpack_publicize_feature_enabled":true,"jetpack_social_post_already_shared":false,"jetpack_social_options":{"image_generator_settings":{"template":"highway","enabled":false}}},"categories":[83,52,56,13,12],"tags":[],"jetpack_publicize_connections":[],"jetpack_featured_media_url":"","jetpack_sharing_enabled":true,"jetpack_shortlink":"https:\/\/wp.me\/p4jV2T-1uw","jetpack_likes_enabled":true,"jetpack-related-posts":[{"id":8620,"url":"http:\/\/www.robertosedda.it\/?p=8620","url_meta":{"origin":5736,"position":0},"title":"L&#8217;innegabile fascino di Dracula il vampiro","author":"Rufus","date":"10\/10\/2014","format":"video","excerpt":"Ho caricato oggi la puntata di\u00a0Oggi parliamo di libri caricata a Dracula di Bram Stoker. Avevo deciso da moltissimo tempo che se avessi fatto un ciclo di puntate dedicato alla letteratura\u00a0sentimentale e alle storie d'amore avrei incluso\u00a0Dracula: durante la puntata ho giustificato la scelta, in\u00a0parte, con il collegamento al \"catalogo\"\u2026","rel":"","context":"In &quot;Coordinate&quot;","block_context":{"text":"Coordinate","link":"http:\/\/www.robertosedda.it\/?cat=52"},"img":{"alt_text":"","src":"https:\/\/i0.wp.com\/www.robertosedda.it\/wp-content\/uploads\/2014\/10\/lettori.jpg?resize=350%2C200","width":350,"height":200,"srcset":"https:\/\/i0.wp.com\/www.robertosedda.it\/wp-content\/uploads\/2014\/10\/lettori.jpg?resize=350%2C200 1x, https:\/\/i0.wp.com\/www.robertosedda.it\/wp-content\/uploads\/2014\/10\/lettori.jpg?resize=700%2C400 2x, https:\/\/i0.wp.com\/www.robertosedda.it\/wp-content\/uploads\/2014\/10\/lettori.jpg?resize=1050%2C600 3x"},"classes":[]},{"id":11264,"url":"http:\/\/www.robertosedda.it\/?p=11264","url_meta":{"origin":5736,"position":1},"title":"Che furbastro, quel Volpone!","author":"Rufus","date":"09\/12\/2015","format":"video","excerpt":"La cosa che pi\u00f9 mi colpisce di questa stagione di Oggi parliamo di libri \u00e8 la quantit\u00e0 di scoperte che faccio. Queste scoperte continue sono il motivo per il quale, dopo avere molto esitato a riprendere la trasmissione, mi sto invece divertendo moltissimo: sarei contentissimo di sapere che questo mio\u2026","rel":"","context":"In &quot;Coordinate&quot;","block_context":{"text":"Coordinate","link":"http:\/\/www.robertosedda.it\/?cat=52"},"img":{"alt_text":"","src":"https:\/\/i0.wp.com\/img.youtube.com\/vi\/C5JoMYsYQr0\/0.jpg?resize=350%2C200","width":350,"height":200},"classes":[]},{"id":2026,"url":"http:\/\/www.robertosedda.it\/?p=2026","url_meta":{"origin":5736,"position":2},"title":"Film che ho visto","author":"Rufus","date":"21\/01\/2013","format":"video","excerpt":"Ovvero Lo Hobbit e Vita di Pi. Li ho visti ormai qualche giorno (settimana fa), ma non ne ho parlato perch\u00e9 non mi pareva di avere niente di particolarmente intelligente da dire. D'altra parte mi \u00e8 comodo appuntare qualche pensiero, giusto per ricordarmi in futuro cosa ne ho pensato al\u2026","rel":"","context":"In &quot;Coordinate&quot;","block_context":{"text":"Coordinate","link":"http:\/\/www.robertosedda.it\/?cat=52"},"img":{"alt_text":"","src":"https:\/\/i0.wp.com\/img.youtube.com\/vi\/p4gqkkoEmCk\/0.jpg?resize=350%2C200","width":350,"height":200},"classes":[]},{"id":1668,"url":"http:\/\/www.robertosedda.it\/?p=1668","url_meta":{"origin":5736,"position":3},"title":"L&#8217;Eternauta a &#8220;Oggi parliamo di libri&#8221;","author":"Rufus","date":"14\/12\/2012","format":false,"excerpt":"Quella che segue \u00e8 un po' la sintesi dei miei appunti e un po' trascrizione delle cose che ho detto ieri sull'Eternauta durante la seconda puntata di Oggi parliamo di libri. Cari ascoltatori, salve a tutti e ben ritrovati sulle frequenze di Radio Kalaritana: io sono Roberto Sedda e, come\u2026","rel":"","context":"In &quot;Coordinate&quot;","block_context":{"text":"Coordinate","link":"http:\/\/www.robertosedda.it\/?cat=52"},"img":{"alt_text":"","src":"https:\/\/i0.wp.com\/www.robertosedda.it\/wp-content\/uploads\/2012\/12\/LEternauta-500px.jpg?fit=500%2C403&resize=350%2C200","width":350,"height":200},"classes":[]},{"id":16338,"url":"http:\/\/www.robertosedda.it\/?p=16338","url_meta":{"origin":5736,"position":4},"title":"L&#8217;abbrivio e il precipizio","author":"Rufus","date":"14\/03\/2019","format":false,"excerpt":"Seguo fin dal primo numero, anzi fin dall'anteprima fuori serie, Mercurio Loi, pubblicato dalla Sergio Bonelli Editore e scritto da Alessandro Bilotta. Mi piace molto ma, dopo una prima mezza dozzina di numeri molto interessanti, \u00e8 subentrata una certa perplessit\u00e0: \u00e8 un fumetto filosofico, d'accordo, \u00e8 un fumetto sperimentale, d'accordo,\u2026","rel":"","context":"In &quot;Coordinate&quot;","block_context":{"text":"Coordinate","link":"http:\/\/www.robertosedda.it\/?cat=52"},"img":{"alt_text":"","src":"https:\/\/i0.wp.com\/www.robertosedda.it\/wp-content\/uploads\/2019\/03\/Mercurio-d.jpg?fit=800%2C1055&resize=350%2C200","width":350,"height":200,"srcset":"https:\/\/i0.wp.com\/www.robertosedda.it\/wp-content\/uploads\/2019\/03\/Mercurio-d.jpg?fit=800%2C1055&resize=350%2C200 1x, https:\/\/i0.wp.com\/www.robertosedda.it\/wp-content\/uploads\/2019\/03\/Mercurio-d.jpg?fit=800%2C1055&resize=700%2C400 2x"},"classes":[]},{"id":173,"url":"http:\/\/www.robertosedda.it\/?p=173","url_meta":{"origin":5736,"position":5},"title":"The Magicians&#8217; Guild","author":"Rufus","date":"21\/08\/2012","format":false,"excerpt":"The Magicians' Guild inizia una trilogia fantasy abbastanza standard, con molti elementi visti in saghe maggiori: \u00e8 sostanzialmente un romanzo di formazione in cui l'ingresso del lettore in un mondo fantastico va di pari passo col percorso di scoperta che un giovane fa delle proprie capacit\u00e0 magiche e delle possibilit\u00e0\u2026","rel":"","context":"In &quot;Coordinate&quot;","block_context":{"text":"Coordinate","link":"http:\/\/www.robertosedda.it\/?cat=52"},"img":{"alt_text":"","src":"https:\/\/i0.wp.com\/www.robertosedda.it\/wp-content\/uploads\/2012\/08\/guild.jpg?fit=325%2C500&resize=350%2C200","width":350,"height":200},"classes":[]}],"_links":{"self":[{"href":"http:\/\/www.robertosedda.it\/index.php?rest_route=\/wp\/v2\/posts\/5736"}],"collection":[{"href":"http:\/\/www.robertosedda.it\/index.php?rest_route=\/wp\/v2\/posts"}],"about":[{"href":"http:\/\/www.robertosedda.it\/index.php?rest_route=\/wp\/v2\/types\/post"}],"author":[{"embeddable":true,"href":"http:\/\/www.robertosedda.it\/index.php?rest_route=\/wp\/v2\/users\/1"}],"replies":[{"embeddable":true,"href":"http:\/\/www.robertosedda.it\/index.php?rest_route=%2Fwp%2Fv2%2Fcomments&post=5736"}],"version-history":[{"count":3,"href":"http:\/\/www.robertosedda.it\/index.php?rest_route=\/wp\/v2\/posts\/5736\/revisions"}],"predecessor-version":[{"id":9133,"href":"http:\/\/www.robertosedda.it\/index.php?rest_route=\/wp\/v2\/posts\/5736\/revisions\/9133"}],"wp:attachment":[{"href":"http:\/\/www.robertosedda.it\/index.php?rest_route=%2Fwp%2Fv2%2Fmedia&parent=5736"}],"wp:term":[{"taxonomy":"category","embeddable":true,"href":"http:\/\/www.robertosedda.it\/index.php?rest_route=%2Fwp%2Fv2%2Fcategories&post=5736"},{"taxonomy":"post_tag","embeddable":true,"href":"http:\/\/www.robertosedda.it\/index.php?rest_route=%2Fwp%2Fv2%2Ftags&post=5736"}],"curies":[{"name":"wp","href":"https:\/\/api.w.org\/{rel}","templated":true}]}}