{"id":5710,"date":"2014-01-02T09:46:44","date_gmt":"2014-01-02T08:46:44","guid":{"rendered":"http:\/\/www.robertosedda.it\/?p=5710"},"modified":"2014-12-26T19:27:49","modified_gmt":"2014-12-26T18:27:49","slug":"i-libri-che-ho-letto-nel-2013","status":"publish","type":"post","link":"http:\/\/www.robertosedda.it\/?p=5710","title":{"rendered":"I libri che ho letto nel 2013"},"content":{"rendered":"<p><a href=\"https:\/\/i0.wp.com\/www.robertosedda.it\/wp-content\/uploads\/2013\/01\/8850328802p400.gif\"><img data-attachment-id=\"2071\" data-permalink=\"http:\/\/www.robertosedda.it\/?attachment_id=2071\" data-orig-file=\"https:\/\/i0.wp.com\/www.robertosedda.it\/wp-content\/uploads\/2013\/01\/8850328802p400.gif?fit=400%2C622\" data-orig-size=\"400,622\" data-comments-opened=\"1\" data-image-meta=\"{&quot;aperture&quot;:&quot;0&quot;,&quot;credit&quot;:&quot;&quot;,&quot;camera&quot;:&quot;&quot;,&quot;caption&quot;:&quot;&quot;,&quot;created_timestamp&quot;:&quot;0&quot;,&quot;copyright&quot;:&quot;&quot;,&quot;focal_length&quot;:&quot;0&quot;,&quot;iso&quot;:&quot;0&quot;,&quot;shutter_speed&quot;:&quot;0&quot;,&quot;title&quot;:&quot;&quot;}\" data-image-title=\"8850328802p400\" data-image-description=\"\" data-image-caption=\"\" data-medium-file=\"https:\/\/i0.wp.com\/www.robertosedda.it\/wp-content\/uploads\/2013\/01\/8850328802p400.gif?fit=192%2C300\" data-large-file=\"https:\/\/i0.wp.com\/www.robertosedda.it\/wp-content\/uploads\/2013\/01\/8850328802p400.gif?fit=400%2C622\" decoding=\"async\" loading=\"lazy\" class=\"alignright size-medium wp-image-2071\" src=\"https:\/\/i0.wp.com\/www.robertosedda.it\/wp-content\/uploads\/2013\/01\/8850328802p400.gif?resize=192%2C300\" alt=\"8850328802p400\" width=\"192\" height=\"300\" data-recalc-dims=\"1\" \/><\/a>Come l&#8217;anno scorso <em>Anobii<\/em> mi permette di tenere conto dei libri che ho letto nel corso dell&#8217;anno.<\/p>\n<p>Vedo che nel 2013 ho letto un libro in pi\u00f9 del 2012 ma con un numero di pagine inferiore: un po&#8217; la cosa mi sorprende e ho l&#8217;impressione di aver dimenticato qualcosa, ma non saprei bene cosa, e poi non \u00e8 che dobbiamo fare grandi statistiche &#8211; \u00e8 un gioco e nulla pi\u00f9.<\/p>\n<p>Quindi i libri che ho letto nel 2013 sono quelli che seguono, in rigoroso ordine di conclusione, da quello finito prima al pi\u00f9 recente. Nei casi in cui ho fatto una recensione ho messo il collegamento. Mancano <em>La Gerusalemme liberata<\/em> e le opere politiche di Machiavelli: per entrambi sono alle ultime pagine. Se volete sapere un parere o informazioni su un libro della lista fate un fischio.<\/p>\n<ol>\n<li><a title=\"Primo: ascoltare\" href=\"http:\/\/www.robertosedda.it\/?p=2061\">Mafe De Baggis, <em>World Wide We<\/em>, Apogeo<\/a><\/li>\n<li><a title=\"I figli del capitano Grant\" href=\"http:\/\/www.robertosedda.it\/?p=2408\">Antonio Spadaro SJ, <em>Web 2.0 Reti di relazioni<\/em>, Edizioni Paoline<\/a><\/li>\n<li><a title=\"I figli del capitano Grant\" href=\"http:\/\/www.robertosedda.it\/?p=2408\">Jules Verne, <em>Les enfants du capitaine Grant<\/em>, ? (e-book)<\/a><\/li>\n<li>Terry Pratchett, <em>Mort<\/em>, Orion (e-book)<\/li>\n<li>Giampaolo Dossena e Mario Spagnol, <em>Avventure e viaggi di mare<\/em>, Garzanti<\/li>\n<li><a title=\"Kim e il grande gioco a \u201cOggi parliamo di libri\u201d\" href=\"http:\/\/www.robertosedda.it\/?p=2965\">Rudyard Kipling, <em>Kim<\/em>, ? (e-book)<\/a><\/li>\n<li><a title=\"La scienza grama\" href=\"http:\/\/www.robertosedda.it\/?p=3692\">Steven D. Levitt, <em>Freakonomics<\/em>, Penguin<\/a><\/li>\n<li><a title=\"D\u2019Alema a Lepanto\" href=\"http:\/\/www.robertosedda.it\/?p=3677\">Alessandro Barbero, <em>Lepanto<\/em><em>. La battaglia dei tre imperi<\/em>, Laterza<\/a><\/li>\n<li><a title=\"Il maestro di go\" href=\"http:\/\/www.robertosedda.it\/?p=3879\">Yasunari Kawabata, <em>Il maestro di go<\/em>, Mondadori<\/a><\/li>\n<li><a title=\"I duplicanti\" href=\"http:\/\/www.robertosedda.it\/?p=4073\">Giovanni Berlinguer, <em>I duplicanti<\/em>, Laterza<\/a><\/li>\n<li><a title=\"Anarchismo al femminile\" href=\"http:\/\/www.robertosedda.it\/?p=4159\">Massimo Lunardelli, <em>Dieci pericolosissime anarchiche<\/em>, Blu<\/a><\/li>\n<li>Rick Dakan, <em>Geek Mafia<\/em>, ? (e-book)<\/li>\n<li>Edgar Rice Burroughs<em>, Beasts of Tarzan<\/em>, ? (e-book)<\/li>\n<li>Georges Simenon, <em>La prima inchiesta di Maigret<\/em>, Mondadori<\/li>\n<li>Georges Simenon, <em>Maigret e il castellano<\/em>, Mondadori<\/li>\n<li>Bepi Vigna, <em>La storia delle storie<\/em><em>. Viaggio nei segreti della narrazione<\/em>, Arkadia<\/li>\n<li>Georges Simenon, <em>Maigret si commuove<\/em>, Mondadori<\/li>\n<li>Randall Garrett, <em>Pagan passions<\/em>, ? (e-book)<\/li>\n<li>Terry Pratchett, <em>Sourcery<\/em>, Corgi (e-book)<\/li>\n<li>Georges Simenon, <em>Maigret e il viaggiatore di terza classe<\/em>, Mondadori<\/li>\n<li><a title=\"Divagazioni sul \u201cPrigioniero di Zenda\u201d\" href=\"http:\/\/www.robertosedda.it\/?p=4361\">Anthony Hope, <em>The prisoner of Zenda<\/em>, ? (e-book)<\/a><\/li>\n<li>Georges Simeon,<em> Maigret e il signor Charles<\/em>, Adelphi<\/li>\n<li><a title=\"Istemi\" href=\"http:\/\/www.robertosedda.it\/?p=4386\">Aleksej Nikitin, <em>Istemi<\/em>, Voland<\/a><\/li>\n<li><a title=\"Last of the plainsmen\" href=\"http:\/\/www.robertosedda.it\/?p=4466\">Zane Grey, <em>The last of the plainsmen<\/em>, ? (e-book)<\/a><\/li>\n<li><a title=\"Sei lezioni sulla storia\" href=\"http:\/\/www.robertosedda.it\/?p=4575\">Edward H. Carr, <em>Sei lezioni sulla storia<\/em>, Einaudi<\/a><\/li>\n<li>Hugh Lofting,<em> The story of Doctor Doolitle<\/em>, ? (e-book)<\/li>\n<li><a title=\"Z. La guerra dei narcos\" href=\"http:\/\/www.robertosedda.it\/?p=4708\">Diego E. Osorno, <em>Z. La guerra dei narcos<\/em>, Lanuovafrontiera<\/a><\/li>\n<li>Robert Sheckley, <em>La settima vittima e altri racconti<\/em>, Nottetempo<\/li>\n<li>Iolanda Romano, <em>Cosa fare, come fare<\/em>, Chiarelettere<\/li>\n<li>Giorgio Caponetti, <em>Due belle sfere di vetro ambrato<\/em>, Marcos y Marcos<\/li>\n<li>John Sandford, <em>Mad River<\/em>, Simon &amp; Schuster<\/li>\n<li>Georges Simenon, <em>Maigret e il ladro pigro<\/em>, Mondadori<\/li>\n<li><a title=\"Il gusto acre dell\u2019apologetica\" href=\"http:\/\/www.robertosedda.it\/?p=5618\">G. K. Chesterton, <em>The innocence of Father Brown<\/em>, ? (e-book)<\/a><\/li>\n<li>Augusto De Angelis, <em>La barchetta di cristallo<\/em>, Sellerio<\/li>\n<li>Charles Dickens, <em>A Christmas Carol<\/em>, ? (web)<\/li>\n<li>Augusto De Angelis, <em>Il mistero di Cinecitt\u00e0<\/em>, Sellerio<\/li>\n<li><a title=\"L\u2019assedio di Stalingrado\" href=\"http:\/\/www.robertosedda.it\/?p=5645\">Antony Beevor, <em>Stalingrad<\/em>, Penguin<\/a><\/li>\n<\/ol>\n","protected":false},"excerpt":{"rendered":"<p>Come l&#8217;anno scorso Anobii mi permette di tenere conto dei libri che ho letto nel corso dell&#8217;anno. Vedo che nel<\/p>\n","protected":false},"author":1,"featured_media":2071,"comment_status":"open","ping_status":"open","sticky":false,"template":"","format":"standard","meta":{"_mi_skip_tracking":false,"_monsterinsights_sitenote_active":false,"_monsterinsights_sitenote_note":"","_monsterinsights_sitenote_category":0,"jetpack_post_was_ever_published":false,"_jetpack_newsletter_access":"","jetpack_publicize_message":"","jetpack_is_tweetstorm":false,"jetpack_publicize_feature_enabled":true,"jetpack_social_post_already_shared":false,"jetpack_social_options":{"image_generator_settings":{"template":"highway","enabled":false}}},"categories":[52,86,53,17,16],"tags":[],"jetpack_publicize_connections":[],"jetpack_featured_media_url":"https:\/\/i0.wp.com\/www.robertosedda.it\/wp-content\/uploads\/2013\/01\/8850328802p400.gif?fit=400%2C622","jetpack_sharing_enabled":true,"jetpack_shortlink":"https:\/\/wp.me\/p4jV2T-1u6","jetpack_likes_enabled":true,"jetpack-related-posts":[{"id":9309,"url":"http:\/\/www.robertosedda.it\/?p=9309","url_meta":{"origin":5710,"position":0},"title":"I libri che ho letto nel 2014","author":"Rufus","date":"08\/01\/2015","format":false,"excerpt":"Anobii mi informa che nel 2014 ho letto meno libri che nel 2013 ma per pi\u00f9 pagine: non posso proprio dire di averci fatto caso, in realt\u00e0, cos\u00ec come l'anno scorso ero rimasto piuttosto sorpreso nello scoprire che era accaduto l'inverso. Ad ogni modo i libri che ho letto sono\u2026","rel":"","context":"In &quot;Coordinate&quot;","block_context":{"text":"Coordinate","link":"http:\/\/www.robertosedda.it\/?cat=52"},"img":{"alt_text":"","src":"https:\/\/i0.wp.com\/www.robertosedda.it\/wp-content\/uploads\/2013\/10\/Gesrusalemme-liberata.jpg?fit=315%2C420&resize=350%2C200","width":350,"height":200},"classes":[]},{"id":1744,"url":"http:\/\/www.robertosedda.it\/?p=1744","url_meta":{"origin":5710,"position":1},"title":"Liste di fine anno","author":"Rufus","date":"09\/01\/2013","format":false,"excerpt":"L'altro giorno ho postato la mia personalissima sintesi del 2012, cio\u00e8 i libri che ho letto. Nei giorni intorno a Natale, per\u00f2, siamo stati inondati da una marea di liste che provavano a riassumere il 2012 sotto uno o pi\u00f9 punti di vista. Senza troppo pensarci ho cominciato a salvarle\u2026","rel":"","context":"In &quot;Coordinate&quot;","block_context":{"text":"Coordinate","link":"http:\/\/www.robertosedda.it\/?cat=52"},"img":{"alt_text":"","src":"","width":0,"height":0},"classes":[]},{"id":4220,"url":"http:\/\/www.robertosedda.it\/?p=4220","url_meta":{"origin":5710,"position":2},"title":"Buone vacanze!","author":"Rufus","date":"03\/08\/2013","format":false,"excerpt":"Passer\u00f2 i prossimi giorni a Tonara, nel centro della Sardegna, quindi anche il blog si prende una vacanza. Mi porto dietro il\u00a0computer (luned\u00ec c'\u00e8 una\u00a0Skype call con i coordinatori dei vari gruppi di soci dell'Area Centro di Banca Etica) ma non conto di scrivere frequentemente sul blog:\u00a0 potr\u00e0 capitare ogni\u2026","rel":"","context":"In &quot;Coordinate&quot;","block_context":{"text":"Coordinate","link":"http:\/\/www.robertosedda.it\/?cat=52"},"img":{"alt_text":"","src":"https:\/\/i0.wp.com\/www.robertosedda.it\/wp-content\/uploads\/2013\/08\/ALIM0692.jpg?fit=1200%2C900&resize=350%2C200","width":350,"height":200,"srcset":"https:\/\/i0.wp.com\/www.robertosedda.it\/wp-content\/uploads\/2013\/08\/ALIM0692.jpg?fit=1200%2C900&resize=350%2C200 1x, https:\/\/i0.wp.com\/www.robertosedda.it\/wp-content\/uploads\/2013\/08\/ALIM0692.jpg?fit=1200%2C900&resize=700%2C400 2x, https:\/\/i0.wp.com\/www.robertosedda.it\/wp-content\/uploads\/2013\/08\/ALIM0692.jpg?fit=1200%2C900&resize=1050%2C600 3x"},"classes":[]},{"id":20704,"url":"http:\/\/www.robertosedda.it\/?p=20704","url_meta":{"origin":5710,"position":3},"title":"Letture poliglotte e enciclopediche","author":"Rufus","date":"22\/08\/2025","format":false,"excerpt":"Mi sono accorto da poco che le mie letture hanno preso una china piuttosto particolare. Il poliglotta involontario Quest'anno ho letto in contemporanea cose in lingue diverse, in una maniera che non mi era mai capitata prima: ho finito da poco, finalmente, le avventure complete del Capitano Alatriste di Arturo\u2026","rel":"","context":"In &quot;Coordinate&quot;","block_context":{"text":"Coordinate","link":"http:\/\/www.robertosedda.it\/?cat=52"},"img":{"alt_text":"","src":"https:\/\/i0.wp.com\/www.robertosedda.it\/wp-content\/uploads\/2025\/08\/IMG20240609170850-scaled.jpg?fit=1200%2C900&resize=350%2C200","width":350,"height":200,"srcset":"https:\/\/i0.wp.com\/www.robertosedda.it\/wp-content\/uploads\/2025\/08\/IMG20240609170850-scaled.jpg?fit=1200%2C900&resize=350%2C200 1x, https:\/\/i0.wp.com\/www.robertosedda.it\/wp-content\/uploads\/2025\/08\/IMG20240609170850-scaled.jpg?fit=1200%2C900&resize=700%2C400 2x, https:\/\/i0.wp.com\/www.robertosedda.it\/wp-content\/uploads\/2025\/08\/IMG20240609170850-scaled.jpg?fit=1200%2C900&resize=1050%2C600 3x"},"classes":[]},{"id":1551,"url":"http:\/\/www.robertosedda.it\/?p=1551","url_meta":{"origin":5710,"position":4},"title":"Radio Days","author":"Rufus","date":"04\/12\/2012","format":false,"excerpt":"Su gentile invito di don Giulio Madeddu e sotto l'ala protettiva e amichevole di Andrea Pala, dal 6 dicembre conduco (la parola, lo ammetto, mi fa impressione) una trasmissione radio, in cui parlo di libri fantasy e fantascientifici (per una prima serie di una dozzina di puntate:\u00a0in futuro parler\u00f2 anche\u2026","rel":"","context":"In &quot;Coordinate&quot;","block_context":{"text":"Coordinate","link":"http:\/\/www.robertosedda.it\/?cat=52"},"img":{"alt_text":"","src":"https:\/\/i0.wp.com\/www.robertosedda.it\/wp-content\/uploads\/2012\/12\/197882_4997567705416_1682811050_n.jpg?fit=750%2C865&resize=350%2C200","width":350,"height":200,"srcset":"https:\/\/i0.wp.com\/www.robertosedda.it\/wp-content\/uploads\/2012\/12\/197882_4997567705416_1682811050_n.jpg?fit=750%2C865&resize=350%2C200 1x, https:\/\/i0.wp.com\/www.robertosedda.it\/wp-content\/uploads\/2012\/12\/197882_4997567705416_1682811050_n.jpg?fit=750%2C865&resize=700%2C400 2x"},"classes":[]},{"id":5552,"url":"http:\/\/www.robertosedda.it\/?p=5552","url_meta":{"origin":5710,"position":5},"title":"Noir. Istruzioni per l&#8217;uso (Luca Crovi, Garzanti 2013)","author":"Rufus","date":"23\/12\/2013","format":false,"excerpt":"Ho preso Noir. Istruzioni per l'uso prima dell'estate, quando ho cominciato a pensare a un ciclo di puntate di Oggi parliamo di libri dedicate ai gialli: Luca Crovi per tanti anni ha condotto Tutti i colori del giallo, coordina l'Almanacco del giallo di Bonelli e quindi, ho pensato, chi meglio\u2026","rel":"","context":"In &quot;Coordinate&quot;","block_context":{"text":"Coordinate","link":"http:\/\/www.robertosedda.it\/?cat=52"},"img":{"alt_text":"","src":"https:\/\/i0.wp.com\/www.robertosedda.it\/wp-content\/uploads\/2013\/12\/Crovi-Noir-.jpg?fit=795%2C1200&resize=350%2C200","width":350,"height":200,"srcset":"https:\/\/i0.wp.com\/www.robertosedda.it\/wp-content\/uploads\/2013\/12\/Crovi-Noir-.jpg?fit=795%2C1200&resize=350%2C200 1x, https:\/\/i0.wp.com\/www.robertosedda.it\/wp-content\/uploads\/2013\/12\/Crovi-Noir-.jpg?fit=795%2C1200&resize=700%2C400 2x"},"classes":[]}],"_links":{"self":[{"href":"http:\/\/www.robertosedda.it\/index.php?rest_route=\/wp\/v2\/posts\/5710"}],"collection":[{"href":"http:\/\/www.robertosedda.it\/index.php?rest_route=\/wp\/v2\/posts"}],"about":[{"href":"http:\/\/www.robertosedda.it\/index.php?rest_route=\/wp\/v2\/types\/post"}],"author":[{"embeddable":true,"href":"http:\/\/www.robertosedda.it\/index.php?rest_route=\/wp\/v2\/users\/1"}],"replies":[{"embeddable":true,"href":"http:\/\/www.robertosedda.it\/index.php?rest_route=%2Fwp%2Fv2%2Fcomments&post=5710"}],"version-history":[{"count":9,"href":"http:\/\/www.robertosedda.it\/index.php?rest_route=\/wp\/v2\/posts\/5710\/revisions"}],"predecessor-version":[{"id":9135,"href":"http:\/\/www.robertosedda.it\/index.php?rest_route=\/wp\/v2\/posts\/5710\/revisions\/9135"}],"wp:featuredmedia":[{"embeddable":true,"href":"http:\/\/www.robertosedda.it\/index.php?rest_route=\/wp\/v2\/media\/2071"}],"wp:attachment":[{"href":"http:\/\/www.robertosedda.it\/index.php?rest_route=%2Fwp%2Fv2%2Fmedia&parent=5710"}],"wp:term":[{"taxonomy":"category","embeddable":true,"href":"http:\/\/www.robertosedda.it\/index.php?rest_route=%2Fwp%2Fv2%2Fcategories&post=5710"},{"taxonomy":"post_tag","embeddable":true,"href":"http:\/\/www.robertosedda.it\/index.php?rest_route=%2Fwp%2Fv2%2Ftags&post=5710"}],"curies":[{"name":"wp","href":"https:\/\/api.w.org\/{rel}","templated":true}]}}