{"id":5705,"date":"2014-01-01T18:17:56","date_gmt":"2014-01-01T17:17:56","guid":{"rendered":"http:\/\/www.robertosedda.it\/?p=5705"},"modified":"2014-12-26T19:06:00","modified_gmt":"2014-12-26T18:06:00","slug":"vita-nuova","status":"publish","type":"post","link":"http:\/\/www.robertosedda.it\/?p=5705","title":{"rendered":"Vita nuova"},"content":{"rendered":"<p><a href=\"https:\/\/i0.wp.com\/www.robertosedda.it\/wp-content\/uploads\/2014\/01\/2013-12-21-13.16.02.jpg\"><img data-attachment-id=\"5707\" data-permalink=\"http:\/\/www.robertosedda.it\/?attachment_id=5707\" data-orig-file=\"https:\/\/i0.wp.com\/www.robertosedda.it\/wp-content\/uploads\/2014\/01\/2013-12-21-13.16.02.jpg?fit=2048%2C1536\" data-orig-size=\"2048,1536\" data-comments-opened=\"1\" data-image-meta=\"{&quot;aperture&quot;:&quot;2.6&quot;,&quot;credit&quot;:&quot;&quot;,&quot;camera&quot;:&quot;YP-G70&quot;,&quot;caption&quot;:&quot;&quot;,&quot;created_timestamp&quot;:&quot;1387631761&quot;,&quot;copyright&quot;:&quot;&quot;,&quot;focal_length&quot;:&quot;3.79&quot;,&quot;iso&quot;:&quot;50&quot;,&quot;shutter_speed&quot;:&quot;0.0028169014084507&quot;,&quot;title&quot;:&quot;&quot;}\" data-image-title=\"2013-12-21 13.16.02\" data-image-description=\"\" data-image-caption=\"\" data-medium-file=\"https:\/\/i0.wp.com\/www.robertosedda.it\/wp-content\/uploads\/2014\/01\/2013-12-21-13.16.02.jpg?fit=300%2C225\" data-large-file=\"https:\/\/i0.wp.com\/www.robertosedda.it\/wp-content\/uploads\/2014\/01\/2013-12-21-13.16.02.jpg?fit=510%2C383\" decoding=\"async\" loading=\"lazy\" class=\"alignleft size-medium wp-image-5707\" src=\"https:\/\/i0.wp.com\/www.robertosedda.it\/wp-content\/uploads\/2014\/01\/2013-12-21-13.16.02.jpg?resize=300%2C225\" alt=\"2013-12-21 13.16.02\" width=\"300\" height=\"225\" srcset=\"https:\/\/i0.wp.com\/www.robertosedda.it\/wp-content\/uploads\/2014\/01\/2013-12-21-13.16.02.jpg?resize=300%2C225 300w, https:\/\/i0.wp.com\/www.robertosedda.it\/wp-content\/uploads\/2014\/01\/2013-12-21-13.16.02.jpg?resize=150%2C112 150w, https:\/\/i0.wp.com\/www.robertosedda.it\/wp-content\/uploads\/2014\/01\/2013-12-21-13.16.02.jpg?resize=1024%2C768 1024w, https:\/\/i0.wp.com\/www.robertosedda.it\/wp-content\/uploads\/2014\/01\/2013-12-21-13.16.02.jpg?resize=268%2C200 268w, https:\/\/i0.wp.com\/www.robertosedda.it\/wp-content\/uploads\/2014\/01\/2013-12-21-13.16.02.jpg?resize=700%2C525 700w, https:\/\/i0.wp.com\/www.robertosedda.it\/wp-content\/uploads\/2014\/01\/2013-12-21-13.16.02.jpg?w=2048 2048w, https:\/\/i0.wp.com\/www.robertosedda.it\/wp-content\/uploads\/2014\/01\/2013-12-21-13.16.02.jpg?w=1600 1600w\" sizes=\"(max-width: 300px) 100vw, 300px\" data-recalc-dims=\"1\" \/><\/a>Il 21 dicembre io e Maria Bonaria siamo andati ad Ales a comprare i regali di Natale.<\/p>\n<p>Come al solito abbiamo scelto un regalo che avesse un po&#8217; di significato, che sostenesse l&#8217;economia che piace a noi (come due anni fa, il vino della <em>Costigliola<\/em>)<em>.<\/em> Quest&#8217;anno dal valore economico un po&#8217; pi\u00f9 smilzo, perch\u00e9 una parte dei soldi destinati ai regali di Natale sar\u00e0 devoluto &#8211; insieme a donazioni di altri del gruppo &#8220;La Pira&#8221; &#8211; a favore di una famiglia danneggiata dall&#8217;alluvione.<\/p>\n<p>E cos\u00ec siamo andati a trovare <a href=\"http:\/\/www.mielimanias.it\/index.php?option=com_content&amp;view=frontpage&amp;Itemid=29\">Luigi Manias<\/a>, che ad Ales fa il miele, e gli abbiamo svaligiato il laboratorio. Un po&#8217; eravamo in continuit\u00e0 con l&#8217;anno scorso: allora erano state candele di pura cera d&#8217;api, quest&#8217;anno, sempre dalle api, il miele.<\/p>\n<figure id=\"attachment_5708\" aria-describedby=\"caption-attachment-5708\" style=\"width: 300px\" class=\"wp-caption alignright\"><a href=\"https:\/\/i0.wp.com\/www.robertosedda.it\/wp-content\/uploads\/2014\/01\/2013-12-21-14.04.45.jpg\"><img data-attachment-id=\"5708\" data-permalink=\"http:\/\/www.robertosedda.it\/?attachment_id=5708\" data-orig-file=\"https:\/\/i0.wp.com\/www.robertosedda.it\/wp-content\/uploads\/2014\/01\/2013-12-21-14.04.45.jpg?fit=2048%2C1536\" data-orig-size=\"2048,1536\" data-comments-opened=\"1\" data-image-meta=\"{&quot;aperture&quot;:&quot;2.6&quot;,&quot;credit&quot;:&quot;&quot;,&quot;camera&quot;:&quot;YP-G70&quot;,&quot;caption&quot;:&quot;&quot;,&quot;created_timestamp&quot;:&quot;1387634685&quot;,&quot;copyright&quot;:&quot;&quot;,&quot;focal_length&quot;:&quot;3.79&quot;,&quot;iso&quot;:&quot;200&quot;,&quot;shutter_speed&quot;:&quot;0.11111111111111&quot;,&quot;title&quot;:&quot;&quot;}\" data-image-title=\"2013-12-21 14.04.45\" data-image-description=\"\" data-image-caption=\"\" data-medium-file=\"https:\/\/i0.wp.com\/www.robertosedda.it\/wp-content\/uploads\/2014\/01\/2013-12-21-14.04.45.jpg?fit=300%2C225\" data-large-file=\"https:\/\/i0.wp.com\/www.robertosedda.it\/wp-content\/uploads\/2014\/01\/2013-12-21-14.04.45.jpg?fit=510%2C383\" decoding=\"async\" loading=\"lazy\" class=\"size-medium wp-image-5708\" src=\"https:\/\/i0.wp.com\/www.robertosedda.it\/wp-content\/uploads\/2014\/01\/2013-12-21-14.04.45.jpg?resize=300%2C225\" alt=\"2013-12-21 14.04.45\" width=\"300\" height=\"225\" srcset=\"https:\/\/i0.wp.com\/www.robertosedda.it\/wp-content\/uploads\/2014\/01\/2013-12-21-14.04.45.jpg?resize=300%2C225 300w, https:\/\/i0.wp.com\/www.robertosedda.it\/wp-content\/uploads\/2014\/01\/2013-12-21-14.04.45.jpg?resize=150%2C112 150w, https:\/\/i0.wp.com\/www.robertosedda.it\/wp-content\/uploads\/2014\/01\/2013-12-21-14.04.45.jpg?resize=1024%2C768 1024w, https:\/\/i0.wp.com\/www.robertosedda.it\/wp-content\/uploads\/2014\/01\/2013-12-21-14.04.45.jpg?resize=268%2C200 268w, https:\/\/i0.wp.com\/www.robertosedda.it\/wp-content\/uploads\/2014\/01\/2013-12-21-14.04.45.jpg?resize=700%2C525 700w, https:\/\/i0.wp.com\/www.robertosedda.it\/wp-content\/uploads\/2014\/01\/2013-12-21-14.04.45.jpg?w=2048 2048w, https:\/\/i0.wp.com\/www.robertosedda.it\/wp-content\/uploads\/2014\/01\/2013-12-21-14.04.45.jpg?w=1600 1600w\" sizes=\"(max-width: 300px) 100vw, 300px\" data-recalc-dims=\"1\" \/><\/a><figcaption id=\"caption-attachment-5708\" class=\"wp-caption-text\">La recensione della panna cotta stilata da Maria Bonaria direttamente sul piatto con il resto del mirtillo di accompagnamento<\/figcaption><\/figure>\n<p>\u00c8 stata una mattinata molto piacevole, illuminata dalla facondia di Luigi, <a href=\"http:\/\/diarioapistico.blogspot.it\/2011\/10\/luigi-manias.html\">che sa tante cose interessanti su tanti diversi argomenti<\/a> e dal quale perci\u00f2 era difficile staccarsi, tanto che quando abbiamo finito era tardi e ci siamo concessi perfino una pausa al ristorante, nell&#8217;<a href=\"https:\/\/it-it.facebook.com\/AbasRistorantePizzeriaAffittacamere\">eleganza un po&#8217; <em>shabby chic<\/em> del ristorante<em> Abas<\/em><\/a> dve abbiamo mangiato\u00a0cibo pi\u00f9 che dignitoso\u00a0 servito con cortesia squisita.<\/p>\n<p>E quindi miele. La decisione \u00e8 maturata a <em>Scirarindi<\/em> ed era dovuta forse soprattutto alla simpatia di Luigi, ma andando via mi sono reso conto che comunque un collegamento con la simbologia del Natale c&#8217;era. L&#8217;anno scorso era evidente: la candela \u00e8 luce che brilla nell&#8217;oscurit\u00e0, come nel profeta Isaia<\/p>\n<blockquote><p>Il popolo che camminava nelle tenebre<br \/>\nvide una grande luce;<br \/>\nsu coloro che abitavano in terra tenebrosa<br \/>\nuna luce rifulse [&#8230;]<br \/>\nPoich\u00e9 un bambino \u00e8 nato per noi,<br \/>\nci \u00e8 stato dato un figlio.<\/p><\/blockquote>\n<p>Quest&#8217;anno, abbiamo detto a un certo punto a Luigi, regaliamo oro \u00abcome i Re Magi\u00bb. \u00abQuesto non posso saperlo\u00bb, ha detto lui, \u00abio sono socialista\u00bb. Il che, come capirete, ci ha un po&#8217; sviato dai deliri mistici in cui potevamo indulgere.<\/p>\n<p>La storia dell&#8217;oro non era solo perch\u00e9 il miele ha quel colore. O meglio, non solo. Il fatto \u00e8 che Luigi l&#8217;oro lo fa davvero. Un paio d&#8217;anni fa, all&#8217;interno di un progetto che comprendeva anche lo <em>chef<\/em> Roberto Pezza, un campionario di associazioni di tutela del territorio, <a href=\"http:\/\/sito.entecra.it\/portale\/cra_progetto_dettaglio.php?id_progetto=%226fc92c93-11a2-1928-3b95-4e674553708f%22&amp;lingua=IT&amp;opz_menu=\">enti pubblici e studiosi della qualit\u00e0 del miele<\/a>, Luigi ha portato un po&#8217; di arnie nel territorio della miniera d&#8217;oro di Furtei, gli stessi devastati dal mercurio e dal cianuro, e da quelle arnie ha fatto un miele che ha chiamato <em>Oro di Furtei <\/em>e che ha vinto parecchi anche dei premi (oltre a risultare particolarmente ricco di minerali &#8211; e no, il mercurio e il cianuro non ci sono, ho dovuto rassicurare qualche amico).<\/p>\n<div class=\"jetpack-video-wrapper\"><span class=\"embed-youtube\" style=\"text-align:center; display: block;\"><iframe class=\"youtube-player\" width=\"800\" height=\"450\" src=\"https:\/\/www.youtube.com\/embed\/YBWwlulD1EE?version=3&#038;rel=1&#038;showsearch=0&#038;showinfo=1&#038;iv_load_policy=1&#038;fs=1&#038;hl=it-IT&#038;autohide=2&#038;wmode=transparent\" allowfullscreen=\"true\" style=\"border:0;\" sandbox=\"allow-scripts allow-same-origin allow-popups allow-presentation\"><\/iframe><\/span><\/div>\n<p>In realt\u00e0 quel giorno a Ales abbiamo comprato diverse variet\u00e0 di miele non solo <em>Oro di Furtei<\/em>: qualche amico avr\u00e0 eucalipto, cardo o sulla. Tutti mieli premiatissimi, comunque.<\/p>\n<p>Ma avantieri, durante una delle mie botte di tristezza per lo stato di questo derelitto paese e di questa ancor pi\u00f9 derelitta isola, ho pensato: magari se possono farcela le api in un territorio cos\u00ec devastato ce la possiamo fare anche noi. Ed \u00e8 l&#8217;augurio che (mi) faccio per il 2014: chiss\u00e0 che, come le apine di fiore in fiore, anche noi possiamo tirar fuori qualcosa di buono e prezioso dal disastro che abbiamo intorno. A tutti, un buon 2014!<\/p>\n","protected":false},"excerpt":{"rendered":"<p>Il 21 dicembre io e Maria Bonaria siamo andati ad Ales a comprare i regali di Natale. Come al solito<\/p>\n","protected":false},"author":1,"featured_media":5707,"comment_status":"open","ping_status":"open","sticky":false,"template":"","format":"standard","meta":{"_mi_skip_tracking":false,"_monsterinsights_sitenote_active":false,"_monsterinsights_sitenote_note":"","_monsterinsights_sitenote_category":0,"jetpack_post_was_ever_published":false,"_jetpack_newsletter_access":"","jetpack_publicize_message":"","jetpack_is_tweetstorm":false,"jetpack_publicize_feature_enabled":true,"jetpack_social_post_already_shared":false,"jetpack_social_options":{"image_generator_settings":{"template":"highway","enabled":false}}},"categories":[52,53,17,88,16],"tags":[],"jetpack_publicize_connections":[],"jetpack_featured_media_url":"https:\/\/i0.wp.com\/www.robertosedda.it\/wp-content\/uploads\/2014\/01\/2013-12-21-13.16.02.jpg?fit=2048%2C1536","jetpack_sharing_enabled":true,"jetpack_shortlink":"https:\/\/wp.me\/p4jV2T-1u1","jetpack_likes_enabled":true,"jetpack-related-posts":[{"id":12226,"url":"http:\/\/www.robertosedda.it\/?p=12226","url_meta":{"origin":5705,"position":0},"title":"Dei regali che mi faccio","author":"Rufus","date":"12\/07\/2016","format":false,"excerpt":"Quando ho compiuto cinquantadue anni, un mese e mezzo fa, ho deciso di farmi alcuni regali. Perch\u00e9 avevo\u00a0l'idea che adesso che c'\u00e8 la banchiera ambulante a Cagliari (nella foto qui sopra) un po' si chiude un ciclo iniziato nel 2008 e magari si pu\u00f2 cominciare a pensare ad altri obiettivi.\u2026","rel":"","context":"In &quot;Coordinate&quot;","block_context":{"text":"Coordinate","link":"http:\/\/www.robertosedda.it\/?cat=52"},"img":{"alt_text":"","src":"https:\/\/i0.wp.com\/www.robertosedda.it\/wp-content\/uploads\/2016\/07\/Banchiera-ambulante.jpg?fit=1200%2C720&resize=350%2C200","width":350,"height":200,"srcset":"https:\/\/i0.wp.com\/www.robertosedda.it\/wp-content\/uploads\/2016\/07\/Banchiera-ambulante.jpg?fit=1200%2C720&resize=350%2C200 1x, https:\/\/i0.wp.com\/www.robertosedda.it\/wp-content\/uploads\/2016\/07\/Banchiera-ambulante.jpg?fit=1200%2C720&resize=700%2C400 2x, https:\/\/i0.wp.com\/www.robertosedda.it\/wp-content\/uploads\/2016\/07\/Banchiera-ambulante.jpg?fit=1200%2C720&resize=1050%2C600 3x"},"classes":[]},{"id":5564,"url":"http:\/\/www.robertosedda.it\/?p=5564","url_meta":{"origin":5705,"position":1},"title":"Perch\u00e9 \u00e8 sbagliato (forse) lasciare roba da mangiare per Babbo Natale","author":"Rufus","date":"28\/12\/2013","format":false,"excerpt":"Ho notato quest'anno che molti amici con figli, documentando i preparativi natalizi su Facebook, hanno fatto vedere che vicino al camino o in luoghi equivalenti \u00e8 stato lasciato qualcosa da mangiare per Babbo Natale (di solito latte e dolciumi) e perfino qualcosa per le renne. I bambini vogliono bene a\u2026","rel":"","context":"In &quot;Coordinate&quot;","block_context":{"text":"Coordinate","link":"http:\/\/www.robertosedda.it\/?cat=52"},"img":{"alt_text":"","src":"https:\/\/i0.wp.com\/www.robertosedda.it\/wp-content\/uploads\/2013\/12\/Santa-Claus-was-real-Chuck-Norris.jpg?fit=400%2C355&resize=350%2C200","width":350,"height":200},"classes":[]},{"id":5560,"url":"http:\/\/www.robertosedda.it\/?p=5560","url_meta":{"origin":5705,"position":2},"title":"Enigmistica in inglese","author":"Rufus","date":"23\/12\/2013","format":false,"excerpt":"Sabato, mentre cenavo in un elegante ristorante di Ales, per la prima volta in vita mia ho concepito un gioco enigmistico appena coerente (di solito sono negato). Per dare soddisfazione al mio ego smisurato lo posto qui sotto: Aggiunta di consonante finale (6 4 \/ 6 5) Dall'eleganza fintamente trascurata\u2026","rel":"","context":"In &quot;Coordinate&quot;","block_context":{"text":"Coordinate","link":"http:\/\/www.robertosedda.it\/?cat=52"},"img":{"alt_text":"","src":"","width":0,"height":0},"classes":[]},{"id":1793,"url":"http:\/\/www.robertosedda.it\/?p=1793","url_meta":{"origin":5705,"position":3},"title":"Poesia di Natale","author":"Rufus","date":"25\/12\/2012","format":false,"excerpt":"Volevo augurare buon Natale a tutti con una poesia, e ho trovato (e scartato) un Turoldo d'annata, Umberto Saba e Ada Negri, e insomma ognuna sarebbe bastata. Alla fine non ero soddisfatto e ho aperto a caso l'amata Emily Dickinson che non tradisce mai; e infatti ho trovato: Il silenzio\u2026","rel":"","context":"In &quot;Coordinate&quot;","block_context":{"text":"Coordinate","link":"http:\/\/www.robertosedda.it\/?cat=52"},"img":{"alt_text":"","src":"","width":0,"height":0},"classes":[]},{"id":5562,"url":"http:\/\/www.robertosedda.it\/?p=5562","url_meta":{"origin":5705,"position":4},"title":"Auguri per Natale","author":"Rufus","date":"24\/12\/2013","format":"video","excerpt":"Per farvi gli auguri per Natale utilizzo un video che mi ha fatto conoscere Roberto Museo. \u00c8 molto bello e riunisce un po' tante delle mie anime: c'\u00e8 una bella storia, un po' di economia sociale, un pizzico di insegnamento cristiano ed \u00e8 fatto da una impresa per biechi fini\u2026","rel":"","context":"In &quot;Coordinate&quot;","block_context":{"text":"Coordinate","link":"http:\/\/www.robertosedda.it\/?cat=52"},"img":{"alt_text":"","src":"https:\/\/i0.wp.com\/img.youtube.com\/vi\/nKWnhYxyIPE\/0.jpg?resize=350%2C200","width":350,"height":200},"classes":[]},{"id":5550,"url":"http:\/\/www.robertosedda.it\/?p=5550","url_meta":{"origin":5705,"position":5},"title":"Sapevano quello che facevano","author":"Rufus","date":"21\/12\/2013","format":false,"excerpt":"Oggi spedizione in Marmilla alla ricerca di regali di Natale. Facciamo molto tardi e cos\u00ec decidiamo di trovare un ristorante in zona. Individuato l'obiettivo stiamo per entrare quando notiamo, a fianco della porta del locale e dietro il vaso da fiori che orna l'ingresso, due flute abbandonati per terra. Nel\u2026","rel":"","context":"In &quot;Coordinate&quot;","block_context":{"text":"Coordinate","link":"http:\/\/www.robertosedda.it\/?cat=52"},"img":{"alt_text":"","src":"","width":0,"height":0},"classes":[]}],"_links":{"self":[{"href":"http:\/\/www.robertosedda.it\/index.php?rest_route=\/wp\/v2\/posts\/5705"}],"collection":[{"href":"http:\/\/www.robertosedda.it\/index.php?rest_route=\/wp\/v2\/posts"}],"about":[{"href":"http:\/\/www.robertosedda.it\/index.php?rest_route=\/wp\/v2\/types\/post"}],"author":[{"embeddable":true,"href":"http:\/\/www.robertosedda.it\/index.php?rest_route=\/wp\/v2\/users\/1"}],"replies":[{"embeddable":true,"href":"http:\/\/www.robertosedda.it\/index.php?rest_route=%2Fwp%2Fv2%2Fcomments&post=5705"}],"version-history":[{"count":4,"href":"http:\/\/www.robertosedda.it\/index.php?rest_route=\/wp\/v2\/posts\/5705\/revisions"}],"predecessor-version":[{"id":9131,"href":"http:\/\/www.robertosedda.it\/index.php?rest_route=\/wp\/v2\/posts\/5705\/revisions\/9131"}],"wp:featuredmedia":[{"embeddable":true,"href":"http:\/\/www.robertosedda.it\/index.php?rest_route=\/wp\/v2\/media\/5707"}],"wp:attachment":[{"href":"http:\/\/www.robertosedda.it\/index.php?rest_route=%2Fwp%2Fv2%2Fmedia&parent=5705"}],"wp:term":[{"taxonomy":"category","embeddable":true,"href":"http:\/\/www.robertosedda.it\/index.php?rest_route=%2Fwp%2Fv2%2Fcategories&post=5705"},{"taxonomy":"post_tag","embeddable":true,"href":"http:\/\/www.robertosedda.it\/index.php?rest_route=%2Fwp%2Fv2%2Ftags&post=5705"}],"curies":[{"name":"wp","href":"https:\/\/api.w.org\/{rel}","templated":true}]}}