{"id":5636,"date":"2013-12-29T16:26:01","date_gmt":"2013-12-29T15:26:01","guid":{"rendered":"http:\/\/www.robertosedda.it\/?p=5636"},"modified":"2014-12-26T18:46:39","modified_gmt":"2014-12-26T17:46:39","slug":"i-bisticci-di-nero-wolfe-e-del-suo-tirapiedi","status":"publish","type":"post","link":"http:\/\/www.robertosedda.it\/?p=5636","title":{"rendered":"I bisticci di Nero Wolfe e del suo tirapiedi"},"content":{"rendered":"<p>Sulla puntata di <em>Oggi parliamo di libri<\/em> dedicata a Nero Wolfe non ho molto da dire. Le storie di Rex Stout dedicate all&#8217;investigatore ciccione e al suo caustico assistente sono state sicuramente fra i gialli preferiti della mia adolescenza; ne ho poi fatto una rilettura estensiva due anni fa, trovandole ancora godibili sebbene inevitabilmente datate.<\/p>\n<div class=\"jetpack-video-wrapper\"><span class=\"embed-youtube\" style=\"text-align:center; display: block;\"><iframe class=\"youtube-player\" width=\"800\" height=\"450\" src=\"https:\/\/www.youtube.com\/embed\/Ab3GfykqhFY?version=3&#038;rel=1&#038;showsearch=0&#038;showinfo=1&#038;iv_load_policy=1&#038;fs=1&#038;hl=it-IT&#038;autohide=2&#038;wmode=transparent\" allowfullscreen=\"true\" style=\"border:0;\" sandbox=\"allow-scripts allow-same-origin allow-popups allow-presentation\"><\/iframe><\/span><\/div>\n<p>Tutti i siti pi\u00f9 autorevoli di recensioni sottolineano, come ho fatto del resto anche io in trasmissione, che l&#8217;innovazione e l&#8217;abilit\u00e0 di Stout stanno nella capacit\u00e0 di coniugare l&#8217;<em>hard boiled<\/em> con il romanzo deduttivo alla Conan Doyle. Doverosamente mi sono rifatto anche io a questa opinione, perch\u00e9 \u00e8 indubitabile che questa sia una caratteristica di questi romanzi. Tuttavia sono sempre meno convinto che sia un elemento rilevante\u00a0 e che sia questo il motivo del <em>successo<\/em> di Stout, e anche questo ho provato a dirlo.<\/p>\n<p>Penso piuttosto al fatto che Wolfe \u00e8 un personaggio molto felice, con le sue idiosincrasie, le sue peculiarit\u00e0 e tutti quegli altri elementi caratterizzanti sempre particolarmente inaspettati (o viceversa <em>attesi<\/em> dal lettore abituale che gi\u00e0 li conosce, ma altrettanto irritanti). E specularmente a questa caratteristica di Wolfe emerge con pi\u00f9 vividezza la figura di Goodwin, che con le bizzarrie di Wolfe deve fare i conti <em>davvero<\/em>, al contrario del lettore che dopotutto \u00e8 solo uno spettatore e che non pu\u00f2 che chiedersi cosa farebbe lui al posto dell&#8217;assistente e ammirarne il <em>savoir faire <\/em>e il sangue freddo a cospetto del suo signore e padrone. Sono la fascinazione e l&#8217;empatia indotte dalla brillantezza della voce narrante di Goodwin, che mantiene fascino e buonumore in situazioni difficili ad essere, secondo me, la chiave che spiega perch\u00e9 le storie di Rex Stout funzionano particolarmente bene e hanno sempre avuto successo.<\/p>\n<p>In un certo senso penso che Stout sia tornato alle radici del genere, rimettendo in scena una coppia alla Sherlock Holmes-Watson. Ma al momento in cui come Conan Doyle ha dato dignit\u00e0 di voce narrante alla parte pi\u00f9 &#8220;esecutiva&#8221; della coppia, cio\u00e8 a Goodwin\/Watson, l&#8217;ha reso non un&#8217;appendice adorante della\u00a0 sua controparte pi\u00f9 abile, Wolfe\/Sherlock, ma una sorte di antagonista. Non ho le competenze per approfondire <em>davvero<\/em> questa ipotesi ma se ho ragione tutta la teoria di Stout come &#8220;ricombinatore&#8221; del giallo deduttivo con l&#8217;<em>hard boiled<\/em> se ne va un po&#8217; all&#8217;aria.<\/p>\n<p>Un&#8217;ultima nota, a mio danno: ho avuto un sobbalzo, rileggendo la puntata, quando ho detto che \u00e8 Stout a <em>fissare<\/em> nel genere alcune caratteristiche, quali la ripetitivit\u00e0 del <em>cast<\/em> e delle situazioni e cos\u00ec via. \u00c8 una tesi che posso difendere a malapena, e solo rispetto ai gialli che ho letto io, che sono certamente una minima parte di tutto quel che \u00e8 stato pubblicato. Dire che i gialli di Nero Wolfe sono un esempio di questa caratteristica che si afferma nel genere &#8211; senza attribuire primogeniture &#8211; mi avrebbe consentito di non fare la figura del cialtrone.<\/p>\n<p>Il che \u00e8 un po&#8217; una riflessione che facevo fra me e me anche l&#8217;altra sera, quando commentando <a title=\"Il commissario Maigret a \u201cOggi parliamo di libri\u201d\" href=\"http:\/\/www.robertosedda.it\/?p=5570\">la puntata su Maigret<\/a> mi sono imbarcato in tutta una serie di disquisizioni sulla <em>continuity<\/em>: man mano che procedevo mi sentivo sempre pi\u00f9 un po&#8217; trombone.<\/p>\n<p>Il che, <a title=\"Fabio Montale e la trilogia di Marsiglia\" href=\"http:\/\/www.robertosedda.it\/?p=5537\">anche pensando all&#8217;errore catastrofico sulla sequenza esatta dei romanzi di Izzo<\/a>, \u00e8 un benvenuto bagno di umilt\u00e0. Mi capita spesso di leggere su <em>blog<\/em> altrui o su siti anche importanti delle castronerie, e mi sono sempre fatto un punto d&#8217;onore di controllare le cose che scrivo che mi paiono dubbie. Il problema per\u00f2 sono gli errori che fai a proposito delle cose di cui sei <em>sicuro<\/em> e che, nonostante tutto, sono sempre in agguato.<\/p>\n<p>Il brano scelto per la pausa musicale \u00e8 molto bello ma un pochino tirato per i capelli, e tutt&#8217;ora mi chiedo quale sarebbe il commento musicale pi\u00f9 adatto per parlare di Nero Wolfe.<\/p>\n<div class=\"jetpack-video-wrapper\"><span class=\"embed-youtube\" style=\"text-align:center; display: block;\"><iframe class=\"youtube-player\" width=\"800\" height=\"450\" src=\"https:\/\/www.youtube.com\/embed\/gZUAI82tY2k?version=3&#038;rel=1&#038;showsearch=0&#038;showinfo=1&#038;iv_load_policy=1&#038;fs=1&#038;hl=it-IT&#038;autohide=2&#038;wmode=transparent\" allowfullscreen=\"true\" style=\"border:0;\" sandbox=\"allow-scripts allow-same-origin allow-popups allow-presentation\"><\/iframe><\/span><\/div>\n","protected":false},"excerpt":{"rendered":"<p>Sulla puntata di Oggi parliamo di libri dedicata a Nero Wolfe non ho molto da dire. Le storie di Rex<\/p>\n","protected":false},"author":1,"featured_media":0,"comment_status":"open","ping_status":"open","sticky":false,"template":"","format":"video","meta":{"_mi_skip_tracking":false,"_monsterinsights_sitenote_active":false,"_monsterinsights_sitenote_note":"","_monsterinsights_sitenote_category":0,"jetpack_post_was_ever_published":false,"_jetpack_newsletter_access":"","jetpack_publicize_message":"","jetpack_is_tweetstorm":false,"jetpack_publicize_feature_enabled":true,"jetpack_social_post_already_shared":false,"jetpack_social_options":{"image_generator_settings":{"template":"highway","enabled":false}}},"categories":[52,56,13,68,12],"tags":[],"jetpack_publicize_connections":[],"jetpack_featured_media_url":"","jetpack_sharing_enabled":true,"jetpack_shortlink":"https:\/\/wp.me\/p4jV2T-1sU","jetpack_likes_enabled":true,"jetpack-related-posts":[{"id":143,"url":"http:\/\/www.robertosedda.it\/?p=143","url_meta":{"origin":5636,"position":0},"title":"Fer-de-Lance","author":"Rufus","date":"21\/08\/2012","format":false,"excerpt":"Fer-de-lance (Rex Stout,\u00a0BEAT 2011) Inizio mediocre del ciclo di Nero Wolfe, checch\u00e9 ne dica Goffredo Fofi nell'altrettanto mediocre introduzione. I tic di Wolfe e Goodwin ci sono gi\u00e0 quasi tutti: manca la misoginia patologica di Wolfe e qualche altra cosa, e Wolfe \u00e8 ancora troppo schiacciato sui detective \"geniali\" da\u2026","rel":"","context":"In &quot;Coordinate&quot;","block_context":{"text":"Coordinate","link":"http:\/\/www.robertosedda.it\/?cat=52"},"img":{"alt_text":"","src":"","width":0,"height":0},"classes":[]},{"id":4594,"url":"http:\/\/www.robertosedda.it\/?p=4594","url_meta":{"origin":5636,"position":1},"title":"La musica che metter\u00f2, se me la consigliate","author":"Rufus","date":"10\/10\/2013","format":false,"excerpt":"Sono ripartite su Radio Kalaritana le trasmissioni di Oggi parliamo di libri. Ok, breve riassunto pubblicitario: vado in onda il gioved\u00ec alle 19,10 e in replica il venerd\u00ec alle 8,30 del mattino sui 97.5 FM (o in streaming). La trasmissione ha anche una sua pagina Facebook che dopo la pausa\u2026","rel":"","context":"In &quot;Coordinate&quot;","block_context":{"text":"Coordinate","link":"http:\/\/www.robertosedda.it\/?cat=52"},"img":{"alt_text":"","src":"https:\/\/i0.wp.com\/www.robertosedda.it\/wp-content\/uploads\/2013\/03\/535033_144686819023383_216259237_n.jpg?fit=960%2C960&resize=350%2C200","width":350,"height":200,"srcset":"https:\/\/i0.wp.com\/www.robertosedda.it\/wp-content\/uploads\/2013\/03\/535033_144686819023383_216259237_n.jpg?fit=960%2C960&resize=350%2C200 1x, https:\/\/i0.wp.com\/www.robertosedda.it\/wp-content\/uploads\/2013\/03\/535033_144686819023383_216259237_n.jpg?fit=960%2C960&resize=700%2C400 2x"},"classes":[]},{"id":20704,"url":"http:\/\/www.robertosedda.it\/?p=20704","url_meta":{"origin":5636,"position":2},"title":"Letture poliglotte e enciclopediche","author":"Rufus","date":"22\/08\/2025","format":false,"excerpt":"Mi sono accorto da poco che le mie letture hanno preso una china piuttosto particolare. Il poliglotta involontario Quest'anno ho letto in contemporanea cose in lingue diverse, in una maniera che non mi era mai capitata prima: ho finito da poco, finalmente, le avventure complete del Capitano Alatriste di Arturo\u2026","rel":"","context":"In &quot;Coordinate&quot;","block_context":{"text":"Coordinate","link":"http:\/\/www.robertosedda.it\/?cat=52"},"img":{"alt_text":"","src":"https:\/\/i0.wp.com\/www.robertosedda.it\/wp-content\/uploads\/2025\/08\/IMG20240609170850-scaled.jpg?fit=1200%2C900&resize=350%2C200","width":350,"height":200,"srcset":"https:\/\/i0.wp.com\/www.robertosedda.it\/wp-content\/uploads\/2025\/08\/IMG20240609170850-scaled.jpg?fit=1200%2C900&resize=350%2C200 1x, https:\/\/i0.wp.com\/www.robertosedda.it\/wp-content\/uploads\/2025\/08\/IMG20240609170850-scaled.jpg?fit=1200%2C900&resize=700%2C400 2x, https:\/\/i0.wp.com\/www.robertosedda.it\/wp-content\/uploads\/2025\/08\/IMG20240609170850-scaled.jpg?fit=1200%2C900&resize=1050%2C600 3x"},"classes":[]},{"id":5667,"url":"http:\/\/www.robertosedda.it\/?p=5667","url_meta":{"origin":5636,"position":3},"title":"Una coppia di detective navajo","author":"Rufus","date":"31\/12\/2013","format":"video","excerpt":"Ho voluto dedicare una puntata di Oggi parliamo di libri ai gialli in cui Tony Hillerman mette in scena le avventure degli agenti della Polizia Tribale Navajo prima di tutto perch\u00e9 mi piacciono molto: se avessi dovuto seguire rigidamente le regole che mi sono dato per le trasmissioni difficilmente questi\u2026","rel":"","context":"In &quot;Coordinate&quot;","block_context":{"text":"Coordinate","link":"http:\/\/www.robertosedda.it\/?cat=52"},"img":{"alt_text":"","src":"https:\/\/i0.wp.com\/www.robertosedda.it\/wp-content\/uploads\/2013\/12\/Skinwalkers-Leaphorn-and-Chee.jpg?fit=863%2C583&resize=350%2C200","width":350,"height":200,"srcset":"https:\/\/i0.wp.com\/www.robertosedda.it\/wp-content\/uploads\/2013\/12\/Skinwalkers-Leaphorn-and-Chee.jpg?fit=863%2C583&resize=350%2C200 1x, https:\/\/i0.wp.com\/www.robertosedda.it\/wp-content\/uploads\/2013\/12\/Skinwalkers-Leaphorn-and-Chee.jpg?fit=863%2C583&resize=700%2C400 2x"},"classes":[]},{"id":977,"url":"http:\/\/www.robertosedda.it\/?p=977","url_meta":{"origin":5636,"position":4},"title":"Critical Assembly","author":"Rufus","date":"09\/10\/2012","format":false,"excerpt":"Nei primi anni '80 ero abbonato a una rivista di giochi di ruolo, White Dwarf, su cui veniva pubblicata regolarmente Critical Mass, una rubrica di recensioni di libri fantasy e di fantascienza che mi piaceva molto. L'autore era uno scrittore inglese di fantascienza, Dave Langford (il suo sito \u00e8 citato\u2026","rel":"","context":"In &quot;Coordinate&quot;","block_context":{"text":"Coordinate","link":"http:\/\/www.robertosedda.it\/?cat=52"},"img":{"alt_text":"","src":"https:\/\/i0.wp.com\/www.robertosedda.it\/wp-content\/uploads\/2012\/10\/critasm.jpg?fit=369%2C553&resize=350%2C200","width":350,"height":200},"classes":[]},{"id":8620,"url":"http:\/\/www.robertosedda.it\/?p=8620","url_meta":{"origin":5636,"position":5},"title":"L&#8217;innegabile fascino di Dracula il vampiro","author":"Rufus","date":"10\/10\/2014","format":"video","excerpt":"Ho caricato oggi la puntata di\u00a0Oggi parliamo di libri caricata a Dracula di Bram Stoker. Avevo deciso da moltissimo tempo che se avessi fatto un ciclo di puntate dedicato alla letteratura\u00a0sentimentale e alle storie d'amore avrei incluso\u00a0Dracula: durante la puntata ho giustificato la scelta, in\u00a0parte, con il collegamento al \"catalogo\"\u2026","rel":"","context":"In &quot;Coordinate&quot;","block_context":{"text":"Coordinate","link":"http:\/\/www.robertosedda.it\/?cat=52"},"img":{"alt_text":"","src":"https:\/\/i0.wp.com\/www.robertosedda.it\/wp-content\/uploads\/2014\/10\/lettori.jpg?resize=350%2C200","width":350,"height":200,"srcset":"https:\/\/i0.wp.com\/www.robertosedda.it\/wp-content\/uploads\/2014\/10\/lettori.jpg?resize=350%2C200 1x, https:\/\/i0.wp.com\/www.robertosedda.it\/wp-content\/uploads\/2014\/10\/lettori.jpg?resize=700%2C400 2x, https:\/\/i0.wp.com\/www.robertosedda.it\/wp-content\/uploads\/2014\/10\/lettori.jpg?resize=1050%2C600 3x"},"classes":[]}],"_links":{"self":[{"href":"http:\/\/www.robertosedda.it\/index.php?rest_route=\/wp\/v2\/posts\/5636"}],"collection":[{"href":"http:\/\/www.robertosedda.it\/index.php?rest_route=\/wp\/v2\/posts"}],"about":[{"href":"http:\/\/www.robertosedda.it\/index.php?rest_route=\/wp\/v2\/types\/post"}],"author":[{"embeddable":true,"href":"http:\/\/www.robertosedda.it\/index.php?rest_route=\/wp\/v2\/users\/1"}],"replies":[{"embeddable":true,"href":"http:\/\/www.robertosedda.it\/index.php?rest_route=%2Fwp%2Fv2%2Fcomments&post=5636"}],"version-history":[{"count":8,"href":"http:\/\/www.robertosedda.it\/index.php?rest_route=\/wp\/v2\/posts\/5636\/revisions"}],"predecessor-version":[{"id":6426,"href":"http:\/\/www.robertosedda.it\/index.php?rest_route=\/wp\/v2\/posts\/5636\/revisions\/6426"}],"wp:attachment":[{"href":"http:\/\/www.robertosedda.it\/index.php?rest_route=%2Fwp%2Fv2%2Fmedia&parent=5636"}],"wp:term":[{"taxonomy":"category","embeddable":true,"href":"http:\/\/www.robertosedda.it\/index.php?rest_route=%2Fwp%2Fv2%2Fcategories&post=5636"},{"taxonomy":"post_tag","embeddable":true,"href":"http:\/\/www.robertosedda.it\/index.php?rest_route=%2Fwp%2Fv2%2Ftags&post=5636"}],"curies":[{"name":"wp","href":"https:\/\/api.w.org\/{rel}","templated":true}]}}