{"id":5629,"date":"2013-12-29T12:13:41","date_gmt":"2013-12-29T11:13:41","guid":{"rendered":"http:\/\/www.robertosedda.it\/?p=5629"},"modified":"2014-12-26T18:45:20","modified_gmt":"2014-12-26T17:45:20","slug":"due-cortometraggi-ambientati-a-cagliari","status":"publish","type":"post","link":"http:\/\/www.robertosedda.it\/?p=5629","title":{"rendered":"Due cortometraggi  ambientati a Cagliari"},"content":{"rendered":"<p>Mi\u00a0sono capitati recentemente sotto gli occhi due cortometraggi entrambi ambientati a Cagliari: uno \u00e8 <em>Buio <\/em>di Jacopo Cullin, cabarettista, attore e regista molto noto al nostro pubblico locale (e anche oltre, ed <a title=\"L\u2019arbitro\" href=\"http:\/\/www.robertosedda.it\/?p=4447\">\u00e8 stato anche il protagonista de <em>L&#8217;arbitro <\/em>di Paolo Zucca<\/a>), l&#8217;altro \u00e8 il norvegese (immagino per la potenza del programma\u00a0<em>Socrates<\/em>) <em>Gutten og avgrunnen<\/em>, cio\u00e8\u00a0<em>Il buio e il ragazzo<\/em> di Petter Skafle Henriksen.<\/p>\n<p>A me sono\u00a0piaciuti molto entrambi e ve li ripropongo. \u00c8\u00a0 chiaro che l&#8217;attenzione di chi \u00e8 cagliaritano si appunta su come l&#8217;occhio cinematografico si posa su luoghi e situazioni conosciuti e familiari ma i due corti hanno, secondo me, altri elementi di interesse in comune oltre l&#8217;ambientazione.<\/p>\n<div class=\"jetpack-video-wrapper\"><span class=\"embed-youtube\" style=\"text-align:center; display: block;\"><iframe class=\"youtube-player\" width=\"800\" height=\"450\" src=\"https:\/\/www.youtube.com\/embed\/neREcQ5RJ1Y?version=3&#038;rel=1&#038;showsearch=0&#038;showinfo=1&#038;iv_load_policy=1&#038;fs=1&#038;hl=it-IT&#038;autohide=2&#038;wmode=transparent\" allowfullscreen=\"true\" style=\"border:0;\" sandbox=\"allow-scripts allow-same-origin allow-popups allow-presentation\"><\/iframe><\/span><\/div>\n<iframe src=\"http:\/\/player.vimeo.com\/video\/72134840\" width=\"400\" height=\"225\" frameborder=\"0\" webkitAllowFullScreen mozallowfullscreen allowFullScreen><\/iframe>\n","protected":false},"excerpt":{"rendered":"<p>Mi\u00a0sono capitati recentemente sotto gli occhi due cortometraggi entrambi ambientati a Cagliari: uno \u00e8 Buio di Jacopo Cullin, cabarettista, attore<\/p>\n","protected":false},"author":1,"featured_media":0,"comment_status":"open","ping_status":"open","sticky":false,"template":"","format":"video","meta":{"_mi_skip_tracking":false,"_monsterinsights_sitenote_active":false,"_monsterinsights_sitenote_note":"","_monsterinsights_sitenote_category":0,"jetpack_post_was_ever_published":false,"_jetpack_newsletter_access":"","jetpack_publicize_message":"","jetpack_is_tweetstorm":false,"jetpack_publicize_feature_enabled":true,"jetpack_social_post_already_shared":false,"jetpack_social_options":{"image_generator_settings":{"template":"highway","enabled":false}}},"categories":[52,14,53,12,88],"tags":[],"jetpack_publicize_connections":[],"jetpack_featured_media_url":"","jetpack_sharing_enabled":true,"jetpack_shortlink":"https:\/\/wp.me\/p4jV2T-1sN","jetpack_likes_enabled":true,"jetpack-related-posts":[{"id":5799,"url":"http:\/\/www.robertosedda.it\/?p=5799","url_meta":{"origin":5629,"position":0},"title":"Intervista a Petter Skafle Henriksen","author":"Rufus","date":"17\/01\/2014","format":false,"excerpt":"Giorni fa ho segnalato due cortometraggi casualmente girati a Cagliari nello stesso periodo da due registi diversi... molto diversi. La cosa mi ha un po' incuriosito e mi \u00e8 venuta voglia di approfondire, cos\u00ec ho proposto a entrambi un'intervista, con le stesse domande, su cosa voglia dire girare a Cagliari,\u2026","rel":"","context":"In &quot;Coordinate&quot;","block_context":{"text":"Coordinate","link":"http:\/\/www.robertosedda.it\/?cat=52"},"img":{"alt_text":"","src":"https:\/\/i0.wp.com\/www.robertosedda.it\/wp-content\/uploads\/2014\/01\/Petter_Skafle_Henriksen-e-Tarjei_Westby.jpg?fit=1200%2C800&resize=350%2C200","width":350,"height":200,"srcset":"https:\/\/i0.wp.com\/www.robertosedda.it\/wp-content\/uploads\/2014\/01\/Petter_Skafle_Henriksen-e-Tarjei_Westby.jpg?fit=1200%2C800&resize=350%2C200 1x, https:\/\/i0.wp.com\/www.robertosedda.it\/wp-content\/uploads\/2014\/01\/Petter_Skafle_Henriksen-e-Tarjei_Westby.jpg?fit=1200%2C800&resize=700%2C400 2x, https:\/\/i0.wp.com\/www.robertosedda.it\/wp-content\/uploads\/2014\/01\/Petter_Skafle_Henriksen-e-Tarjei_Westby.jpg?fit=1200%2C800&resize=1050%2C600 3x"},"classes":[]},{"id":971,"url":"http:\/\/www.robertosedda.it\/?p=971","url_meta":{"origin":5629,"position":1},"title":"Prendi il CTM, conoscerai il mondo","author":"Rufus","date":"05\/10\/2012","format":false,"excerpt":"Due o tre casi capitati questa estate, fra il 6 e le varie linee che portano al Poetto. Homo virgini lupus, soprattutto se lo zio Una\u00a0signora anziana arringa una ragazzina\u00a0che porta una\u00a0enorme borsa della spesa sul 6: devi fare cos\u00ec, devi fare cos\u00e0, e quando sei in giro m\u00ec di\u2026","rel":"","context":"In &quot;Coordinate&quot;","block_context":{"text":"Coordinate","link":"http:\/\/www.robertosedda.it\/?cat=52"},"img":{"alt_text":"","src":"","width":0,"height":0},"classes":[]},{"id":6964,"url":"http:\/\/www.robertosedda.it\/?p=6964","url_meta":{"origin":5629,"position":2},"title":"Allo Skepto","author":"Rufus","date":"15\/04\/2014","format":"video","excerpt":"Nel fine settimana sono stato con Maria Bonaria a un paio di sessioni dello\u00a0Skepto, il festival internazionale di cortometraggi che si tiene a Cagliari, in parte per avere l'occasione di salutare Petter Skafle Henriksen che accompagnava il suo The boy and the abyss. Fra i corti che ho visto ho\u2026","rel":"","context":"In &quot;Coordinate&quot;","block_context":{"text":"Coordinate","link":"http:\/\/www.robertosedda.it\/?cat=52"},"img":{"alt_text":"","src":"https:\/\/i0.wp.com\/i.vimeocdn.com\/video\/447843926_640.jpg?resize=350%2C200","width":350,"height":200},"classes":[]},{"id":6519,"url":"http:\/\/www.robertosedda.it\/?p=6519","url_meta":{"origin":5629,"position":3},"title":"Bustianu e Marcello Fois","author":"Rufus","date":"20\/02\/2014","format":"video","excerpt":"Ho dedicato una puntata a Bustianu e ai gialli di ambientazione ottocentesca di Marcello Fois, Sempre caro, Sangue dal cielo e L'altro mondo con qualche esitazione e una sicurezza. La sicurezza era che il brano musicale scelto per l'intermezzo era uno dei migliori di tutte le puntate: Fin da quando\u2026","rel":"","context":"In &quot;Coordinate&quot;","block_context":{"text":"Coordinate","link":"http:\/\/www.robertosedda.it\/?cat=52"},"img":{"alt_text":"","src":"https:\/\/i0.wp.com\/img.youtube.com\/vi\/p6OI5M5DYWw\/0.jpg?resize=350%2C200","width":350,"height":200},"classes":[]},{"id":11872,"url":"http:\/\/www.robertosedda.it\/?p=11872","url_meta":{"origin":5629,"position":4},"title":"Dampyr a Cagliari: la recensione","author":"Rufus","date":"26\/04\/2016","format":false,"excerpt":"I misteri di Cagliari\u00a0(Dampyr\u00a0193, Boselli e Genzianella) Non ho avuto occasione avuto ancora occasione di parlare de\u00a0I misteri di Cagliari, l'albo di\u00a0Dampyr\u00a0ambientato in Sardegna. L'albo esibisce tutte le caratteristiche abituali della collana (meno una, sulla quale torneremo): a fronte di alcuni scenari ricorrenti (Praga, soprattutto, ma anche Londra, la California,\u2026","rel":"","context":"In &quot;Coordinate&quot;","block_context":{"text":"Coordinate","link":"http:\/\/www.robertosedda.it\/?cat=52"},"img":{"alt_text":"","src":"https:\/\/i0.wp.com\/www.robertosedda.it\/wp-content\/uploads\/2016\/04\/Dampyr-193-Cagliari.jpg?fit=640%2C840&resize=350%2C200","width":350,"height":200},"classes":[]},{"id":13640,"url":"http:\/\/www.robertosedda.it\/?p=13640","url_meta":{"origin":5629,"position":5},"title":"In viaggio col camper da Cagliari lungo la costa occidentale della Sardegna. Consigli?","author":"Rufus","date":"18\/05\/2017","format":false,"excerpt":"Un amico di Banca Etica mi ha chiesto consigli per un viaggio che intende fare, col\u00a0camper, partendo da Cagliari verso fine giugno e risalendo la\u00a0costa occidentale\u00a0pian piano fino a quando \u00e8 il momento di\u00a0muoversi direttamente per riprendere il traghetto dalle parti del capo di sopra. Lui voleva, credo, solo un\u2026","rel":"","context":"In &quot;Coordinate&quot;","block_context":{"text":"Coordinate","link":"http:\/\/www.robertosedda.it\/?cat=52"},"img":{"alt_text":"","src":"https:\/\/i0.wp.com\/www.robertosedda.it\/wp-content\/uploads\/2017\/05\/ALIM4546.jpg?fit=1200%2C900&resize=350%2C200","width":350,"height":200,"srcset":"https:\/\/i0.wp.com\/www.robertosedda.it\/wp-content\/uploads\/2017\/05\/ALIM4546.jpg?fit=1200%2C900&resize=350%2C200 1x, https:\/\/i0.wp.com\/www.robertosedda.it\/wp-content\/uploads\/2017\/05\/ALIM4546.jpg?fit=1200%2C900&resize=700%2C400 2x, https:\/\/i0.wp.com\/www.robertosedda.it\/wp-content\/uploads\/2017\/05\/ALIM4546.jpg?fit=1200%2C900&resize=1050%2C600 3x"},"classes":[]}],"_links":{"self":[{"href":"http:\/\/www.robertosedda.it\/index.php?rest_route=\/wp\/v2\/posts\/5629"}],"collection":[{"href":"http:\/\/www.robertosedda.it\/index.php?rest_route=\/wp\/v2\/posts"}],"about":[{"href":"http:\/\/www.robertosedda.it\/index.php?rest_route=\/wp\/v2\/types\/post"}],"author":[{"embeddable":true,"href":"http:\/\/www.robertosedda.it\/index.php?rest_route=\/wp\/v2\/users\/1"}],"replies":[{"embeddable":true,"href":"http:\/\/www.robertosedda.it\/index.php?rest_route=%2Fwp%2Fv2%2Fcomments&post=5629"}],"version-history":[{"count":13,"href":"http:\/\/www.robertosedda.it\/index.php?rest_route=\/wp\/v2\/posts\/5629\/revisions"}],"predecessor-version":[{"id":7234,"href":"http:\/\/www.robertosedda.it\/index.php?rest_route=\/wp\/v2\/posts\/5629\/revisions\/7234"}],"wp:attachment":[{"href":"http:\/\/www.robertosedda.it\/index.php?rest_route=%2Fwp%2Fv2%2Fmedia&parent=5629"}],"wp:term":[{"taxonomy":"category","embeddable":true,"href":"http:\/\/www.robertosedda.it\/index.php?rest_route=%2Fwp%2Fv2%2Fcategories&post=5629"},{"taxonomy":"post_tag","embeddable":true,"href":"http:\/\/www.robertosedda.it\/index.php?rest_route=%2Fwp%2Fv2%2Ftags&post=5629"}],"curies":[{"name":"wp","href":"https:\/\/api.w.org\/{rel}","templated":true}]}}