{"id":562,"date":"2012-08-22T21:36:21","date_gmt":"2012-08-22T19:36:21","guid":{"rendered":"http:\/\/www.robertosedda.it\/?p=562"},"modified":"2012-08-22T22:35:52","modified_gmt":"2012-08-22T20:35:52","slug":"acqua-bene-comune","status":"publish","type":"post","link":"http:\/\/www.robertosedda.it\/?p=562","title":{"rendered":"Acqua bene comune"},"content":{"rendered":"<p>Il prossimo 12 giugno si terr\u00e0 una importante consultazione referendaria che prevede, fra gli altri, anche due quesiti sulla gestione delle risorse idriche.<\/p>\n<p>Sulla questione si \u00e8 espressa anche la Presidenza nazionale di Azione Cattolica, con una dichiarazione che potete leggere <a href=\"http:\/\/www2.azionecattolica.it\/un-bene-essenziale-un-dono-che-serve\">qui<\/a>.<\/p>\n<p>Il gruppo diocesano <a href=\"http:\/\/groups.yahoo.com\/group\/gruppolapira\/\">\u201cLa Pira\u201d<\/a> ha prodotto in materia un <a href=\"http:\/\/www2.azionecattolica.it\/progetto-isaia\/referendum-2011-sulla-gestione-dell%E2%80%99acqua-dossier\">dossier<\/a> a uso dei gruppi parrocchiali di AC (ma utilizzabile da chiunque) che contiene materiali di lavoro\u00a0per percorsi formativi di diverso taglio: oltre a un articolo specifico sul referendum (di Vania Statzu), infatti, vi si trova una raccolta di dichiarazioni recenti sull\u2019acqua di autorevoli esponenti della comunit\u00e0 ecclesiale come pure una inquadratura biblica e una biblico-liturgica sul tema dell\u2019acqua (di Alessandro Maggi e don Fabio Trudu rispettivamente), ed anche inquadrature dell\u2019argomento dal punto di vista socio-economico o dell\u2019utilizzo quotidiano. In pi\u00f9 il dossier contiene un fornito apparato bibliografico, l\u2019indicazione di diversi siti internet per approfondire ulteriormente l\u2019argomento e una bella scheda (di Valentina Origa e Giuseppe Pilleri) con diversi suggerimenti di film e documentari \u00a0da proiettare in gruppo per chi volesse fare un percorso di approfondimento audiovisivo.<\/p>\n<p><a href=\"https:\/\/i0.wp.com\/www.robertosedda.it\/wp-content\/uploads\/2012\/08\/249762_1914023302173_8196898_n.jpg\"><img data-attachment-id=\"575\" data-permalink=\"http:\/\/www.robertosedda.it\/?attachment_id=575\" data-orig-file=\"https:\/\/i0.wp.com\/www.robertosedda.it\/wp-content\/uploads\/2012\/08\/249762_1914023302173_8196898_n.jpg?fit=720%2C540\" data-orig-size=\"720,540\" data-comments-opened=\"1\" data-image-meta=\"{&quot;aperture&quot;:&quot;0&quot;,&quot;credit&quot;:&quot;&quot;,&quot;camera&quot;:&quot;&quot;,&quot;caption&quot;:&quot;&quot;,&quot;created_timestamp&quot;:&quot;0&quot;,&quot;copyright&quot;:&quot;&quot;,&quot;focal_length&quot;:&quot;0&quot;,&quot;iso&quot;:&quot;0&quot;,&quot;shutter_speed&quot;:&quot;0&quot;,&quot;title&quot;:&quot;&quot;}\" data-image-title=\"249762_1914023302173_8196898_n\" data-image-description=\"\" data-image-caption=\"\" data-medium-file=\"https:\/\/i0.wp.com\/www.robertosedda.it\/wp-content\/uploads\/2012\/08\/249762_1914023302173_8196898_n.jpg?fit=300%2C225\" data-large-file=\"https:\/\/i0.wp.com\/www.robertosedda.it\/wp-content\/uploads\/2012\/08\/249762_1914023302173_8196898_n.jpg?fit=510%2C383\" decoding=\"async\" loading=\"lazy\" class=\"alignright size-medium wp-image-575\" title=\"249762_1914023302173_8196898_n\" src=\"https:\/\/i0.wp.com\/www.robertosedda.it\/wp-content\/uploads\/2012\/08\/249762_1914023302173_8196898_n.jpg?resize=300%2C225\" alt=\"\" width=\"300\" height=\"225\" srcset=\"https:\/\/i0.wp.com\/www.robertosedda.it\/wp-content\/uploads\/2012\/08\/249762_1914023302173_8196898_n.jpg?resize=300%2C225 300w, https:\/\/i0.wp.com\/www.robertosedda.it\/wp-content\/uploads\/2012\/08\/249762_1914023302173_8196898_n.jpg?resize=268%2C200 268w, https:\/\/i0.wp.com\/www.robertosedda.it\/wp-content\/uploads\/2012\/08\/249762_1914023302173_8196898_n.jpg?resize=700%2C525 700w, https:\/\/i0.wp.com\/www.robertosedda.it\/wp-content\/uploads\/2012\/08\/249762_1914023302173_8196898_n.jpg?w=720 720w\" sizes=\"(max-width: 300px) 100vw, 300px\" data-recalc-dims=\"1\" \/><\/a>Dato che due dei redattori di <em>ultimotriennio<\/em> (compreso me stesso) sono anche fra i curatori della raccolta ci \u00e8 sembrato che commentare la notizia come redazione del blog avrebbe avuto un tono di artificiosit\u00e0, e perci\u00f2 abbiamo preferito lasciare a un articolo a firma <a href=\"http:\/\/ultimotriennio.wordpress.com\/sul-blog\/come-funziona\/\">singola<\/a> (la mia) la valutazione dell\u2019iniziativa.<\/p>\n<p>Tra le tante cose possibili da dire, io vorrei concentrarmi sulle lezioni che da questa nostra esperienza possono derivare per i gruppi di Azione Cattolica. Si tratta probabilemte di cose note e stranote, ma sono comunque i pensieri che ho maturato personalmente a partire da questo lavoro e mi fa piacere condividerli.<\/p>\n<h2><strong>Prima lezione: \u00e8 possibile fare cose \u201cgrandi\u201d anche da \u201cpiccoli\u201d<\/strong><\/h2>\n<p>Lo dico senza falsa modestia: secondo me il dossier \u00e8 molto buono. Mi \u00e8 capitato in questo periodo di controllare opuscoli e materiali prodotti da altri soggetti, come per esempio <a href=\"http:\/\/www.altreconomia.it\/allegati\/contenuti\/phpgDFvSY5108.pdf\">questo<\/a>\u00a0diffuso dalla rivista <em>Altreconomia<\/em>: trovo il nostro certamente pi\u00f9 completo (anche senza considerare il materiale pi\u00f9 specificamente ecclesiale) e anche pi\u00f9 equilibrato<em>.<\/em><\/p>\n<p>Gli autori che hanno collaborato al nostro dossier sono, in alcuni casi, noti a livello nazionale, come l\u2019economista Luigino Bruni e Ugo Biggeri, Presidente della <a href=\"http:\/\/www.bancaetica.com\/\">Banca Etica<\/a>, e in tutti i casi estremamente competenti, come \u00e8 facile vedere dai loro contributi.<\/p>\n<p>Eppure il gruppo \u201cLa Pira\u201d non \u00e8 fatto di persone speciali o particolarmente preparate, e non \u00e8 neppure molto numeroso. Il fatto che siamo riusciti a ottenere questo risultato, per noi importante, \u00e8 un segnale che mi sembra utile evidenziare ai nostri gruppi che talvolta credo si scoraggino perch\u00e9 si \u00e8 in pochi, mancano le energie e cos\u00ec via.<\/p>\n<h2><strong>Seconda lezione: le relazioni<\/strong><\/h2>\n<p>Se il gruppo \u201cLa Pira\u201d ha potuto fare il dossier \u00e8 perch\u00e9 ha avuto la possibilit\u00e0 attingere a una vasta rete di relazioni costruite negli anni. In un modo o nell\u2019altro tutte le persone che hanno contribuito al dossier sono nostre vecchie conoscenze, con cui abbiamo gi\u00e0 collaborato in passato e con cui c\u2019\u00e8 una relazione reciproca di stima e amicizia.<\/p>\n<p>Qui la lezione, secondo me, \u00e8 duplice: da una parte tutti abbiamo delle relazioni, conoscenze dei componenti del gruppo, rapporti di lavoro o professionali o magari di parentela o di vicinato che possono essere trasferiti dentro le attivit\u00e0 dell\u2019Azione Cattolica: per\u00a0esempio Giuseppe Puddu, l\u2019esperto ambientale che firma l\u2019introduzione generale sul tema dell\u2019acqua, \u00e8 il figlio di una socia del gruppo e nostro vecchio amico. Forse noi siamo semplicemente pi\u00f9 allenati a riconoscere la rete di relazioni in cui siamo inseriti, ma ogni gruppo parrocchiale sicuramente dispone di risorse simili, secondo la misura delle sue attivit\u00e0.<\/p>\n<p>D\u2019altra parte questo tesoro di relazioni occorre volerlo mettere a frutto, in maniera non strumentale ovviamente, e avere la volont\u00e0 di farlo crescere. Le collaborazioni vanno cercate, la fiducia va data e ricambiata, le amicizie coltivate. Per noi la rete si estende sulla citt\u00e0, per un gruppo parrocchiale forse sar\u00e0 pi\u00f9 caratterizzata nel territorio, ma il discorso non cambia: occorre mettersi in gioco. Io comunque sono convinto che non c\u2019\u00e8 altro modo di lavorare, per un gruppo di Azione Cattolica, che secondo questo stile.<\/p>\n<h2><strong>Terza lezione: occorre compromettersi nella vita delle persone<\/strong><\/h2>\n<p>Il successo di un gruppo di Azione Cattolica non si misura certamente sul numero di dossier che produce, ma dal cammino spirituale che\u00a0fa fare ai suoi componenti\u00a0e dalla capacit\u00e0 di esprimere vivacit\u00e0 pastorale.<\/p>\n<p>Per\u00f2 tutto si tiene: non si pu\u00f2 approfondire la propria vita spirituale, far crescere le relazioni e collaborare alla diffusione del Vangelo in una dimensione di chiusura autoreferenziale. Per tante persone di nostra consocenza, la scadenza referendaria era importante\u2026 dunque non poteva che esserlo anche per noi.<\/p>\n<p>\u00c8 la lezione del Concilio: <em><\/em><\/p>\n<blockquote><p><em>le gioie e le speranze, le tristezze e le angosce degli uomini d\u2019oggi, dei poveri soprattutto e di tutti coloro che soffrono, sono pure le gioie e le speranze, le tristezze e le angosce dei discepoli di Cristo<\/em>.<\/p><\/blockquote>\n<p>Per noi essere cristiani credibili nei confronti di queste persone vuol dire condividere anche i problemi politici e sociali dei quali si interessano. \u00c8 chiaro che per noi l\u2019obiettivo \u00e8 il Regno di Dio, non l\u2019acqua pubblica, ma la prima cosa non \u00e8 in alternativa all\u2019altra, ma le d\u00e0 sostanza.<\/p>\n<p>\u00c8 questo, credo, un punto cruciale della vita di tanti gruppi di AC, in particolare giovani e adulti, e il grande rischio connesso alla ripetizione routinaria di attivit\u00e0 formative che finiscono per costruire gruppi e\u00a0comunit\u00e0 del tutto autoreferenziali. La soluzione non sar\u00e0 certamente mettersi a produrre dossier e documenti politico-sociali a tutto spiano, ma decidere di stare nella storia delle proprie comunit\u00e0 quello decisamente si.<\/p>\n<p>Un ruolo importante in questo dovrebbe averlo il Consiglio diocesano, almeno con qualche attivit\u00e0 di indirizzo o di stimolo. Le elezioni comunali di Cagliari sono passate senza colpo ferire, senza una riflessione o un confronto su programmi e proposte per la citt\u00e0: per i referendum un\u2019attivit\u00e0 quanto meno di studio, data anche la presenza del dossier, non sarebbe difficile da organizzare e sarebbe, secondo me, auspicabile.<\/p>\n","protected":false},"excerpt":{"rendered":"<p>Il prossimo 12 giugno si terr\u00e0 una importante consultazione referendaria che prevede, fra gli altri, anche due quesiti sulla gestione<\/p>\n","protected":false},"author":1,"featured_media":575,"comment_status":"open","ping_status":"open","sticky":false,"template":"","format":"standard","meta":{"_mi_skip_tracking":false,"_monsterinsights_sitenote_active":false,"_monsterinsights_sitenote_note":"","_monsterinsights_sitenote_category":0,"jetpack_post_was_ever_published":false,"_jetpack_newsletter_access":"","jetpack_publicize_message":"","jetpack_is_tweetstorm":false,"jetpack_publicize_feature_enabled":true,"jetpack_social_post_already_shared":false,"jetpack_social_options":{"image_generator_settings":{"template":"highway","enabled":false}}},"categories":[52,54,17,62,16],"tags":[],"jetpack_publicize_connections":[],"jetpack_featured_media_url":"https:\/\/i0.wp.com\/www.robertosedda.it\/wp-content\/uploads\/2012\/08\/249762_1914023302173_8196898_n.jpg?fit=720%2C540","jetpack_sharing_enabled":true,"jetpack_shortlink":"https:\/\/wp.me\/p4jV2T-94","jetpack_likes_enabled":true,"jetpack-related-posts":[{"id":3375,"url":"http:\/\/www.robertosedda.it\/?p=3375","url_meta":{"origin":562,"position":0},"title":"Belle facce ecumeniche","author":"Rufus","date":"02\/06\/2013","format":"gallery","excerpt":"Sabato 1\u00b0 giugno, alla Comunit\u00e0 \"La collina\" di Serdiana ho partecipato, con gli altri amici del gruppo \"La Pira\", a un incontro ecumenico promosso dal GEL, il gruppo ecumenico di lavoro. L'obiettivo era quello di darsi un momento di confronto diverso da quelli puramente organizzativi finalizzati a preparare questa o\u2026","rel":"","context":"In &quot;Coordinate&quot;","block_context":{"text":"Coordinate","link":"http:\/\/www.robertosedda.it\/?cat=52"},"img":{"alt_text":"","src":"https:\/\/i0.wp.com\/www.robertosedda.it\/wp-content\/uploads\/2013\/06\/2013-06-01-20.52.04.jpg?resize=350%2C200","width":350,"height":200},"classes":[]},{"id":18097,"url":"http:\/\/www.robertosedda.it\/?p=18097","url_meta":{"origin":562,"position":1},"title":"Lectio in albis","author":"Rufus","date":"18\/04\/2020","format":false,"excerpt":"Domani il gruppo La Pira fa la sua lectio periodica. I materiali che utilizzeremo sono quelli che trovate qui sotto, e possono essere utili anche ad altri che vogliono fare una esperienza simile. Il metodo \u00e8 spiegato in questo vecchio articolo; anche quando il gruppo non si riunisce (virtualmente, in\u2026","rel":"","context":"In &quot;Coordinate&quot;","block_context":{"text":"Coordinate","link":"http:\/\/www.robertosedda.it\/?cat=52"},"img":{"alt_text":"","src":"https:\/\/i0.wp.com\/www.robertosedda.it\/wp-content\/uploads\/2020\/04\/Pentecoste-Rupnik.jpg?fit=430%2C540&resize=350%2C200","width":350,"height":200},"classes":[]},{"id":18381,"url":"http:\/\/www.robertosedda.it\/?p=18381","url_meta":{"origin":562,"position":2},"title":"Tempo di Avvento, tempo di lectio","author":"Rufus","date":"18\/12\/2020","format":false,"excerpt":"Il 21 dicembre prossimo, alle 21,00, il gruppo La Pira far\u00e0 la sua lectio di Natale abituale, su Zoom. Come al solito, chi si vuole unire a noi pu\u00f2 contattarci liberamente. Per tutti gli altri posto qui i materiali che utilizzeremo, nel caso volessero ripetere l'esperienza personalmente o con altri\u2026","rel":"","context":"In &quot;Coordinate&quot;","block_context":{"text":"Coordinate","link":"http:\/\/www.robertosedda.it\/?cat=52"},"img":{"alt_text":"","src":"https:\/\/i0.wp.com\/www.robertosedda.it\/wp-content\/uploads\/2020\/12\/1640px-Caravaggio-Nativity1600.jpg?fit=911%2C1200&resize=350%2C200","width":350,"height":200,"srcset":"https:\/\/i0.wp.com\/www.robertosedda.it\/wp-content\/uploads\/2020\/12\/1640px-Caravaggio-Nativity1600.jpg?fit=911%2C1200&resize=350%2C200 1x, https:\/\/i0.wp.com\/www.robertosedda.it\/wp-content\/uploads\/2020\/12\/1640px-Caravaggio-Nativity1600.jpg?fit=911%2C1200&resize=700%2C400 2x"},"classes":[]},{"id":7034,"url":"http:\/\/www.robertosedda.it\/?p=7034","url_meta":{"origin":562,"position":3},"title":"Auguri di Pasqua","author":"Rufus","date":"20\/04\/2014","format":false,"excerpt":"Un augurio di Pasqua con un testo biblico (Is 61,1-4) che non so perch\u00e9 \u00e8 pi\u00f9 spesso applicato al Natale, ma che a me sembra che ci stia proprio bene mentre si contempla quel sepolcro vuoto. Lo spirito del Signore Dio \u00e8 su di me perch\u00e9 il Signore mi ha\u2026","rel":"","context":"In &quot;Coordinate&quot;","block_context":{"text":"Coordinate","link":"http:\/\/www.robertosedda.it\/?cat=52"},"img":{"alt_text":"","src":"https:\/\/i0.wp.com\/www.robertosedda.it\/wp-content\/uploads\/2019\/04\/sepolcro-vuoto-2.jpg?fit=1200%2C645&resize=350%2C200","width":350,"height":200,"srcset":"https:\/\/i0.wp.com\/www.robertosedda.it\/wp-content\/uploads\/2019\/04\/sepolcro-vuoto-2.jpg?fit=1200%2C645&resize=350%2C200 1x, https:\/\/i0.wp.com\/www.robertosedda.it\/wp-content\/uploads\/2019\/04\/sepolcro-vuoto-2.jpg?fit=1200%2C645&resize=700%2C400 2x, https:\/\/i0.wp.com\/www.robertosedda.it\/wp-content\/uploads\/2019\/04\/sepolcro-vuoto-2.jpg?fit=1200%2C645&resize=1050%2C600 3x"},"classes":[]},{"id":11217,"url":"http:\/\/www.robertosedda.it\/?p=11217","url_meta":{"origin":562,"position":4},"title":"Dieci anni non sono pochi","author":"Rufus","date":"24\/11\/2015","format":false,"excerpt":"Domani, con un piccolo rinfresco, il gruppo \"La Pira\" celebra dieci anni di vita. Pu\u00f2 non sembrare molto a confronto di molte venerande associazioni parrocchiali, la cui esistenza supera agevolmente il secolo, ma chi questa vita l'ha vissuta non pu\u00f2 che girarsi indietro e restare sbigottito: \u00abGi\u00e0 dieci anni?\u00bb. La\u2026","rel":"","context":"In &quot;Azione Cattolica&quot;","block_context":{"text":"Azione Cattolica","link":"http:\/\/www.robertosedda.it\/?cat=76"},"img":{"alt_text":"","src":"https:\/\/i0.wp.com\/www.robertosedda.it\/wp-content\/uploads\/2015\/11\/Gruppo-La-Pira-Pasquetta-2014.jpg?fit=1024%2C414&resize=350%2C200","width":350,"height":200,"srcset":"https:\/\/i0.wp.com\/www.robertosedda.it\/wp-content\/uploads\/2015\/11\/Gruppo-La-Pira-Pasquetta-2014.jpg?fit=1024%2C414&resize=350%2C200 1x, https:\/\/i0.wp.com\/www.robertosedda.it\/wp-content\/uploads\/2015\/11\/Gruppo-La-Pira-Pasquetta-2014.jpg?fit=1024%2C414&resize=700%2C400 2x"},"classes":[]},{"id":13496,"url":"http:\/\/www.robertosedda.it\/?p=13496","url_meta":{"origin":562,"position":5},"title":"I Padri non avrebbero avuto paura","author":"Rufus","date":"31\/03\/2017","format":false,"excerpt":"Dopo lo spettacolo di sabato\u00a0avevo un pensiero che non riuscivo benissimo a focalizzare, cos\u00ec sono andato a rivedermi Leggere la Bibbia con i Padri, di Maria Campatelli, un testo che quando l'ho letto la prima volta mi ha molto respinto perch\u00e9 criticava il metodo storico-critico di lettura della Bibbia nel\u2026","rel":"","context":"In &quot;Coordinate&quot;","block_context":{"text":"Coordinate","link":"http:\/\/www.robertosedda.it\/?cat=52"},"img":{"alt_text":"","src":"https:\/\/i0.wp.com\/www.robertosedda.it\/wp-content\/uploads\/2017\/03\/Leggere-la-Bibbia-con-i-padri.jpg?fit=300%2C571&resize=350%2C200","width":350,"height":200},"classes":[]}],"_links":{"self":[{"href":"http:\/\/www.robertosedda.it\/index.php?rest_route=\/wp\/v2\/posts\/562"}],"collection":[{"href":"http:\/\/www.robertosedda.it\/index.php?rest_route=\/wp\/v2\/posts"}],"about":[{"href":"http:\/\/www.robertosedda.it\/index.php?rest_route=\/wp\/v2\/types\/post"}],"author":[{"embeddable":true,"href":"http:\/\/www.robertosedda.it\/index.php?rest_route=\/wp\/v2\/users\/1"}],"replies":[{"embeddable":true,"href":"http:\/\/www.robertosedda.it\/index.php?rest_route=%2Fwp%2Fv2%2Fcomments&post=562"}],"version-history":[{"count":8,"href":"http:\/\/www.robertosedda.it\/index.php?rest_route=\/wp\/v2\/posts\/562\/revisions"}],"predecessor-version":[{"id":576,"href":"http:\/\/www.robertosedda.it\/index.php?rest_route=\/wp\/v2\/posts\/562\/revisions\/576"}],"wp:featuredmedia":[{"embeddable":true,"href":"http:\/\/www.robertosedda.it\/index.php?rest_route=\/wp\/v2\/media\/575"}],"wp:attachment":[{"href":"http:\/\/www.robertosedda.it\/index.php?rest_route=%2Fwp%2Fv2%2Fmedia&parent=562"}],"wp:term":[{"taxonomy":"category","embeddable":true,"href":"http:\/\/www.robertosedda.it\/index.php?rest_route=%2Fwp%2Fv2%2Fcategories&post=562"},{"taxonomy":"post_tag","embeddable":true,"href":"http:\/\/www.robertosedda.it\/index.php?rest_route=%2Fwp%2Fv2%2Ftags&post=562"}],"curies":[{"name":"wp","href":"https:\/\/api.w.org\/{rel}","templated":true}]}}