{"id":5570,"date":"2013-12-26T18:00:55","date_gmt":"2013-12-26T17:00:55","guid":{"rendered":"http:\/\/www.robertosedda.it\/?p=5570"},"modified":"2026-01-27T10:13:09","modified_gmt":"2026-01-27T09:13:09","slug":"il-commissario-maigret-a-oggi-parliamo-di-libri","status":"publish","type":"post","link":"http:\/\/www.robertosedda.it\/?p=5570","title":{"rendered":"Il commissario Maigret a &#8220;Oggi parliamo di libri&#8221;"},"content":{"rendered":"<p>Ho messo in rete ieri la puntata di <em>Oggi parliamo di libri<\/em> dedicata a Maigret.<\/p>\n<p>Ho letto o riletto molto Simenon questo autunno, in preparazione alla puntata: questo perch\u00e9 in realt\u00e0 non avevo mai frequentato particolarmente i suoi gialli, mentre avevo esplorato un po&#8217; di pi\u00f9 il resto della sua produzione. Devo dire che \u00e8 stata una rivelazione, una vera scoperta dell&#8217;et\u00e0 adulta, e spero che una parte del piacere che ho provato nella lettura emerga dalla trasmissione.<\/p>\n<div class=\"jetpack-video-wrapper\"><span class=\"embed-youtube\" style=\"text-align:center; display: block;\"><iframe class=\"youtube-player\" width=\"800\" height=\"450\" src=\"https:\/\/www.youtube.com\/embed\/XuY7H70vu9k?version=3&#038;rel=1&#038;showsearch=0&#038;showinfo=1&#038;iv_load_policy=1&#038;fs=1&#038;hl=it-IT&#038;autohide=2&#038;wmode=transparent\" allowfullscreen=\"true\" style=\"border:0;\" sandbox=\"allow-scripts allow-same-origin allow-popups allow-presentation\"><\/iframe><\/span><\/div>\n<p>Maigret \u00e8 un personaggio conosciutissimo, anche attraverso le trasposizioni televisive, quindi non era proprio il caso di mettersi a fare critica letteraria e ho cercato soltanto di riassumerne le caratteristiche principali, magari infilandoci anche un po&#8217; di argomenti collaterali, come la definizione di <em>police procedural<\/em> o la presentazione del concetto di <em>continuity<\/em> che mi serviva presentare al mio pubblico (qualunque esso sia) in vista delle puntate successive.<\/p>\n<h3>La modernit\u00e0 di Maigret<\/h3>\n<p><a href=\"https:\/\/i0.wp.com\/www.robertosedda.it\/wp-content\/uploads\/2013\/12\/Maigret-Cervi.jpg\"><img data-attachment-id=\"5590\" data-permalink=\"http:\/\/www.robertosedda.it\/?attachment_id=5590\" data-orig-file=\"https:\/\/i0.wp.com\/www.robertosedda.it\/wp-content\/uploads\/2013\/12\/Maigret-Cervi.jpg?fit=666%2C407\" data-orig-size=\"666,407\" data-comments-opened=\"1\" data-image-meta=\"{&quot;aperture&quot;:&quot;0&quot;,&quot;credit&quot;:&quot;&quot;,&quot;camera&quot;:&quot;&quot;,&quot;caption&quot;:&quot;&quot;,&quot;created_timestamp&quot;:&quot;0&quot;,&quot;copyright&quot;:&quot;&quot;,&quot;focal_length&quot;:&quot;0&quot;,&quot;iso&quot;:&quot;0&quot;,&quot;shutter_speed&quot;:&quot;0&quot;,&quot;title&quot;:&quot;&quot;}\" data-image-title=\"Maigret Cervi\" data-image-description=\"\" data-image-caption=\"\" data-medium-file=\"https:\/\/i0.wp.com\/www.robertosedda.it\/wp-content\/uploads\/2013\/12\/Maigret-Cervi.jpg?fit=300%2C183\" data-large-file=\"https:\/\/i0.wp.com\/www.robertosedda.it\/wp-content\/uploads\/2013\/12\/Maigret-Cervi.jpg?fit=510%2C312\" decoding=\"async\" loading=\"lazy\" class=\"alignright size-medium wp-image-5590\" src=\"https:\/\/i0.wp.com\/www.robertosedda.it\/wp-content\/uploads\/2013\/12\/Maigret-Cervi.jpg?resize=300%2C183\" alt=\"Maigret Cervi\" width=\"300\" height=\"183\" srcset=\"https:\/\/i0.wp.com\/www.robertosedda.it\/wp-content\/uploads\/2013\/12\/Maigret-Cervi.jpg?resize=300%2C183 300w, https:\/\/i0.wp.com\/www.robertosedda.it\/wp-content\/uploads\/2013\/12\/Maigret-Cervi.jpg?resize=150%2C91 150w, https:\/\/i0.wp.com\/www.robertosedda.it\/wp-content\/uploads\/2013\/12\/Maigret-Cervi.jpg?resize=310%2C190 310w, https:\/\/i0.wp.com\/www.robertosedda.it\/wp-content\/uploads\/2013\/12\/Maigret-Cervi.jpg?w=666 666w\" sizes=\"(max-width: 300px) 100vw, 300px\" data-recalc-dims=\"1\" \/><\/a>Proprio su questi temi vorrei dilungarmi un po&#8217;: ma prima vorrei dire di quanto ho trovato <em>moderno<\/em> Simenon, nelle tematiche, nella scrittura, nella definizione dei personaggi, nella gestione delle storie\u00a0 e di quanto, per converso, faccia apparire di maniera una serie di altri investigatori al confronto di Maigret sembrano imitazioni di maniera &#8211; direi, a occhio, almeno l&#8217;Adamsberg di Fred Vargas (come personaggio, poi le storie sono un altro paio di maniche).<\/p>\n<p>Questa modernit\u00e0 sta anche un po&#8217; nelle tematiche diciamo cos\u00ec &#8220;commerciali&#8221; della serie di romanzi: per esempio mi ha colpito molto <em>La prima inchiesta di Maigret<\/em>, un <em>prequel <\/em>se mai ce n&#8217;\u00e8 stato uno, ma anche l&#8217;idea della <em>tourn\u00e9e<\/em> americana di Maigret in corrispondenza del trasferimento negli USA di Simenon, una ambientazione che pare fatta apposta per conquistare nuove fette di mercato di appassionati nel nuovo contesto americano. Nella mia ingenuit\u00e0 credevo che l&#8217;industria editoriale della prima met\u00e0 del secolo scorso fosse meno smaliziata: e invece la capacit\u00e0 di sfruttamento commerciale di un personaggio (anche su pi\u00f9 piattaforme, considerando che gli adattamenti cinematografici e televisivi di Maigret sono cominciati molto presto) era evidentemente pi\u00f9 che matura.<\/p>\n<p>Nonostante questa modernit\u00e0 l&#8217;ambientazione di Maigret \u00e8 cos\u00ec fortemente determinata storicamente, cos\u00ec intrisa di materia che riconosciamo ormai remota (cavallanti delle chiatte, rappresentanti di commercio di provincia, operai dei quartieri popolari, la criminalit\u00e0 del tempo che fu, una ricca borghesia che anch&#8217;essa non esiste pi\u00f9, e poi i <em>night<\/em>, i <em>bistrot<\/em>, osterie di paese e biciclette dappertutto), cos\u00ec tipica di una societ\u00e0 industriale che la lettura nel nostro mondo postmoderno acquisisce alla fine una qualit\u00e0 un po&#8217; straniante. O almeno cos\u00ec l&#8217;ho vissuta io.<\/p>\n<h3><em>Police procedural<\/em> e coralit\u00e0<\/h3>\n<p><a href=\"https:\/\/i0.wp.com\/www.robertosedda.it\/wp-content\/uploads\/2013\/12\/Maigret-Adelphi.jpeg\"><img data-attachment-id=\"5589\" data-permalink=\"http:\/\/www.robertosedda.it\/?attachment_id=5589\" data-orig-file=\"https:\/\/i0.wp.com\/www.robertosedda.it\/wp-content\/uploads\/2013\/12\/Maigret-Adelphi.jpeg?fit=200%2C313\" data-orig-size=\"200,313\" data-comments-opened=\"1\" data-image-meta=\"{&quot;aperture&quot;:&quot;0&quot;,&quot;credit&quot;:&quot;&quot;,&quot;camera&quot;:&quot;&quot;,&quot;caption&quot;:&quot;&quot;,&quot;created_timestamp&quot;:&quot;0&quot;,&quot;copyright&quot;:&quot;&quot;,&quot;focal_length&quot;:&quot;0&quot;,&quot;iso&quot;:&quot;0&quot;,&quot;shutter_speed&quot;:&quot;0&quot;,&quot;title&quot;:&quot;&quot;}\" data-image-title=\"Maigret Adelphi\" data-image-description=\"\" data-image-caption=\"\" data-medium-file=\"https:\/\/i0.wp.com\/www.robertosedda.it\/wp-content\/uploads\/2013\/12\/Maigret-Adelphi.jpeg?fit=191%2C300\" data-large-file=\"https:\/\/i0.wp.com\/www.robertosedda.it\/wp-content\/uploads\/2013\/12\/Maigret-Adelphi.jpeg?fit=200%2C313\" decoding=\"async\" loading=\"lazy\" class=\"alignleft size-medium wp-image-5589\" src=\"https:\/\/i0.wp.com\/www.robertosedda.it\/wp-content\/uploads\/2013\/12\/Maigret-Adelphi.jpeg?resize=191%2C300\" alt=\"Maigret Adelphi\" width=\"191\" height=\"300\" srcset=\"https:\/\/i0.wp.com\/www.robertosedda.it\/wp-content\/uploads\/2013\/12\/Maigret-Adelphi.jpeg?resize=191%2C300 191w, https:\/\/i0.wp.com\/www.robertosedda.it\/wp-content\/uploads\/2013\/12\/Maigret-Adelphi.jpeg?resize=95%2C150 95w, https:\/\/i0.wp.com\/www.robertosedda.it\/wp-content\/uploads\/2013\/12\/Maigret-Adelphi.jpeg?w=200 200w\" sizes=\"(max-width: 191px) 100vw, 191px\" data-recalc-dims=\"1\" \/><\/a>Durante la trasmissione ho citato i romanzi di Maigret come esempio di <em>police procedural<\/em>: gi\u00e0 in trasmissione ho avuto la sensazione che fosse una affermazione quanto meno imprudente ma tutto sommato, dopo averci ripensato, direi che regge: e comunque era questa la prima occasione in cui ne potevo parlare in maniera minimamente corretta, perch\u00e9 nei <a title=\"La puntata di \u201cOggi parliamo di libri\u201d su Martin Beck\" href=\"http:\/\/www.robertosedda.it\/?p=5438\">gialli di Martin Beck<\/a> l&#8217;attenzione alla descrizione delle indagini mi pare che ci sia ancora meno &#8211; forse dovremo aspettare ad arrivare fino al Lucas Davenport di John Sandford (metter\u00f2 in linea la puntata fra un paio di giorni) per incontrare un esempio pi\u00f9 appropriato.<\/p>\n<p>Il problema mi pare, riflettendo, che non siano tanti i casi di giallisti attenti a mettere in scena un vero e proprio <em>police procedural<\/em> comparabile, diciamo, con il trattamento che si \u00e8 visto in TV su <em>Law &amp; Order<\/em> (o in maniera differente su <em>NYPD<\/em> e derivati &#8211; forse dovrei citare come antesignano <em>Hill Street giorno e notte<\/em>). Non conosco abbastanza bene Ed McBain e il suo <em>87\u00b0 Distretto<\/em> (oltre che un migliaio di giallisti minori del dopoguerra) ma comunque rimango dubbioso, tanto pi\u00f9 che vedo che vengono ascritti al genere autori come Tony Hillerman (metter\u00f2 preso in linea anche la puntata su di lui) e appunto il duo Sj\u00f6wall e Wahl\u00f6\u00f6. Tutto sommato resto della mia opinione e mi sembra interessante sottolineare questo scarto fra la letteratura di genere e la narrazione seriale televisiva: perch\u00e9 ho l&#8217;impressione che il problema sia che la pagina scritta richieda in maniera pi\u00f9 esigente un <em>singolo<\/em> protagonista e che questo, alla fine, spinga lo scrittore a concentrarsi pi\u00f9 sui suoi moti psicologici personali che sulla macchina investigativa generale, laddove una narrazione televisiva gode molto di pi\u00f9 della creazione di trame e sottotrame legate alle vicende dei vari personaggi: il <em>police procedural<\/em> richiede la coralit\u00e0, ma seguire sulla pagina il dipanarsi di tanti fili narrativi \u00e8 pi\u00f9 adatto a narrazioni di maggiore respiro &#8211; per informazioni maggiori rivolgersi a G.R.R. Martin.<\/p>\n<p>Il che ci porta al tema della <em>coralit\u00e0<\/em>: sulla base di quei due o tre gialli di Maigret che avevo letto in passato ero convinto che quelli di Maigret fossero dei romanzi corali. In realt\u00e0, come ho sottolineato in trasmissione, mi sono reso conto che mi sbagliavo. I comprimari ricorrenti sono spesso ridotti poco pi\u00f9 che ad &#8220;appendiabiti&#8221;, nel senso di personaggi su cui lo scrittore appoggia man mano quello che gli serve: un parere, un consiglio, il ruolo di interlocutore in modo che Maigret possa esternare i suoi pensieri.<\/p>\n<p>Quel che inganna il lettore \u00e8 l&#8217;abilit\u00e0 diabolica di Simenon nel tratteggiare abilmente bozzetti, definire tipi e caratteri: eccelle naturalmente, come \u00e8 ben noto, nella descrizione di ambiente, quindi la cura maggiore \u00e8 dedicata ai personaggi <em>non<\/em> ricorrenti, testimoni, sospettati, colpevoli, vittime, il <em>milieu <\/em>in cui ciascun caso \u00e8 ambientato, ma anche gli ispettori e gli altri personaggi fissi sono cesellati finemente: appendiabiti si, ma ben scolpiti.<\/p>\n<p>Avrei un ultimo argomento da affrontare ma prima, come nella puntata, una pausa musicale: in trasmissione abbiamo usato, <a title=\"La musica che metter\u00f2, se me la consigliate\" href=\"http:\/\/www.robertosedda.it\/?p=4594\">su suggerimento di Tino Dess\u00ec<\/a>, mio consocio <a href=\"http:\/\/www.fabbricastorie.it\"><em>Fabbricastorie<\/em><\/a>, Zaz in <em>Dans ma rue<\/em>, ed \u00e8 stata una piacevole scoperta (naturalmente parte del merito \u00e8 di Edith Piaf).<\/p>\n<div class=\"jetpack-video-wrapper\"><span class=\"embed-youtube\" style=\"text-align:center; display: block;\"><iframe class=\"youtube-player\" width=\"800\" height=\"450\" src=\"https:\/\/www.youtube.com\/embed\/7dtn9Gk4Q_E?version=3&#038;rel=1&#038;showsearch=0&#038;showinfo=1&#038;iv_load_policy=1&#038;fs=1&#038;hl=it-IT&#038;autohide=2&#038;wmode=transparent\" allowfullscreen=\"true\" style=\"border:0;\" sandbox=\"allow-scripts allow-same-origin allow-popups allow-presentation\"><\/iframe><\/span><\/div>\n<h3>Due parole sulla <em>continuity<\/em><\/h3>\n<p>Un po&#8217; per caso durante la puntata sono finito a parlare di <em>continuity<\/em>. Come per il tema della coralit\u00e0 \u00e8 una riflessione che ha continuato a girarmi per la testa anche dopo la puntata portandomi pure a riconsiderare in parte le mie opinioni.<\/p>\n<p><a href=\"https:\/\/i0.wp.com\/www.robertosedda.it\/wp-content\/uploads\/2013\/12\/Maigret-Gabin.jpeg\"><img data-attachment-id=\"5591\" data-permalink=\"http:\/\/www.robertosedda.it\/?attachment_id=5591\" data-orig-file=\"https:\/\/i0.wp.com\/www.robertosedda.it\/wp-content\/uploads\/2013\/12\/Maigret-Gabin.jpeg?fit=1200%2C959\" data-orig-size=\"1200,959\" data-comments-opened=\"1\" data-image-meta=\"{&quot;aperture&quot;:&quot;0&quot;,&quot;credit&quot;:&quot;&quot;,&quot;camera&quot;:&quot;&quot;,&quot;caption&quot;:&quot;&quot;,&quot;created_timestamp&quot;:&quot;0&quot;,&quot;copyright&quot;:&quot;&quot;,&quot;focal_length&quot;:&quot;0&quot;,&quot;iso&quot;:&quot;0&quot;,&quot;shutter_speed&quot;:&quot;0&quot;,&quot;title&quot;:&quot;&quot;}\" data-image-title=\"Maigret Gabin\" data-image-description=\"\" data-image-caption=\"\" data-medium-file=\"https:\/\/i0.wp.com\/www.robertosedda.it\/wp-content\/uploads\/2013\/12\/Maigret-Gabin.jpeg?fit=300%2C239\" data-large-file=\"https:\/\/i0.wp.com\/www.robertosedda.it\/wp-content\/uploads\/2013\/12\/Maigret-Gabin.jpeg?fit=510%2C407\" decoding=\"async\" loading=\"lazy\" class=\"alignright size-medium wp-image-5591\" src=\"https:\/\/i0.wp.com\/www.robertosedda.it\/wp-content\/uploads\/2013\/12\/Maigret-Gabin.jpeg?resize=300%2C239\" alt=\"Maigret Gabin\" width=\"300\" height=\"239\" srcset=\"https:\/\/i0.wp.com\/www.robertosedda.it\/wp-content\/uploads\/2013\/12\/Maigret-Gabin.jpeg?resize=300%2C239 300w, https:\/\/i0.wp.com\/www.robertosedda.it\/wp-content\/uploads\/2013\/12\/Maigret-Gabin.jpeg?resize=150%2C119 150w, https:\/\/i0.wp.com\/www.robertosedda.it\/wp-content\/uploads\/2013\/12\/Maigret-Gabin.jpeg?resize=1024%2C818 1024w, https:\/\/i0.wp.com\/www.robertosedda.it\/wp-content\/uploads\/2013\/12\/Maigret-Gabin.jpeg?resize=700%2C559 700w, https:\/\/i0.wp.com\/www.robertosedda.it\/wp-content\/uploads\/2013\/12\/Maigret-Gabin.jpeg?w=1200 1200w\" sizes=\"(max-width: 300px) 100vw, 300px\" data-recalc-dims=\"1\" \/><\/a>In realt\u00e0 mi sono reso conto che tendo a considerare il concetto di <em>continuity<\/em> pi\u00f9 o meno nei termini in cui veniva discusso dagli appassionati di fumetti negli anni &#8217;90, che si lamentavano di serie come <em>Tex<\/em> o <em>Zagor<\/em> in cui sostanzialmente, a parte alcuni eventi fondamentali fissati pi\u00f9 o meno nei primi momenti della serie (la morte della moglie di <em>Tex<\/em>, per esempio) o le vicende legate ad alcuni importanti antagonisti ricorrenti, non c&#8217;\u00e8 mai nessuna evoluzione. Nel campo del giallo, Sherlock Holmes funziona allo stesso modo: a parte il matrimonio e poi la vedovanza di Watson e il confronto con Moriarty non ci sono grossi punti di svolta nei racconti. Certi appassionati di fumetti invocavano narrazioni pi\u00f9 simili a quelle dei supereroi americani, con le loro saghe che si succedono le une con le altre e che sono, oltretutto, coerenti complessivamente: il fatto che le vicende di <em>Capitan America<\/em> e l&#8217;<em>Uomo Ragno<\/em> procedessero in parallelo e in maniera coerente (insieme con quelle di almeno un&#8217;altra decina di testate con dozzine di personaggi) sembrava chiss\u00e0 che cosa.<\/p>\n<p>Nonostante quello che ho detto in trasmissione mi sono reso conto che la <em>continuity<\/em> di Maigret non \u00e8 in fondo molto diversa da quella di un personaggio come Holmes. Anche facendo la tara per gli andirivieni di Simenon, che lo pone e lo toglie dalla pensione a intermittenza, a parte alcuni eventi fondamentali, qualche promozione, il pensionamento soprattutto, non c&#8217;\u00e8 nessuna evoluzione nel <em>personaggio<\/em> Maigret, nella sua psicologia interiore, e molto poco cambia anche nelle sue definizioni esteriori: quasi sempre pi\u00f9 o meno lo stesso lavoro, nelle stese condizioni, con lo stesso gruppo di collaboratori ricorrenti.<\/p>\n<p>Il che in realt\u00e0 mi ha portato a chiedermi: ma alla fine, che diamine \u00e8 &#8216;sta <em>continuity<\/em>? E dandomi una risposta l&#8217;ho trovato un concetto sempre meno soddisfacente &#8211; come del resto buona parte delle discussioni fra appassionati di fumetti di quegli anni, considerato che la passione per la <em>continuity<\/em> ci ha dato fumetti buoni ma anche cose pessime, a riprova che magari era meglio discutere d&#8217;altro.<\/p>\n<p>A me pare che nel calderone vanno cose molto diverse fra loro: il minimo \u00e8 l&#8217;attenzione al trascorrere del tempo e alla necessit\u00e0 <em>fisica<\/em> per il personaggio di cambiare, trasformarsi, invecchiare&#8230; &#8211; Simenon nella sua scrittura di Maigret tiene conto di questa dimensione, salvo che poi non sempre si capisce a che punto sta collocando ciascuna storia, ma questo \u00e8 un altro discorso. Ma questa attenzione non implica che si scelga uno stile narrativo <em>orizzontale<\/em>: le vicende che coinvolgono Maigret hanno raramente conseguenze che vengono trasferite da un romanzo all&#8217;altro (l&#8217;unica sottotrama ricorrente \u00e8 forse quella relativa al pensionamento). E anche qualora ci sia una narrazione orizzontale questo non implica che ci sia una evoluzione del personaggio: nei suoi caratteri fondamentali Maigret rimane psicologicamente sempre uguale a se stesso, in fondo mai scalfito, mai segnato (o forse: <em>gi\u00e0<\/em> segnato prima che il racconto cominci) dal confronto quotidiano col crimine e la macchina della giustizia.<\/p>\n<p>Riflettendoci su mi pare che, come per il discorso del <em>police procedural<\/em>, non sia facile per un giallista abbracciare una visione del proprio personaggio che man mano possa evolvere: fra quelli che ho trattato sinora Conan Doyle (e Chesterton), per esempio, sembrano far agire Holmes e padre Brown in una dimensione del tutto atemporale, ma non \u00e8 che Chandler in fondo costruisca il suo Philip Marlowe in maniera diversa (ma adesso mi \u00e8 venuta voglia di rileggerlo di nuovo, quindi controller\u00f2). L&#8217;unico per il quale si possa parlare di <em>continuity<\/em> in tutti i sensi, fino alla sensazione di star leggendo non tre romanzi distinti ma un&#8217;unica storia a puntate \u00e8 Fabio Montale.<\/p>\n<p>Ci sarebbe poi da dire di quelli delle puntate successive ma credo di essermi dilungato abbastanza: ne parleremo qualche altra volta!<\/p>\n","protected":false},"excerpt":{"rendered":"<p>Ho messo in rete ieri la puntata di Oggi parliamo di libri dedicata a Maigret. Ho letto o riletto molto<\/p>\n","protected":false},"author":1,"featured_media":5590,"comment_status":"open","ping_status":"open","sticky":false,"template":"","format":"video","meta":{"_mi_skip_tracking":false,"_monsterinsights_sitenote_active":false,"_monsterinsights_sitenote_note":"","_monsterinsights_sitenote_category":0,"jetpack_post_was_ever_published":false,"_jetpack_newsletter_access":"","jetpack_publicize_message":"","jetpack_is_tweetstorm":false,"jetpack_publicize_feature_enabled":true,"jetpack_social_post_already_shared":false,"jetpack_social_options":{"image_generator_settings":{"template":"highway","enabled":false}}},"categories":[52,56,13,68,12],"tags":[],"jetpack_publicize_connections":[],"jetpack_featured_media_url":"https:\/\/i0.wp.com\/www.robertosedda.it\/wp-content\/uploads\/2013\/12\/Maigret-Cervi.jpg?fit=666%2C407","jetpack_sharing_enabled":true,"jetpack_shortlink":"https:\/\/wp.me\/p4jV2T-1rQ","jetpack_likes_enabled":true,"jetpack-related-posts":[{"id":8315,"url":"http:\/\/www.robertosedda.it\/?p=8315","url_meta":{"origin":5570,"position":0},"title":"Riparte &#8220;Oggi parliamo di libri&#8221;","author":"Rufus","date":"03\/09\/2014","format":false,"excerpt":"EDIT: scopro dalla redazione che ho fatto casino e che ripartiamo l'11 settembre. Ehm. Aggiorno. Domani gioved\u00ec 4 settembre\u00a0L'11 settembre torno in onda con Oggi parliamo di libri, la trasmissione di Radio Kalaritana nella quale, immagina un po'?, parlo di libri. Volete sapere: l'orario? Ogni gioved\u00ec alle 19.10 e in\u2026","rel":"","context":"In &quot;Coordinate&quot;","block_context":{"text":"Coordinate","link":"http:\/\/www.robertosedda.it\/?cat=52"},"img":{"alt_text":"","src":"https:\/\/i0.wp.com\/www.robertosedda.it\/wp-content\/uploads\/2014\/09\/Diapositiva10.jpg?fit=960%2C720&resize=350%2C200","width":350,"height":200,"srcset":"https:\/\/i0.wp.com\/www.robertosedda.it\/wp-content\/uploads\/2014\/09\/Diapositiva10.jpg?fit=960%2C720&resize=350%2C200 1x, https:\/\/i0.wp.com\/www.robertosedda.it\/wp-content\/uploads\/2014\/09\/Diapositiva10.jpg?fit=960%2C720&resize=700%2C400 2x"},"classes":[]},{"id":4594,"url":"http:\/\/www.robertosedda.it\/?p=4594","url_meta":{"origin":5570,"position":1},"title":"La musica che metter\u00f2, se me la consigliate","author":"Rufus","date":"10\/10\/2013","format":false,"excerpt":"Sono ripartite su Radio Kalaritana le trasmissioni di Oggi parliamo di libri. Ok, breve riassunto pubblicitario: vado in onda il gioved\u00ec alle 19,10 e in replica il venerd\u00ec alle 8,30 del mattino sui 97.5 FM (o in streaming). La trasmissione ha anche una sua pagina Facebook che dopo la pausa\u2026","rel":"","context":"In &quot;Coordinate&quot;","block_context":{"text":"Coordinate","link":"http:\/\/www.robertosedda.it\/?cat=52"},"img":{"alt_text":"","src":"https:\/\/i0.wp.com\/www.robertosedda.it\/wp-content\/uploads\/2013\/03\/535033_144686819023383_216259237_n.jpg?fit=960%2C960&resize=350%2C200","width":350,"height":200,"srcset":"https:\/\/i0.wp.com\/www.robertosedda.it\/wp-content\/uploads\/2013\/03\/535033_144686819023383_216259237_n.jpg?fit=960%2C960&resize=350%2C200 1x, https:\/\/i0.wp.com\/www.robertosedda.it\/wp-content\/uploads\/2013\/03\/535033_144686819023383_216259237_n.jpg?fit=960%2C960&resize=700%2C400 2x"},"classes":[]},{"id":5636,"url":"http:\/\/www.robertosedda.it\/?p=5636","url_meta":{"origin":5570,"position":2},"title":"I bisticci di Nero Wolfe e del suo tirapiedi","author":"Rufus","date":"29\/12\/2013","format":"video","excerpt":"Sulla puntata di Oggi parliamo di libri dedicata a Nero Wolfe non ho molto da dire. Le storie di Rex Stout dedicate all'investigatore ciccione e al suo caustico assistente sono state sicuramente fra i gialli preferiti della mia adolescenza; ne ho poi fatto una rilettura estensiva due anni fa, trovandole\u2026","rel":"","context":"In &quot;Coordinate&quot;","block_context":{"text":"Coordinate","link":"http:\/\/www.robertosedda.it\/?cat=52"},"img":{"alt_text":"","src":"https:\/\/i0.wp.com\/img.youtube.com\/vi\/Ab3GfykqhFY\/0.jpg?resize=350%2C200","width":350,"height":200},"classes":[]},{"id":5710,"url":"http:\/\/www.robertosedda.it\/?p=5710","url_meta":{"origin":5570,"position":3},"title":"I libri che ho letto nel 2013","author":"Rufus","date":"02\/01\/2014","format":false,"excerpt":"Come l'anno scorso Anobii mi permette di tenere conto dei libri che ho letto nel corso dell'anno. Vedo che nel 2013 ho letto un libro in pi\u00f9 del 2012 ma con un numero di pagine inferiore: un po' la cosa mi sorprende e ho l'impressione di aver dimenticato qualcosa, ma\u2026","rel":"","context":"In &quot;Coordinate&quot;","block_context":{"text":"Coordinate","link":"http:\/\/www.robertosedda.it\/?cat=52"},"img":{"alt_text":"","src":"https:\/\/i0.wp.com\/www.robertosedda.it\/wp-content\/uploads\/2013\/01\/8850328802p400.gif?fit=400%2C622&resize=350%2C200","width":350,"height":200},"classes":[]},{"id":5894,"url":"http:\/\/www.robertosedda.it\/?p=5894","url_meta":{"origin":5570,"position":4},"title":"Augusto De Angelis, il commissario De Vincenzi e il mettersi nei guai per scrivere gialli","author":"Rufus","date":"20\/01\/2014","format":"video","excerpt":"Ho deciso di fare una puntata sul commissario De Vincenzi principalmente perch\u00e9 da ragazzino avevo visto gli sceneggiati televisivi con Paolo Stoppa. Per prepararmi mi sono letto i due gialli di De Angelis che stavano a casa di mia mamma, La barchetta di cristallo e Delitto a Cinecitt\u00e0, e ho\u2026","rel":"","context":"In &quot;Le narrazioni&quot;","block_context":{"text":"Le narrazioni","link":"http:\/\/www.robertosedda.it\/?cat=56"},"img":{"alt_text":"","src":"https:\/\/i0.wp.com\/www.robertosedda.it\/wp-content\/uploads\/2014\/01\/La-barchetta-di-cristallo-De-Angelis.jpg?fit=214%2C313&resize=350%2C200","width":350,"height":200},"classes":[]},{"id":5750,"url":"http:\/\/www.robertosedda.it\/?p=5750","url_meta":{"origin":5570,"position":5},"title":"Il commissario Montalbano a &#8220;Oggi parliamo di libri&#8221;","author":"Rufus","date":"04\/01\/2014","format":"video","excerpt":"Ed ecco a voi la non puntata di Oggi parliamo di libri: una puntata sulla quale non ho molto da segnalare, se non che a un certo punto mi sono perso e, dopo aver annunciato che avrei fatto notare tre cose su Camilleri in riferimento al successo arrivato tardivamente, poi\u2026","rel":"","context":"In &quot;Coordinate&quot;","block_context":{"text":"Coordinate","link":"http:\/\/www.robertosedda.it\/?cat=52"},"img":{"alt_text":"","src":"https:\/\/i0.wp.com\/img.youtube.com\/vi\/YLqPp9mtKIM\/0.jpg?resize=350%2C200","width":350,"height":200},"classes":[]}],"_links":{"self":[{"href":"http:\/\/www.robertosedda.it\/index.php?rest_route=\/wp\/v2\/posts\/5570"}],"collection":[{"href":"http:\/\/www.robertosedda.it\/index.php?rest_route=\/wp\/v2\/posts"}],"about":[{"href":"http:\/\/www.robertosedda.it\/index.php?rest_route=\/wp\/v2\/types\/post"}],"author":[{"embeddable":true,"href":"http:\/\/www.robertosedda.it\/index.php?rest_route=\/wp\/v2\/users\/1"}],"replies":[{"embeddable":true,"href":"http:\/\/www.robertosedda.it\/index.php?rest_route=%2Fwp%2Fv2%2Fcomments&post=5570"}],"version-history":[{"count":16,"href":"http:\/\/www.robertosedda.it\/index.php?rest_route=\/wp\/v2\/posts\/5570\/revisions"}],"predecessor-version":[{"id":20875,"href":"http:\/\/www.robertosedda.it\/index.php?rest_route=\/wp\/v2\/posts\/5570\/revisions\/20875"}],"wp:featuredmedia":[{"embeddable":true,"href":"http:\/\/www.robertosedda.it\/index.php?rest_route=\/wp\/v2\/media\/5590"}],"wp:attachment":[{"href":"http:\/\/www.robertosedda.it\/index.php?rest_route=%2Fwp%2Fv2%2Fmedia&parent=5570"}],"wp:term":[{"taxonomy":"category","embeddable":true,"href":"http:\/\/www.robertosedda.it\/index.php?rest_route=%2Fwp%2Fv2%2Fcategories&post=5570"},{"taxonomy":"post_tag","embeddable":true,"href":"http:\/\/www.robertosedda.it\/index.php?rest_route=%2Fwp%2Fv2%2Ftags&post=5570"}],"curies":[{"name":"wp","href":"https:\/\/api.w.org\/{rel}","templated":true}]}}