{"id":5562,"date":"2013-12-24T17:23:29","date_gmt":"2013-12-24T16:23:29","guid":{"rendered":"http:\/\/www.robertosedda.it\/?p=5562"},"modified":"2014-12-26T18:37:37","modified_gmt":"2014-12-26T17:37:37","slug":"auguri-per-natale","status":"publish","type":"post","link":"http:\/\/www.robertosedda.it\/?p=5562","title":{"rendered":"Auguri per Natale"},"content":{"rendered":"<p>Per farvi gli auguri per Natale utilizzo un video che mi ha fatto conoscere <a title=\"Abruzzo 2009 e Emilia 2012: un confronto\" href=\"http:\/\/www.robertosedda.it\/?p=5116\">Roberto Museo<\/a>. \u00c8 molto bello e riunisce un po&#8217; tante delle mie anime: c&#8217;\u00e8 una bella storia, un po&#8217; di economia sociale, un pizzico di insegnamento cristiano ed \u00e8 fatto da una impresa per biechi fini commerciali, cos\u00ec ci pu\u00f2 anche uscire una bella discussione.<\/p>\n<p>Il 24 sera \u00e8 tempo per i buoni sentimenti e per stare in famiglia, quindi mi limito ad augurarvi due giorni sereni e felici. A tutti: non c&#8217;\u00e8 nessuno che non si meriti un po&#8217; di pace a Natale, perch\u00e9 Natale \u00e8 il segno di Dio che fa piovere sui buoni e sui cattivi, e viene per tutti indistintamente.<\/p>\n<p>Per tutto il resto ci sentiamo domani!<\/p>\n<div class=\"jetpack-video-wrapper\"><span class=\"embed-youtube\" style=\"text-align:center; display: block;\"><iframe class=\"youtube-player\" width=\"800\" height=\"450\" src=\"https:\/\/www.youtube.com\/embed\/nKWnhYxyIPE?version=3&#038;rel=1&#038;showsearch=0&#038;showinfo=1&#038;iv_load_policy=1&#038;fs=1&#038;hl=it-IT&#038;autohide=2&#038;wmode=transparent\" allowfullscreen=\"true\" style=\"border:0;\" sandbox=\"allow-scripts allow-same-origin allow-popups allow-presentation\"><\/iframe><\/span><\/div>\n","protected":false},"excerpt":{"rendered":"<p>Per farvi gli auguri per Natale utilizzo un video che mi ha fatto conoscere Roberto Museo. \u00c8 molto bello e<\/p>\n","protected":false},"author":1,"featured_media":0,"comment_status":"open","ping_status":"open","sticky":false,"template":"","format":"video","meta":{"_mi_skip_tracking":false,"_monsterinsights_sitenote_active":false,"_monsterinsights_sitenote_note":"","_monsterinsights_sitenote_category":0,"jetpack_post_was_ever_published":false,"_jetpack_newsletter_access":"","jetpack_publicize_message":"","jetpack_is_tweetstorm":false,"jetpack_publicize_feature_enabled":true,"jetpack_social_post_already_shared":false,"jetpack_social_options":{"image_generator_settings":{"template":"highway","enabled":false}}},"categories":[52,86,53,17,16],"tags":[],"jetpack_publicize_connections":[],"jetpack_featured_media_url":"","jetpack_sharing_enabled":true,"jetpack_shortlink":"https:\/\/wp.me\/p4jV2T-1rI","jetpack_likes_enabled":true,"jetpack-related-posts":[{"id":11356,"url":"http:\/\/www.robertosedda.it\/?p=11356","url_meta":{"origin":5562,"position":0},"title":"Natale in casa Cupiello (e auguri)","author":"Rufus","date":"29\/12\/2015","format":false,"excerpt":"Dopo il\u00a0Volpone di Ben Jonson ho dedicato diverse puntate di Oggi parliamo di libri\u00a0alla figura straordinaria di William Shakespeare. In reralt\u00e0 non ho ancora finito: dopo la pausa natalizia chiuder\u00f2 il ciclo con\u00a0Molto rumore per nulla. Nel frattempo, per\u00f2, e anche come occasione per fare a tutti gli auguri di\u2026","rel":"","context":"In &quot;Coordinate&quot;","block_context":{"text":"Coordinate","link":"http:\/\/www.robertosedda.it\/?cat=52"},"img":{"alt_text":"","src":"https:\/\/i0.wp.com\/www.robertosedda.it\/wp-content\/uploads\/2015\/12\/Eduardo-Natale-in-casa-Cupiello.jpg?fit=1200%2C863&resize=350%2C200","width":350,"height":200,"srcset":"https:\/\/i0.wp.com\/www.robertosedda.it\/wp-content\/uploads\/2015\/12\/Eduardo-Natale-in-casa-Cupiello.jpg?fit=1200%2C863&resize=350%2C200 1x, https:\/\/i0.wp.com\/www.robertosedda.it\/wp-content\/uploads\/2015\/12\/Eduardo-Natale-in-casa-Cupiello.jpg?fit=1200%2C863&resize=700%2C400 2x, https:\/\/i0.wp.com\/www.robertosedda.it\/wp-content\/uploads\/2015\/12\/Eduardo-Natale-in-casa-Cupiello.jpg?fit=1200%2C863&resize=1050%2C600 3x"},"classes":[]},{"id":18392,"url":"http:\/\/www.robertosedda.it\/?p=18392","url_meta":{"origin":5562,"position":1},"title":"Tutti si meritano gli auguri di Natale","author":"Rufus","date":"28\/12\/2020","format":false,"excerpt":"Il giorno di Natale, dopo Messa, mi sono messo a fare gli auguri di Natale. Ho molta ammirazione per quelli bravi e organizzati che gi\u00e0 tre giorni prima ti mandano gli auguri, soprattutto perch\u00e9 io non sono capace e corro sempre il rischio, casomai, di fare gli auguri in ritardo,\u2026","rel":"","context":"In &quot;Coordinate&quot;","block_context":{"text":"Coordinate","link":"http:\/\/www.robertosedda.it\/?cat=52"},"img":{"alt_text":"","src":"https:\/\/i0.wp.com\/www.robertosedda.it\/wp-content\/uploads\/2020\/12\/Regina-Elisabetta.png?fit=691%2C599&resize=350%2C200","width":350,"height":200},"classes":[]},{"id":1793,"url":"http:\/\/www.robertosedda.it\/?p=1793","url_meta":{"origin":5562,"position":2},"title":"Poesia di Natale","author":"Rufus","date":"25\/12\/2012","format":false,"excerpt":"Volevo augurare buon Natale a tutti con una poesia, e ho trovato (e scartato) un Turoldo d'annata, Umberto Saba e Ada Negri, e insomma ognuna sarebbe bastata. Alla fine non ero soddisfatto e ho aperto a caso l'amata Emily Dickinson che non tradisce mai; e infatti ho trovato: Il silenzio\u2026","rel":"","context":"In &quot;Coordinate&quot;","block_context":{"text":"Coordinate","link":"http:\/\/www.robertosedda.it\/?cat=52"},"img":{"alt_text":"","src":"","width":0,"height":0},"classes":[]},{"id":5705,"url":"http:\/\/www.robertosedda.it\/?p=5705","url_meta":{"origin":5562,"position":3},"title":"Vita nuova","author":"Rufus","date":"01\/01\/2014","format":false,"excerpt":"Il 21 dicembre io e Maria Bonaria siamo andati ad Ales a comprare i regali di Natale. Come al solito abbiamo scelto un regalo che avesse un po' di significato, che sostenesse l'economia che piace a noi (come due anni fa, il vino della Costigliola). Quest'anno dal valore economico un\u2026","rel":"","context":"In &quot;Coordinate&quot;","block_context":{"text":"Coordinate","link":"http:\/\/www.robertosedda.it\/?cat=52"},"img":{"alt_text":"","src":"https:\/\/i0.wp.com\/www.robertosedda.it\/wp-content\/uploads\/2014\/01\/2013-12-21-13.16.02.jpg?fit=1200%2C900&resize=350%2C200","width":350,"height":200,"srcset":"https:\/\/i0.wp.com\/www.robertosedda.it\/wp-content\/uploads\/2014\/01\/2013-12-21-13.16.02.jpg?fit=1200%2C900&resize=350%2C200 1x, https:\/\/i0.wp.com\/www.robertosedda.it\/wp-content\/uploads\/2014\/01\/2013-12-21-13.16.02.jpg?fit=1200%2C900&resize=700%2C400 2x, https:\/\/i0.wp.com\/www.robertosedda.it\/wp-content\/uploads\/2014\/01\/2013-12-21-13.16.02.jpg?fit=1200%2C900&resize=1050%2C600 3x"},"classes":[]},{"id":9111,"url":"http:\/\/www.robertosedda.it\/?p=9111","url_meta":{"origin":5562,"position":4},"title":"Auguri di Natale","author":"Rufus","date":"25\/12\/2014","format":false,"excerpt":"Avevo in mente varie cose per farvi gli auguri di Natale, ma stamattina mi ha molto commosso la pagina del Vangelo di Giovanni, sentita mille volte ma ogni volta sempre straordinaria, e quindi la ripropongo. Dentro c'\u00e8 davvero di tutto e ognuno pu\u00f2 trovarvi il senso del suo Natale, e\u2026","rel":"","context":"In &quot;Coordinate&quot;","block_context":{"text":"Coordinate","link":"http:\/\/www.robertosedda.it\/?cat=52"},"img":{"alt_text":"","src":"https:\/\/i0.wp.com\/www.robertosedda.it\/wp-content\/uploads\/2014\/12\/Icona-Rublev-Natale.jpg?fit=600%2C762&resize=350%2C200","width":350,"height":200},"classes":[]},{"id":10570,"url":"http:\/\/www.robertosedda.it\/?p=10570","url_meta":{"origin":5562,"position":5},"title":"Piccoli film, piccole eversioni","author":"Rufus","date":"21\/07\/2015","format":"video","excerpt":"Sorretto da un'interpretazione maiuscola di Bill Murray,\u00a0St. Vincent racconta la storia dell'improbabile amicizia fra un vecchio scorbutico\u00a0e\u00a0ubriacone che si gioca fino all'ultimo dollaro alle corse dei cavalli e un ragazzino timido e giudizioso. Attorno a loro un piccolo microcosmo di storie personali e di comprimari ben tratteggiati, a partire da\u2026","rel":"","context":"In &quot;Coordinate&quot;","block_context":{"text":"Coordinate","link":"http:\/\/www.robertosedda.it\/?cat=52"},"img":{"alt_text":"","src":"https:\/\/i0.wp.com\/www.robertosedda.it\/wp-content\/uploads\/2015\/07\/st-vincent3.jpg?fit=500%2C316&resize=350%2C200","width":350,"height":200},"classes":[]}],"_links":{"self":[{"href":"http:\/\/www.robertosedda.it\/index.php?rest_route=\/wp\/v2\/posts\/5562"}],"collection":[{"href":"http:\/\/www.robertosedda.it\/index.php?rest_route=\/wp\/v2\/posts"}],"about":[{"href":"http:\/\/www.robertosedda.it\/index.php?rest_route=\/wp\/v2\/types\/post"}],"author":[{"embeddable":true,"href":"http:\/\/www.robertosedda.it\/index.php?rest_route=\/wp\/v2\/users\/1"}],"replies":[{"embeddable":true,"href":"http:\/\/www.robertosedda.it\/index.php?rest_route=%2Fwp%2Fv2%2Fcomments&post=5562"}],"version-history":[{"count":2,"href":"http:\/\/www.robertosedda.it\/index.php?rest_route=\/wp\/v2\/posts\/5562\/revisions"}],"predecessor-version":[{"id":6433,"href":"http:\/\/www.robertosedda.it\/index.php?rest_route=\/wp\/v2\/posts\/5562\/revisions\/6433"}],"wp:attachment":[{"href":"http:\/\/www.robertosedda.it\/index.php?rest_route=%2Fwp%2Fv2%2Fmedia&parent=5562"}],"wp:term":[{"taxonomy":"category","embeddable":true,"href":"http:\/\/www.robertosedda.it\/index.php?rest_route=%2Fwp%2Fv2%2Fcategories&post=5562"},{"taxonomy":"post_tag","embeddable":true,"href":"http:\/\/www.robertosedda.it\/index.php?rest_route=%2Fwp%2Fv2%2Ftags&post=5562"}],"curies":[{"name":"wp","href":"https:\/\/api.w.org\/{rel}","templated":true}]}}