{"id":5550,"date":"2013-12-21T15:58:53","date_gmt":"2013-12-21T14:58:53","guid":{"rendered":"http:\/\/www.robertosedda.it\/?p=5550"},"modified":"2021-12-21T10:20:43","modified_gmt":"2021-12-21T09:20:43","slug":"sapevano-quello-che-facevano","status":"publish","type":"post","link":"http:\/\/www.robertosedda.it\/?p=5550","title":{"rendered":"Sapevano quello che facevano"},"content":{"rendered":"<p>Oggi spedizione in Marmilla alla ricerca di regali di Natale. Facciamo molto tardi e cos\u00ec decidiamo di trovare un ristorante in zona.<\/p>\n<p>Individuato l&#8217;obiettivo stiamo per entrare quando notiamo, a fianco della porta del locale e dietro il vaso da fiori che orna l&#8217;ingresso, due <em>flute<\/em> abbandonati per terra.<\/p>\n<p>Nel vaso fa capolino anche un bicchiere da liquore.<\/p>\n<p>Entriamo e al cameriere diciamo: \u00abGuardi, scusi, ci sono dei bicchieri fuori&#8230;\u00bb.<\/p>\n<p>\u00abMah, saranno del bar di fronte&#8230;\u00bb.<\/p>\n<p>Esce e dice: \u00abNo no, sono proprio nostri&#8230;\u00bb (dal vaso di fori salta fuori anche un altro bicchierino da grappa), \u00abcosa volete farci, ieri c&#8217;\u00e8 stata bisboccia, cose che capitano\u00bb.<\/p>\n<p>Maria Bonaria, comprensiva, dice: \u00abEh! Certo, magari avevano alzato un po&#8217; il gomito e li hanno lasciati dove capitava&#8230;\u00bb.<\/p>\n<p>E il cameriere: \u00abAl contrario!! Dovevano essere ancora abbastanza in s\u00e9, perch\u00e9 li hanno lasciati vicino alla porta per farmeli ritrovare. I bicchieri di quelli veramente ubriachi sono in giro per tutto il paese!!\u00bb.<\/p>\n","protected":false},"excerpt":{"rendered":"<p>Oggi spedizione in Marmilla alla ricerca di regali di Natale. Facciamo molto tardi e cos\u00ec decidiamo di trovare un ristorante<\/p>\n","protected":false},"author":1,"featured_media":0,"comment_status":"open","ping_status":"open","sticky":false,"template":"","format":"standard","meta":{"_mi_skip_tracking":false,"_monsterinsights_sitenote_active":false,"_monsterinsights_sitenote_note":"","_monsterinsights_sitenote_category":0,"jetpack_post_was_ever_published":false,"_jetpack_newsletter_access":"","jetpack_publicize_message":"","jetpack_is_tweetstorm":false,"jetpack_publicize_feature_enabled":true,"jetpack_social_post_already_shared":false,"jetpack_social_options":{"image_generator_settings":{"template":"highway","enabled":false}}},"categories":[52,56,18,61,16],"tags":[],"jetpack_publicize_connections":[],"jetpack_featured_media_url":"","jetpack_sharing_enabled":true,"jetpack_shortlink":"https:\/\/wp.me\/p4jV2T-1rw","jetpack_likes_enabled":true,"jetpack-related-posts":[{"id":12195,"url":"http:\/\/www.robertosedda.it\/?p=12195","url_meta":{"origin":5550,"position":0},"title":"Scritto nelle stelle","author":"Rufus","date":"07\/07\/2016","format":false,"excerpt":"Sul posto al mare dove vado a fare il bagno appena posso aleggia una curiosa maledizione, ben nota ai frequentatori locali. Chiunque prenda in gestione il bar del luogo sprofonda nella disorganizzazione. Famiglie\u00a0che conducono rispettabili baretti di periferia, affermate\u00a0societ\u00e0 provenienti da eleganti ritrovi\u00a0del centro, rampanti gestori di locali che saranno\u2026","rel":"","context":"In &quot;Coordinate&quot;","block_context":{"text":"Coordinate","link":"http:\/\/www.robertosedda.it\/?cat=52"},"img":{"alt_text":"","src":"https:\/\/i0.wp.com\/www.robertosedda.it\/wp-content\/uploads\/2014\/04\/Poetto-5.jpg?fit=1200%2C900&resize=350%2C200","width":350,"height":200,"srcset":"https:\/\/i0.wp.com\/www.robertosedda.it\/wp-content\/uploads\/2014\/04\/Poetto-5.jpg?fit=1200%2C900&resize=350%2C200 1x, https:\/\/i0.wp.com\/www.robertosedda.it\/wp-content\/uploads\/2014\/04\/Poetto-5.jpg?fit=1200%2C900&resize=700%2C400 2x, https:\/\/i0.wp.com\/www.robertosedda.it\/wp-content\/uploads\/2014\/04\/Poetto-5.jpg?fit=1200%2C900&resize=1050%2C600 3x"},"classes":[]},{"id":12635,"url":"http:\/\/www.robertosedda.it\/?p=12635","url_meta":{"origin":5550,"position":1},"title":"I soci comandano","author":"Rufus","date":"11\/10\/2016","format":false,"excerpt":"I soci\u00a0comandano?! Durante una recente riunione in Banca Etica mi \u00e8 capitato di usare l'espressione: \u00abI soci comandano\u00bb. Mi sono reso conto da qualche altra chiacchierata successiva che nell'occasione non mi sono spiegato proprio bene e che l'espressione, anzi, pu\u00f2 portare a malintesi: se qualcuno comanda qualcun altro per forza\u2026","rel":"","context":"In &quot;Banche e finanza&quot;","block_context":{"text":"Banche e finanza","link":"http:\/\/www.robertosedda.it\/?cat=72"},"img":{"alt_text":"","src":"https:\/\/i0.wp.com\/www.robertosedda.it\/wp-content\/uploads\/2016\/10\/20160923_183812.jpg?fit=1200%2C720&resize=350%2C200","width":350,"height":200,"srcset":"https:\/\/i0.wp.com\/www.robertosedda.it\/wp-content\/uploads\/2016\/10\/20160923_183812.jpg?fit=1200%2C720&resize=350%2C200 1x, https:\/\/i0.wp.com\/www.robertosedda.it\/wp-content\/uploads\/2016\/10\/20160923_183812.jpg?fit=1200%2C720&resize=700%2C400 2x, https:\/\/i0.wp.com\/www.robertosedda.it\/wp-content\/uploads\/2016\/10\/20160923_183812.jpg?fit=1200%2C720&resize=1050%2C600 3x"},"classes":[]},{"id":14412,"url":"http:\/\/www.robertosedda.it\/?p=14412","url_meta":{"origin":5550,"position":2},"title":"Molestie al bar","author":"Rufus","date":"12\/12\/2017","format":false,"excerpt":"C'\u00e8, a Cagliari, un bar sgrauso. Ci sono molti bar sgrausi a Cagliari, ma questo \u00e8 particolare perch\u00e9 \u00e8 sgrauso in maniera indefinita. Non \u00e8 una bettola, non \u00e8 una bisca, non ha un padrone laido, non \u00e8 equivoco, non \u00e8 lurido, non ha un arredamento che decade placidamente fin\u2026","rel":"","context":"In &quot;Coordinate&quot;","block_context":{"text":"Coordinate","link":"http:\/\/www.robertosedda.it\/?cat=52"},"img":{"alt_text":"","src":"https:\/\/i0.wp.com\/www.robertosedda.it\/wp-content\/uploads\/2017\/12\/Bar-sgrauso.jpg?fit=612%2C399&resize=350%2C200","width":350,"height":200},"classes":[]},{"id":13901,"url":"http:\/\/www.robertosedda.it\/?p=13901","url_meta":{"origin":5550,"position":3},"title":"Non si unisce a questa schiera","author":"Rufus","date":"03\/07\/2017","format":false,"excerpt":"Ma esistono, resistono ancora, anche i fautori del \"vita tua, vita mea\", quelli che qui chiamer\u00f2 \"salmoni\": perch\u00e9 provano sempre e ancora a risalire la corrente, a nuotare contro di essa, ad opporsi generosamente alla marea montante della morte. I pacifisti, gli ecologisti, i filantropi, le associazioni umanitarie e di\u2026","rel":"","context":"In &quot;Coordinate&quot;","block_context":{"text":"Coordinate","link":"http:\/\/www.robertosedda.it\/?cat=52"},"img":{"alt_text":"","src":"https:\/\/i0.wp.com\/www.robertosedda.it\/wp-content\/uploads\/2017\/07\/Fare-il-morto.jpg?fit=500%2C751&resize=350%2C200","width":350,"height":200},"classes":[]},{"id":2744,"url":"http:\/\/www.robertosedda.it\/?p=2744","url_meta":{"origin":5550,"position":4},"title":"Abiti rossi e ombrelli bianchi","author":"Rufus","date":"02\/04\/2013","format":"gallery","excerpt":"La mia amica Laura Todde, che \u00e8 un artista nell'animo, ha postato su Facebook quest'immagine, che mi ha subito intrigato moltissimo. \u00c8 veramente bello: mi chiedevo chi fosse l'autore ma Laura non lo sapeva, cos\u00ec mi son messo a cercarlo sul web. Potenza di Google, scopro che si tratta di\u2026","rel":"","context":"In &quot;Coordinate&quot;","block_context":{"text":"Coordinate","link":"http:\/\/www.robertosedda.it\/?cat=52"},"img":{"alt_text":"","src":"https:\/\/i0.wp.com\/www.robertosedda.it\/wp-content\/uploads\/2013\/04\/6dc88e8303c06579236ceab1dc6e7bd8.jpg?fit=520%2C1200&resize=350%2C200","width":350,"height":200},"classes":[]},{"id":19783,"url":"http:\/\/www.robertosedda.it\/?p=19783","url_meta":{"origin":5550,"position":5},"title":"All&#8217;improvviso, la luce","author":"Rufus","date":"30\/06\/2022","format":false,"excerpt":"L'altra sera, uscito dall'ufficio, sono entrato in un bar a cercare un caff\u00e8. Dentro, in penombra, c'erano la giovane cameriera, una bruna con labbra di fuoco, e un cliente attempato. Ok, mettiamo la colonna sonora adatta e vi racconto. https:\/\/www.youtube.com\/watch?v=6IPuEoxan34 I due parlavano con cognizione di causa di un argomento\u2026","rel":"","context":"In &quot;Coordinate&quot;","block_context":{"text":"Coordinate","link":"http:\/\/www.robertosedda.it\/?cat=52"},"img":{"alt_text":"","src":"https:\/\/i0.wp.com\/www.robertosedda.it\/wp-content\/uploads\/2022\/06\/Ragazzo-bar2.jpg?fit=700%2C525&resize=350%2C200","width":350,"height":200,"srcset":"https:\/\/i0.wp.com\/www.robertosedda.it\/wp-content\/uploads\/2022\/06\/Ragazzo-bar2.jpg?fit=700%2C525&resize=350%2C200 1x, https:\/\/i0.wp.com\/www.robertosedda.it\/wp-content\/uploads\/2022\/06\/Ragazzo-bar2.jpg?fit=700%2C525&resize=700%2C400 2x"},"classes":[]}],"_links":{"self":[{"href":"http:\/\/www.robertosedda.it\/index.php?rest_route=\/wp\/v2\/posts\/5550"}],"collection":[{"href":"http:\/\/www.robertosedda.it\/index.php?rest_route=\/wp\/v2\/posts"}],"about":[{"href":"http:\/\/www.robertosedda.it\/index.php?rest_route=\/wp\/v2\/types\/post"}],"author":[{"embeddable":true,"href":"http:\/\/www.robertosedda.it\/index.php?rest_route=\/wp\/v2\/users\/1"}],"replies":[{"embeddable":true,"href":"http:\/\/www.robertosedda.it\/index.php?rest_route=%2Fwp%2Fv2%2Fcomments&post=5550"}],"version-history":[{"count":2,"href":"http:\/\/www.robertosedda.it\/index.php?rest_route=\/wp\/v2\/posts\/5550\/revisions"}],"predecessor-version":[{"id":9096,"href":"http:\/\/www.robertosedda.it\/index.php?rest_route=\/wp\/v2\/posts\/5550\/revisions\/9096"}],"wp:attachment":[{"href":"http:\/\/www.robertosedda.it\/index.php?rest_route=%2Fwp%2Fv2%2Fmedia&parent=5550"}],"wp:term":[{"taxonomy":"category","embeddable":true,"href":"http:\/\/www.robertosedda.it\/index.php?rest_route=%2Fwp%2Fv2%2Fcategories&post=5550"},{"taxonomy":"post_tag","embeddable":true,"href":"http:\/\/www.robertosedda.it\/index.php?rest_route=%2Fwp%2Fv2%2Ftags&post=5550"}],"curies":[{"name":"wp","href":"https:\/\/api.w.org\/{rel}","templated":true}]}}