{"id":5457,"date":"2013-12-17T09:30:00","date_gmt":"2013-12-17T08:30:00","guid":{"rendered":"http:\/\/www.robertosedda.it\/?p=5457"},"modified":"2014-12-26T18:27:02","modified_gmt":"2014-12-26T17:27:02","slug":"destino-italia-autonomie-addio","status":"publish","type":"post","link":"http:\/\/www.robertosedda.it\/?p=5457","title":{"rendered":"Destino Italia. Autonomie addio?"},"content":{"rendered":"<p>Ho saltato nuovamente la riunione dei <em>blogger<\/em> del luned\u00ec e a questo punto credo che sar\u00e0 difficile mantenere l&#8217;impegno, ma ho piacere di continuare a pubblicare gli articoli settimanali. Come al solito l&#8217;articolo viene pubblicato, oltre che su questo sito, su quelli di <a href=\"http:\/\/www.fondazionesardinia.eu\/ita\/\"><em>Fondazione Sardinia<\/em><\/a><em>, <a href=\"http:\/\/www.tramasdeamistade.org\/\">Tramas de amistade<\/a><\/em>, <a href=\"http:\/\/www.aladinpensiero.it\/\"><em>Aladin pensiero<\/em><\/a>, <a href=\"http:\/\/www.vitobiolchini.it\/\">Vito Biolchini<\/a>, <a href=\"http:\/\/www.sardegnasoprattutto.com\/\"><em>Sardegna soprattutto<\/em><\/a>, <a href=\"http:\/\/www.enricolobina.org\/wp\/\">Enrico Lobina<\/a><em>, <a href=\"http:\/\/madrigopolis.blogspot.it\/\">Madrigopolis<\/a><\/em>, <a href=\"http:\/\/www.formaparis.com\/blog\"><em>Forma paris<\/em><\/a>, <a href=\"http:\/\/tottusinpari.blog.tiscali.it\/\"><em>Tottus in pari<\/em><\/a> e <a href=\"http:\/\/www.esseblog.it\/\"><em>Esseblog<\/em><\/a>.<\/p>\n<h2>DESTINO ITALIA. Autonomie addio?<\/h2>\n<h3>di Piero Marcialis<\/h3>\n<p>Il Parlamento italiano, la cui legittimit\u00e0 \u00e8 incrinata dalla recente sentenza della Corte Costituzionale, ha votato la fiducia al Governo Letta, le cui Larghe Intese sono incrinate dall&#8217;uscita di Forza Italia: poco male perch\u00e9 l&#8217;appoggio di un condannato per truffa allo Stato dava a quelle Intese un&#8217;ampiezza carceraria. Ora il Governo \u00e8 pi\u00f9 compatto, annuncia il <em>Premier<\/em>, i ricatti sono finiti. Ma sono finiti davvero? Come mai il condannato anzich\u00e9 essere nei luoghi in cui si espia la colpa \u00e8 quotidianamente sugli schermi?<\/p>\n<p>Il Governo, con trombe mediatiche, annuncia il piano <em>Destinazione Italia<\/em>, tutto andr\u00e0 meglio, bollette e assicurazione auto meno care, niente denaro ai partiti&#8230; sar\u00e0 tutto vero? Ma, visto che ci siamo, e gli esodati? E il piano lavoro che doveva assumere chiss\u00e0 quanti giovani?<\/p>\n<p>Non suggerisce nulla che Cgil-Cisl-Uil il 14 dicembre siano in piazza per contestare la politica economica di questo Governo?<\/p>\n<p>E la nuova legge elettorale? E la data per nuove elezioni, senza premi di maggioranza e senza liste bloccate, che rendano legittimo Parlamento e Governo e Presidenza della Repubblica che, pur se devono rimanere per qualche tempo perch\u00e9 lo Stato non pu\u00f2 sparire, di vera legittimit\u00e0 hanno tanto bisogno?<\/p>\n<p>La grande novit\u00e0 che, per essere stata da mesi prevista e annunciata, tanto nuova non \u00e8, pare sia l\u2019elezione di Renzi a capo del Partito Democratico.<\/p>\n<p>Che dice Renzi? Che cos&#8217;\u00e8 urgente per il Destino dell\u2019Italia?<\/p>\n<p>La legge elettorale, giusto, e magari lui sar\u00e0 il candidato Premier.<\/p>\n<p>Abolire il Senato, dice anche&#8230; Questo lascia perplessi.<\/p>\n<p>La Costituzione dice con molta chiarezza (art. 55) che \u00abIl Parlamento si compone della Camera dei Deputati e del Senato della Repubblica\u00bb.<\/p>\n<p>E la Costituzione si modifica secondo i dettami dell&#8217;art. 138, non per il gusto di un segretario di partito o di qualche comitato di saggi improvvisati.<\/p>\n<p>Intendiamoci, sia chiaro, non siamo entusiasti del Senato di oggi, del bicameralismo com&#8217;\u00e8 oggi ma, chiedo, che fine hanno fatto i tanti bei discorsi su un possibile Senato delle Regioni, possibilmente paritetico?<\/p>\n<p>Non se ne parla pi\u00f9? Abbiamo scherzato? Che idea hanno Renzi e tutti gli altri autorevoli esponenti del Partito Democratico sulle autonomie locali?<\/p>\n<p>Una sola Camera, un solo Centro, un solo Capo?<\/p>\n<p>Una bella maggioranza italica dove spariscono problemi, bisogni, istanze, di regioni come la Sardegna, la Basilicata, la Calabria, che percentualmente e politicamente in questo Parlamento non contano nulla, sommerse come sono dalla soverchiante presenza delle Regioni pi\u00f9 ricche e popolate?<\/p>\n<p>La Costituzione nei principi fondamentali (art. 5) dice: \u00abLa Repubblica, una e indivisibile, riconosce e promuove le autonomie locali; attua nei servizi che dipendono dallo Stato il pi\u00f9 ampio decentramento amministrativo; adegua i principi e i metodi della sua legislazione alle esigenze dell&#8217;autonomia e del decentramento\u00bb.<\/p>\n<p>I principi fondamentali si considerano parte intoccabile della Costituzione.<\/p>\n<p>In conclusione, possiamo essere d&#8217;accordo sul modificare l&#8217;art. 55, magari seguendo il percorso costituzionale, ma non per abolire, piuttosto per dare un ruolo nuovo e diverso a un Senato delle Regioni che tuteli, pariteticamente, ogni Regione nella formulazione delle leggi che valgono per tutti.<\/p>\n<p>E non sono accettabili su questo punto proposte del tipo: \u00abvolete il Senato delle Regioni? Le Regioni allora se lo paghino\u00bb. No, cari risparmiatori del bieco centralismo, il Parlamento \u00e8 della Repubblica e paga la Repubblica, non pu\u00f2 essere che per mantenere il Senato le Regioni povere si assumano lo stesso carico delle Regioni ricche, questa parit\u00e0 sarebbe diseguale e ipocrita.<\/p>\n<p>La solidariet\u00e0 \u00e8 anch\u2019essa principio fondamentale: \u00abrimuovere gli ostacoli di ordine economico e sociale\u00bb che limitano libert\u00e0 ed eguaglianza (art. 3), \u00abdoveri inderogabili di solidariet\u00e0, politica, economica e sociale\u00bb (art. 2).<\/p>\n<p>Non \u00e8 abolendo il Senato che si realizza il risparmio sui costi della politica, come qualche anima candida ha creduto: il risparmio, se si volesse fare, va effettuato su un ventaglio ben pi\u00f9 ampio di sprechi e di sciali: non \u00e8 un segreto che in Italia Presidente, Magistratura, Parlamento, boiardi di Stato, costano il triplo che negli Stati Uniti, Inghilterra, Francia e Germania.<\/p>\n<p>\u00c8\u00a0grave che nel nuovo segretario del Partito Democratico ci sia tanta ignoranza e del dettato costituzionale e di quanto in questi anni si \u00e8 mosso, anche dentro il suo Partito, in termini di rivendicazioni autonomistiche, da nuove proposte di federalismo a movimenti di ispirazione indipendentista e nazionalitaria, lasciando fuori i proclami ammuffiti della Lega lombarda.<\/p>\n<p>Il Partito Democratico come affronter\u00e0 la scadenza imminente delle elezioni sarde? Potr\u00e0 parlare di autonomie con queste uscite del segretario in capo?<\/p>\n<p>\u00c8\u00a0autonomia quella di Silvio Lai che chiede a Renzi di decidere lui sul caso, che il PD sardo non sa risolvere, della candidatura al governo della Sardegna di una indagata, che rischia di sfilacciare tutta l&#8217;alleanza di centro-sinistra?<\/p>\n<p>Francesca Barracciu dice di non voler fare un passo indietro, per il PD il problema vero \u00e8 che lei non riesce a fare passi avanti, lo sanno e tacciono.<\/p>\n<p>Chi pensa di prendere in mano il Destino dell&#8217;Italia deve capire innanzitutto quanto questo compito richieda sapienza e saggezza, verit\u00e0 e giustizia, non pi\u00f9 parole in libert\u00e0.<\/p>\n","protected":false},"excerpt":{"rendered":"<p>Ho saltato nuovamente la riunione dei blogger del luned\u00ec e a questo punto credo che sar\u00e0 difficile mantenere l&#8217;impegno, ma<\/p>\n","protected":false},"author":1,"featured_media":0,"comment_status":"open","ping_status":"open","sticky":false,"template":"","format":"standard","meta":{"_mi_skip_tracking":false,"_monsterinsights_sitenote_active":false,"_monsterinsights_sitenote_note":"","_monsterinsights_sitenote_category":0,"jetpack_post_was_ever_published":false,"_jetpack_newsletter_access":"","jetpack_publicize_message":"","jetpack_is_tweetstorm":false,"jetpack_publicize_feature_enabled":true,"jetpack_social_post_already_shared":false,"jetpack_social_options":{"image_generator_settings":{"template":"highway","enabled":false}}},"categories":[52,57,17,59,16],"tags":[],"jetpack_publicize_connections":[],"jetpack_featured_media_url":"","jetpack_sharing_enabled":true,"jetpack_shortlink":"https:\/\/wp.me\/p4jV2T-1q1","jetpack_likes_enabled":true,"jetpack-related-posts":[{"id":669,"url":"http:\/\/www.robertosedda.it\/?p=669","url_meta":{"origin":5457,"position":0},"title":"La globalizzazione di Vinoba","author":"Rufus","date":"23\/08\/2012","format":false,"excerpt":"Sto leggendo una raccolta di scritti di Gandhi su Villaggio e autonomia. Si tratta di una discreta sintesi del pensiero di Gandhi sul futuro economico e poitico dell'India e in particolare delle sue enormi masse rurali, per le quali Gandhi proponeva quella che oggi chiameremmo devolution, cio\u00e8 in pratica una\u2026","rel":"","context":"In &quot;Coordinate&quot;","block_context":{"text":"Coordinate","link":"http:\/\/www.robertosedda.it\/?cat=52"},"img":{"alt_text":"","src":"https:\/\/i0.wp.com\/www.robertosedda.it\/wp-content\/uploads\/2012\/08\/villaggio_gandhi_b.jpg?fit=400%2C597&resize=350%2C200","width":350,"height":200},"classes":[]},{"id":8914,"url":"http:\/\/www.robertosedda.it\/?p=8914","url_meta":{"origin":5457,"position":1},"title":"Quali intellettuali in Sardegna? Un intervento di Piero Marcialis","author":"Rufus","date":"19\/11\/2014","format":false,"excerpt":"Oltre che su questo\u00a0blog questo articolo viene pubblicato anche sui siti di\u00a0Fondazione Sardinia,\u00a0Aladinpensiero,\u00a0Tramas de amistade,\u00a0Sardegna Soprattutto,\u00a0Sportello Formaparis,\u00a0Tottusinpari e sui blog di\u00a0Enrico Lobina,\u00a0Vito Biolchini\u00a0e\u00a0Francesca Madrigali. Quali intellettuali in Sardegna? di Piero Marcialis Si scalda (forse) il dibattito sugli intellettuali in Sardegna. Non mi soffermo a dire che intellettuali siamo un po\u2019\u2026","rel":"","context":"In &quot;Coordinate&quot;","block_context":{"text":"Coordinate","link":"http:\/\/www.robertosedda.it\/?cat=52"},"img":{"alt_text":"","src":"https:\/\/i0.wp.com\/www.robertosedda.it\/wp-content\/uploads\/2014\/11\/intellettuali1.jpg?fit=360%2C269&resize=350%2C200","width":350,"height":200},"classes":[]},{"id":10344,"url":"http:\/\/www.robertosedda.it\/?p=10344","url_meta":{"origin":5457,"position":2},"title":"E finalmente a Oggi parliamo di libri arriv\u00f2 Tolstoj (e Anna Karenina)","author":"Rufus","date":"09\/06\/2015","format":"video","excerpt":"Mi \u00e8 capitato da poco di assistere allo spettacolo dedicato a Galileo da Marco Paolini. A un certo punto l'attore dice, pi\u00f9 o meno, che arrivati a una certa et\u00e0 quando si parla di classici si deve sempre dire che li si sta\u00a0rileggendo: ci fai comunque un figurone (che belle\u2026","rel":"","context":"In &quot;Coordinate&quot;","block_context":{"text":"Coordinate","link":"http:\/\/www.robertosedda.it\/?cat=52"},"img":{"alt_text":"","src":"https:\/\/i0.wp.com\/img.youtube.com\/vi\/Okf9ZypHhkc\/0.jpg?resize=350%2C200","width":350,"height":200},"classes":[]},{"id":6513,"url":"http:\/\/www.robertosedda.it\/?p=6513","url_meta":{"origin":5457,"position":3},"title":"Cappellacci\/Berlusconi hanno perso. La Sardegna ancora non ha vinto. Un articolo di Salvatore Cubeddu","author":"Rufus","date":"19\/02\/2014","format":false,"excerpt":"Con la fine delle elezioni i blogger del luned\u00ec devono avere ripreso le riunioni, perch\u00e9 vedo comparire sui siti amici l'articolo che segue (devo dire la verit\u00e0, non me l'hanno mandato: ahi! che offesa, mi coraz\u00f2n). L'autore \u00e8 Salvatore Cubeddu e, come sempre, corredo l'articolo con una sua foto. Se\u2026","rel":"","context":"In &quot;Coordinate&quot;","block_context":{"text":"Coordinate","link":"http:\/\/www.robertosedda.it\/?cat=52"},"img":{"alt_text":"","src":"https:\/\/i0.wp.com\/www.robertosedda.it\/wp-content\/uploads\/2013\/12\/Salvatore-Cubeddu.jpg?fit=500%2C374&resize=350%2C200","width":350,"height":200},"classes":[]},{"id":13853,"url":"http:\/\/www.robertosedda.it\/?p=13853","url_meta":{"origin":5457,"position":4},"title":"Scollegamenti","author":"Rufus","date":"16\/06\/2017","format":false,"excerpt":"Di solito cerco di scrivere qualcosa sul blog tutti i giorni, escluso il week-end, ma in questi ultimi mesi mi capita di non mantenere affatto questo ritmo: per restare a questa settimana, luned\u00ec e marted\u00ec non ho scritto niente e nemmeno ieri. Ora, non \u00e8 che tenga il blog per\u2026","rel":"","context":"In &quot;Coordinate&quot;","block_context":{"text":"Coordinate","link":"http:\/\/www.robertosedda.it\/?cat=52"},"img":{"alt_text":"","src":"https:\/\/i0.wp.com\/www.robertosedda.it\/wp-content\/uploads\/2017\/06\/Schermata-del-2017-06-16-16-07-30.png?fit=1161%2C462&resize=350%2C200","width":350,"height":200,"srcset":"https:\/\/i0.wp.com\/www.robertosedda.it\/wp-content\/uploads\/2017\/06\/Schermata-del-2017-06-16-16-07-30.png?fit=1161%2C462&resize=350%2C200 1x, https:\/\/i0.wp.com\/www.robertosedda.it\/wp-content\/uploads\/2017\/06\/Schermata-del-2017-06-16-16-07-30.png?fit=1161%2C462&resize=700%2C400 2x, https:\/\/i0.wp.com\/www.robertosedda.it\/wp-content\/uploads\/2017\/06\/Schermata-del-2017-06-16-16-07-30.png?fit=1161%2C462&resize=1050%2C600 3x"},"classes":[]},{"id":9559,"url":"http:\/\/www.robertosedda.it\/?p=9559","url_meta":{"origin":5457,"position":5},"title":"Bainzu Piliu, Pertini e Mattarella. E la Sardegna come l\u2019Alabama (di Piero Marcialis)","author":"Rufus","date":"10\/02\/2015","format":false,"excerpt":"Questo articolo viene\u00a0pubblicato anche dai siti\u00a0di\u00a0Fondazione Sardinia, Tramasdeamistade,\u00a0 SardegnaSoprattutto,\u00a0Sportello Formaparis,\u00a0Tottusinpari e sui blog\u00a0di\u00a0Enrico Lobina,\u00a0Vito Biolchini\u00a0e\u00a0Francesca Madrigali. Bainzu Piliu, Pertini e Mattarella. E la Sardegna come l\u2019Alabama di Piero Marcialis In questi primi giorni di febbraio sono impegnato a scrivere la riduzione teatrale del libro di Bainzu Piliu Cella n. 21.\u2026","rel":"","context":"In &quot;Coordinate&quot;","block_context":{"text":"Coordinate","link":"http:\/\/www.robertosedda.it\/?cat=52"},"img":{"alt_text":"","src":"https:\/\/i0.wp.com\/www.robertosedda.it\/wp-content\/uploads\/2015\/02\/Baizu-Piliu.jpg?fit=500%2C378&resize=350%2C200","width":350,"height":200},"classes":[]}],"_links":{"self":[{"href":"http:\/\/www.robertosedda.it\/index.php?rest_route=\/wp\/v2\/posts\/5457"}],"collection":[{"href":"http:\/\/www.robertosedda.it\/index.php?rest_route=\/wp\/v2\/posts"}],"about":[{"href":"http:\/\/www.robertosedda.it\/index.php?rest_route=\/wp\/v2\/types\/post"}],"author":[{"embeddable":true,"href":"http:\/\/www.robertosedda.it\/index.php?rest_route=\/wp\/v2\/users\/1"}],"replies":[{"embeddable":true,"href":"http:\/\/www.robertosedda.it\/index.php?rest_route=%2Fwp%2Fv2%2Fcomments&post=5457"}],"version-history":[{"count":4,"href":"http:\/\/www.robertosedda.it\/index.php?rest_route=\/wp\/v2\/posts\/5457\/revisions"}],"predecessor-version":[{"id":9117,"href":"http:\/\/www.robertosedda.it\/index.php?rest_route=\/wp\/v2\/posts\/5457\/revisions\/9117"}],"wp:attachment":[{"href":"http:\/\/www.robertosedda.it\/index.php?rest_route=%2Fwp%2Fv2%2Fmedia&parent=5457"}],"wp:term":[{"taxonomy":"category","embeddable":true,"href":"http:\/\/www.robertosedda.it\/index.php?rest_route=%2Fwp%2Fv2%2Fcategories&post=5457"},{"taxonomy":"post_tag","embeddable":true,"href":"http:\/\/www.robertosedda.it\/index.php?rest_route=%2Fwp%2Fv2%2Ftags&post=5457"}],"curies":[{"name":"wp","href":"https:\/\/api.w.org\/{rel}","templated":true}]}}