{"id":5433,"date":"2013-12-13T23:01:46","date_gmt":"2013-12-13T22:01:46","guid":{"rendered":"http:\/\/www.robertosedda.it\/?p=5433"},"modified":"2023-12-14T13:00:22","modified_gmt":"2023-12-14T12:00:22","slug":"oggi-parliamo-di-libri-ricomincia-con-sherlock-holmes","status":"publish","type":"post","link":"http:\/\/www.robertosedda.it\/?p=5433","title":{"rendered":"&#8220;Oggi parliamo di libri&#8221; ricomincia con Sherlock Holmes"},"content":{"rendered":"<p>Il 3 ottobre (sembra gi\u00e0 un secolo fa) ho ricominciato ad andare in onda con <em>Oggi parliamo di libri<\/em>. A oggi abbiamo fatto pi\u00f9 di dieci puntate, quindi sono in ritardissimo con la pubblicazione su <a href=\"http:\/\/www.youtube.com\/channel\/UC37IP50YwIadpe6Wqz4RpEw\"><em>YouTube<\/em><\/a> e qui sul <em>blog<\/em> (approfitto per ringraziare pubblicamente Fabio Figus che mi prepara i <em>file<\/em>).<\/p>\n<p>Pubblico oggi la puntata su Sherlock Holmes, a breve cercher\u00f2 di ridurre il ritardo.<\/p>\n<div class=\"jetpack-video-wrapper\"><span class=\"embed-youtube\" style=\"text-align:center; display: block;\"><iframe class=\"youtube-player\" width=\"800\" height=\"450\" src=\"https:\/\/www.youtube.com\/embed\/BDYr6-uKvEE?version=3&#038;rel=1&#038;showsearch=0&#038;showinfo=1&#038;iv_load_policy=1&#038;fs=1&#038;hl=it-IT&#038;autohide=2&#038;wmode=transparent\" allowfullscreen=\"true\" style=\"border:0;\" sandbox=\"allow-scripts allow-same-origin allow-popups allow-presentation\"><\/iframe><\/span><\/div>\n<p>Sulla puntata non ho molte osservazioni da fare; avevo segnato un milione di altre cose da dire e mi \u00e8 finito il tempo, ma quello per me \u00e8 usuale, purtroppo.<\/p>\n<p>In particolare non ho potuto giustificare particolarmente un&#8217;affermazione che potrebbe apparire paradossale, e cio\u00e8 che le storie di <em><\/em>Sherlock Holmes non sono gialli, ma racconti di avventura. In realt\u00e0 se si leggono in lungo e in largo le raccolte di racconti ci si rende conto che Conan Doyle, all&#8217;interno di un quadro costante di riferimento che \u00e8 quello del famoso metodo scientifico di indagine \u00e8 spesso pi\u00f9 interessato a fornire al pubblico quel che cerca (commozione, raccapriccio, divertimento, esotismo&#8230;) che non a proporre e risolvere enigmi: Sherlock Holmes \u00e8 talvolta un pretesto, o un grimaldello, per mettere in scena quegli elementi di letteratura popolare desiderati dal suo autore.<\/p>\n<p>E a proposito di strumento: mi \u00e8 finito il tempo mentre leggevo il riassunto delle capacit\u00e0 di Sherlock Holmes stilato dal dottor Watson all&#8217;inizio di <em>Uno studio in rosso<\/em>: lo ripropongo qui per completezza e perch\u00e9 lo trovo sempre molto divertente.<\/p>\n<blockquote><p>SHERLOCK HOLMES &#8211; I suoi limiti<\/p>\n<ol>\n<li>Conoscenza della letteratura &#8211; nessuna<\/li>\n<li>Filosofia &#8211; nessuna<\/li>\n<li>Astronomia &#8211; nessuna<\/li>\n<li>Politica &#8211; scarsa<\/li>\n<li>Botanica &#8211; Variabile. Esperto di belladonna, oppio e in generale di veleni. Non sa nulla di giardinaggio pratico.<\/li>\n<li>Geologia &#8211; Per frequentazione diretta, ma limitata. Distingue a prima vista tipi di terreni diversi gli uni dagli altri. Dopo delle passeggiate mi ha fatto vedere degli schizzi di fango sui pantaloni, e sulla base del loro colore e aspetto mi ha detto in quali parti di Londra si \u00e8 macchiato.<\/li>\n<li>Chimica &#8211; Profonda.<\/li>\n<li>Anatomia &#8211; Accurata, ma non sistematica.<\/li>\n<li>Letteratura sensazionalistica &#8211; Immensa. Pare conoscere ogni dettaglio di ogni orrore perpetrato in questo secolo.<\/li>\n<li>Suona bene il violino.<\/li>\n<li>\u00c8 esperto di lotta col bastone, pugilato e scherma.<\/li>\n<li>Ha una buona conoscenza di base della legge inglese.<\/li>\n<\/ol>\n<\/blockquote>\n<p>Dopo aver stilato questa lista Watson \u00e8 disperato: che professione far\u00e0 uno che si \u00e8 accuratamente procurato queste competenze, a prezzo di tali limitazioni? Ma il <em>consulting detective<\/em>, perbacco.<\/p>\n<p>Durante la puntata abbiamo trasmesso <em>Watching the detectives<\/em>, di Elvis Costello<\/p>\n<div class=\"jetpack-video-wrapper\"><span class=\"embed-youtube\" style=\"text-align:center; display: block;\"><iframe class=\"youtube-player\" width=\"800\" height=\"450\" src=\"https:\/\/www.youtube.com\/embed\/K--POHTLGY0?version=3&#038;rel=1&#038;showsearch=0&#038;showinfo=1&#038;iv_load_policy=1&#038;fs=1&#038;hl=it-IT&#038;autohide=2&#038;wmode=transparent\" allowfullscreen=\"true\" style=\"border:0;\" sandbox=\"allow-scripts allow-same-origin allow-popups allow-presentation\"><\/iframe><\/span><\/div>\n","protected":false},"excerpt":{"rendered":"<p>Il 3 ottobre (sembra gi\u00e0 un secolo fa) ho ricominciato ad andare in onda con Oggi parliamo di libri. A<\/p>\n","protected":false},"author":1,"featured_media":19944,"comment_status":"open","ping_status":"open","sticky":false,"template":"","format":"video","meta":{"_mi_skip_tracking":false,"_monsterinsights_sitenote_active":false,"_monsterinsights_sitenote_note":"","_monsterinsights_sitenote_category":0,"jetpack_post_was_ever_published":false,"_jetpack_newsletter_access":"","jetpack_publicize_message":"","jetpack_is_tweetstorm":false,"jetpack_publicize_feature_enabled":true,"jetpack_social_post_already_shared":false,"jetpack_social_options":{"image_generator_settings":{"template":"highway","enabled":false}}},"categories":[52,56,13,68,12],"tags":[],"jetpack_publicize_connections":[],"jetpack_featured_media_url":"https:\/\/i0.wp.com\/www.robertosedda.it\/wp-content\/uploads\/2013\/12\/Sherlock-Parliamo-di-libri.jpg?fit=766%2C448","jetpack_sharing_enabled":true,"jetpack_shortlink":"https:\/\/wp.me\/p4jV2T-1pD","jetpack_likes_enabled":true,"jetpack-related-posts":[{"id":5438,"url":"http:\/\/www.robertosedda.it\/?p=5438","url_meta":{"origin":5433,"position":0},"title":"La puntata di &#8220;Oggi parliamo di libri&#8221; su Martin Beck","author":"Rufus","date":"15\/12\/2013","format":"video","excerpt":"Da Sherlock Holmes ai romanzi polizieschi della coppia Maj Sj\u00f6wall e Per Wahl\u00f6\u00f6 c'\u00e8 una certa distanza, ma ho deciso di non organizzare le puntate secondo un criterio cronologico o tematico, ma di procedere per suggestioni e contrapposizioni e, diciamolo, un po' come mi veniva (anche perch\u00e9 ho spostato pi\u00f9\u2026","rel":"","context":"In &quot;Coordinate&quot;","block_context":{"text":"Coordinate","link":"http:\/\/www.robertosedda.it\/?cat=52"},"img":{"alt_text":"","src":"https:\/\/i0.wp.com\/img.youtube.com\/vi\/lekpM7u1meM\/0.jpg?resize=350%2C200","width":350,"height":200},"classes":[]},{"id":7594,"url":"http:\/\/www.robertosedda.it\/?p=7594","url_meta":{"origin":5433,"position":1},"title":"&#8220;Il nome della rosa&#8221;: libro, radio e cinema","author":"Rufus","date":"04\/06\/2014","format":"video","excerpt":"Prima di ogni altra cosa devo ammetterlo: sono un cialtrone. Involontario, magari, ma un cialtrone. Se sentite la puntata di Oggi parliamo di libri dedicata a Il nome della rosa vi renderete conto che c'\u00e8 una lunga parte (tra l'altro troppo lunga, tanto che mi ha costretto a tagliare altre\u2026","rel":"","context":"In &quot;Coordinate&quot;","block_context":{"text":"Coordinate","link":"http:\/\/www.robertosedda.it\/?cat=52"},"img":{"alt_text":"","src":"https:\/\/i0.wp.com\/www.robertosedda.it\/wp-content\/uploads\/2014\/06\/Nome-della-rosa.png?fit=761%2C438&resize=350%2C200","width":350,"height":200,"srcset":"https:\/\/i0.wp.com\/www.robertosedda.it\/wp-content\/uploads\/2014\/06\/Nome-della-rosa.png?fit=761%2C438&resize=350%2C200 1x, https:\/\/i0.wp.com\/www.robertosedda.it\/wp-content\/uploads\/2014\/06\/Nome-della-rosa.png?fit=761%2C438&resize=700%2C400 2x"},"classes":[]},{"id":4594,"url":"http:\/\/www.robertosedda.it\/?p=4594","url_meta":{"origin":5433,"position":2},"title":"La musica che metter\u00f2, se me la consigliate","author":"Rufus","date":"10\/10\/2013","format":false,"excerpt":"Sono ripartite su Radio Kalaritana le trasmissioni di Oggi parliamo di libri. Ok, breve riassunto pubblicitario: vado in onda il gioved\u00ec alle 19,10 e in replica il venerd\u00ec alle 8,30 del mattino sui 97.5 FM (o in streaming). La trasmissione ha anche una sua pagina Facebook che dopo la pausa\u2026","rel":"","context":"In &quot;Coordinate&quot;","block_context":{"text":"Coordinate","link":"http:\/\/www.robertosedda.it\/?cat=52"},"img":{"alt_text":"","src":"https:\/\/i0.wp.com\/www.robertosedda.it\/wp-content\/uploads\/2013\/03\/535033_144686819023383_216259237_n.jpg?fit=960%2C960&resize=350%2C200","width":350,"height":200,"srcset":"https:\/\/i0.wp.com\/www.robertosedda.it\/wp-content\/uploads\/2013\/03\/535033_144686819023383_216259237_n.jpg?fit=960%2C960&resize=350%2C200 1x, https:\/\/i0.wp.com\/www.robertosedda.it\/wp-content\/uploads\/2013\/03\/535033_144686819023383_216259237_n.jpg?fit=960%2C960&resize=700%2C400 2x"},"classes":[]},{"id":5636,"url":"http:\/\/www.robertosedda.it\/?p=5636","url_meta":{"origin":5433,"position":3},"title":"I bisticci di Nero Wolfe e del suo tirapiedi","author":"Rufus","date":"29\/12\/2013","format":"video","excerpt":"Sulla puntata di Oggi parliamo di libri dedicata a Nero Wolfe non ho molto da dire. Le storie di Rex Stout dedicate all'investigatore ciccione e al suo caustico assistente sono state sicuramente fra i gialli preferiti della mia adolescenza; ne ho poi fatto una rilettura estensiva due anni fa, trovandole\u2026","rel":"","context":"In &quot;Coordinate&quot;","block_context":{"text":"Coordinate","link":"http:\/\/www.robertosedda.it\/?cat=52"},"img":{"alt_text":"","src":"https:\/\/i0.wp.com\/img.youtube.com\/vi\/Ab3GfykqhFY\/0.jpg?resize=350%2C200","width":350,"height":200},"classes":[]},{"id":5537,"url":"http:\/\/www.robertosedda.it\/?p=5537","url_meta":{"origin":5433,"position":4},"title":"Fabio Montale e la trilogia di Marsiglia","author":"Rufus","date":"20\/12\/2013","format":"video","excerpt":"Ho registrato le prima quattro puntate di Oggi parliamo di libri della nuova stagione tutte insieme. Tranne quella su Sherlock Holmes soffrono tutte di una quantit\u00e0 esorbitante di errori di espressione, scelte malaccorte di parole o puri e semplici errori, come questa su Fabio Montale e Jean-Claude Izzo in cui\u2026","rel":"","context":"In &quot;Coordinate&quot;","block_context":{"text":"Coordinate","link":"http:\/\/www.robertosedda.it\/?cat=52"},"img":{"alt_text":"","src":"https:\/\/i0.wp.com\/www.robertosedda.it\/wp-content\/uploads\/2013\/12\/Jean-Claude-Izzo-ritratto-in-un-acquerello-di-J_-Ferrandez.png?fit=380%2C261&resize=350%2C200","width":350,"height":200},"classes":[]},{"id":1235,"url":"http:\/\/www.robertosedda.it\/?p=1235","url_meta":{"origin":5433,"position":5},"title":"Sherlock (BBC)","author":"Rufus","date":"05\/11\/2012","format":"video","excerpt":"La lettura estiva di The bekeeper's apprentice deve avere risvegliato qualcosa di in me, perch\u00e9 ho trovato irresistibile la segnalazione, fatta dall'ottimo The blog around the corner, di questa serie inglese che trasporta Holmes, Watson, Lestrade, Moriarty e tutto il cast originale ai giorni nostri. In realt\u00e0 avevo gi\u00e0 letto\u2026","rel":"","context":"In &quot;Coordinate&quot;","block_context":{"text":"Coordinate","link":"http:\/\/www.robertosedda.it\/?cat=52"},"img":{"alt_text":"","src":"https:\/\/i0.wp.com\/img.youtube.com\/vi\/cSQq_bC5kIw\/0.jpg?resize=350%2C200","width":350,"height":200},"classes":[]}],"_links":{"self":[{"href":"http:\/\/www.robertosedda.it\/index.php?rest_route=\/wp\/v2\/posts\/5433"}],"collection":[{"href":"http:\/\/www.robertosedda.it\/index.php?rest_route=\/wp\/v2\/posts"}],"about":[{"href":"http:\/\/www.robertosedda.it\/index.php?rest_route=\/wp\/v2\/types\/post"}],"author":[{"embeddable":true,"href":"http:\/\/www.robertosedda.it\/index.php?rest_route=\/wp\/v2\/users\/1"}],"replies":[{"embeddable":true,"href":"http:\/\/www.robertosedda.it\/index.php?rest_route=%2Fwp%2Fv2%2Fcomments&post=5433"}],"version-history":[{"count":6,"href":"http:\/\/www.robertosedda.it\/index.php?rest_route=\/wp\/v2\/posts\/5433\/revisions"}],"predecessor-version":[{"id":6422,"href":"http:\/\/www.robertosedda.it\/index.php?rest_route=\/wp\/v2\/posts\/5433\/revisions\/6422"}],"wp:featuredmedia":[{"embeddable":true,"href":"http:\/\/www.robertosedda.it\/index.php?rest_route=\/wp\/v2\/media\/19944"}],"wp:attachment":[{"href":"http:\/\/www.robertosedda.it\/index.php?rest_route=%2Fwp%2Fv2%2Fmedia&parent=5433"}],"wp:term":[{"taxonomy":"category","embeddable":true,"href":"http:\/\/www.robertosedda.it\/index.php?rest_route=%2Fwp%2Fv2%2Fcategories&post=5433"},{"taxonomy":"post_tag","embeddable":true,"href":"http:\/\/www.robertosedda.it\/index.php?rest_route=%2Fwp%2Fv2%2Ftags&post=5433"}],"curies":[{"name":"wp","href":"https:\/\/api.w.org\/{rel}","templated":true}]}}