{"id":5145,"date":"2013-11-28T08:17:21","date_gmt":"2013-11-28T07:17:21","guid":{"rendered":"http:\/\/www.robertosedda.it\/?p=5145"},"modified":"2014-12-06T19:26:56","modified_gmt":"2014-12-06T18:26:56","slug":"io-amo-questuomo","status":"publish","type":"post","link":"http:\/\/www.robertosedda.it\/?p=5145","title":{"rendered":"Io amo quest&#8217;uomo"},"content":{"rendered":"<p>Sono arrivato alla <a title=\"Mamma, \u00e8 successo un casino\" href=\"http:\/\/www.robertosedda.it\/?p=5126\">storia della lotta di Charlotte Laws contro il porno vendicativo, di cui ho scritto ieri<\/a>, attraverso una segnalazione su\u00a0<em>Facebook<\/em> di <a href=\"http:\/\/www.patrickrothfuss.com\/content\/index.asp\">Patrick Rothfuss<\/a>, lo scrittore <em>fantasy<\/em> che ho citato qui un paio di volte, l&#8217;<a title=\"Costruttori di mondi benefici\" href=\"http:\/\/www.robertosedda.it\/?p=2725\">esperto di beneficenza<\/a> e <a title=\"Quella mano sulla culla\" href=\"http:\/\/www.robertosedda.it\/?p=3476\">l&#8217;uomo che cercava una <em>babysitter<\/em><\/a>.<\/p>\n<p>Sotto la segnalazione di Rothfuss si sono ben presto accumulati commenti dei suoi <em>fan<\/em>, non tutti esattamente benevoli nei confronti delle ragazze che si erano fatte foto di nudo (\u00abCosa <em>pretendono<\/em>?\u00bb era il tono pi\u00f9 accomodante)<em>.<\/em> Cos\u00ec lui ha scritto un breve testo che condivido parola per parola e che perci\u00f2 vi traduco.<\/p>\n<p>A voi: Patrick Rothfuss in una delle sue migliori tirate (devo dire: presi nel complesso gli autori di <em>fantasy<\/em> non sono un cattivo gruppo. C&#8217;\u00e8 molta gente pi\u00f9 che rispettabile e al servizio di buone cause, <a title=\"Neil Gaiman e le biblioteche\" href=\"http:\/\/www.robertosedda.it\/?p=4724\">come il Gaiman che vi ho presentato tempo fa<\/a>. \u00c8 qualcosa su cui riflettere, secondo me).<\/p>\n<p>Avviso: moderata quantit\u00e0 di turpiloquio.<\/p>\n<h3>Dalla bacheca <em>Facebook<\/em> di Patrick Rothfuss<\/h3>\n<p><a href=\"https:\/\/i0.wp.com\/www.robertosedda.it\/wp-content\/uploads\/2013\/06\/rothfuss-whedon.jpg\"><img data-attachment-id=\"3477\" data-permalink=\"http:\/\/www.robertosedda.it\/?attachment_id=3477\" data-orig-file=\"https:\/\/i0.wp.com\/www.robertosedda.it\/wp-content\/uploads\/2013\/06\/rothfuss-whedon.jpg?fit=1704%2C2272\" data-orig-size=\"1704,2272\" data-comments-opened=\"1\" data-image-meta=\"{&quot;aperture&quot;:&quot;3.2&quot;,&quot;credit&quot;:&quot;&quot;,&quot;camera&quot;:&quot;Canon PowerShot A85&quot;,&quot;caption&quot;:&quot;&quot;,&quot;created_timestamp&quot;:&quot;1199349456&quot;,&quot;copyright&quot;:&quot;&quot;,&quot;focal_length&quot;:&quot;6.59375&quot;,&quot;iso&quot;:&quot;0&quot;,&quot;shutter_speed&quot;:&quot;0.016666666666667&quot;,&quot;title&quot;:&quot;&quot;}\" data-image-title=\"rothfuss whedon\" data-image-description=\"\" data-image-caption=\"\" data-medium-file=\"https:\/\/i0.wp.com\/www.robertosedda.it\/wp-content\/uploads\/2013\/06\/rothfuss-whedon.jpg?fit=224%2C300\" data-large-file=\"https:\/\/i0.wp.com\/www.robertosedda.it\/wp-content\/uploads\/2013\/06\/rothfuss-whedon.jpg?fit=510%2C680\" decoding=\"async\" loading=\"lazy\" class=\"alignleft size-medium wp-image-3477\" src=\"https:\/\/i0.wp.com\/www.robertosedda.it\/wp-content\/uploads\/2013\/06\/rothfuss-whedon.jpg?resize=224%2C300\" alt=\"rothfuss whedon\" width=\"224\" height=\"300\" srcset=\"https:\/\/i0.wp.com\/www.robertosedda.it\/wp-content\/uploads\/2013\/06\/rothfuss-whedon.jpg?resize=224%2C300 224w, https:\/\/i0.wp.com\/www.robertosedda.it\/wp-content\/uploads\/2013\/06\/rothfuss-whedon.jpg?resize=768%2C1024 768w, https:\/\/i0.wp.com\/www.robertosedda.it\/wp-content\/uploads\/2013\/06\/rothfuss-whedon.jpg?resize=700%2C933 700w, https:\/\/i0.wp.com\/www.robertosedda.it\/wp-content\/uploads\/2013\/06\/rothfuss-whedon.jpg?w=1704 1704w, https:\/\/i0.wp.com\/www.robertosedda.it\/wp-content\/uploads\/2013\/06\/rothfuss-whedon.jpg?w=1600 1600w\" sizes=\"(max-width: 224px) 100vw, 224px\" data-recalc-dims=\"1\" \/><\/a>Ok gente: stiamo per aver un momento didattico, qui.<\/p>\n<p>Prima che le cose vadano ulteriormente fuori controllo nei commenti al mio <em>post<\/em> precedente, fatemi spiegare un paio di cose.<\/p>\n<p>Sono saltate fuori una serie di variazioni di uno stesso concetto: \u00abSe non voleva che nessuno le vedesse, perch\u00e9 mai si \u00e8 fatta delle fotografie di nudo, tanto per cominciare?\u00bb.<\/p>\n<p>Questo si dice prendersela con la vittima, e, detto semplicemente, non \u00e8 una gran cosa da fare.<\/p>\n<p>\u00c8 come se qualcuno mi rubasse duecento sacchi, e voi alzaste gli occhi al cielo e diceste: \u00abE cosa ti aspettavi, se te ne vai in giro con tutti quei soldi in tasca?\u00bb.<\/p>\n<p>Se \u00e8 vero che non avrebbero potuto rubarmi i soldi se io non li avessi avuti addosso, l&#8217;intera frase manca del tutto l&#8217;argomento.<\/p>\n<p>Se mi rapinano, la colpa della rapina, <em>tutta <\/em>la colpa, \u00e8 sulle spalle del ladro.<\/p>\n<p>Allo stesso modo, se io conservo foto di me senza vestiti sul mio computer, sono davvero fottuti affari miei. Non \u00e8 cercare guai.<\/p>\n<p>Trarre soddisfazione dal proprio corpo non \u00e8 un delitto. Essere attraenti non \u00e8 un delitto. Esse sessualmente attivi o seducenti non \u00e8 un delitto. Essere una donna non \u00e8 un delitto.<\/p>\n<p>E nessuna di queste cose \u00e8 nemmeno un invito valido a commettere un delitto.<\/p>\n<p>Dovete assolutamente capirlo.<\/p>\n<p>Ora, potrebbe ben darsi che voi non abbiate mai pensato di farvi una foto nudi. E cos\u00ec quando scoprite che qualcuno lo ha fatto, ne siete sconcertati. Vi potreste chiedere, nel profondo di voi stessi: \u00abPerch\u00e9 qualcuno dovrebbe fare una cosa simile?\u00bb.<\/p>\n<p>\u00c8 una domanda naturale. \u00c8 una <em>buona<\/em> domanda. \u00c8 una domanda che mostra empatia. Mostra che siete curiosi rispetto ai funzionamenti intimi di un altro essere umano.<\/p>\n<p>Anche un certo ammontare di incredulit\u00e0 \u00e8 ragionevole, se qualcosa \u00e8 davvero fuori del vostro campo di esperienze. Anche questo \u00e8 naturale.<\/p>\n<p>Ma se la sola risposta che riuscite a darvi \u00e8 qualcosa del genere: \u00abUna potrebbe avere delle foto di nudo di se stessa solo se \u00e8 una puttana che desidera segretamente di essere violentata\u00bb.<\/p>\n<p>Bene, quello \u00e8 un problema. Non \u00e8 ragionevole. \u00c8 davvero della robaccia di merda.<\/p>\n<p>Ma non vuol dire che voi siate una cattiva persona. Ci tengo a sottolinearlo.<\/p>\n<p>Ci\u00f2 che \u00e8 successo \u00e8 che siete stati casualmente avvelenati dalla nostra cultura.<\/p>\n<p>Noi assorbiamo conoscenza culturale da quando siamo molto, molto piccoli. Nello stesso modo con cui impariamo il linguaggio. Nello stesso modo in cui impariamo la differenza fra &#8220;magro&#8221; e &#8220;slanciato&#8221;.<\/p>\n<p>Questo tipo di conoscenza culturale non \u00e8 insegnato. Semplicemente ne veniamo imbevuti.<\/p>\n<p>E una parte di questo \u00e8 buono. \u00c8 cos\u00ec che impariamo ad amare. \u00c8 cos\u00ec che impariamo lo <em>humour<\/em>. \u00c8 cos\u00ec che impariamo cose impalpabili come la giustizia e la correttezza.<\/p>\n<p>Ma assorbiamo anche una parte delle cose negative della cultura. E la nostra cultura ha un problema con le donne. E col sesso. E donne e sesso insieme&#8230; beh, con quello abbiamo <em>davvero<\/em> un problema.<\/p>\n<p>Cos\u00ec se qualcuno di voi <em>pensa<\/em>: \u00abSolo una puttana&#8230;\u00bb quello \u00e8 comprensibile. Non \u00e8 bene, ma \u00e8 comprensibile. Sotto certi aspetti \u00e8 cos\u00ec che voi siete stati addestrati a pensare dalla cultura in cui siete cresciuti.<\/p>\n<p>Ma <em>dovete<\/em> giungere a comprendere che \u00e8 sbagliato.<\/p>\n<p>Allo stesso modo, un ragazzino che crede al Coniglio Pasquale non \u00e8 <em>cattivo<\/em>. Cresciamo credendo a ogni genere di cose, e alcune di queste cose sono semplicemente delle cazzate.<\/p>\n<p>Ma una delle cose che rende gli esseri umani fantastici \u00e8 la nostra abilit\u00e0 di ristrutturare i nostri modi di ragionare. Non siamo animali puramente istintivi. Siamo capaci di adattarci. Siamo, con qualche difficolt\u00e0, capaci di disimparare cose sbagliate.<\/p>\n<p>Possiamo, se facciamo attenzione, trovare i nostri pensieri spazzatura e riprogrammare noi stessi per essere persone diverse, migliori.<\/p>\n<p>Ora se: \u00abUna donna potrebbe avere delle foto di nudo di se stessa solo se \u00e8 una puttana che desidera segretamente di essere violentata\u00bb \u00e8 la <em>sola<\/em> possibile risposta che riuscite a trovare&#8230; Mi dispiace&#8230; ma potreste avere qualche problema di cui dovreste parlare con qualcuno. Seriamente.<\/p>\n<p>Diamine. Tutto questo \u00e8 gi\u00e0 troppo lungo per <em>Facebook<\/em>. Potrei continuare l&#8217;argomento sul mio <em>blog<\/em> pi\u00f9 avanti. Questa roba \u00e8 importante, e merita di essere discussa in un posto pi\u00f9 adeguato.<\/p>\n<p>Abbiamo bisogno di esser buoni gli uni verso gli altri, gente.<\/p>\n<p>Cos\u00ec siate buoni.<\/p>\n","protected":false},"excerpt":{"rendered":"<p>Sono arrivato alla storia della lotta di Charlotte Laws contro il porno vendicativo, di cui ho scritto ieri, attraverso una<\/p>\n","protected":false},"author":1,"featured_media":3477,"comment_status":"open","ping_status":"open","sticky":false,"template":"","format":"standard","meta":{"_mi_skip_tracking":false,"_monsterinsights_sitenote_active":false,"_monsterinsights_sitenote_note":"","_monsterinsights_sitenote_category":0,"jetpack_post_was_ever_published":false,"_jetpack_newsletter_access":"","jetpack_publicize_message":"","jetpack_is_tweetstorm":false,"jetpack_publicize_feature_enabled":true,"jetpack_social_post_already_shared":false,"jetpack_social_options":{"image_generator_settings":{"template":"highway","enabled":false}}},"categories":[52,57,17,59,16],"tags":[],"jetpack_publicize_connections":[],"jetpack_featured_media_url":"https:\/\/i0.wp.com\/www.robertosedda.it\/wp-content\/uploads\/2013\/06\/rothfuss-whedon.jpg?fit=1704%2C2272","jetpack_sharing_enabled":true,"jetpack_shortlink":"https:\/\/wp.me\/p4jV2T-1kZ","jetpack_likes_enabled":true,"jetpack-related-posts":[{"id":3476,"url":"http:\/\/www.robertosedda.it\/?p=3476","url_meta":{"origin":5145,"position":0},"title":"Quella mano sulla culla","author":"Rufus","date":"10\/06\/2013","format":false,"excerpt":"Come ho raccontato altrove seguo con piacere Patrick Rothfuss, l'autore de Il nome del vento e La paura dell'uomo saggio. Come autore ho qualche volta delle perplessit\u00e0 su di lui, ma Rothfuss \u00e8 un personaggio notevole, il suo blog \u00e8 una lettura stimolante\u00a0e la sua personalit\u00e0 esuberante attrae un seguito\u2026","rel":"","context":"In &quot;Coordinate&quot;","block_context":{"text":"Coordinate","link":"http:\/\/www.robertosedda.it\/?cat=52"},"img":{"alt_text":"","src":"https:\/\/i0.wp.com\/www.robertosedda.it\/wp-content\/uploads\/2013\/06\/rothfuss-whedon.jpg?fit=900%2C1200&resize=350%2C200","width":350,"height":200,"srcset":"https:\/\/i0.wp.com\/www.robertosedda.it\/wp-content\/uploads\/2013\/06\/rothfuss-whedon.jpg?fit=900%2C1200&resize=350%2C200 1x, https:\/\/i0.wp.com\/www.robertosedda.it\/wp-content\/uploads\/2013\/06\/rothfuss-whedon.jpg?fit=900%2C1200&resize=700%2C400 2x"},"classes":[]},{"id":5803,"url":"http:\/\/www.robertosedda.it\/?p=5803","url_meta":{"origin":5145,"position":1},"title":"Una bella storia d&#8217;inverno (con Patrick Rothfuss e Neil Gaiman)","author":"Rufus","date":"08\/01\/2014","format":false,"excerpt":"Ho gi\u00e0 detto altre volte che seguo con piacere lo scrittore fantasy americano Patrick Rothfuss e le sue avventure familiari\u00a0e ho anche raccontato del lavoro benefico suo e di altri scrittori e lettori di fantasy e fantascienza. Sul blog di Rothfuss \u00e8 uscita l'altro giorno una bella storia, molto bella,\u2026","rel":"","context":"In &quot;Coordinate&quot;","block_context":{"text":"Coordinate","link":"http:\/\/www.robertosedda.it\/?cat=52"},"img":{"alt_text":"","src":"https:\/\/i0.wp.com\/www.robertosedda.it\/wp-content\/uploads\/2014\/01\/Rothfuss-Gaiman-1.jpg?fit=300%2C225&resize=350%2C200","width":350,"height":200},"classes":[]},{"id":2725,"url":"http:\/\/www.robertosedda.it\/?p=2725","url_meta":{"origin":5145,"position":2},"title":"Costruttori di mondi benefici","author":"Rufus","date":"29\/03\/2013","format":false,"excerpt":"Charities anglosassoni un po' nerd Oggi vorrei segnalarvi un articolo di Wired, dare una scossetta alle vostre convinzioni e discutere di fantascienza e fund raising. Tutto in una volta. Wow. L'articolo Cominciamo dalla parte pi\u00f9 facile: l'articolo di Wired racconta come un certo numero di appassionati di fantasy\u00a0e\u00a0di fantascienza, illustri\u2026","rel":"","context":"In &quot;Coordinate&quot;","block_context":{"text":"Coordinate","link":"http:\/\/www.robertosedda.it\/?cat=52"},"img":{"alt_text":"","src":"https:\/\/i0.wp.com\/www.robertosedda.it\/wp-content\/uploads\/2013\/03\/startrekborrowsstarwars.jpg?fit=470%2C297&resize=350%2C200","width":350,"height":200},"classes":[]},{"id":10829,"url":"http:\/\/www.robertosedda.it\/?p=10829","url_meta":{"origin":5145,"position":3},"title":"REBLOG: Gente che resta umana","author":"Rufus","date":"14\/09\/2015","format":"link","excerpt":"Lo so, \u00e8 in inglese. Lo so, ho gi\u00e0 parlato mille volte di Rothfuss e di quanto mi piaccia. Lo so, in Europa abbiamo una percezione pi\u00f9 diretta del problema dei rifugiati e anche modi pi\u00f9 diretti per aiutare. Per\u00f2 voi leggete\u00a0e\u00a0fate girare lo stesso e se potete date una\u2026","rel":"","context":"Articolo simile","block_context":{"text":"Articolo simile","link":""},"img":{"alt_text":"","src":"","width":0,"height":0},"classes":[]},{"id":1835,"url":"http:\/\/www.robertosedda.it\/?p=1835","url_meta":{"origin":5145,"position":4},"title":"Libri che ho letto nel 2012","author":"Rufus","date":"04\/01\/2013","format":false,"excerpt":"Rigorosamente nell'ordine in cui li ho conclusi. Non metto pareri: se qualcuno \u00e8 curioso, si faccia vivo nei commenti qui sotto! Omelie di Natale, del solito gruppo di autori del Centro Aletti (Rupnik, Spidl\u00eck e altri), Lipa Lyonesse, Jack Vance, ? (e-book) The Green Pearl, Jack Vance, ? (e-book) Madouc,\u2026","rel":"","context":"In &quot;Coordinate&quot;","block_context":{"text":"Coordinate","link":"http:\/\/www.robertosedda.it\/?cat=52"},"img":{"alt_text":"","src":"","width":0,"height":0},"classes":[]},{"id":10417,"url":"http:\/\/www.robertosedda.it\/?p=10417","url_meta":{"origin":5145,"position":5},"title":"Il ventaglio di letture","author":"Rufus","date":"21\/08\/2015","format":false,"excerpt":"In principio fu il\u00a0blogroll. Quando ho aperto questo sito tutti gli altri\u00a0blog avevano una colonna, a destra, con i\u00a0link che rimandavano ad altri\u00a0blog\u00a0o a altri siti stimati e consigliati, e quindi l'ho fatto anch'io. D'altra parte l'alternativa era occupare la colonna di destra con il gran variet\u00e0, come fanno ancora\u2026","rel":"","context":"In &quot;Coordinate&quot;","block_context":{"text":"Coordinate","link":"http:\/\/www.robertosedda.it\/?cat=52"},"img":{"alt_text":"","src":"https:\/\/i0.wp.com\/www.robertosedda.it\/wp-content\/uploads\/2015\/08\/Modella-marocchina-Corriere.jpg?fit=672%2C448&resize=350%2C200","width":350,"height":200},"classes":[]}],"_links":{"self":[{"href":"http:\/\/www.robertosedda.it\/index.php?rest_route=\/wp\/v2\/posts\/5145"}],"collection":[{"href":"http:\/\/www.robertosedda.it\/index.php?rest_route=\/wp\/v2\/posts"}],"about":[{"href":"http:\/\/www.robertosedda.it\/index.php?rest_route=\/wp\/v2\/types\/post"}],"author":[{"embeddable":true,"href":"http:\/\/www.robertosedda.it\/index.php?rest_route=\/wp\/v2\/users\/1"}],"replies":[{"embeddable":true,"href":"http:\/\/www.robertosedda.it\/index.php?rest_route=%2Fwp%2Fv2%2Fcomments&post=5145"}],"version-history":[{"count":5,"href":"http:\/\/www.robertosedda.it\/index.php?rest_route=\/wp\/v2\/posts\/5145\/revisions"}],"predecessor-version":[{"id":9016,"href":"http:\/\/www.robertosedda.it\/index.php?rest_route=\/wp\/v2\/posts\/5145\/revisions\/9016"}],"wp:featuredmedia":[{"embeddable":true,"href":"http:\/\/www.robertosedda.it\/index.php?rest_route=\/wp\/v2\/media\/3477"}],"wp:attachment":[{"href":"http:\/\/www.robertosedda.it\/index.php?rest_route=%2Fwp%2Fv2%2Fmedia&parent=5145"}],"wp:term":[{"taxonomy":"category","embeddable":true,"href":"http:\/\/www.robertosedda.it\/index.php?rest_route=%2Fwp%2Fv2%2Fcategories&post=5145"},{"taxonomy":"post_tag","embeddable":true,"href":"http:\/\/www.robertosedda.it\/index.php?rest_route=%2Fwp%2Fv2%2Ftags&post=5145"}],"curies":[{"name":"wp","href":"https:\/\/api.w.org\/{rel}","templated":true}]}}