{"id":5116,"date":"2013-11-26T19:36:10","date_gmt":"2013-11-26T18:36:10","guid":{"rendered":"http:\/\/www.robertosedda.it\/?p=5116"},"modified":"2014-01-09T13:51:06","modified_gmt":"2014-01-09T12:51:06","slug":"abruzzo-2009-e-emilia-2012-un-confronto","status":"publish","type":"post","link":"http:\/\/www.robertosedda.it\/?p=5116","title":{"rendered":"Abruzzo 2009 e Emilia 2012: un confronto"},"content":{"rendered":"<p><a href=\"https:\/\/i0.wp.com\/www.robertosedda.it\/wp-content\/uploads\/2013\/11\/aggornamenti-sociali.jpeg\"><img data-attachment-id=\"5122\" data-permalink=\"http:\/\/www.robertosedda.it\/?attachment_id=5122\" data-orig-file=\"https:\/\/i0.wp.com\/www.robertosedda.it\/wp-content\/uploads\/2013\/11\/aggornamenti-sociali.jpeg?fit=255%2C197\" data-orig-size=\"255,197\" data-comments-opened=\"1\" data-image-meta=\"{&quot;aperture&quot;:&quot;0&quot;,&quot;credit&quot;:&quot;&quot;,&quot;camera&quot;:&quot;&quot;,&quot;caption&quot;:&quot;&quot;,&quot;created_timestamp&quot;:&quot;0&quot;,&quot;copyright&quot;:&quot;&quot;,&quot;focal_length&quot;:&quot;0&quot;,&quot;iso&quot;:&quot;0&quot;,&quot;shutter_speed&quot;:&quot;0&quot;,&quot;title&quot;:&quot;&quot;}\" data-image-title=\"aggornamenti sociali\" data-image-description=\"\" data-image-caption=\"\" data-medium-file=\"https:\/\/i0.wp.com\/www.robertosedda.it\/wp-content\/uploads\/2013\/11\/aggornamenti-sociali.jpeg?fit=255%2C197\" data-large-file=\"https:\/\/i0.wp.com\/www.robertosedda.it\/wp-content\/uploads\/2013\/11\/aggornamenti-sociali.jpeg?fit=255%2C197\" decoding=\"async\" loading=\"lazy\" class=\"alignleft size-full wp-image-5122\" alt=\"aggornamenti sociali\" src=\"https:\/\/i0.wp.com\/www.robertosedda.it\/wp-content\/uploads\/2013\/11\/aggornamenti-sociali.jpeg?resize=255%2C197\" width=\"255\" height=\"197\" srcset=\"https:\/\/i0.wp.com\/www.robertosedda.it\/wp-content\/uploads\/2013\/11\/aggornamenti-sociali.jpeg?w=255 255w, https:\/\/i0.wp.com\/www.robertosedda.it\/wp-content\/uploads\/2013\/11\/aggornamenti-sociali.jpeg?resize=150%2C115 150w\" sizes=\"(max-width: 255px) 100vw, 255px\" data-recalc-dims=\"1\" \/><\/a>Proprio nei giorni dell&#8217;alluvione \u00e8 capitato casualmente che il mio amico Roberto Museo, che \u00e8 stato anche componente del Consiglio di amministrazione di Banca Etica, mi ha mandato da leggere un articolo interessante pubblicato su <a href=\"http:\/\/www.aggiornamentisociali.it\"><em>Aggiornamenti sociali<\/em><\/a>, tutto pieno di frasi evidenziate (evidentemente Roberto, che viveva a L&#8217;Aquila al tempo del terremoto e si occupa professionalmente di volontariato, ci aveva trovato qualcosa che corrispondeva alla sua esperienza).<\/p>\n<p>L&#8217;articolo si intitola <em>Abruzzo 2009-Emilia 2012. Partecipazione e sostenibilit\u00e0 per le comunit\u00e0 colpite dal sisma<\/em> (di due ricercatori, Bulsei e Pera) ed \u00e8 molto interessante. La tesi principale mi pare essere quella che in Emilia un maggiore coinvolgimento delle comunit\u00e0 colpite, anche in termini di democrazia partecipativa, abbia comportato una risposta migliore nell&#8217;emergenza e soprattutto nella ricostruzione.<\/p>\n<p><a href=\"https:\/\/i0.wp.com\/www.robertosedda.it\/wp-content\/uploads\/2013\/11\/aggiornamenti-sociali-11_2013.jpg\"><img data-attachment-id=\"5124\" data-permalink=\"http:\/\/www.robertosedda.it\/?attachment_id=5124\" data-orig-file=\"https:\/\/i0.wp.com\/www.robertosedda.it\/wp-content\/uploads\/2013\/11\/aggiornamenti-sociali-11_2013.jpg?fit=160%2C160\" data-orig-size=\"160,160\" data-comments-opened=\"1\" data-image-meta=\"{&quot;aperture&quot;:&quot;0&quot;,&quot;credit&quot;:&quot;&quot;,&quot;camera&quot;:&quot;&quot;,&quot;caption&quot;:&quot;&quot;,&quot;created_timestamp&quot;:&quot;0&quot;,&quot;copyright&quot;:&quot;&quot;,&quot;focal_length&quot;:&quot;0&quot;,&quot;iso&quot;:&quot;0&quot;,&quot;shutter_speed&quot;:&quot;0&quot;,&quot;title&quot;:&quot;&quot;}\" data-image-title=\"aggiornamenti sociali 11_2013\" data-image-description=\"\" data-image-caption=\"\" data-medium-file=\"https:\/\/i0.wp.com\/www.robertosedda.it\/wp-content\/uploads\/2013\/11\/aggiornamenti-sociali-11_2013.jpg?fit=160%2C160\" data-large-file=\"https:\/\/i0.wp.com\/www.robertosedda.it\/wp-content\/uploads\/2013\/11\/aggiornamenti-sociali-11_2013.jpg?fit=160%2C160\" decoding=\"async\" loading=\"lazy\" class=\"alignright size-full wp-image-5124\" alt=\"aggiornamenti sociali 11_2013\" src=\"https:\/\/i0.wp.com\/www.robertosedda.it\/wp-content\/uploads\/2013\/11\/aggiornamenti-sociali-11_2013.jpg?resize=160%2C160\" width=\"160\" height=\"160\" srcset=\"https:\/\/i0.wp.com\/www.robertosedda.it\/wp-content\/uploads\/2013\/11\/aggiornamenti-sociali-11_2013.jpg?w=160 160w, https:\/\/i0.wp.com\/www.robertosedda.it\/wp-content\/uploads\/2013\/11\/aggiornamenti-sociali-11_2013.jpg?resize=150%2C150 150w, https:\/\/i0.wp.com\/www.robertosedda.it\/wp-content\/uploads\/2013\/11\/aggiornamenti-sociali-11_2013.jpg?resize=100%2C100 100w\" sizes=\"(max-width: 160px) 100vw, 160px\" data-recalc-dims=\"1\" \/><\/a>Ho chiesto a Roberto se potevo riproporre l&#8217;articolo con le cose da lui evidenziate (avevo anche qualche dubbio sul <em>copyright<\/em>, diciamo che questo <em>blog<\/em> non \u00e8 proprio colmo di lettori e l&#8217;eventuale danno \u00e8 minimo, ma ho scritto alla redazione per avvisarli, quindi se l&#8217;articolo sparisce non stupitevi), e mi dice di s\u00ec, quindi lo posto qui (<a href=\"http:\/\/www.robertosedda.it\/wp-content\/uploads\/2013\/11\/Abruzzo-2009-Emilia-2012.-Partecipazione-e-sostenibilit%C3%A0-per-le-comunit%C3%A0-colpite-dal-sisma.pdf\">.pdf<\/a>). Leggetelo: ci sono dentro temi che sono tornati varie volte qui, come <a title=\"Fatevi una cultura sulla democrazia partecipativa\" href=\"http:\/\/www.robertosedda.it\/?p=4806\">la democrazia partecipativa<\/a>, la sostenibilit\u00e0 e altro, e trovo che la lettura induca a riflessioni interessanti ora che ci apprestiamo a vivere il dopo-alluvione.<\/p>\n","protected":false},"excerpt":{"rendered":"<p>Proprio nei giorni dell&#8217;alluvione \u00e8 capitato casualmente che il mio amico Roberto Museo, che \u00e8 stato anche componente del Consiglio<\/p>\n","protected":false},"author":1,"featured_media":5122,"comment_status":"open","ping_status":"open","sticky":false,"template":"","format":"standard","meta":{"_mi_skip_tracking":false,"_monsterinsights_sitenote_active":false,"_monsterinsights_sitenote_note":"","_monsterinsights_sitenote_category":0,"jetpack_post_was_ever_published":false,"_jetpack_newsletter_access":"","jetpack_publicize_message":"","jetpack_is_tweetstorm":false,"jetpack_publicize_feature_enabled":true,"jetpack_social_post_already_shared":false,"jetpack_social_options":{"image_generator_settings":{"template":"highway","enabled":false}}},"categories":[52,55,13,77,12],"tags":[],"jetpack_publicize_connections":[],"jetpack_featured_media_url":"https:\/\/i0.wp.com\/www.robertosedda.it\/wp-content\/uploads\/2013\/11\/aggornamenti-sociali.jpeg?fit=255%2C197","jetpack_sharing_enabled":true,"jetpack_shortlink":"https:\/\/wp.me\/p4jV2T-1kw","jetpack_likes_enabled":true,"jetpack-related-posts":[{"id":4806,"url":"http:\/\/www.robertosedda.it\/?p=4806","url_meta":{"origin":5116,"position":0},"title":"Fatevi una cultura sulla democrazia partecipativa","author":"Rufus","date":"29\/10\/2013","format":false,"excerpt":"Considerato che i miei ultimi articoli hanno girato in un modo o nell'altro\u00a0intorno a\u00a0questo argomento, mi\u00a0sembra opportuno fornire qualche suggerimento di lettura per chi vuole approfondire il tema della democrazia partecipativa. Solo una precisazione: parlo di \"democrazia partecipativa\" per semplicit\u00e0, l'argomento \u00e8 abbastanza sfilacciato ai confini e si usano talvolta\u2026","rel":"","context":"In &quot;Coordinate&quot;","block_context":{"text":"Coordinate","link":"http:\/\/www.robertosedda.it\/?cat=52"},"img":{"alt_text":"","src":"","width":0,"height":0},"classes":[]},{"id":9482,"url":"http:\/\/www.robertosedda.it\/?p=9482","url_meta":{"origin":5116,"position":1},"title":"Gente che l&#8217;antimafia la fa in posti inaspettati","author":"Rufus","date":"28\/01\/2015","format":false,"excerpt":"Curiosando un po' in giro a proposito dell'inchiesta di oggi sulle infiltrazioni mafiose a Reggio Emilia ho fatto alcune scoperte che mi sembra interessane condividere. Premessa: il tema mi interessa perch\u00e9 a suo tempo la Fondazione di Banca Etica ha seguito un progetto di studio sulle infiltrazioni mafiose nel settore\u2026","rel":"","context":"In &quot;Coordinate&quot;","block_context":{"text":"Coordinate","link":"http:\/\/www.robertosedda.it\/?cat=52"},"img":{"alt_text":"","src":"https:\/\/i0.wp.com\/www.robertosedda.it\/wp-content\/uploads\/2015\/01\/Confiscati-bene.png?fit=1093%2C541&resize=350%2C200","width":350,"height":200,"srcset":"https:\/\/i0.wp.com\/www.robertosedda.it\/wp-content\/uploads\/2015\/01\/Confiscati-bene.png?fit=1093%2C541&resize=350%2C200 1x, https:\/\/i0.wp.com\/www.robertosedda.it\/wp-content\/uploads\/2015\/01\/Confiscati-bene.png?fit=1093%2C541&resize=700%2C400 2x, https:\/\/i0.wp.com\/www.robertosedda.it\/wp-content\/uploads\/2015\/01\/Confiscati-bene.png?fit=1093%2C541&resize=1050%2C600 3x"},"classes":[]},{"id":752,"url":"http:\/\/www.robertosedda.it\/?p=752","url_meta":{"origin":5116,"position":2},"title":"Destinazione Sardegna","author":"Rufus","date":"24\/08\/2012","format":false,"excerpt":"La destinazione \u00e8 uno strano film. Superficialmente, la trama non \u00e8 particolarmente originale: Emilio Todeschini, riminese (interpretato da Roberto Magnani, un ragazzo che pare il clone di Valentino Rossi), dovendo fare il servizio di leva, sceglie di fare il carabiniere, per avere una paga un po' pi\u00f9 alta e vedere\/fare\u2026","rel":"","context":"In &quot;Coordinate&quot;","block_context":{"text":"Coordinate","link":"http:\/\/www.robertosedda.it\/?cat=52"},"img":{"alt_text":"","src":"https:\/\/i0.wp.com\/www.robertosedda.it\/wp-content\/uploads\/2012\/08\/ballorecc-206x300.jpg?resize=350%2C200","width":350,"height":200},"classes":[]},{"id":5443,"url":"http:\/\/www.robertosedda.it\/?p=5443","url_meta":{"origin":5116,"position":3},"title":"Una storia che inizia","author":"Rufus","date":"17\/12\/2013","format":false,"excerpt":"All'inizio di dicembre, in maniera inopinata, la campagna di gioco di ruolo che io e i miei giocatori conducevamo da almeno un anno (forse due?) \u00e8 terminata, con una conclusione che non avevamo minimamente previsto ma che tutti abbiamo trovato del tutto soddisfacente. Per quelli di voi che non lo\u2026","rel":"","context":"In &quot;Cappe e spade&quot;","block_context":{"text":"Cappe e spade","link":"http:\/\/www.robertosedda.it\/?cat=70"},"img":{"alt_text":"","src":"https:\/\/i0.wp.com\/www.robertosedda.it\/wp-content\/uploads\/2013\/12\/Roba-da-giocatori-di-ruolo.jpg?fit=960%2C720&resize=350%2C200","width":350,"height":200,"srcset":"https:\/\/i0.wp.com\/www.robertosedda.it\/wp-content\/uploads\/2013\/12\/Roba-da-giocatori-di-ruolo.jpg?fit=960%2C720&resize=350%2C200 1x, https:\/\/i0.wp.com\/www.robertosedda.it\/wp-content\/uploads\/2013\/12\/Roba-da-giocatori-di-ruolo.jpg?fit=960%2C720&resize=700%2C400 2x"},"classes":[]},{"id":8467,"url":"http:\/\/www.robertosedda.it\/?p=8467","url_meta":{"origin":5116,"position":4},"title":"I consigli del venerd\u00ec: no profit, donne che giocano e discoteche cadenti","author":"Rufus","date":"19\/09\/2014","format":false,"excerpt":"Di varia economia Questa settimana ho consigliato un\u00a0articolo su\u00a0Vita che recensisce\u00a0Wikieconomia. Manifesto dell\u2019economia civile, un libro di Leonardo Becchetti, che \u00e8 stato a lungo anche Presidente del Comitato Etico di Banca Etica. \u00c8 chiaro che si tratta di un libro che non posso non consigliare, ma la recensione mi sembra\u2026","rel":"","context":"In &quot;Coordinate&quot;","block_context":{"text":"Coordinate","link":"http:\/\/www.robertosedda.it\/?cat=52"},"img":{"alt_text":"","src":"https:\/\/i0.wp.com\/www.robertosedda.it\/wp-content\/uploads\/2014\/09\/Discoteca-abbandonata.jpg?fit=1065%2C710&resize=350%2C200","width":350,"height":200,"srcset":"https:\/\/i0.wp.com\/www.robertosedda.it\/wp-content\/uploads\/2014\/09\/Discoteca-abbandonata.jpg?fit=1065%2C710&resize=350%2C200 1x, https:\/\/i0.wp.com\/www.robertosedda.it\/wp-content\/uploads\/2014\/09\/Discoteca-abbandonata.jpg?fit=1065%2C710&resize=700%2C400 2x, https:\/\/i0.wp.com\/www.robertosedda.it\/wp-content\/uploads\/2014\/09\/Discoteca-abbandonata.jpg?fit=1065%2C710&resize=1050%2C600 3x"},"classes":[]},{"id":10120,"url":"http:\/\/www.robertosedda.it\/?p=10120","url_meta":{"origin":5116,"position":5},"title":"REBLOG: La guerra dei motori spaziali","author":"Rufus","date":"27\/04\/2015","format":"link","excerpt":"Riprendo un interessante articolo de\u00a0Il tredicesimo cavaliere, il\u00a0blog di Roberto Flaibani, sulla lotta senza esclusione di colpi di diversi inventori di motori per i viaggi spaziali.","rel":"","context":"In &quot;Segnalazioni&quot;","block_context":{"text":"Segnalazioni","link":"http:\/\/www.robertosedda.it\/?cat=95"},"img":{"alt_text":"","src":"","width":0,"height":0},"classes":[]}],"_links":{"self":[{"href":"http:\/\/www.robertosedda.it\/index.php?rest_route=\/wp\/v2\/posts\/5116"}],"collection":[{"href":"http:\/\/www.robertosedda.it\/index.php?rest_route=\/wp\/v2\/posts"}],"about":[{"href":"http:\/\/www.robertosedda.it\/index.php?rest_route=\/wp\/v2\/types\/post"}],"author":[{"embeddable":true,"href":"http:\/\/www.robertosedda.it\/index.php?rest_route=\/wp\/v2\/users\/1"}],"replies":[{"embeddable":true,"href":"http:\/\/www.robertosedda.it\/index.php?rest_route=%2Fwp%2Fv2%2Fcomments&post=5116"}],"version-history":[{"count":7,"href":"http:\/\/www.robertosedda.it\/index.php?rest_route=\/wp\/v2\/posts\/5116\/revisions"}],"predecessor-version":[{"id":5824,"href":"http:\/\/www.robertosedda.it\/index.php?rest_route=\/wp\/v2\/posts\/5116\/revisions\/5824"}],"wp:featuredmedia":[{"embeddable":true,"href":"http:\/\/www.robertosedda.it\/index.php?rest_route=\/wp\/v2\/media\/5122"}],"wp:attachment":[{"href":"http:\/\/www.robertosedda.it\/index.php?rest_route=%2Fwp%2Fv2%2Fmedia&parent=5116"}],"wp:term":[{"taxonomy":"category","embeddable":true,"href":"http:\/\/www.robertosedda.it\/index.php?rest_route=%2Fwp%2Fv2%2Fcategories&post=5116"},{"taxonomy":"post_tag","embeddable":true,"href":"http:\/\/www.robertosedda.it\/index.php?rest_route=%2Fwp%2Fv2%2Ftags&post=5116"}],"curies":[{"name":"wp","href":"https:\/\/api.w.org\/{rel}","templated":true}]}}