{"id":5100,"date":"2013-11-25T09:40:37","date_gmt":"2013-11-25T08:40:37","guid":{"rendered":"http:\/\/www.robertosedda.it\/?p=5100"},"modified":"2021-12-02T13:42:32","modified_gmt":"2021-12-02T12:42:32","slug":"manco-a-farlo-apposta","status":"publish","type":"post","link":"http:\/\/www.robertosedda.it\/?p=5100","title":{"rendered":"Manco a farlo apposta"},"content":{"rendered":"<p><a href=\"https:\/\/i0.wp.com\/www.robertosedda.it\/wp-content\/uploads\/2013\/11\/LOCANDINAweb_2013_preview.jpg\"><img data-attachment-id=\"4959\" data-permalink=\"http:\/\/www.robertosedda.it\/?attachment_id=4959\" data-orig-file=\"https:\/\/i0.wp.com\/www.robertosedda.it\/wp-content\/uploads\/2013\/11\/LOCANDINAweb_2013_preview.jpg?fit=320%2C454\" data-orig-size=\"320,454\" data-comments-opened=\"1\" data-image-meta=\"{&quot;aperture&quot;:&quot;0&quot;,&quot;credit&quot;:&quot;&quot;,&quot;camera&quot;:&quot;&quot;,&quot;caption&quot;:&quot;&quot;,&quot;created_timestamp&quot;:&quot;0&quot;,&quot;copyright&quot;:&quot;&quot;,&quot;focal_length&quot;:&quot;0&quot;,&quot;iso&quot;:&quot;0&quot;,&quot;shutter_speed&quot;:&quot;0&quot;,&quot;title&quot;:&quot;&quot;}\" data-image-title=\"LOCANDINAweb_2013_preview\" data-image-description=\"\" data-image-caption=\"\" data-medium-file=\"https:\/\/i0.wp.com\/www.robertosedda.it\/wp-content\/uploads\/2013\/11\/LOCANDINAweb_2013_preview.jpg?fit=211%2C300\" data-large-file=\"https:\/\/i0.wp.com\/www.robertosedda.it\/wp-content\/uploads\/2013\/11\/LOCANDINAweb_2013_preview.jpg?fit=320%2C454\" decoding=\"async\" loading=\"lazy\" class=\"size-medium wp-image-4959 alignright\" src=\"https:\/\/i0.wp.com\/www.robertosedda.it\/wp-content\/uploads\/2013\/11\/LOCANDINAweb_2013_preview.jpg?resize=211%2C300\" alt=\"LOCANDINAweb_2013_preview\" width=\"211\" height=\"300\" srcset=\"https:\/\/i0.wp.com\/www.robertosedda.it\/wp-content\/uploads\/2013\/11\/LOCANDINAweb_2013_preview.jpg?resize=211%2C300 211w, https:\/\/i0.wp.com\/www.robertosedda.it\/wp-content\/uploads\/2013\/11\/LOCANDINAweb_2013_preview.jpg?resize=105%2C150 105w, https:\/\/i0.wp.com\/www.robertosedda.it\/wp-content\/uploads\/2013\/11\/LOCANDINAweb_2013_preview.jpg?w=320 320w\" sizes=\"(max-width: 211px) 100vw, 211px\" data-recalc-dims=\"1\" \/><\/a>Qualche giorno fa ho scritto dicendo che <a title=\"Gente che dovrebbe partecipare a Scirarindi\" href=\"http:\/\/www.robertosedda.it\/?p=4958\"><em>Scirarindi<\/em> \u00e8 uno degli eventi culturali pi\u00f9 importanti della Sardegna <\/a>e che c&#8217;era un certo numero di persone e organizzazioni che dovrebbe partecipare:<\/p>\n<blockquote><p>Gli <strong>artigiani di <a href=\"https:\/\/www.facebook.com\/AssociazioneCulturaleArtiManos\"><em>Artimanos<\/em><\/a><\/strong>, i <strong>teatranti<\/strong>, gli <strong>artisti<\/strong>, gli <strong>operatori culturali<\/strong>: perch\u00e9 il benessere della persona li riguarda prima di tutto, e nel momento in cui si trova chi veste, nutre e cura le persone, gli operatori turistici della sostenibilit\u00e0, e chi cura la spiritualit\u00e0 interiore, sarebbe strano che non ci fossero anche gli artisti e gli intellettuali.<\/p><\/blockquote>\n<p>Ricevo oggi una <em>mail<\/em> dalla redazione di <a href=\"http:\/\/www.liberos.it\"><em>Liberos<\/em><\/a>:<\/p>\n<blockquote><p>Quest\u2019anno il Convegno Stile L\u00ecberos lo facciamo a Dorgali (NU), il 30 novembre e il 1 dicembre: ci venite?<\/p>\n<p>Il programma lo trovate in allegato: parleremo di distretti culturali, di cultura e innovazione, del piano nazionale di promozione della lettura, e ovviamente anche di noi.<a href=\"https:\/\/i0.wp.com\/www.robertosedda.it\/wp-content\/uploads\/2013\/11\/Liberos.jpg\"><img data-attachment-id=\"5101\" data-permalink=\"http:\/\/www.robertosedda.it\/?attachment_id=5101\" data-orig-file=\"https:\/\/i0.wp.com\/www.robertosedda.it\/wp-content\/uploads\/2013\/11\/Liberos.jpg?fit=213%2C213\" data-orig-size=\"213,213\" data-comments-opened=\"1\" data-image-meta=\"{&quot;aperture&quot;:&quot;18&quot;,&quot;credit&quot;:&quot;Serg Zastavkin&quot;,&quot;camera&quot;:&quot;Canon EOS 5D Mark II&quot;,&quot;caption&quot;:&quot;portrait of beautiful brunette girl in black lacy collar biting spicy hot red cayenne&quot;,&quot;created_timestamp&quot;:&quot;1306518029&quot;,&quot;copyright&quot;:&quot;Serg Zastavkin&quot;,&quot;focal_length&quot;:&quot;100&quot;,&quot;iso&quot;:&quot;200&quot;,&quot;shutter_speed&quot;:&quot;0.00625&quot;,&quot;title&quot;:&quot;&quot;}\" data-image-title=\"Liberos\" data-image-description=\"&lt;p&gt;portrait of beautiful brunette girl in black lacy collar biting spicy hot red cayenne&lt;\/p&gt;\n\" data-image-caption=\"\" data-medium-file=\"https:\/\/i0.wp.com\/www.robertosedda.it\/wp-content\/uploads\/2013\/11\/Liberos.jpg?fit=213%2C213\" data-large-file=\"https:\/\/i0.wp.com\/www.robertosedda.it\/wp-content\/uploads\/2013\/11\/Liberos.jpg?fit=213%2C213\" decoding=\"async\" loading=\"lazy\" class=\"alignleft size-full wp-image-5101\" src=\"https:\/\/i0.wp.com\/www.robertosedda.it\/wp-content\/uploads\/2013\/11\/Liberos.jpg?resize=213%2C213\" alt=\"Liberos\" width=\"213\" height=\"213\" srcset=\"https:\/\/i0.wp.com\/www.robertosedda.it\/wp-content\/uploads\/2013\/11\/Liberos.jpg?w=213 213w, https:\/\/i0.wp.com\/www.robertosedda.it\/wp-content\/uploads\/2013\/11\/Liberos.jpg?resize=150%2C150 150w, https:\/\/i0.wp.com\/www.robertosedda.it\/wp-content\/uploads\/2013\/11\/Liberos.jpg?resize=100%2C100 100w\" sizes=\"(max-width: 213px) 100vw, 213px\" data-recalc-dims=\"1\" \/><\/a><\/p><\/blockquote>\n<p>E no che non ci posso venire, porca miseria!<\/p>\n<p>Ancora una volta si dimostra che non \u00e8 vero che in Sardegna non si \u00e8 capaci di fare rete (<em>Scirarindi<\/em> e <em>Liberos<\/em> sono reti diffuse, e importanti) ma che le reti non sono capaci di riconoscersi reciprocamente e di coordinarsi. Io di questo ci faccio una malattia, ci faccio.<\/p>\n","protected":false},"excerpt":{"rendered":"<p>Qualche giorno fa ho scritto dicendo che Scirarindi \u00e8 uno degli eventi culturali pi\u00f9 importanti della Sardegna e che c&#8217;era<\/p>\n","protected":false},"author":1,"featured_media":5101,"comment_status":"open","ping_status":"open","sticky":false,"template":"","format":"standard","meta":{"_mi_skip_tracking":false,"_monsterinsights_sitenote_active":false,"_monsterinsights_sitenote_note":"","_monsterinsights_sitenote_category":0,"jetpack_post_was_ever_published":false,"_jetpack_newsletter_access":"","jetpack_publicize_message":"","jetpack_is_tweetstorm":false,"jetpack_publicize_feature_enabled":true,"jetpack_social_post_already_shared":false,"jetpack_social_options":{"image_generator_settings":{"template":"highway","enabled":false}}},"categories":[52,55,77,17,16],"tags":[],"jetpack_publicize_connections":[],"jetpack_featured_media_url":"https:\/\/i0.wp.com\/www.robertosedda.it\/wp-content\/uploads\/2013\/11\/Liberos.jpg?fit=213%2C213","jetpack_sharing_enabled":true,"jetpack_shortlink":"https:\/\/wp.me\/p4jV2T-1kg","jetpack_likes_enabled":true,"jetpack-related-posts":[{"id":4958,"url":"http:\/\/www.robertosedda.it\/?p=4958","url_meta":{"origin":5100,"position":0},"title":"Gente che dovrebbe partecipare a Scirarindi","author":"Rufus","date":"07\/11\/2013","format":false,"excerpt":"I prossimi 30 novembre e 1 dicembre ci sar\u00e0 a Cagliari\u00a0la terza edizione del festival di Scirarindi, la pi\u00f9 importante rassegna, fiera, momento culturale sulla sostenibilit\u00e0 (e sul benessere olistico) che ci sia in Sardegna, con migliaia di ingressi e centinaia di espositori. Forse prima dell'estate il tentativo di esportare\u2026","rel":"","context":"In &quot;Coordinate&quot;","block_context":{"text":"Coordinate","link":"http:\/\/www.robertosedda.it\/?cat=52"},"img":{"alt_text":"","src":"https:\/\/i0.wp.com\/www.robertosedda.it\/wp-content\/uploads\/2013\/11\/LOCANDINAweb_2013_preview.jpg?fit=320%2C454&resize=350%2C200","width":350,"height":200},"classes":[]},{"id":8944,"url":"http:\/\/www.robertosedda.it\/?p=8944","url_meta":{"origin":5100,"position":1},"title":"Interrogativi sul crowdfunding di L\u00ecberos","author":"Rufus","date":"26\/11\/2014","format":false,"excerpt":"Come molti altri iscritti al social network di L\u00ecberos ho ricevuto nei giorni scorsi l'invito a contribuire alla nuova stagione di finanziamento del circuito\u00a0mediante il crowdfunding sulla nuova piattaforma SmartHub.\u00a0 Ci sono un paio di cose, nella mail di invito e nel video di lancio dell'iniziativa, che a pelle mi\u2026","rel":"","context":"In &quot;Coordinate&quot;","block_context":{"text":"Coordinate","link":"http:\/\/www.robertosedda.it\/?cat=52"},"img":{"alt_text":"","src":"https:\/\/i0.wp.com\/www.robertosedda.it\/wp-content\/uploads\/2014\/11\/SmartHub-liberos.jpg?fit=1200%2C629&resize=350%2C200","width":350,"height":200,"srcset":"https:\/\/i0.wp.com\/www.robertosedda.it\/wp-content\/uploads\/2014\/11\/SmartHub-liberos.jpg?fit=1200%2C629&resize=350%2C200 1x, https:\/\/i0.wp.com\/www.robertosedda.it\/wp-content\/uploads\/2014\/11\/SmartHub-liberos.jpg?fit=1200%2C629&resize=700%2C400 2x, https:\/\/i0.wp.com\/www.robertosedda.it\/wp-content\/uploads\/2014\/11\/SmartHub-liberos.jpg?fit=1200%2C629&resize=1050%2C600 3x"},"classes":[]},{"id":2109,"url":"http:\/\/www.robertosedda.it\/?p=2109","url_meta":{"origin":5100,"position":2},"title":"Le impreviste delusioni di padre Spadaro (e quel certo moralismo&#8230;)","author":"Rufus","date":"30\/01\/2013","format":false,"excerpt":"Aperture di credito Qualche settimana fa grazie a un articolo sul sito dell'Azione Cattolica ho scoperto padre Antonio Spadaro: gesuita, direttore della Civilt\u00e0 Cattolica, teologo esperto delle dinamiche del web, animatore culturale e acuto critico di Flannery O'Connor\u00a0(si dice anche che sia lui il consulente principale del Papa per la\u2026","rel":"","context":"In &quot;Coordinate&quot;","block_context":{"text":"Coordinate","link":"http:\/\/www.robertosedda.it\/?cat=52"},"img":{"alt_text":"","src":"https:\/\/i0.wp.com\/www.robertosedda.it\/wp-content\/uploads\/2013\/01\/Web-2.0-Spadaro.jpg?fit=276%2C437&resize=350%2C200","width":350,"height":200},"classes":[]},{"id":6460,"url":"http:\/\/www.robertosedda.it\/?p=6460","url_meta":{"origin":5100,"position":3},"title":"Il destino di Icaro","author":"Rufus","date":"15\/02\/2014","format":false,"excerpt":"Sono tre citazioni sparse, che mi ripeto mentre penso cosa far\u00f2 al seggio ma soprattutto descrivono ci\u00f2 che penso di questa campagna elettorale. Ognuno pu\u00f2 trovarci il senso che crede. La prima \u00e8 la poesia di Brecht che anche altrove ho gi\u00e0 citato: Questo voglio dir loro Mi chiedevo: perch\u00e9\u2026","rel":"","context":"In &quot;Opinioni&quot;","block_context":{"text":"Opinioni","link":"http:\/\/www.robertosedda.it\/?cat=17"},"img":{"alt_text":"","src":"https:\/\/i0.wp.com\/www.robertosedda.it\/wp-content\/uploads\/2014\/02\/malcolm-x.jpg?fit=774%2C900&resize=350%2C200","width":350,"height":200,"srcset":"https:\/\/i0.wp.com\/www.robertosedda.it\/wp-content\/uploads\/2014\/02\/malcolm-x.jpg?fit=774%2C900&resize=350%2C200 1x, https:\/\/i0.wp.com\/www.robertosedda.it\/wp-content\/uploads\/2014\/02\/malcolm-x.jpg?fit=774%2C900&resize=700%2C400 2x"},"classes":[]},{"id":7524,"url":"http:\/\/www.robertosedda.it\/?p=7524","url_meta":{"origin":5100,"position":4},"title":"Consigli non richiesti dopo le elezioni europee","author":"Rufus","date":"26\/05\/2014","format":false,"excerpt":"Ci sarebbero molte cose da dire su queste elezioni europee, ma mi ha colpito un aspetto probabilmente minore. Tempo fa girava in Italia questa barzelletta: Si racconta che quando Dio cre\u00f2 il mondo affinch\u00e9 gli uomini vi prosperassero decise di concedere loro due virt\u00f9. E cos\u00ec fece. Gli svizzeri li\u2026","rel":"","context":"In &quot;Coordinate&quot;","block_context":{"text":"Coordinate","link":"http:\/\/www.robertosedda.it\/?cat=52"},"img":{"alt_text":"","src":"https:\/\/i0.wp.com\/www.robertosedda.it\/wp-content\/uploads\/2014\/05\/Feudalesimo-e-libert\u00e0-6.jpg?fit=960%2C706&resize=350%2C200","width":350,"height":200,"srcset":"https:\/\/i0.wp.com\/www.robertosedda.it\/wp-content\/uploads\/2014\/05\/Feudalesimo-e-libert\u00e0-6.jpg?fit=960%2C706&resize=350%2C200 1x, https:\/\/i0.wp.com\/www.robertosedda.it\/wp-content\/uploads\/2014\/05\/Feudalesimo-e-libert\u00e0-6.jpg?fit=960%2C706&resize=700%2C400 2x"},"classes":[]},{"id":4416,"url":"http:\/\/www.robertosedda.it\/?p=4416","url_meta":{"origin":5100,"position":5},"title":"Politiche di gestione del personale","author":"Rufus","date":"09\/09\/2013","format":false,"excerpt":"L'altro giorno leggevo un articolo (un po' vecchiotto, per dir la verit\u00e0) su come la Microsoft si sia trasformata, nell'arco di dieci anni, da una supercorazzata dell'industria informatica in una vecchia baleniera un po' rattoppata. L'articolo, di Vanity Fair, \u00e8 molto convincente nella sua tesi principale, che \u00e8 addossare molte\u2026","rel":"","context":"In &quot;Coordinate&quot;","block_context":{"text":"Coordinate","link":"http:\/\/www.robertosedda.it\/?cat=52"},"img":{"alt_text":"","src":"https:\/\/i0.wp.com\/www.robertosedda.it\/wp-content\/uploads\/2013\/09\/brunetta-parlamento.jpg?fit=285%2C285&resize=350%2C200","width":350,"height":200},"classes":[]}],"_links":{"self":[{"href":"http:\/\/www.robertosedda.it\/index.php?rest_route=\/wp\/v2\/posts\/5100"}],"collection":[{"href":"http:\/\/www.robertosedda.it\/index.php?rest_route=\/wp\/v2\/posts"}],"about":[{"href":"http:\/\/www.robertosedda.it\/index.php?rest_route=\/wp\/v2\/types\/post"}],"author":[{"embeddable":true,"href":"http:\/\/www.robertosedda.it\/index.php?rest_route=\/wp\/v2\/users\/1"}],"replies":[{"embeddable":true,"href":"http:\/\/www.robertosedda.it\/index.php?rest_route=%2Fwp%2Fv2%2Fcomments&post=5100"}],"version-history":[{"count":2,"href":"http:\/\/www.robertosedda.it\/index.php?rest_route=\/wp\/v2\/posts\/5100\/revisions"}],"predecessor-version":[{"id":8950,"href":"http:\/\/www.robertosedda.it\/index.php?rest_route=\/wp\/v2\/posts\/5100\/revisions\/8950"}],"wp:featuredmedia":[{"embeddable":true,"href":"http:\/\/www.robertosedda.it\/index.php?rest_route=\/wp\/v2\/media\/5101"}],"wp:attachment":[{"href":"http:\/\/www.robertosedda.it\/index.php?rest_route=%2Fwp%2Fv2%2Fmedia&parent=5100"}],"wp:term":[{"taxonomy":"category","embeddable":true,"href":"http:\/\/www.robertosedda.it\/index.php?rest_route=%2Fwp%2Fv2%2Fcategories&post=5100"},{"taxonomy":"post_tag","embeddable":true,"href":"http:\/\/www.robertosedda.it\/index.php?rest_route=%2Fwp%2Fv2%2Ftags&post=5100"}],"curies":[{"name":"wp","href":"https:\/\/api.w.org\/{rel}","templated":true}]}}