{"id":5088,"date":"2013-11-23T10:28:33","date_gmt":"2013-11-23T09:28:33","guid":{"rendered":"http:\/\/www.robertosedda.it\/?p=5088"},"modified":"2021-11-24T09:51:19","modified_gmt":"2021-11-24T08:51:19","slug":"la-dedizione-del-velista","status":"publish","type":"post","link":"http:\/\/www.robertosedda.it\/?p=5088","title":{"rendered":"La dedizione del velista"},"content":{"rendered":"<h2><em>In solitario\u00a0<\/em>(Christophe Offenstein, Francia 2013)<\/h2>\n<p>La settimana scorsa Maria Bonaria ha ottenuto dei biglietti gratis per questo film, tramite una delle solite promozioni di <a href=\"http:\/\/www.sardegnaoggi.it\/\"><em>SardegnaOggi<\/em><\/a>. Devo dire che sarei curioso di scoprire quali sono i criteri per i quali i distributori decidono di promuovere i film in questo modo, considerato che di solito mi sembra che siano bei film ma non esattamente materiale da <em>blockbuster<\/em>. Ok: probabilmente mi sono gi\u00e0 risposto da solo: conteranno sul passaparola per promuovere film in cui credono ma che non hanno molta capacit\u00e0 di risonanza mediatica.<\/p>\n<p>Essendomelo visto senza spendere mi sembra il minimo recensirlo e contribuire al passaparola, ma credo che ne avrei parlato lo stesso perch\u00e9, oltre a essermi piaciuto, ci ho trovato dentro due o tre cose abbastanza interessanti.<\/p>\n<p>Intanto, vi propongo il <em>trailer<\/em>, con l&#8217;avvertenza che contiene anticipazioni importanti sulla trama.<\/p>\n<div class=\"jetpack-video-wrapper\"><span class=\"embed-youtube\" style=\"text-align:center; display: block;\"><iframe class=\"youtube-player\" width=\"800\" height=\"450\" src=\"https:\/\/www.youtube.com\/embed\/se9RSL_YP7k?version=3&#038;rel=1&#038;showsearch=0&#038;showinfo=1&#038;iv_load_policy=1&#038;fs=1&#038;hl=it-IT&#038;autohide=2&#038;wmode=transparent\" allowfullscreen=\"true\" style=\"border:0;\" sandbox=\"allow-scripts allow-same-origin allow-popups allow-presentation\"><\/iframe><\/span><\/div>\n<p>E dunque, la storia \u00e8 che Yann Kermadec, che \u00e8 un velista espertissimo ma che \u00e8 sempre stato un po&#8217; all&#8217;ombra del cognato, altro velista molto pi\u00f9 famoso di lui, ottiene in maniera imprevista la possibilit\u00e0 di sostituire quest&#8217;ultimo nella <em><a href=\"http:\/\/www.vendeeglobe.org\/en\/\">Vend\u00e9e Globe<\/a><\/em>, una regata in solitaria attorno al mondo (tra parentesi, vedo che la nuova edizione \u00e8 iniziata proprio in corrispondenza dell&#8217;uscita italiana di <em>In solitario<\/em>). La barca \u00e8 fantastica e pluripremiata, e per Yann \u00e8 insomma l&#8217;occasione della vita, se non fosse che le cose vanno male fin dal principio. Chi ha visto il <em>trailer<\/em> sa perch\u00e9, agli altri lascio la sorpresa.<\/p>\n<p><a href=\"https:\/\/i0.wp.com\/www.robertosedda.it\/wp-content\/uploads\/2013\/11\/In-solitario-Cluzet.jpg\"><img data-attachment-id=\"5093\" data-permalink=\"http:\/\/www.robertosedda.it\/?attachment_id=5093\" data-orig-file=\"https:\/\/i0.wp.com\/www.robertosedda.it\/wp-content\/uploads\/2013\/11\/In-solitario-Cluzet.jpg?fit=840%2C1200\" data-orig-size=\"840,1200\" data-comments-opened=\"1\" data-image-meta=\"{&quot;aperture&quot;:&quot;0&quot;,&quot;credit&quot;:&quot;&quot;,&quot;camera&quot;:&quot;&quot;,&quot;caption&quot;:&quot;&quot;,&quot;created_timestamp&quot;:&quot;0&quot;,&quot;copyright&quot;:&quot;&quot;,&quot;focal_length&quot;:&quot;0&quot;,&quot;iso&quot;:&quot;0&quot;,&quot;shutter_speed&quot;:&quot;0&quot;,&quot;title&quot;:&quot;&quot;}\" data-image-title=\"In solitario Cluzet\" data-image-description=\"\" data-image-caption=\"\" data-medium-file=\"https:\/\/i0.wp.com\/www.robertosedda.it\/wp-content\/uploads\/2013\/11\/In-solitario-Cluzet.jpg?fit=210%2C300\" data-large-file=\"https:\/\/i0.wp.com\/www.robertosedda.it\/wp-content\/uploads\/2013\/11\/In-solitario-Cluzet.jpg?fit=510%2C729\" decoding=\"async\" loading=\"lazy\" class=\"alignleft size-medium wp-image-5093\" alt=\"In solitario Cluzet\" src=\"https:\/\/i0.wp.com\/www.robertosedda.it\/wp-content\/uploads\/2013\/11\/In-solitario-Cluzet.jpg?resize=210%2C300\" width=\"210\" height=\"300\" srcset=\"https:\/\/i0.wp.com\/www.robertosedda.it\/wp-content\/uploads\/2013\/11\/In-solitario-Cluzet.jpg?resize=210%2C300 210w, https:\/\/i0.wp.com\/www.robertosedda.it\/wp-content\/uploads\/2013\/11\/In-solitario-Cluzet.jpg?resize=105%2C150 105w, https:\/\/i0.wp.com\/www.robertosedda.it\/wp-content\/uploads\/2013\/11\/In-solitario-Cluzet.jpg?resize=716%2C1024 716w, https:\/\/i0.wp.com\/www.robertosedda.it\/wp-content\/uploads\/2013\/11\/In-solitario-Cluzet.jpg?resize=700%2C1000 700w, https:\/\/i0.wp.com\/www.robertosedda.it\/wp-content\/uploads\/2013\/11\/In-solitario-Cluzet.jpg?w=840 840w\" sizes=\"(max-width: 210px) 100vw, 210px\" data-recalc-dims=\"1\" \/><\/a>Il film si raccomanda, prima di tutto, per l&#8217;interpretazione di Fran\u00e7ois Cluzet, su cui di fatto poggia tutto il film e che gi\u00e0 mi era piaciuto molto in <em>Quasi amici<\/em>. Cluzet tratteggia con abilit\u00e0 un lupo di mare in bilico fra una profonda umanit\u00e0 e una monomania da capitano Achab, e serve con grande sensibilit\u00e0 l&#8217;aspirazione della sceneggiatura di raccontare, attraverso la regata impossibile di Yann, qualcosa del rapporto dell&#8217;uomo col mare e dell&#8217;andare a vela al tempo dell&#8217;oggi.<\/p>\n<p>La domanda interessante \u00e8 <em>esattamente<\/em> come la sceneggiatura ci riesca. Perch\u00e9 <em>In solitario<\/em> \u00e8 curiosamente reticente e clamorosamente fuori da ogni canone di sceneggiatura hollywoodiano. Voglio dire che la materia narrativamette insieme suggestioni che vanno da <em>Il compagno segreto <\/em>di Conrad al citato <em>Moby Dick<\/em> fino alle suggestioni televisive (per noi sono legate a Soldini, in Francia avranno qualcun altro) che tutti conosciamo. Bene: questa materia stra-nota non \u00e8 <em>mai<\/em> raccontata facendo riferimento a luoghi comuni, o almeno: se c&#8217;\u00e8 un luogo comune, si pone grande cura nel bordeggiarlo e lasciarselo poi accuratamente alle spalle. Non ci sono sapienti alterrnarsi di <em>climax<\/em> e <em>anticlimax<\/em>\u00a0 e l&#8217;evoluzione dei personaggi segue strade impreviste. A Hollywood ci avrebbero messo almeno una tempesta perfetta, una caduta in mare rocambolesca. Qui niente. Niente romanzo, solo realismo. Fa eccezione all&#8217;antiretorica, forse, la lunga scena finale dell&#8217;arrivo in porto, devo dire molto emozionante (forse l&#8217;unica parte davvero emozionate del film: il resto \u00e8 interessante, o avvincente, ma raramente tocca corde del sentimento). Nonostante tutti questi limiti, apparentemente auto-imposti, il film funziona e convince parecchio. Alla faccia dei canoni di sceneggiatura.<\/p>\n<p>Il terzo elemento di interesse del film \u00e8 la parte, diciamo cos\u00ec, documentaria. Fa impressione la quantit\u00e0 di tecnologia che richiede andare a vela di questi tempi, anche l&#8217;organizzazione, il gruppo di contatto, l&#8217;assistenza, ma soprattutto la pura e semplice quantit\u00e0 di tecnologia imbarcata. Anche qui non ci sono compiacimenti: Cluzet si serve abilmente di questo contorno per dettagliare la vita quotidiana a bordo del suo lupo di mare (entro in cabina, un&#8217;occhiata automatica agli strumenti, fuori a sistemare qualcosa, dentro a <em>zoomare<\/em> sulla zona di mare per verificare le previsioni meteo, e finalmente rilassarsi); per lo spettatore \u00e8 sia un motivo di interesse (appunto, &#8220;documentaristico&#8221;) che un elemento per sentirsi pi\u00f9 &#8220;vicino&#8221; alla trama: non c&#8217;\u00e8 mai una frase &#8220;tecnica&#8221;, tipo \u00abalare le scotte\u00bb o \u00abtesare lo <em>spinnaker<\/em>\u00bb<em> <\/em>(temo di avere detto delle bestialit\u00e0 nautiche) ma cose che anche noi possiamo capire: <em>mail<\/em>, cellulari, <em>iPad<\/em>, <em>computer<\/em>.<\/p>\n","protected":false},"excerpt":{"rendered":"<p>In solitario\u00a0(Christophe Offenstein, Francia 2013) La settimana scorsa Maria Bonaria ha ottenuto dei biglietti gratis per questo film, tramite una<\/p>\n","protected":false},"author":1,"featured_media":5093,"comment_status":"open","ping_status":"open","sticky":false,"template":"","format":"video","meta":{"_mi_skip_tracking":false,"_monsterinsights_sitenote_active":false,"_monsterinsights_sitenote_note":"","_monsterinsights_sitenote_category":0,"jetpack_post_was_ever_published":false,"_jetpack_newsletter_access":"","jetpack_publicize_message":"","jetpack_is_tweetstorm":false,"jetpack_publicize_feature_enabled":true,"jetpack_social_post_already_shared":false,"jetpack_social_options":{"image_generator_settings":{"template":"highway","enabled":false}}},"categories":[70,52,14,56,12],"tags":[],"jetpack_publicize_connections":[],"jetpack_featured_media_url":"https:\/\/i0.wp.com\/www.robertosedda.it\/wp-content\/uploads\/2013\/11\/In-solitario-Cluzet.jpg?fit=840%2C1200","jetpack_sharing_enabled":true,"jetpack_shortlink":"https:\/\/wp.me\/p4jV2T-1k4","jetpack_likes_enabled":true,"jetpack-related-posts":[{"id":11542,"url":"http:\/\/www.robertosedda.it\/?p=11542","url_meta":{"origin":5088,"position":0},"title":"Le strane esitazioni di I\u00f1\u00e1rritu","author":"Rufus","date":"10\/02\/2016","format":"video","excerpt":"Revenant (Alejandro G. I\u00f1\u00e1rritu, USA 2015) Avviso: lievi spoiler. Ho visto Revenant ormai una decina di giorni fa ma non avevo mai avuto occasione di parlarne. Per molti aspetti \u00e8 un gran film: girato benissimo (non dico che il piano sequenza iniziale nel bosco valga da solo il prezzo del\u2026","rel":"","context":"In &quot;Cappe e spade&quot;","block_context":{"text":"Cappe e spade","link":"http:\/\/www.robertosedda.it\/?cat=70"},"img":{"alt_text":"","src":"https:\/\/i0.wp.com\/img.youtube.com\/vi\/vnUuZUln768\/0.jpg?resize=350%2C200","width":350,"height":200},"classes":[]},{"id":9801,"url":"http:\/\/www.robertosedda.it\/?p=9801","url_meta":{"origin":5088,"position":1},"title":"Agitato, non mescolato","author":"Rufus","date":"17\/03\/2015","format":"video","excerpt":"Kingsman - Secret service\u00a0(Matthew Vaughn, UK 2014) Ho visto con vero piacere\u00a0Kingsman: due ore di sano divertimento, una trama accattivante, bravi attori e alcuni momenti cinematografici notevoli. Alla fine per\u00f2, ero perplesso: non tanto su\u00a0questo film, quanto sugli altri. Perch\u00e9 Kingsman non \u00e8 per nulla originale: riprende e aggiorna il\u2026","rel":"","context":"In &quot;Cappe e spade&quot;","block_context":{"text":"Cappe e spade","link":"http:\/\/www.robertosedda.it\/?cat=70"},"img":{"alt_text":"","src":"https:\/\/i0.wp.com\/img.youtube.com\/vi\/7XJpZFsLIGw\/0.jpg?resize=350%2C200","width":350,"height":200},"classes":[]},{"id":10935,"url":"http:\/\/www.robertosedda.it\/?p=10935","url_meta":{"origin":5088,"position":2},"title":"REBLOG: Le favole iniziano a Cabras","author":"Rufus","date":"30\/09\/2015","format":"link","excerpt":"Il\u00a0trailer\u00a0di un film, intitolato Le favole iniziano a Cabras,\u00a0\u00a0che sembra interessante (anche se un po' si vede che presenta sempre i soliti noti - e anche qualcuno meno noto, in realt\u00e0).","rel":"","context":"Articolo simile","block_context":{"text":"Articolo simile","link":""},"img":{"alt_text":"","src":"","width":0,"height":0},"classes":[]},{"id":7575,"url":"http:\/\/www.robertosedda.it\/?p=7575","url_meta":{"origin":5088,"position":3},"title":"Molto divertente. Divertente?!","author":"Rufus","date":"03\/06\/2014","format":"video","excerpt":"Come gli amici sanno, Maria Bonaria ha un livello di sopportazione della violenza cinematografica piuttosto basso, cosa che esclude una serie di film dalla visione familiare comune. Io, invece, sono in attesa dell'esito di un po' di esami (quasi tutti di routine, peraltro), quindi come al solito in totale paranoia\u2026","rel":"","context":"In &quot;Coordinate&quot;","block_context":{"text":"Coordinate","link":"http:\/\/www.robertosedda.it\/?cat=52"},"img":{"alt_text":"","src":"https:\/\/i0.wp.com\/www.robertosedda.it\/wp-content\/uploads\/2014\/06\/kraftidioten-in-ordine-di-sparizione.jpg?fit=480%2C360&resize=350%2C200","width":350,"height":200},"classes":[]},{"id":800,"url":"http:\/\/www.robertosedda.it\/?p=800","url_meta":{"origin":5088,"position":4},"title":"Il Grande Lebowski","author":"Rufus","date":"31\/08\/2012","format":false,"excerpt":"A Cagliari i film arrivano con settimane di ritardo rispetto a voi, cos\u00ec di solito mi astengo da scrivere perch\u00e9 mi sembra che le cose da dire siano gi\u00e0 tutte dette. Faccio un'eccezione per questo film perch\u00e9 mi\u00a0\u00e8 piaciuto molto e ne voglio parlare comunque. Pi\u00f9 esattamente, mentre lo vedevo\u2026","rel":"","context":"In &quot;Coordinate&quot;","block_context":{"text":"Coordinate","link":"http:\/\/www.robertosedda.it\/?cat=52"},"img":{"alt_text":"","src":"","width":0,"height":0},"classes":[]},{"id":736,"url":"http:\/\/www.robertosedda.it\/?p=736","url_meta":{"origin":5088,"position":5},"title":"Hulk","author":"Rufus","date":"24\/08\/2012","format":false,"excerpt":"Ang Lee firma un film reazionario e molto cupo che tradisce allegramente il fumetto (che in fondo era il pi\u00f9 casinista, antimilitarista e (diciamolo) psichedelico di tutta la prima produzione Marvel), trasformandolo in qualcosa che sta a met\u00e0 fra King Kong e Frankenstein. C'\u00e8 troppo di tutto, in questo film,\u2026","rel":"","context":"In &quot;Cappe e spade&quot;","block_context":{"text":"Cappe e spade","link":"http:\/\/www.robertosedda.it\/?cat=70"},"img":{"alt_text":"","src":"https:\/\/i0.wp.com\/www.robertosedda.it\/wp-content\/uploads\/2012\/08\/56_1.jpg?fit=300%2C226&resize=350%2C200","width":350,"height":200},"classes":[]}],"_links":{"self":[{"href":"http:\/\/www.robertosedda.it\/index.php?rest_route=\/wp\/v2\/posts\/5088"}],"collection":[{"href":"http:\/\/www.robertosedda.it\/index.php?rest_route=\/wp\/v2\/posts"}],"about":[{"href":"http:\/\/www.robertosedda.it\/index.php?rest_route=\/wp\/v2\/types\/post"}],"author":[{"embeddable":true,"href":"http:\/\/www.robertosedda.it\/index.php?rest_route=\/wp\/v2\/users\/1"}],"replies":[{"embeddable":true,"href":"http:\/\/www.robertosedda.it\/index.php?rest_route=%2Fwp%2Fv2%2Fcomments&post=5088"}],"version-history":[{"count":6,"href":"http:\/\/www.robertosedda.it\/index.php?rest_route=\/wp\/v2\/posts\/5088\/revisions"}],"predecessor-version":[{"id":6419,"href":"http:\/\/www.robertosedda.it\/index.php?rest_route=\/wp\/v2\/posts\/5088\/revisions\/6419"}],"wp:featuredmedia":[{"embeddable":true,"href":"http:\/\/www.robertosedda.it\/index.php?rest_route=\/wp\/v2\/media\/5093"}],"wp:attachment":[{"href":"http:\/\/www.robertosedda.it\/index.php?rest_route=%2Fwp%2Fv2%2Fmedia&parent=5088"}],"wp:term":[{"taxonomy":"category","embeddable":true,"href":"http:\/\/www.robertosedda.it\/index.php?rest_route=%2Fwp%2Fv2%2Fcategories&post=5088"},{"taxonomy":"post_tag","embeddable":true,"href":"http:\/\/www.robertosedda.it\/index.php?rest_route=%2Fwp%2Fv2%2Ftags&post=5088"}],"curies":[{"name":"wp","href":"https:\/\/api.w.org\/{rel}","templated":true}]}}