{"id":5060,"date":"2013-11-20T00:39:50","date_gmt":"2013-11-19T23:39:50","guid":{"rendered":"http:\/\/www.robertosedda.it\/?p=5060"},"modified":"2013-11-20T01:14:22","modified_gmt":"2013-11-20T00:14:22","slug":"la-politica-e-morta-viva-la-politica","status":"publish","type":"post","link":"http:\/\/www.robertosedda.it\/?p=5060","title":{"rendered":"La politica \u00e8 morta, viva la politica"},"content":{"rendered":"<p>Questa settimana l&#8217;<a title=\"La Sardegna \u00e8 un mosaico (un intervento di Fabrizio Palazzari)\" href=\"http:\/\/www.robertosedda.it\/?p=4945\">articolo collettivo<\/a> \u00e8 stato scritto da Enrico Lobina. Come al solito viene pubblicato, oltre che su questo sito, su quelli di <a href=\"http:\/\/www.fondazionesardinia.eu\/ita\/\"><em>Fondazione Sardinia<\/em><\/a><em>, <a href=\"http:\/\/www.tramasdeamistade.org\/\">Tramas de amistade<\/a><\/em>, <a href=\"http:\/\/www.aladinpensiero.it\/\"><em>Aladin pensiero<\/em><\/a>, <a href=\"http:\/\/www.vitobiolchini.it\/\">Vito Biolchini<\/a>, <a href=\"http:\/\/www.sardegnasoprattutto.com\/\"><em>Sardegna soprattutto<\/em><\/a>, <a href=\"http:\/\/www.enricolobina.org\/wp\/\">Enrico Lobina<\/a><em>, <a href=\"http:\/\/madrigopolis.blogspot.it\/\">Madrigopolis<\/a><\/em>, <a href=\"http:\/\/www.formaparis.com\/blog\"><em>Forma paris<\/em><\/a>\u00a0e <a href=\"http:\/\/tottusinpari.blog.tiscali.it\/\"><em>Tottus in pari<\/em><\/a>. Enrico sa, perch\u00e9 gliel&#8217;ho detto durante la discussione, che secondo me l&#8217;articolo finisce dove doveva iniziare, e quindi mi dichiaro sin d&#8217;ora disponibile a pubblicare la&#8230; seconda parte. Enrico in realt\u00e0 i ha presentato due versioni, una in italiano, che \u00e8 quella che segue, e <a href=\"http:\/\/www.robertosedda.it\/?page_id=5061\">una in sardo, che pubblico comunque, a parte<\/a>, non solo per gli amanti della lingua sarda, ma perch\u00e9 pi\u00f9 che una traduzione \u00e8 proprio un&#8217;altra versione, con alcune differenze anche di significato.<\/p>\n<h2>La politica \u00e8 morta, Viva la politica!<\/h2>\n<h3>di Enrico Lobina<\/h3>\n<p><a href=\"https:\/\/i0.wp.com\/www.robertosedda.it\/wp-content\/uploads\/2013\/11\/Politici-sotto-inchiesta.jpg\"><img data-attachment-id=\"5065\" data-permalink=\"http:\/\/www.robertosedda.it\/?attachment_id=5065\" data-orig-file=\"https:\/\/i0.wp.com\/www.robertosedda.it\/wp-content\/uploads\/2013\/11\/Politici-sotto-inchiesta.jpg?fit=302%2C282\" data-orig-size=\"302,282\" data-comments-opened=\"1\" data-image-meta=\"{&quot;aperture&quot;:&quot;0&quot;,&quot;credit&quot;:&quot;&quot;,&quot;camera&quot;:&quot;&quot;,&quot;caption&quot;:&quot;&quot;,&quot;created_timestamp&quot;:&quot;0&quot;,&quot;copyright&quot;:&quot;&quot;,&quot;focal_length&quot;:&quot;0&quot;,&quot;iso&quot;:&quot;0&quot;,&quot;shutter_speed&quot;:&quot;0&quot;,&quot;title&quot;:&quot;&quot;}\" data-image-title=\"Politici sotto inchiesta\" data-image-description=\"\" data-image-caption=\"\" data-medium-file=\"https:\/\/i0.wp.com\/www.robertosedda.it\/wp-content\/uploads\/2013\/11\/Politici-sotto-inchiesta.jpg?fit=300%2C280\" data-large-file=\"https:\/\/i0.wp.com\/www.robertosedda.it\/wp-content\/uploads\/2013\/11\/Politici-sotto-inchiesta.jpg?fit=302%2C282\" decoding=\"async\" loading=\"lazy\" class=\"alignleft size-full wp-image-5065\" alt=\"Politici sotto inchiesta\" src=\"https:\/\/i0.wp.com\/www.robertosedda.it\/wp-content\/uploads\/2013\/11\/Politici-sotto-inchiesta.jpg?resize=302%2C282\" width=\"302\" height=\"282\" srcset=\"https:\/\/i0.wp.com\/www.robertosedda.it\/wp-content\/uploads\/2013\/11\/Politici-sotto-inchiesta.jpg?w=302 302w, https:\/\/i0.wp.com\/www.robertosedda.it\/wp-content\/uploads\/2013\/11\/Politici-sotto-inchiesta.jpg?resize=150%2C140 150w, https:\/\/i0.wp.com\/www.robertosedda.it\/wp-content\/uploads\/2013\/11\/Politici-sotto-inchiesta.jpg?resize=300%2C280 300w\" sizes=\"(max-width: 302px) 100vw, 302px\" data-recalc-dims=\"1\" \/><\/a>La maggioranza dei consiglieri regionali sardi della legislatura 2004-2009 \u00e8 indagata per peculato. All\u2019orizzonte appaiono nuovi filoni di indagine, ed ogni giorno ha la sua novit\u00e0. In quasi tutte le regioni d\u2019Italia sono in corso indagini, alcune antecedenti ed altre successive a quella sarda. Il punto non \u00e8 il finanziamento pubblico per attivit\u00e0 politiche determinate, bens\u00ec il suo utilizzo distorto.<\/p>\n<p>Non possiamo sapere precisamente quali effetti genereranno sul mondo politico queste indagini, ma da Tangentopoli sappiamo quanto possono essere deflagranti.<\/p>\n<p>Questi eventi scatenano, negli strati popolari e tra le <em>\u00e9lite<\/em> politiche, reazioni diverse.<\/p>\n<p>Tra le classi sociali pi\u00f9 colpite dalla crisi \u00e8 nettamente prevalente la considerazione per cui sono tutti uguali: tutti hanno rubato senza pensare al ruolo che avevano. Come dare loro torto? Chi ha sentito e subito per decenni proclami, e vede le condizioni materiali di vita proprie e dei propri figli nettamente peggiorate, come dovrebbe reagire?<\/p>\n<p>Vince il qualunquismo, anticipatore del cesarismo, che pu\u00f2 essere progressivo o regressivo.<\/p>\n<p>Tra le <em>\u00e9lite<\/em> politiche prevale il ragionamento per cui si tratta di casi isolati e, quindi, una questione morale non esiste. Berlinguer, anche a sinistra, va bene in qualche manifesto, ma la famosa intervista a Scalfari, che gi\u00e0 allora era indirizzata tanto all\u2019interno del PCI quanto all\u2019esterno, oggi non viene ritenuta adatta a descrivere la situazione in cui viviamo.<\/p>\n<p>Al contrario, sono sempre pi\u00f9 le eccezioni, gli intellettuali, sindacalisti, politici e rappresentanti delle istituzioni che riconoscono, pur nel principio della non colpevolezza degli indagati, l\u2019esistenza della questione morale.<\/p>\n<p>Il problema non \u00e8 di un singolo o una singola, per quanto importante essa sia, bens\u00ec di un \u201csistema\u201d.<\/p>\n<p>La corruzione di chi sta al potere non \u00e8 tema di oggi, e non \u00e8 tema che interessi solamente la Sardegna o l\u2019Italia. Basti pensare a chi, nobile nelle origini, ancora ha qualche reminiscenza della visione patrimoniale dello Stato propria della monarchia.<\/p>\n<p>La stessa ONU (Organizzazione delle Nazioni Unite), in maniera vagamente ipocrita e manichea, pone la corruzione quale grande elemento negativo nello sviluppo dei popoli e delle loro organizzazioni statuali. La verit\u00e0 \u00e8 che il fenomeno \u201ccorruzione\u201d attiene al rapporto tra economia, classi dirigenti, costruzione dello stato e partecipazione popolare. A seconda di come questi elementi si incontrano e si relazionano storicamente vi \u00e8 un determinato utilizzo delle risorse pubbliche e del potere acquisito.<\/p>\n<p>All\u2019inizio dell\u2019et\u00e0 repubblicana Alcide de Gasperi, padre della costituzione e democristiano, possedeva solamente una modesta casetta a Sella di Valsugana. Berlinguer, a capo del pi\u00f9 importante partito comunista dell\u2019occidente capitalista, non \u00e8 mai stato sfiorato dall\u2019idea di avere dei privilegi personali per via della propria posizione. E gli esempi potrebbero essere migliaia.<\/p>\n<p>Oggi la questione morale, in Sardegna e Italia, esiste. Chi lo nega fa lo struzzo. Servono atteggiamenti coerenti, che pongano l\u2019interesse dei sardi, e di ogni popolo, davanti all\u2019interesse personale e dei cosiddetti partiti. \u00c8 il primo passo, al quale deve seguire una analisi profonda delle ragioni della mancanza di una classe dirigente nello stato italiano, che da poco ha festeggiato i 150 anni, e di come la Sardegna non pu\u00f2 certo prendere ad esempio ci\u00f2 che accade oltre Tirreno.<\/p>\n<p>Altrimenti insieme a tanti singoli affonda la politica, che \u00e8 l\u2019unico mezzo per i subalterni per migliorare la propria condizione di vita.<\/p>\n<p>La politica \u00e8 morta, viva la politica!<\/p>\n","protected":false},"excerpt":{"rendered":"<p>Questa settimana l&#8217;articolo collettivo \u00e8 stato scritto da Enrico Lobina. Come al solito viene pubblicato, oltre che su questo sito,<\/p>\n","protected":false},"author":1,"featured_media":5065,"comment_status":"open","ping_status":"open","sticky":false,"template":"","format":"standard","meta":{"_mi_skip_tracking":false,"_monsterinsights_sitenote_active":false,"_monsterinsights_sitenote_note":"","_monsterinsights_sitenote_category":0,"jetpack_post_was_ever_published":false,"_jetpack_newsletter_access":"","jetpack_publicize_message":"","jetpack_is_tweetstorm":false,"jetpack_publicize_feature_enabled":true,"jetpack_social_post_already_shared":false,"jetpack_social_options":{"image_generator_settings":{"template":"highway","enabled":false}}},"categories":[52,57,17,59,16],"tags":[],"jetpack_publicize_connections":[],"jetpack_featured_media_url":"https:\/\/i0.wp.com\/www.robertosedda.it\/wp-content\/uploads\/2013\/11\/Politici-sotto-inchiesta.jpg?fit=302%2C282","jetpack_sharing_enabled":true,"jetpack_shortlink":"https:\/\/wp.me\/p4jV2T-1jC","jetpack_likes_enabled":true,"jetpack-related-posts":[{"id":9871,"url":"http:\/\/www.robertosedda.it\/?p=9871","url_meta":{"origin":5060,"position":0},"title":"La Sardegna si salva tutta o non si salva (un intervento di Enrico Lobina)","author":"Rufus","date":"31\/03\/2015","format":false,"excerpt":"Questo articolo viene pubblicato anche sui siti di Fondazione Sardinia, Tramasdeamistade, Sardegna Soprattutto, Sportello Formaparis,Tottusinpari e sui blog di Enrico Lobina, Vito Biolchini e Francesca Madrigali. La Sardegna si salva tutta o non si salva \u2013 Un futuro produttivo e l\u2019estinzione gi\u00e0 in corso di Enrico Lobina In consiglio comunale,\u2026","rel":"","context":"In &quot;Coordinate&quot;","block_context":{"text":"Coordinate","link":"http:\/\/www.robertosedda.it\/?cat=52"},"img":{"alt_text":"","src":"https:\/\/i0.wp.com\/www.robertosedda.it\/wp-content\/uploads\/2013\/04\/2013-04-25-10.33.37.jpg?fit=900%2C1200&resize=350%2C200","width":350,"height":200,"srcset":"https:\/\/i0.wp.com\/www.robertosedda.it\/wp-content\/uploads\/2013\/04\/2013-04-25-10.33.37.jpg?fit=900%2C1200&resize=350%2C200 1x, https:\/\/i0.wp.com\/www.robertosedda.it\/wp-content\/uploads\/2013\/04\/2013-04-25-10.33.37.jpg?fit=900%2C1200&resize=700%2C400 2x"},"classes":[]},{"id":7294,"url":"http:\/\/www.robertosedda.it\/?p=7294","url_meta":{"origin":5060,"position":1},"title":"Pepe Mujica ed il coraggio del nuovo","author":"Rufus","date":"08\/05\/2014","format":false,"excerpt":"\u00c8 giunto molto gradito un nuovo articolo dei\u00a0blogger del luned\u00ec, che non ho pubblicato subito perch\u00e9 non avevo controllato la posta (ehm). Lo pubblico adesso insieme, come al solito, ai siti\u00a0della\u00a0Fondazione Sardinia,\u00a0Tramas de amistade,\u00a0Aladin pensiero,\u00a0Vito Biolchini,\u00a0Sardegna soprattutto,\u00a0Enrico Lobina,\u00a0Madrigopolis,\u00a0Forma paris\u00a0e\u00a0Tottus in pari. Pepe Mujica ed il coraggio del nuovo di Enrico\u2026","rel":"","context":"In &quot;Coordinate&quot;","block_context":{"text":"Coordinate","link":"http:\/\/www.robertosedda.it\/?cat=52"},"img":{"alt_text":"","src":"https:\/\/i0.wp.com\/www.robertosedda.it\/wp-content\/uploads\/2013\/04\/2013-04-25-10.33.37.jpg?fit=900%2C1200&resize=350%2C200","width":350,"height":200,"srcset":"https:\/\/i0.wp.com\/www.robertosedda.it\/wp-content\/uploads\/2013\/04\/2013-04-25-10.33.37.jpg?fit=900%2C1200&resize=350%2C200 1x, https:\/\/i0.wp.com\/www.robertosedda.it\/wp-content\/uploads\/2013\/04\/2013-04-25-10.33.37.jpg?fit=900%2C1200&resize=700%2C400 2x"},"classes":[]},{"id":8914,"url":"http:\/\/www.robertosedda.it\/?p=8914","url_meta":{"origin":5060,"position":2},"title":"Quali intellettuali in Sardegna? Un intervento di Piero Marcialis","author":"Rufus","date":"19\/11\/2014","format":false,"excerpt":"Oltre che su questo\u00a0blog questo articolo viene pubblicato anche sui siti di\u00a0Fondazione Sardinia,\u00a0Aladinpensiero,\u00a0Tramas de amistade,\u00a0Sardegna Soprattutto,\u00a0Sportello Formaparis,\u00a0Tottusinpari e sui blog di\u00a0Enrico Lobina,\u00a0Vito Biolchini\u00a0e\u00a0Francesca Madrigali. Quali intellettuali in Sardegna? di Piero Marcialis Si scalda (forse) il dibattito sugli intellettuali in Sardegna. Non mi soffermo a dire che intellettuali siamo un po\u2019\u2026","rel":"","context":"In &quot;Coordinate&quot;","block_context":{"text":"Coordinate","link":"http:\/\/www.robertosedda.it\/?cat=52"},"img":{"alt_text":"","src":"https:\/\/i0.wp.com\/www.robertosedda.it\/wp-content\/uploads\/2014\/11\/intellettuali1.jpg?fit=360%2C269&resize=350%2C200","width":350,"height":200},"classes":[]},{"id":1513,"url":"http:\/\/www.robertosedda.it\/?p=1513","url_meta":{"origin":5060,"position":3},"title":"Giro (politico) di blog","author":"Rufus","date":"27\/11\/2012","format":false,"excerpt":"Solo una brevissima comunicazione di servizio per segnalarvi che oggi cambia il \"blog dell'amico\" evidenziato in prima pagina (e che, ricordo, non \u00e8 necessariamente un blog che seguo spesso, ma \u00e8 l'espressione di\u00a0qualcuno che, esclusivamente per stima personale, mi fa piacere pubblicizzare). Senza che questo abbia alcuna significanza politica, questa\u2026","rel":"","context":"In &quot;Coordinate&quot;","block_context":{"text":"Coordinate","link":"http:\/\/www.robertosedda.it\/?cat=52"},"img":{"alt_text":"","src":"","width":0,"height":0},"classes":[]},{"id":5227,"url":"http:\/\/www.robertosedda.it\/?p=5227","url_meta":{"origin":5060,"position":4},"title":"Temi su cui dire &#8220;no&#8221; o &#8220;si&#8221;","author":"Rufus","date":"03\/12\/2013","format":false,"excerpt":"L'articolo settimanale \u00e8 stato scritto da Salvatore Cubeddu, che vedete qui a fianco in una foto\u00a0casalinga che ho\u00a0preso dal sito di Enrico Lobina. Questa settimana non ho partecipato alla discussione; mi ero dato un mese di prova nelle riunioni settimanali, il mese \u00e8 scaduto e\u00a0manco a farlo apposta mi sono\u2026","rel":"","context":"In &quot;Coordinate&quot;","block_context":{"text":"Coordinate","link":"http:\/\/www.robertosedda.it\/?cat=52"},"img":{"alt_text":"","src":"https:\/\/i0.wp.com\/www.robertosedda.it\/wp-content\/uploads\/2013\/12\/Salvatore-Cubeddu.jpg?fit=500%2C374&resize=350%2C200","width":350,"height":200},"classes":[]},{"id":9650,"url":"http:\/\/www.robertosedda.it\/?p=9650","url_meta":{"origin":5060,"position":5},"title":"La Grecia sta meglio della Sardegna: perch\u00e9 almeno ha rialzato la testa","author":"Rufus","date":"23\/02\/2015","format":false,"excerpt":"Questo articolo viene pubblicato anche sui siti di\u00a0Fondazione Sardinia, Tramasdeamistade, Sardegna Soprattutto,\u00a0Sportello Formaparis,\u00a0Tottusinpari\u00a0e sui blog di\u00a0Enrico Lobina,\u00a0Vito Biolchini\u00a0e\u00a0Francesca Madrigali. La Grecia sta meglio della Sardegna: perch\u00e9 almeno ha rialzato la testa di Enrico Lobina La Grecia ha conosciuto, negli ultimi anni, la peggiore crisi economica nella sua storia recente. Dal\u2026","rel":"","context":"In &quot;Coordinate&quot;","block_context":{"text":"Coordinate","link":"http:\/\/www.robertosedda.it\/?cat=52"},"img":{"alt_text":"","src":"https:\/\/i0.wp.com\/www.robertosedda.it\/wp-content\/uploads\/2015\/02\/Atene-500x319.jpg?fit=500%2C319&resize=350%2C200","width":350,"height":200},"classes":[]}],"_links":{"self":[{"href":"http:\/\/www.robertosedda.it\/index.php?rest_route=\/wp\/v2\/posts\/5060"}],"collection":[{"href":"http:\/\/www.robertosedda.it\/index.php?rest_route=\/wp\/v2\/posts"}],"about":[{"href":"http:\/\/www.robertosedda.it\/index.php?rest_route=\/wp\/v2\/types\/post"}],"author":[{"embeddable":true,"href":"http:\/\/www.robertosedda.it\/index.php?rest_route=\/wp\/v2\/users\/1"}],"replies":[{"embeddable":true,"href":"http:\/\/www.robertosedda.it\/index.php?rest_route=%2Fwp%2Fv2%2Fcomments&post=5060"}],"version-history":[{"count":4,"href":"http:\/\/www.robertosedda.it\/index.php?rest_route=\/wp\/v2\/posts\/5060\/revisions"}],"predecessor-version":[{"id":5067,"href":"http:\/\/www.robertosedda.it\/index.php?rest_route=\/wp\/v2\/posts\/5060\/revisions\/5067"}],"wp:featuredmedia":[{"embeddable":true,"href":"http:\/\/www.robertosedda.it\/index.php?rest_route=\/wp\/v2\/media\/5065"}],"wp:attachment":[{"href":"http:\/\/www.robertosedda.it\/index.php?rest_route=%2Fwp%2Fv2%2Fmedia&parent=5060"}],"wp:term":[{"taxonomy":"category","embeddable":true,"href":"http:\/\/www.robertosedda.it\/index.php?rest_route=%2Fwp%2Fv2%2Fcategories&post=5060"},{"taxonomy":"post_tag","embeddable":true,"href":"http:\/\/www.robertosedda.it\/index.php?rest_route=%2Fwp%2Fv2%2Ftags&post=5060"}],"curies":[{"name":"wp","href":"https:\/\/api.w.org\/{rel}","templated":true}]}}