{"id":5008,"date":"2013-11-13T14:24:51","date_gmt":"2013-11-13T13:24:51","guid":{"rendered":"http:\/\/www.robertosedda.it\/?p=5008"},"modified":"2015-11-13T10:48:03","modified_gmt":"2015-11-13T09:48:03","slug":"con-la-stessa-passione-dei-bambini","status":"publish","type":"post","link":"http:\/\/www.robertosedda.it\/?p=5008","title":{"rendered":"Con la stessa passione dei bambini"},"content":{"rendered":"<p>Ieri sono andato alla Messa in occasione del diciannovesimo anniversario dell&#8217;ordinazione di don Giulio Madeddu. Al momento della colletta (la preghiera che il sacerdote pronuncia fra i riti di ingresso e la liturgia della Parola, per predisporre l&#8217;assemblea ormai costituita all&#8217;ascolto), Giulio ha letto ad alta voce il testo, rubricato come &#8220;Messa per un sacerdote, specialmente se in cura d&#8217;anime&#8221;:<\/p>\n<blockquote><p>O Dio, che mi hai posto alla guida della tua famiglia<br \/>\nnel sacerdozio ministeriale,<br \/>\nnon per i miei meriti, ma soltanto per la tua grazia,<br \/>\nfa\u2019 che io compia degnamente il mio servizio.<\/p><\/blockquote>\n<p>Non so se sia dipeso da un&#8217;enfasi posta da Giulio o da una coincidenza, ma le parole del terzo verso sono risuonate con particolare evidenza: <em>non per i miei meriti ma per la tua grazia<\/em>. Ascoltando riflettevo su come la formula segnalasse una distanza abissale dagli stereotipi sulla Chiesa e i preti che spessissimo mi capita di sentire ultimamente.<\/p>\n<p>Non so chi materialmente abbia scritto quella preghiera: il Messale \u00e8 stato riformato dopo il Concilio ma non sono abbastanza competente in termini di liturgia da sapere quanto riprenda\u00a0di formule pi\u00f9 antiche. In ogni caso non \u00e8 quello che importa; importa invece che chi ha scritto quel brano ci si \u00e8 avvicinato con un senso vero di fede: e ha voluto sottolineare con precisione un aspetto di umilt\u00e0, di affidamento alla grazia.<\/p>\n<p>Distanza abissale dalla stereotipizzazione dei preti tutti volti a se stessi, alla propria glorificazione, al potere, o della Chiesa come costruzione del tutto umana. Sembrerebbe persino strano sottolineare che la Chiesa, essendo composta di gente religiosa, quando parla a se stessa (prima ancora che <em>di s\u00e9<\/em>) svolga concetti religiosi e celebri in senso religioso: si vede che per\u00f2 le vicende del periodo mi predisponevano a questo pensiero.<\/p>\n<p>Del resto la liturgia tutta \u00e8 dimostrazione di quel che dicevo. La stessa cura nello scrivere la parola giusta che pronuncia un prete quando presiede una Messa nel suo anniversario di ordinazione c&#8217;\u00e8 in tutti i testi, in tutte le preghiere, nella organizzazione complessiva dei riti, nessuno dei quali \u00e8 mai stato pensato in maniera superficiale. C&#8217;\u00e8 una bella immagine di Romano Guardini\u00a0che mi piace spesso citare, quella che paragona la cura per la liturgia per l&#8217;attenzione ossessiva che i bambini dedicano all&#8217;organizzazione dei loro giochi. Chi\u00a0\u00e8 mai stato in cortile a litigare per stabilire se vale far carambolare la palla contro il muro per <em>dribblare<\/em> un difensore o se questo non \u00e8 ammesso pu\u00f2 capire quello che dico: e una simile cura non \u00e8 finzione, non pu\u00f2 avere origine che laddove si \u00e8 religiosi <em>davvero<\/em>.<\/p>\n<h3>Facendo l&#8217;avvocato del diavolo<\/h3>\n<p>Si sar\u00e0 capito, non sopporto gli stereotipi negativi su Chiesa e preti. \u00c8 vero per\u00f2 che ieri eravamo in posizione privilegiata per percepire la celebrazione come espressione di una Chiesa davvero religiosa e, in definitiva, di un mistero. Non eravamo tanti, ciascuno conosceva (e stimava) diversi degli altri, presiedeva un sacerdote verso cui tutti avevamo sentimenti di amicizia. C&#8217;era anche la musica, sebbene magari un po&#8217; strascicata oltre il limite. Era una celebrazione intima ma anche moderatamente solenne: un contesto favorevole alla preghiera e alla meditazione.<\/p>\n<p>Non \u00e8 probabilmente rappresentativa, purtroppo, delle celebrazioni ordinarie nelle comunit\u00e0 parrocchiali, che forse non sempre riescono\u00a0a testimoniare quel che sarebbe necessario.<\/p>\n<p>All&#8217;incontro delle <em>Lucido sottile<\/em> con don Dino Pirri (di cui dovr\u00f2 decidermi a raccontare) a un certo punto si \u00e8 raccontato di celebrazioni di esequie noiosissime, \u00abche duravano un&#8217;ora e mezza\u00bb. <em>Bum!!<\/em> ho pensato, <em>ma quando mai<\/em>. Certo, c&#8217;era nell&#8217;occasione un&#8217;ignoranza religiosa che si tagliava a fette, ma dopo ieri un altro pensiero mi \u00e8 venuto: magari quella Messa non durava un&#8217;ora e mezza, ma era cos\u00ec noiosa che davvero&#8230; sembrava non finire mai!<\/p>\n","protected":false},"excerpt":{"rendered":"<p>Ieri sono andato alla Messa in occasione del diciannovesimo anniversario dell&#8217;ordinazione di don Giulio Madeddu. Al momento della colletta (la<\/p>\n","protected":false},"author":1,"featured_media":0,"comment_status":"open","ping_status":"open","sticky":false,"template":"","format":"standard","meta":{"_mi_skip_tracking":false,"_monsterinsights_sitenote_active":false,"_monsterinsights_sitenote_note":"","_monsterinsights_sitenote_category":0,"jetpack_post_was_ever_published":false,"_jetpack_newsletter_access":"","jetpack_publicize_message":"","jetpack_is_tweetstorm":false,"jetpack_publicize_feature_enabled":true,"jetpack_social_post_already_shared":false,"jetpack_social_options":{"image_generator_settings":{"template":"highway","enabled":false}}},"categories":[52,54,17,62,16,1],"tags":[],"jetpack_publicize_connections":[],"jetpack_featured_media_url":"","jetpack_sharing_enabled":true,"jetpack_shortlink":"https:\/\/wp.me\/p4jV2T-1iM","jetpack_likes_enabled":true,"jetpack-related-posts":[{"id":13874,"url":"http:\/\/www.robertosedda.it\/?p=13874","url_meta":{"origin":5008,"position":0},"title":"Don Milani, scappa veloce","author":"Rufus","date":"21\/06\/2017","format":false,"excerpt":"Sono andato ieri al convegno che una serie di realt\u00e0 della diocesi di Cagliari hanno dedicato alla figura di don Milani, intitolato La sfida di don Milani. Ora, la mia opinione su un convegno del genere \u00e8 riassunta in una battuta fulminante di Silvio Orlando in\u00a0Sud di Salvatores. https:\/\/www.youtube.com\/watch?v=0ltlncYqWwo Ciro\u2026","rel":"","context":"In &quot;Coordinate&quot;","block_context":{"text":"Coordinate","link":"http:\/\/www.robertosedda.it\/?cat=52"},"img":{"alt_text":"","src":"https:\/\/i0.wp.com\/www.robertosedda.it\/wp-content\/uploads\/2017\/06\/Don-Milani.jpg?fit=849%2C1200&resize=350%2C200","width":350,"height":200,"srcset":"https:\/\/i0.wp.com\/www.robertosedda.it\/wp-content\/uploads\/2017\/06\/Don-Milani.jpg?fit=849%2C1200&resize=350%2C200 1x, https:\/\/i0.wp.com\/www.robertosedda.it\/wp-content\/uploads\/2017\/06\/Don-Milani.jpg?fit=849%2C1200&resize=700%2C400 2x"},"classes":[]},{"id":18381,"url":"http:\/\/www.robertosedda.it\/?p=18381","url_meta":{"origin":5008,"position":1},"title":"Tempo di Avvento, tempo di lectio","author":"Rufus","date":"18\/12\/2020","format":false,"excerpt":"Il 21 dicembre prossimo, alle 21,00, il gruppo La Pira far\u00e0 la sua lectio di Natale abituale, su Zoom. Come al solito, chi si vuole unire a noi pu\u00f2 contattarci liberamente. Per tutti gli altri posto qui i materiali che utilizzeremo, nel caso volessero ripetere l'esperienza personalmente o con altri\u2026","rel":"","context":"In &quot;Coordinate&quot;","block_context":{"text":"Coordinate","link":"http:\/\/www.robertosedda.it\/?cat=52"},"img":{"alt_text":"","src":"https:\/\/i0.wp.com\/www.robertosedda.it\/wp-content\/uploads\/2020\/12\/1640px-Caravaggio-Nativity1600.jpg?fit=911%2C1200&resize=350%2C200","width":350,"height":200,"srcset":"https:\/\/i0.wp.com\/www.robertosedda.it\/wp-content\/uploads\/2020\/12\/1640px-Caravaggio-Nativity1600.jpg?fit=911%2C1200&resize=350%2C200 1x, https:\/\/i0.wp.com\/www.robertosedda.it\/wp-content\/uploads\/2020\/12\/1640px-Caravaggio-Nativity1600.jpg?fit=911%2C1200&resize=700%2C400 2x"},"classes":[]},{"id":773,"url":"http:\/\/www.robertosedda.it\/?p=773","url_meta":{"origin":5008,"position":2},"title":"La minaccia fantasma","author":"Rufus","date":"24\/08\/2012","format":false,"excerpt":"Sono andato a vedere Episode I abbastanza maldisposto: dalle critiche lette mi apettavo un film piuttosto vuoto con grandi effetti speciali. Dopo averlo visto penso che sia un affettuoso omaggio alla saga e un tentativo (riuscito) di far rivivere la leggenda con grandiosi effetti speciali... e sono felicissimo di averlo\u2026","rel":"","context":"In &quot;Coordinate&quot;","block_context":{"text":"Coordinate","link":"http:\/\/www.robertosedda.it\/?cat=52"},"img":{"alt_text":"","src":"","width":0,"height":0},"classes":[]},{"id":15736,"url":"http:\/\/www.robertosedda.it\/?p=15736","url_meta":{"origin":5008,"position":3},"title":"La caccia all&#8217;orso e Giulio Cesare","author":"Rufus","date":"12\/10\/2018","format":false,"excerpt":"Volevo segnalare agli anglofoni che su Slate \u00e8 appena terminata una serie di podcast intitolata Lend me your ears (\"Prestatemi orecchio\", dal discorso di Marco Antonio), che esplora il modo col quale Shakespeare si \u00e8 confrontato con la politica del suo tempo e come i suoi lettori hanno usato le\u2026","rel":"","context":"In &quot;Coordinate&quot;","block_context":{"text":"Coordinate","link":"http:\/\/www.robertosedda.it\/?cat=52"},"img":{"alt_text":"","src":"https:\/\/i0.wp.com\/www.robertosedda.it\/wp-content\/uploads\/2018\/10\/Julius-Caesar-in-the-park.jpg?fit=1200%2C773&resize=350%2C200","width":350,"height":200,"srcset":"https:\/\/i0.wp.com\/www.robertosedda.it\/wp-content\/uploads\/2018\/10\/Julius-Caesar-in-the-park.jpg?fit=1200%2C773&resize=350%2C200 1x, https:\/\/i0.wp.com\/www.robertosedda.it\/wp-content\/uploads\/2018\/10\/Julius-Caesar-in-the-park.jpg?fit=1200%2C773&resize=700%2C400 2x, https:\/\/i0.wp.com\/www.robertosedda.it\/wp-content\/uploads\/2018\/10\/Julius-Caesar-in-the-park.jpg?fit=1200%2C773&resize=1050%2C600 3x"},"classes":[]},{"id":14754,"url":"http:\/\/www.robertosedda.it\/?p=14754","url_meta":{"origin":5008,"position":4},"title":"Ancora su Goebbels e le fake news (e la sinistra)","author":"Rufus","date":"28\/02\/2018","format":false,"excerpt":"Manco a farlo apposta, vedo ieri condiviso un articolo su\u00a0Left\u00a0a firma Giulio Cavali con le \"famose\" undici regole di Goebbels (se non sapete di che parlo, leggete qui). Ora, Giulio Cavalli \u00e8 un giornalista vero, noto per lavori di inchiesta e per la compromissione sociale. E Left\u00a0\u00e8 una rivista\u00a0vera, con\u2026","rel":"","context":"In &quot;Coordinate&quot;","block_context":{"text":"Coordinate","link":"http:\/\/www.robertosedda.it\/?cat=52"},"img":{"alt_text":"","src":"https:\/\/i0.wp.com\/www.robertosedda.it\/wp-content\/uploads\/2018\/02\/Left-Goebbels-2.jpg?fit=1200%2C558&resize=350%2C200","width":350,"height":200,"srcset":"https:\/\/i0.wp.com\/www.robertosedda.it\/wp-content\/uploads\/2018\/02\/Left-Goebbels-2.jpg?fit=1200%2C558&resize=350%2C200 1x, https:\/\/i0.wp.com\/www.robertosedda.it\/wp-content\/uploads\/2018\/02\/Left-Goebbels-2.jpg?fit=1200%2C558&resize=700%2C400 2x, https:\/\/i0.wp.com\/www.robertosedda.it\/wp-content\/uploads\/2018\/02\/Left-Goebbels-2.jpg?fit=1200%2C558&resize=1050%2C600 3x"},"classes":[]},{"id":11544,"url":"http:\/\/www.robertosedda.it\/?p=11544","url_meta":{"origin":5008,"position":5},"title":"Ricordando Giulio Regeni","author":"Rufus","date":"11\/02\/2016","format":false,"excerpt":"Devo dire che ci sono momenti in cui sono piuttosto orgoglioso del posto dove lavoro.","rel":"","context":"In &quot;Coordinate&quot;","block_context":{"text":"Coordinate","link":"http:\/\/www.robertosedda.it\/?cat=52"},"img":{"alt_text":"","src":"https:\/\/i0.wp.com\/www.robertosedda.it\/wp-content\/uploads\/2016\/02\/Giulio-Regeni-UNICA.jpg?fit=743%2C397&resize=350%2C200","width":350,"height":200,"srcset":"https:\/\/i0.wp.com\/www.robertosedda.it\/wp-content\/uploads\/2016\/02\/Giulio-Regeni-UNICA.jpg?fit=743%2C397&resize=350%2C200 1x, https:\/\/i0.wp.com\/www.robertosedda.it\/wp-content\/uploads\/2016\/02\/Giulio-Regeni-UNICA.jpg?fit=743%2C397&resize=700%2C400 2x"},"classes":[]}],"_links":{"self":[{"href":"http:\/\/www.robertosedda.it\/index.php?rest_route=\/wp\/v2\/posts\/5008"}],"collection":[{"href":"http:\/\/www.robertosedda.it\/index.php?rest_route=\/wp\/v2\/posts"}],"about":[{"href":"http:\/\/www.robertosedda.it\/index.php?rest_route=\/wp\/v2\/types\/post"}],"author":[{"embeddable":true,"href":"http:\/\/www.robertosedda.it\/index.php?rest_route=\/wp\/v2\/users\/1"}],"replies":[{"embeddable":true,"href":"http:\/\/www.robertosedda.it\/index.php?rest_route=%2Fwp%2Fv2%2Fcomments&post=5008"}],"version-history":[{"count":7,"href":"http:\/\/www.robertosedda.it\/index.php?rest_route=\/wp\/v2\/posts\/5008\/revisions"}],"predecessor-version":[{"id":11173,"href":"http:\/\/www.robertosedda.it\/index.php?rest_route=\/wp\/v2\/posts\/5008\/revisions\/11173"}],"wp:attachment":[{"href":"http:\/\/www.robertosedda.it\/index.php?rest_route=%2Fwp%2Fv2%2Fmedia&parent=5008"}],"wp:term":[{"taxonomy":"category","embeddable":true,"href":"http:\/\/www.robertosedda.it\/index.php?rest_route=%2Fwp%2Fv2%2Fcategories&post=5008"},{"taxonomy":"post_tag","embeddable":true,"href":"http:\/\/www.robertosedda.it\/index.php?rest_route=%2Fwp%2Fv2%2Ftags&post=5008"}],"curies":[{"name":"wp","href":"https:\/\/api.w.org\/{rel}","templated":true}]}}