{"id":4958,"date":"2013-11-07T17:29:04","date_gmt":"2013-11-07T16:29:04","guid":{"rendered":"http:\/\/www.robertosedda.it\/?p=4958"},"modified":"2013-11-07T18:12:13","modified_gmt":"2013-11-07T17:12:13","slug":"gente-che-dovrebbe-partecipare-a-scirarindi","status":"publish","type":"post","link":"http:\/\/www.robertosedda.it\/?p=4958","title":{"rendered":"Gente che dovrebbe partecipare a Scirarindi"},"content":{"rendered":"<p><a href=\"https:\/\/i0.wp.com\/www.robertosedda.it\/wp-content\/uploads\/2013\/11\/LOCANDINAweb_2013_preview.jpg\"><img data-attachment-id=\"4959\" data-permalink=\"http:\/\/www.robertosedda.it\/?attachment_id=4959\" data-orig-file=\"https:\/\/i0.wp.com\/www.robertosedda.it\/wp-content\/uploads\/2013\/11\/LOCANDINAweb_2013_preview.jpg?fit=320%2C454\" data-orig-size=\"320,454\" data-comments-opened=\"1\" data-image-meta=\"{&quot;aperture&quot;:&quot;0&quot;,&quot;credit&quot;:&quot;&quot;,&quot;camera&quot;:&quot;&quot;,&quot;caption&quot;:&quot;&quot;,&quot;created_timestamp&quot;:&quot;0&quot;,&quot;copyright&quot;:&quot;&quot;,&quot;focal_length&quot;:&quot;0&quot;,&quot;iso&quot;:&quot;0&quot;,&quot;shutter_speed&quot;:&quot;0&quot;,&quot;title&quot;:&quot;&quot;}\" data-image-title=\"LOCANDINAweb_2013_preview\" data-image-description=\"\" data-image-caption=\"\" data-medium-file=\"https:\/\/i0.wp.com\/www.robertosedda.it\/wp-content\/uploads\/2013\/11\/LOCANDINAweb_2013_preview.jpg?fit=211%2C300\" data-large-file=\"https:\/\/i0.wp.com\/www.robertosedda.it\/wp-content\/uploads\/2013\/11\/LOCANDINAweb_2013_preview.jpg?fit=320%2C454\" decoding=\"async\" loading=\"lazy\" class=\"size-full wp-image-4959 alignleft\" alt=\"LOCANDINAweb_2013_preview\" src=\"https:\/\/i0.wp.com\/www.robertosedda.it\/wp-content\/uploads\/2013\/11\/LOCANDINAweb_2013_preview.jpg?resize=320%2C454\" width=\"320\" height=\"454\" srcset=\"https:\/\/i0.wp.com\/www.robertosedda.it\/wp-content\/uploads\/2013\/11\/LOCANDINAweb_2013_preview.jpg?w=320 320w, https:\/\/i0.wp.com\/www.robertosedda.it\/wp-content\/uploads\/2013\/11\/LOCANDINAweb_2013_preview.jpg?resize=105%2C150 105w, https:\/\/i0.wp.com\/www.robertosedda.it\/wp-content\/uploads\/2013\/11\/LOCANDINAweb_2013_preview.jpg?resize=211%2C300 211w\" sizes=\"(max-width: 320px) 100vw, 320px\" data-recalc-dims=\"1\" \/><\/a>I prossimi 30 novembre e 1 dicembre ci sar\u00e0 a Cagliari\u00a0la terza edizione del <a href=\"http:\/\/www.scirarindi.org\/scirarindi\/?q=node\/7954\"><em>festival<\/em> di <em>Scirarindi<\/em><\/a>, la pi\u00f9 importante rassegna, fiera, momento culturale sulla sostenibilit\u00e0 (e sul benessere olistico) che ci sia in Sardegna, con migliaia di ingressi e centinaia di espositori.<\/p>\n<p>Forse prima dell&#8217;estate il tentativo di esportare e replicare a Sassari la rassegna ha mostrato delle criticit\u00e0, forse quest&#8217;anno la data \u00a0\u00e8 un po&#8217; tardi, ma l&#8217;appuntamento di Cagliari rimane il punto di maggiore espressione di tutto quel mondo che crede nella sostenibilit\u00e0 e nella naturalit\u00e0 e in una visione integrale della persona umana, quindi <em>Scirarindi<\/em> si configura come uno dei momenti culturali pi\u00f9 importanti della vita della regione. Se ci pensate e ragionate su cos&#8217;\u00e8 la cultura, capite che \u00e8 cos\u00ec.<\/p>\n<p><a title=\"Le foto di Scirarindi\" href=\"http:\/\/www.robertosedda.it\/?p=1360\">Io ci sono stato anche nelle scorse edizioni, allo <em>stand<\/em> di Banca Etica<\/a>, e ho sempre trovato strano che non ci fossero persone e organizzazioni che condividono tante cose col movimento che si incontra a <em>Scirarindi<\/em>. Non l&#8217;ho solo trovato strano: un po&#8217; mi ha fatto soffrire, perch\u00e9 sono tutti mondi di cui faccio parte e mi piacerebbe che, come in me si compongono armoniosamente, cos\u00ec si trovassero riuniti anche nell&#8217;ambito del <em>festival<\/em>.<\/p>\n<h3>Parentesi retorica<\/h3>\n<p><a href=\"https:\/\/i0.wp.com\/www.robertosedda.it\/wp-content\/uploads\/2012\/11\/2012-11-18-10.14.20.jpg\"><img data-attachment-id=\"1373\" data-permalink=\"http:\/\/www.robertosedda.it\/?attachment_id=1373\" data-orig-file=\"https:\/\/i0.wp.com\/www.robertosedda.it\/wp-content\/uploads\/2012\/11\/2012-11-18-10.14.20.jpg?fit=2048%2C1536\" data-orig-size=\"2048,1536\" data-comments-opened=\"1\" data-image-meta=\"{&quot;aperture&quot;:&quot;2.6&quot;,&quot;credit&quot;:&quot;&quot;,&quot;camera&quot;:&quot;YP-G70&quot;,&quot;caption&quot;:&quot;&quot;,&quot;created_timestamp&quot;:&quot;1353233660&quot;,&quot;copyright&quot;:&quot;&quot;,&quot;focal_length&quot;:&quot;3.79&quot;,&quot;iso&quot;:&quot;100&quot;,&quot;shutter_speed&quot;:&quot;0.0833333333333&quot;,&quot;title&quot;:&quot;&quot;}\" data-image-title=\"2012-11-18 10.14.20\" data-image-description=\"\" data-image-caption=\"\" data-medium-file=\"https:\/\/i0.wp.com\/www.robertosedda.it\/wp-content\/uploads\/2012\/11\/2012-11-18-10.14.20.jpg?fit=300%2C225\" data-large-file=\"https:\/\/i0.wp.com\/www.robertosedda.it\/wp-content\/uploads\/2012\/11\/2012-11-18-10.14.20.jpg?fit=510%2C383\" decoding=\"async\" loading=\"lazy\" class=\"alignleft size-medium wp-image-1373\" alt=\"2012-11-18 10.14.20\" src=\"https:\/\/i0.wp.com\/www.robertosedda.it\/wp-content\/uploads\/2012\/11\/2012-11-18-10.14.20.jpg?resize=300%2C225\" width=\"300\" height=\"225\" srcset=\"https:\/\/i0.wp.com\/www.robertosedda.it\/wp-content\/uploads\/2012\/11\/2012-11-18-10.14.20.jpg?resize=300%2C225 300w, https:\/\/i0.wp.com\/www.robertosedda.it\/wp-content\/uploads\/2012\/11\/2012-11-18-10.14.20.jpg?resize=1024%2C768 1024w, https:\/\/i0.wp.com\/www.robertosedda.it\/wp-content\/uploads\/2012\/11\/2012-11-18-10.14.20.jpg?resize=268%2C200 268w, https:\/\/i0.wp.com\/www.robertosedda.it\/wp-content\/uploads\/2012\/11\/2012-11-18-10.14.20.jpg?resize=700%2C525 700w, https:\/\/i0.wp.com\/www.robertosedda.it\/wp-content\/uploads\/2012\/11\/2012-11-18-10.14.20.jpg?w=2048 2048w, https:\/\/i0.wp.com\/www.robertosedda.it\/wp-content\/uploads\/2012\/11\/2012-11-18-10.14.20.jpg?w=1600 1600w\" sizes=\"(max-width: 300px) 100vw, 300px\" data-recalc-dims=\"1\" \/><\/a>Ci soffro per i motivi di cui <a href=\"http:\/\/www.robertosedda.it\/?p=1642\">ho scritto qui raccontando di <em>Eben Ezer<\/em><\/a>\u00a0e <a title=\"Quel che ho raccontato a Bologna\" href=\"http:\/\/www.robertosedda.it\/?p=3312\">che dico ogni volta possibile che parlo della Sardegna e di come vedo il mondo<\/a>: che il problema oggi non \u00e8 tanto fare reti, quanto mettere insieme reti diverse. Mi ha molto colpito, anni fa, che <a title=\"Camminando si apre cammino\" href=\"http:\/\/www.robertosedda.it\/?p=556\">gli architetti di <em>Stalker <\/em><\/a>e <a title=\"Geografie transumanti\" href=\"http:\/\/www.robertosedda.it\/?p=1181\">mio cugino Francesco Careri<\/a> facessero, partendo dalla loro visione disciplinare, esattamente lo stesso tipo di animazione territoriale che ero abituato a vedere nell&#8217;economia sociale. Eppure sono due mondi che non si incontrano mai. Recentemente <a href=\"http:\/\/lollovemag.tumblr.com\/post\/65419618429\/tana-gli-illustratori-di-tuttestorie-nadia-paddeu#\">Nadia Paddeu, rispondendo su <em>LolloveMag<\/em> a una domanda sulla Sardegna, ha detto una cosa che avrebbero potuto sottoscrivere tranquillamente artigiani, artisti o\u00a0cooperatori sociali<\/a>.<\/p>\n<p>Insomma, stiamo tutti sulla stessa barca. Ma, come dice il Vangelo (non l&#8217;ha inventato Abramo Lincoln, come credono gli americani), \u00abuna casa divisa non pu\u00f2 reggersi\u00bb e\u00a0quelli che\u00a0puntano a costruire la giustizia dovrebbero cercarsi l&#8217;un l&#8217;altro. Siamo in un momento cruciale, le sfide sono eccezionali ma un altro mondo \u00e8 ancora possibile,\u00a0solo che\u00a0per metterlo su occorre trovare convergenze oltre le proprie reti. Ecco, <em>augh<\/em>, ho detto.<\/p>\n<h3>E quindi facciamo l&#8217;appello<\/h3>\n<p>E quindi quest&#8217;anno, per tempo, faccio una chiamata nominativa a orgnaizzazioni e persone che quest&#8217;anno a <em>Scirarindi<\/em> dovrebbero esserci. Meglio con uno <em>stand<\/em>, ma altrimenti almeno una presenza ampia, una visita accurata. \u00c8 anche questione di impadronirsi di linguaggi diversi, una operazione culturale, appunto.\u00a0EDIT: mi ero dimenticato di dirlo nella prima stesura dell&#8217;articolo, ma c&#8217;\u00e8 anche sicuramente spazio\u00a0nel programma culturale, per esempio: anche senza <em>stand<\/em> si pu\u00f2 organizzare un dibattito, una presentazione, un&#8217;attivit\u00e0.<\/p>\n<p>\u00c8 un elenco a prima vista eterogeneo, li dico come mi viene.<\/p>\n<ol>\n<li>Primi da chiamare: la <strong>cooperazione sociale<\/strong>, di qualunque centrale parliamo, <em>Lega<\/em>, <em>Conf<\/em> e tutti gli altri. La cooperazione nasce con un&#8217;idea <em>sostenibile<\/em> dell&#8217;economia, aliena dal dominio del profitto: non pu\u00f2 non esserci quando si parla di sostenibilit\u00e0 in generale; figuriamoci se pu\u00f2 mancare la cooperazione sociale, che ha a che fare con le persone svantaggiate: o pensiamo che i servizi e l&#8217;integrazione si possano ottenere in un mondo che non si pone il problema della sostenibilit\u00e0? E il benessere della persona non avr\u00e0 qualcosa a che fare con l&#8217;integrazione? E se a <em>Scirarindi<\/em> c&#8217;\u00e8 tutto il biologico, con cui la cooperazione ha mille alleanze, non dovranno esserci anche le centrali cooperative?<\/li>\n<li>Gli <strong>artigiani di <a href=\"https:\/\/www.facebook.com\/AssociazioneCulturaleArtiManos\"><em>Artimanos<\/em><\/a><\/strong>, i <strong>teatranti<\/strong>, gli <strong>artisti<\/strong>, gli <strong>operatori culturali<\/strong>: perch\u00e9 il benessere della persona li riguarda prima di tutto, e nel momento in cui si trova chi veste, nutre e cura le persone, gli operatori turistici della sostenibilit\u00e0, e chi cura la spiritualit\u00e0 interiore, sarebbe strano che non ci fossero anche gli artisti e gli intellettuali.<\/li>\n<li>I <strong>cristiani<\/strong>, altrimenti potrebbe diffondersi la strana idea che la spiritualit\u00e0 e la cura dell&#8217;interiorit\u00e0 \u00e8 cosa che non li riguarda. Strana davvero, quasi una bestemmia. E se forse non \u00e8 il caso di presentarsi con ciascuna confessione, in un luogo in cui la parola d&#8217;ordine \u00e8\u00a0sono\u00a0la\u00a0<em>totalit\u00e0<\/em> e l&#8217;unione una presenza del <strong><em>Gruppo Ecumenico di Lavoro<\/em><\/strong> e una preghiera ecumenica o interreligiosa avrebbe certamente senso. A <em>Terra Futura<\/em> c&#8217;\u00e8 sempre stata addirittura una cappella per la preghiera, perch\u00e9 non fare una proposta simile a<em>Scirarindi<\/em>?<\/li>\n<li>Il <strong>sindacato<\/strong><em>. <\/em>E ho detto tutto. Oppure abbiamo un&#8217;idea diversa di &#8220;tutela dei lavoratori&#8221;.\u00a0<\/li>\n<li>L&#8217;<em><strong>Ufficio della Pastorale Sociale, del Lavoro e della Salvaguardia del Creato<\/strong><\/em>, ch\u00e9 c&#8217;\u00e8 gran bisogno di dare nuovi contenuti al terzo dei campi di lavoro indicati nel proprio nome, e non c&#8217;\u00e8 posto migliore di <em>Scirarindi<\/em> per cominciare a capire, conoscere, imparare tutto\u00a0mondi e linguaggi. E comunque, se sindacati e gruppi ecumenici non andassero, questo ufficio ha nel DNA il ruolo di supplenza&#8230;<\/li>\n<li>I ragazzi di <strong><em>Lollove Mag<\/em><\/strong> e tutti\u00a0quelli che fanno informazione e hanno della Sardegna un&#8217;idea diversa, meno paludata, pi\u00f9 europea, queli che raccontano storie diverse e mondi futuri: se non \u00e8 <em>Scirarindi<\/em> la vostra platea, chi pu\u00f2 esserlo?<\/li>\n<\/ol>\n<p><strong>P.S.<\/strong> Ecco, di una cosa invece <em>non<\/em> si sente il bisogno: giri propandistici di candidati alle regionali, intenzionati a stringere mani. Ma questo, come suol dirsi, \u00e8 un altro discorso e sar\u00e0 fatto un&#8217;altra volta&#8230;<\/p>\n","protected":false},"excerpt":{"rendered":"<p>I prossimi 30 novembre e 1 dicembre ci sar\u00e0 a Cagliari\u00a0la terza edizione del festival di Scirarindi, la pi\u00f9 importante<\/p>\n","protected":false},"author":1,"featured_media":4959,"comment_status":"open","ping_status":"open","sticky":false,"template":"","format":"standard","meta":{"_mi_skip_tracking":false,"_monsterinsights_sitenote_active":false,"_monsterinsights_sitenote_note":"","_monsterinsights_sitenote_category":0,"jetpack_post_was_ever_published":false,"_jetpack_newsletter_access":"","jetpack_publicize_message":"","jetpack_is_tweetstorm":false,"jetpack_publicize_feature_enabled":true,"jetpack_social_post_already_shared":false,"jetpack_social_options":{"image_generator_settings":{"template":"highway","enabled":false}}},"categories":[52,57,55,77,17,16],"tags":[],"jetpack_publicize_connections":[],"jetpack_featured_media_url":"https:\/\/i0.wp.com\/www.robertosedda.it\/wp-content\/uploads\/2013\/11\/LOCANDINAweb_2013_preview.jpg?fit=320%2C454","jetpack_sharing_enabled":true,"jetpack_shortlink":"https:\/\/wp.me\/p4jV2T-1hY","jetpack_likes_enabled":true,"jetpack-related-posts":[{"id":5100,"url":"http:\/\/www.robertosedda.it\/?p=5100","url_meta":{"origin":4958,"position":0},"title":"Manco a farlo apposta","author":"Rufus","date":"25\/11\/2013","format":false,"excerpt":"Qualche giorno fa ho scritto dicendo che Scirarindi \u00e8 uno degli eventi culturali pi\u00f9 importanti della Sardegna e che c'era un certo numero di persone e organizzazioni che dovrebbe partecipare: Gli artigiani di Artimanos, i teatranti, gli artisti, gli operatori culturali: perch\u00e9 il benessere della persona li riguarda prima di\u2026","rel":"","context":"In &quot;Coordinate&quot;","block_context":{"text":"Coordinate","link":"http:\/\/www.robertosedda.it\/?cat=52"},"img":{"alt_text":"","src":"https:\/\/i0.wp.com\/www.robertosedda.it\/wp-content\/uploads\/2013\/11\/Liberos.jpg?fit=213%2C213&resize=350%2C200","width":350,"height":200},"classes":[]},{"id":1642,"url":"http:\/\/www.robertosedda.it\/?p=1642","url_meta":{"origin":4958,"position":1},"title":"Quel che ho detto (o volevo dire) a Eben Ezer &#8211; la Sardegna","author":"Rufus","date":"18\/12\/2012","format":false,"excerpt":"L'altro giorno mi sono dilungato molto di pi\u00f9, oggi sar\u00f2 (per fortuna di tutti) pi\u00f9 breve. La domanda a cui avrei dovuto rispondere nella seconda parte del mio intervento era, pi\u00f9 o meno: com'\u00e8 la Sardegna vista dalla visuale di Banca Popolare Etica? Pi\u00f9 esattamente, come \u00e8 la Sardegna vista\u2026","rel":"","context":"In &quot;Coordinate&quot;","block_context":{"text":"Coordinate","link":"http:\/\/www.robertosedda.it\/?cat=52"},"img":{"alt_text":"","src":"","width":0,"height":0},"classes":[]},{"id":1360,"url":"http:\/\/www.robertosedda.it\/?p=1360","url_meta":{"origin":4958,"position":2},"title":"Le foto di Scirarindi","author":"Rufus","date":"20\/11\/2012","format":"gallery","excerpt":"Sono stati due giorni piuttosto intensi, ma \u00e8 andato tutto bene. Magari pi\u00f9 avanti vi parler\u00f2 del festival pi\u00f9 diffusamente, per il momento ecco a voi le immagini.","rel":"","context":"In &quot;Banche e finanza&quot;","block_context":{"text":"Banche e finanza","link":"http:\/\/www.robertosedda.it\/?cat=72"},"img":{"alt_text":"","src":"https:\/\/i0.wp.com\/www.robertosedda.it\/wp-content\/uploads\/2012\/11\/2012-11-18-10.14.20.jpg?fit=1200%2C900&resize=350%2C200","width":350,"height":200,"srcset":"https:\/\/i0.wp.com\/www.robertosedda.it\/wp-content\/uploads\/2012\/11\/2012-11-18-10.14.20.jpg?fit=1200%2C900&resize=350%2C200 1x, https:\/\/i0.wp.com\/www.robertosedda.it\/wp-content\/uploads\/2012\/11\/2012-11-18-10.14.20.jpg?fit=1200%2C900&resize=700%2C400 2x, https:\/\/i0.wp.com\/www.robertosedda.it\/wp-content\/uploads\/2012\/11\/2012-11-18-10.14.20.jpg?fit=1200%2C900&resize=1050%2C600 3x"},"classes":[]},{"id":1339,"url":"http:\/\/www.robertosedda.it\/?p=1339","url_meta":{"origin":4958,"position":3},"title":"Ci vediamo nel week end","author":"Rufus","date":"15\/11\/2012","format":false,"excerpt":"Come vedete dalla locandina qui sotto il prossimo fine settimana c'\u00e8 il festival di Scirarindi. Sar\u00f2 l\u00ec, con i soci di Banca Etica della Sardegna, nel nostro stand (cercateci vicino alle foto della mostra di Letizia Battaglia) credo per tutto il fine settimana, tranne brevi pause per la Messa, andare\u2026","rel":"","context":"In &quot;Banche e finanza&quot;","block_context":{"text":"Banche e finanza","link":"http:\/\/www.robertosedda.it\/?cat=72"},"img":{"alt_text":"","src":"https:\/\/i0.wp.com\/www.robertosedda.it\/wp-content\/uploads\/2012\/11\/persito_preview.jpg?fit=320%2C454&resize=350%2C200","width":350,"height":200},"classes":[]},{"id":5222,"url":"http:\/\/www.robertosedda.it\/?p=5222","url_meta":{"origin":4958,"position":4},"title":"Le foto di Scirarindi 2013","author":"Rufus","date":"02\/12\/2013","format":"gallery","excerpt":"Ci siamo divertiti parecchio e stancati molto di pi\u00f9. Ci sarebbero un po' di cose da discutere, e che nei corridoi sono state molto discusse (Herbalife al festival della sostenibilit\u00e0?! Davvero?? ma la risposta \u00e8 molto meno socntata di quel che potrebbe sembrare...) ma quello sar\u00e0 il tema di domani\u2026","rel":"","context":"In &quot;Coordinate&quot;","block_context":{"text":"Coordinate","link":"http:\/\/www.robertosedda.it\/?cat=52"},"img":{"alt_text":"","src":"https:\/\/i0.wp.com\/www.robertosedda.it\/wp-content\/uploads\/2013\/12\/2013-12-01-19.36.27-e1638449402367.jpg?fit=900%2C1200&resize=350%2C200","width":350,"height":200,"srcset":"https:\/\/i0.wp.com\/www.robertosedda.it\/wp-content\/uploads\/2013\/12\/2013-12-01-19.36.27-e1638449402367.jpg?fit=900%2C1200&resize=350%2C200 1x, https:\/\/i0.wp.com\/www.robertosedda.it\/wp-content\/uploads\/2013\/12\/2013-12-01-19.36.27-e1638449402367.jpg?fit=900%2C1200&resize=700%2C400 2x"},"classes":[]},{"id":8990,"url":"http:\/\/www.robertosedda.it\/?p=8990","url_meta":{"origin":4958,"position":5},"title":"Back to basics (del perch\u00e9 lo zio Rufus in questo periodo \u00e8 molto contento)","author":"Rufus","date":"03\/12\/2014","format":false,"excerpt":"Non voglio recensire l'incontro che Andrea Salidu ha condotto domenica, per conto dei Fabbricastorie, perch\u00e9 spetta prima di tutto ad Andrea, che sta preparando un articolo apposito per il blog dell'associazione. Voglio per\u00f2 prendere spunto per raccontarvi una piccola riflessione personale. Mi ha molto colpito che Andrea abbia insisitito assai,\u2026","rel":"","context":"In &quot;Coordinate&quot;","block_context":{"text":"Coordinate","link":"http:\/\/www.robertosedda.it\/?cat=52"},"img":{"alt_text":"","src":"https:\/\/i0.wp.com\/www.robertosedda.it\/wp-content\/uploads\/2014\/12\/Dilemmi-diletti-del-gioco.jpg?fit=200%2C277&resize=350%2C200","width":350,"height":200},"classes":[]}],"_links":{"self":[{"href":"http:\/\/www.robertosedda.it\/index.php?rest_route=\/wp\/v2\/posts\/4958"}],"collection":[{"href":"http:\/\/www.robertosedda.it\/index.php?rest_route=\/wp\/v2\/posts"}],"about":[{"href":"http:\/\/www.robertosedda.it\/index.php?rest_route=\/wp\/v2\/types\/post"}],"author":[{"embeddable":true,"href":"http:\/\/www.robertosedda.it\/index.php?rest_route=\/wp\/v2\/users\/1"}],"replies":[{"embeddable":true,"href":"http:\/\/www.robertosedda.it\/index.php?rest_route=%2Fwp%2Fv2%2Fcomments&post=4958"}],"version-history":[{"count":9,"href":"http:\/\/www.robertosedda.it\/index.php?rest_route=\/wp\/v2\/posts\/4958\/revisions"}],"predecessor-version":[{"id":4968,"href":"http:\/\/www.robertosedda.it\/index.php?rest_route=\/wp\/v2\/posts\/4958\/revisions\/4968"}],"wp:featuredmedia":[{"embeddable":true,"href":"http:\/\/www.robertosedda.it\/index.php?rest_route=\/wp\/v2\/media\/4959"}],"wp:attachment":[{"href":"http:\/\/www.robertosedda.it\/index.php?rest_route=%2Fwp%2Fv2%2Fmedia&parent=4958"}],"wp:term":[{"taxonomy":"category","embeddable":true,"href":"http:\/\/www.robertosedda.it\/index.php?rest_route=%2Fwp%2Fv2%2Fcategories&post=4958"},{"taxonomy":"post_tag","embeddable":true,"href":"http:\/\/www.robertosedda.it\/index.php?rest_route=%2Fwp%2Fv2%2Ftags&post=4958"}],"curies":[{"name":"wp","href":"https:\/\/api.w.org\/{rel}","templated":true}]}}