{"id":4927,"date":"2013-11-06T15:51:46","date_gmt":"2013-11-06T14:51:46","guid":{"rendered":"http:\/\/www.robertosedda.it\/?p=4927"},"modified":"2014-06-05T15:44:15","modified_gmt":"2014-06-05T13:44:15","slug":"cosa-da-fare-a-cagliari-in-questo-periodo","status":"publish","type":"post","link":"http:\/\/www.robertosedda.it\/?p=4927","title":{"rendered":"Cosa da fare a Cagliari in questo periodo"},"content":{"rendered":"<p>Domenica in cimitero ho notato che c&#8217;era una <a href=\"http:\/\/it.wikipedia.org\/wiki\/Ceiba_speciosa\"><em>Ceiba speciosa<\/em><\/a> in fiore.<\/p>\n<p>La <em>Ceiba<\/em> \u00e8 quello che chiamano &#8220;albero bottiglia&#8221; perch\u00e9 il tronco ha una forma caratteristica, &#8220;panciuta&#8221;. Sono per capirci quegli alberi caratterizzati, oltre che dal tronco che si allarga a un certo punto, dalla corteccia ricoperta di spuntoni, una difesa che la pianta ha sviluppato per difendersi da animali che potrebbero brucarle i germogli.<\/p>\n<p>A me e Bonaria le <em>Ceiba<\/em> piacciono moltissimo, e un giretto in giro per la citt\u00e0 alla ricerca dei vari esemplari pu\u00f2 essere una specie di caccia al tesoro divertente; io vi propongo un percorso che \u00e8 un modo per fare alcune di quelle <a href=\"http:\/\/www.robertosedda.it\/?p=2568\">cose da fare a Cagliari almeno una volta nella vita che ho elencato in un vecchio articolo<\/a> che viene spessissimo visitato anche adesso, a distanza di tempo.<\/p>\n<p>Vi segnalo quindi alcuni posti dove trovare le <em>Ceiba<\/em> e cose che si possono fare nei paraggi: se ne trovate altri esemplari segnalate qui gli avvistamenti!<\/p>\n<h3>La partenza<\/h3>\n<p>Iniziate il giro nel corso Vittorio Emanuele: se \u00e8 mattina una pastarella al bar <em>Ecuador<\/em> (corso Vittorio Emanuele 387)\u00a0secondo le migliori abitudini del mio amico Andrea Assorgia, ci sta senz&#8217;altro. Se \u00e8 primo pomeriggio non potete negarvi un gelato da Aresu (era al numero 26 della nostra lista, corso Vittorio Emanuele 244). Se una guida di Cagliari non l&#8217;avete ancora comprata, c&#8217;\u00e8 la libreria Piazza Repubblica Libri (che si chiama cos\u00ec ma sta nel corso Vittorio Emanuele 370, quelle cose fuorvianti come la statua di Mazzini in piazza Garibaldi), <a title=\"Celebrit\u00e0, povere zie e amori\" href=\"http:\/\/www.robertosedda.it\/?p=1730\">di cui ho parlato un&#8217;altra volta<\/a>, e di fronte la mia piadineria preferita, come ho raccontato nello stesso <em>post<\/em>.<\/p>\n<p>Ok, fine della pubblicit\u00e0 &#8211; per la quale non prendo un soldo, sono tutti amici o persone che stimo &#8211; ma il senso \u00e8 chiaro: ci sar\u00e0 da scarpinare, partite ben nutriti.<\/p>\n<h3>All&#8217;Orto Botanico<\/h3>\n<p>Dal punto di partenza che vi ho dato il portico di Palabanda e via Tigellio vi portano all&#8217;Orto Botanico (che nella nostra lista era ai numeri 35 e 36 e sta in via Sant&#8217;Ignazio da Laconi 11).\u00a0La <em>Ceiba<\/em> pi\u00f9 facile da trovare \u00e8 sul viale principale, vicino all&#8217;ingresso. Se siete gente tecnologica, potreste scaricarvi la <a href=\"http:\/\/lnx.ondeweb.net\/ccb2\/uploaded\/1\/07afbd94ab7ee3f75bbcd7fd776ff643___138-GUIDA_DELL'ORTO_BOTANICO_DI_CAGLIARI_(2009).pdf\">guida dell&#8217;Orto Botanico in .pdf<\/a>\u00a0e consultarvela man mano: sono <em>solo<\/em> 225 pagine,\u00a0ma c&#8217;\u00e8 tutto, proprio tutto, anche sui resti archeologici contenuti nell&#8217;Orto. Se siete pigri o state leggendo questo articolo fuori della Sardegna c&#8217;\u00e8 sul <em>web<\/em> <a href=\"http:\/\/www.ccb-sardegna.it\/hbk\/virtual\/virtualorto.htm\">un <em>tour<\/em> virtuale dell&#8217;Orto<\/a>\u00a0(le <em>Ceiba<\/em> sono alla tappa 4).<\/p>\n<p>Se siete in giro con figli e l&#8217;effetto sedativo delle paste o del gelato \u00e8 scaduto tenete presenti le carpe giappponesi del vascone centrale: non sono grandi come quelle di Tokyo, ma con le mie nipoti funzionano sempre (e a me piacciono molto).<\/p>\n<h3>Pi\u00f9 su, sempre pi\u00f9 su<\/h3>\n<p>Risalendo viale Sant&#8217;Ignazio si trova l&#8217;Anfiteatro romano. In questo periodo\u00a0\u00e8 improbabile (<em>moooolto<\/em> improbabile) che ci possiate ascoltare un&#8217;opera lirica (che era il nostro suggerimento numero 20) anche appendendovi ai cancelli fuori (cosa da fare a Cagliari almeno una volta nella vita numero 55). Ho controllato stamattina e mi pare che salvo caso improbabili l&#8217;Anfiteatro sia chiuso, il che, lo ammetterete, \u00e8 una bella vergogna. Ma se per caso fosse aperto &#8211; magari perch\u00e9 leggete questo articolo non nel 2013 ma in un autunno del futuro &#8211; visitatelo. Con una guida, possibilmente, merita.<\/p>\n<p>Superata la salita, e dopo uno sguardo reverente alla Facolt\u00e0 di Scienze Economiche, Giuridiche e Politiche dove lavoro e che \u00e8 pertanto il faro dell&#8217;azione amministrativa della citt\u00e0, girate a destra e arrivate fino alla Cittadella Universitaria. In mezzo al giardino c&#8217;\u00e8 un&#8217;altra <em>Ceiba<\/em>. Se siete di fretta potete ammirare il panorama di Cagliari verso il Poetto e verso Macchiareddu (che non era nei nostri suggerimenti delle cose da fare almeno una volta nella vita, ma merita), altrimenti tenete presente che avete a portata di mano il Museo Archeologico (cosa da fare numero 12) e la Pinacoteca.<\/p>\n<h3>Panorami e tentazioni<\/h3>\n<p>A proposito di panorami, a due passi c&#8217;\u00e8 la torre di San Pancrazio: nei nostri suggerimenti c&#8217;era quello di salire su quella dell&#8217;Elefante (numero 11) ma anche in cima a questa torre si gode un <em>signor<\/em> panorama. Se siete ancora vivi dopo le scale, naturalmente.<\/p>\n<p>Ancora poco pi\u00f9 gi\u00f9, se siete temporaneamente stufi di <em>Ceiba<\/em> ma non di alberi potete scendere verso viale Regina Elena fino ai Giardini Pubblici, provare l&#8217;emozione di scalare i <em>ficus<\/em> (cosa da fare numero 18) come facevamo noi da ragazzi, e come hanno cominciato a fare la settimana scorsa le mie nipoti, oppure\u00a0 visitare la collezione Ingrao (cosa da fare numero 17).<\/p>\n<p>Non lasciatevi tentare dalla vicinanza di Castello, del Bastione e di tutto il resto. Vi trover\u00f2 una scusa un&#8217;altra volta. Uscite dall&#8217;ingresso posteriore dei Giardini Pubblici, sulla sinistra del palazzotto del museo, superate la chiesetta di San Lorenzo e il posto dove i parenti dei detenuti si mettono a parlare a distanza coi loro familiari e fate viale Buoncammino verso piazza d&#8217;Armi.<\/p>\n<h3>Via Monte Sabotino, angolo via Trincea dei Razzi<\/h3>\n<p>Se scendete lungo via Is Maglias, dopo aver rivolto un pensiero riverente alla necropoli di Tuvixeddu alla fine arrivate all&#8217;angolo con via Monte Sabotino. Fatela, fino all&#8217;angolo con via Trincea dei Razzi.<\/p>\n<p>Nella piazzetta le <em>Ceiba<\/em> fanno la loro bella figura. In una zona di Cagliari che spesso passa del tutto inosservata dal punto di vista estetico, anche agli occhi degli stessi cagliaritani, quest&#8217;angolo del quartiere \u00e8 un piccolo tesoro che merita di essere segnalato.<\/p>\n<p>Visto che siete in zona, un salto al Mercato di via Quirra lo potete fare: \u00e8 vero che nell&#8217;elenco delle cose da fare a Cagliari avevamo segnalato il pi\u00f9 grande Mercato di San Benedetto (numero 1 della lista), ma il mio banco del pesce di fiducia \u00e8 proprio in via Quirra (in fondo, vicino alla porta laterale al lato sinistro) e in questo periodo tutti i mercati civici rigurgitano di pesce. <em>Ooops<\/em>, se \u00e8 sera il mercato \u00e8 chiuso, dimenticavo.<\/p>\n<p>Voi invece non dimenticate che questo \u00e8 periodo di ricci: e una bella pasta ai ricci, per ricompensarvi della scarpinata, ve la meritate (e cos\u00ec chiudete anche col suggerimento numero 4, pi\u00f9 o meno).<\/p>\n<p>Buona passeggiata!<\/p>\n","protected":false},"excerpt":{"rendered":"<p>Domenica in cimitero ho notato che c&#8217;era una Ceiba speciosa in fiore. La Ceiba \u00e8 quello che chiamano &#8220;albero bottiglia&#8221;<\/p>\n","protected":false},"author":1,"featured_media":0,"comment_status":"open","ping_status":"open","sticky":false,"template":"","format":"standard","meta":{"_mi_skip_tracking":false,"_monsterinsights_sitenote_active":false,"_monsterinsights_sitenote_note":"","_monsterinsights_sitenote_category":0,"jetpack_post_was_ever_published":false,"_jetpack_newsletter_access":"","jetpack_publicize_message":"","jetpack_is_tweetstorm":false,"jetpack_publicize_feature_enabled":true,"jetpack_social_post_already_shared":false,"jetpack_social_options":{"image_generator_settings":{"template":"highway","enabled":false}}},"categories":[52,53,17,88,16],"tags":[],"jetpack_publicize_connections":[],"jetpack_featured_media_url":"","jetpack_sharing_enabled":true,"jetpack_shortlink":"https:\/\/wp.me\/p4jV2T-1ht","jetpack_likes_enabled":true,"jetpack-related-posts":[{"id":2568,"url":"http:\/\/www.robertosedda.it\/?p=2568","url_meta":{"origin":4927,"position":0},"title":"Cose da fare a Cagliari almeno una volta nella vita","author":"Rufus","date":"21\/03\/2013","format":false,"excerpt":"Un articolo carino sul blog dell'osservatore baggiano mi ha fatto ricordare che anni fa, dopo aver scoperto che esisteva\u00a0il libro 101 cose da fare a Milano almeno una volta nella vita, anche il gruppo \"La Pira\" aveva iniziato a stilare il suo elenco di \"cose da fare a Cagliari almeno\u2026","rel":"","context":"In &quot;Coordinate&quot;","block_context":{"text":"Coordinate","link":"http:\/\/www.robertosedda.it\/?cat=52"},"img":{"alt_text":"","src":"https:\/\/i0.wp.com\/www.robertosedda.it\/wp-content\/uploads\/2013\/11\/Panorama-Cagliari.jpg?fit=640%2C428&resize=350%2C200","width":350,"height":200},"classes":[]},{"id":13759,"url":"http:\/\/www.robertosedda.it\/?p=13759","url_meta":{"origin":4927,"position":1},"title":"Cose del passato","author":"Rufus","date":"23\/05\/2017","format":false,"excerpt":"L'Inossidabile conserva tutto, ma proprio tutto. E l'altro giorno, complice un invito a un pranzo di famiglia succulento, ha estratto dai suoi tesori nascosti questo tema di Iole che, diciamo cos\u00ec, mi riguarda da vicino. Il tema conferma una cosa che disse una volta il mio amico Alessandro Celoni. Era\u2026","rel":"","context":"In &quot;Coordinate&quot;","block_context":{"text":"Coordinate","link":"http:\/\/www.robertosedda.it\/?cat=52"},"img":{"alt_text":"","src":"https:\/\/i0.wp.com\/www.robertosedda.it\/wp-content\/uploads\/2017\/05\/Tema-Iole-2.jpg?fit=726%2C960&resize=350%2C200","width":350,"height":200,"srcset":"https:\/\/i0.wp.com\/www.robertosedda.it\/wp-content\/uploads\/2017\/05\/Tema-Iole-2.jpg?fit=726%2C960&resize=350%2C200 1x, https:\/\/i0.wp.com\/www.robertosedda.it\/wp-content\/uploads\/2017\/05\/Tema-Iole-2.jpg?fit=726%2C960&resize=700%2C400 2x"},"classes":[]},{"id":1793,"url":"http:\/\/www.robertosedda.it\/?p=1793","url_meta":{"origin":4927,"position":2},"title":"Poesia di Natale","author":"Rufus","date":"25\/12\/2012","format":false,"excerpt":"Volevo augurare buon Natale a tutti con una poesia, e ho trovato (e scartato) un Turoldo d'annata, Umberto Saba e Ada Negri, e insomma ognuna sarebbe bastata. Alla fine non ero soddisfatto e ho aperto a caso l'amata Emily Dickinson che non tradisce mai; e infatti ho trovato: Il silenzio\u2026","rel":"","context":"In &quot;Coordinate&quot;","block_context":{"text":"Coordinate","link":"http:\/\/www.robertosedda.it\/?cat=52"},"img":{"alt_text":"","src":"","width":0,"height":0},"classes":[]},{"id":1185,"url":"http:\/\/www.robertosedda.it\/?p=1185","url_meta":{"origin":4927,"position":3},"title":"Fare i sardi (e Bellas mariposas)","author":"Rufus","date":"30\/10\/2012","format":false,"excerpt":"Era il 2007, credo. Una ventina di responsabili di cooperative sociali, associazioni e volontari di Banca Etica, provenienti da quasi tutta la Sardegna,\u00a0erano riuniti per un seminario di studio. Diversi di loro si alternavano a presentare progetti che le loro organizzazioni avevano intenzione di intraprendere nel futuro, per avere una\u2026","rel":"","context":"In &quot;Coordinate&quot;","block_context":{"text":"Coordinate","link":"http:\/\/www.robertosedda.it\/?cat=52"},"img":{"alt_text":"","src":"","width":0,"height":0},"classes":[]},{"id":17061,"url":"http:\/\/www.robertosedda.it\/?p=17061","url_meta":{"origin":4927,"position":4},"title":"Un giorno a Cagliari","author":"Rufus","date":"24\/08\/2019","format":false,"excerpt":"Vedo che Cagliari ha un nuovo video istituzionale di presentazione per i turisti. https:\/\/www.youtube.com\/watch?v=V0zYpeuUA2E&fbclid=IwAR1ywZfCwsJVj1PeijRzLzjE6_x6cmtZUfmKRGOS_yDmNxZDOhPCuxbMjKI Resto un pochino perplesso per un paio di insistenze su certi esercizi commerciali rispetto ad altri, per alcune clamorose omissioni (niente Museo Archeologico, niente lungomare Poetto con quelli che fanno sport o si godono la vita,\u2026","rel":"","context":"In &quot;Coordinate&quot;","block_context":{"text":"Coordinate","link":"http:\/\/www.robertosedda.it\/?cat=52"},"img":{"alt_text":"","src":"https:\/\/i0.wp.com\/www.robertosedda.it\/wp-content\/uploads\/2019\/08\/Logo-Cagliari.jpg?fit=1200%2C758&resize=350%2C200","width":350,"height":200,"srcset":"https:\/\/i0.wp.com\/www.robertosedda.it\/wp-content\/uploads\/2019\/08\/Logo-Cagliari.jpg?fit=1200%2C758&resize=350%2C200 1x, https:\/\/i0.wp.com\/www.robertosedda.it\/wp-content\/uploads\/2019\/08\/Logo-Cagliari.jpg?fit=1200%2C758&resize=700%2C400 2x, https:\/\/i0.wp.com\/www.robertosedda.it\/wp-content\/uploads\/2019\/08\/Logo-Cagliari.jpg?fit=1200%2C758&resize=1050%2C600 3x"},"classes":[]},{"id":5799,"url":"http:\/\/www.robertosedda.it\/?p=5799","url_meta":{"origin":4927,"position":5},"title":"Intervista a Petter Skafle Henriksen","author":"Rufus","date":"17\/01\/2014","format":false,"excerpt":"Giorni fa ho segnalato due cortometraggi casualmente girati a Cagliari nello stesso periodo da due registi diversi... molto diversi. La cosa mi ha un po' incuriosito e mi \u00e8 venuta voglia di approfondire, cos\u00ec ho proposto a entrambi un'intervista, con le stesse domande, su cosa voglia dire girare a Cagliari,\u2026","rel":"","context":"In &quot;Coordinate&quot;","block_context":{"text":"Coordinate","link":"http:\/\/www.robertosedda.it\/?cat=52"},"img":{"alt_text":"","src":"https:\/\/i0.wp.com\/www.robertosedda.it\/wp-content\/uploads\/2014\/01\/Petter_Skafle_Henriksen-e-Tarjei_Westby.jpg?fit=1200%2C800&resize=350%2C200","width":350,"height":200,"srcset":"https:\/\/i0.wp.com\/www.robertosedda.it\/wp-content\/uploads\/2014\/01\/Petter_Skafle_Henriksen-e-Tarjei_Westby.jpg?fit=1200%2C800&resize=350%2C200 1x, https:\/\/i0.wp.com\/www.robertosedda.it\/wp-content\/uploads\/2014\/01\/Petter_Skafle_Henriksen-e-Tarjei_Westby.jpg?fit=1200%2C800&resize=700%2C400 2x, https:\/\/i0.wp.com\/www.robertosedda.it\/wp-content\/uploads\/2014\/01\/Petter_Skafle_Henriksen-e-Tarjei_Westby.jpg?fit=1200%2C800&resize=1050%2C600 3x"},"classes":[]}],"_links":{"self":[{"href":"http:\/\/www.robertosedda.it\/index.php?rest_route=\/wp\/v2\/posts\/4927"}],"collection":[{"href":"http:\/\/www.robertosedda.it\/index.php?rest_route=\/wp\/v2\/posts"}],"about":[{"href":"http:\/\/www.robertosedda.it\/index.php?rest_route=\/wp\/v2\/types\/post"}],"author":[{"embeddable":true,"href":"http:\/\/www.robertosedda.it\/index.php?rest_route=\/wp\/v2\/users\/1"}],"replies":[{"embeddable":true,"href":"http:\/\/www.robertosedda.it\/index.php?rest_route=%2Fwp%2Fv2%2Fcomments&post=4927"}],"version-history":[{"count":5,"href":"http:\/\/www.robertosedda.it\/index.php?rest_route=\/wp\/v2\/posts\/4927\/revisions"}],"predecessor-version":[{"id":7613,"href":"http:\/\/www.robertosedda.it\/index.php?rest_route=\/wp\/v2\/posts\/4927\/revisions\/7613"}],"wp:attachment":[{"href":"http:\/\/www.robertosedda.it\/index.php?rest_route=%2Fwp%2Fv2%2Fmedia&parent=4927"}],"wp:term":[{"taxonomy":"category","embeddable":true,"href":"http:\/\/www.robertosedda.it\/index.php?rest_route=%2Fwp%2Fv2%2Fcategories&post=4927"},{"taxonomy":"post_tag","embeddable":true,"href":"http:\/\/www.robertosedda.it\/index.php?rest_route=%2Fwp%2Fv2%2Ftags&post=4927"}],"curies":[{"name":"wp","href":"https:\/\/api.w.org\/{rel}","templated":true}]}}