{"id":4917,"date":"2013-10-31T19:42:01","date_gmt":"2013-10-31T18:42:01","guid":{"rendered":"http:\/\/www.robertosedda.it\/?p=4917"},"modified":"2017-10-31T16:01:02","modified_gmt":"2017-10-31T15:01:02","slug":"due-parole-su-halloween","status":"publish","type":"post","link":"http:\/\/www.robertosedda.it\/?p=4917","title":{"rendered":"Due parole su Halloween"},"content":{"rendered":"<p>\u00c8 mia ferma convinzione che uno degli elementi pi\u00f9 caratteristici del caos che viviamo sia rappresentato dagli strani compagni di letto che ci scegliamo.<\/p>\n<p>No, non intendo quelli.<\/p>\n<p>Voglio dire cose come queste: gente di sinistra che vota Oscar Giannino. O voleva votarlo, prima della famosa storia della laurea.<\/p>\n<p>Non c&#8217;\u00e8 niente di male a votare Giannino, naturalmente. Ma di base la sua \u00e8 palesemente una ideologia liberale, anche piuttosto estrema. Il fatto che sostenesse idee a suo tempo tipiche della sinistra, come la meritocrazia, non \u00e8 sufficiente: perch\u00e9 &#8220;meritocrazia&#8221; ed &#8220;efficienza&#8221; sono termini generici, e puoi stare sicuro che quando Giannino li avesse declinati a partire dalla sua visione ideologica avrebbe messo gi\u00f9 cose che a quei suoi elettori non sarebbero piaciute: la riduzione dello stato sociale, per esempio.<\/p>\n<p>Vale per molte altre cose: vale per le masse popolari che hanno votato Berlusconi, pensando che avrebbe risolto i <em>loro<\/em> problemi. Figuriamoci. O come la fascinazione di certe ragazze per il bastardo di turno: \u00abMi ha fatto soffrire\u00bb, dice. Benedetta figlia, se cambiava fidanzata come le camicie e tu volevi costruire un nido, cosa ti aspettavi? Come quelli che non si rendono conto che pi\u00f9 panna c&#8217;\u00e8 sulla torta e pi\u00f9 \u00e8 probabile che serva a camuffare una fattura mediocre.<\/p>\n<p>Insomma: vale in tutte quelle situazioni in cui non ti rendi conto che fra te e la persona che scegli c&#8217;\u00e8 un conflitto di interessi di fondo, per tutti quei casi in cui la convergenza apparente \u00e8 basata su un elemento accessorio (come la visione di buon governo di Giannino) rispetto al fatto che si \u00e8 lanciati su due rotte divergenti, senza possibilit\u00e0 di ripensamento.<\/p>\n<h3>Cosa c&#8217;entra con Halloween?<\/h3>\n<p>Non sembra, ma c&#8217;entra. O meglio, c&#8217;entra con la polemica che in ambito cattolico va montando contro Halloween.<\/p>\n<p>Ma andiamo con ordine: prima di tutto andr\u00e0 detto che forse anche la ricostruzione ufficiale andrebbe magari un tantino presa con le pinze.<\/p>\n<p>La quale ricostruzione ufficiale, <a href=\"http:\/\/it.wikipedia.org\/wiki\/Halloween\">che per dire trovate anche su <em>Wikipedia<\/em><\/a>, pi\u00f9 o meno va cos\u00ec: che anticamente il periodo di fine ottobre-inizio novembre corrispondeva alla festa celtica di Samhain. Successivamente i monaci irlandesi vi sovrapposero le grandi feste di Ognissanti e dei Defunti, ma l&#8217;antica festa celtica sopravvisse nella religiosit\u00e0 popolare. Dall&#8217;Irlanda migr\u00f2 quindi negli Stati Uniti, dove assunse la forma odierna e da dove, grazie\u00a0a un ben noto\u00a0meccanismo consumistico, \u00e8 diventata una festa globale.<\/p>\n<p>Curiosamente nella pubblicistica cattolica degli ultimi tempi \u00e8 la prima parte del mito, quella riguardante la derivazione celtica, che ha pi\u00f9 peso ed \u00e8 accolta con maggiore acriticit\u00e0. Eppure deve la sua origine a un pensiero essenzialmente antireligioso\u00a0come quello di Frazer, o dei suoi vari interpreti, con la sua idea meccanica della derivazione della religione cristiana da culti pi\u00f9 primitivi. Strani compagni di letto, davvero.<\/p>\n<p>Eppure, a parte la sovrapposizione di data, il nesso fra l&#8217;antica festivit\u00e0 celtica, e in generale\u00a0simili festivit\u00e0 pagane, e la festa cristiana \u00e8 debole. Non sono del tutto simili i contenuti e oltretutto riti simili si svolgono in Europa in altri momenti dell&#8217;anno o in aree che certamente non sono state celtiche, come in Sardegna.<\/p>\n<p>Ok, se state per dirmi che in realt\u00e0 la Sardegna era la patria di origine dei celti o cose del genere <a title=\"Io non sono sardo (o meglio: io si, voi non so)\" href=\"http:\/\/www.robertosedda.it\/?p=4245\">leggete qui<\/a>.<\/p>\n<p>Quindi, ecco, prima di montare una polemica contro Halloween forse sarebbe il caso di pensarci un attimo.<\/p>\n<h3>Cattolici contro il consumismo<\/h3>\n<p>Intendiamoci: porsi il problema del progressivo svuotamento di significato di festivit\u00e0 cristiane un tempo anche molto sentite, come quella dei Defunti, \u00e8 necessario. Porre il problema in termini di senso anche alla comunit\u00e0 civile va molto bene.<\/p>\n<p>Tanto pi\u00f9 quando questo svuotamento corrisponde essenzialmente a una mercificazione: \u00e8 pi\u00f9 evidente forse per Natale (<a href=\"http:\/\/ultimotriennio.wordpress.com\/2012\/01\/05\/solo-la-carita\/\">ai tempi di <em>ultimotriennio<\/em> ci avevamo scritto parecchio, intorno a Natale del 2011<\/a>) ma vale per tutte le altre feste del genere, comprese mamme, pap\u00e0 e San Valentini. Se la Chiesa \u00e8 per il progresso umano questi fenomeni devono essere combattuti.<\/p>\n<p>Citiamo ad esempio il <a title=\"Compendio della Dottrina Sociale della Chiesa\" href=\"http:\/\/www.robertosedda.it\/?p=248\"><em>Compendio della dottrina sociale della Chiesa<\/em><\/a>\u00a0(al numero 360):<\/p>\n<blockquote><p><i>Il fenomeno del consumismo mantiene un persistente orientamento verso l&#8217;\u00abavere\u00bb anzich\u00e9 verso l&#8217;\u00abessere\u00bb<\/i>. Esso impedisce di \u00abdistinguere correttamente le forme nuove e pi\u00f9 elevate di soddisfacimento dei bisogni umani dai nuovi bisogni indotti, che ostacolano la formazione di una matura personalit\u00e0\u00bb. Per contrastare questo fenomeno \u00e8 necessario adoperarsi per costruire \u00abstili di vita, nei quali la ricerca del vero, del bello e del buono e la comunione con gli altri uomini per una crescita comune siano gli elementi che determinano le scelte dei consumi, dei risparmi e degli investimenti\u00bb. \u00c8 innegabile che le influenze del contesto sociale sugli stili di vita sono notevoli: per questo la sfida culturale, che oggi il consumismo pone, deve essere affrontata con maggiore incisivit\u00e0, soprattutto se si considerano le generazioni future, le quali rischiano di dover vivere in un ambiente naturale saccheggiato a causa di un consumo eccessivo e disordinato.<\/p><\/blockquote>\n<p>Il compendio parla di &#8220;maggiore incisivit\u00e0&#8221;. Eppure l&#8217;emozionalit\u00e0 riversata su Halloween \u00e8 <em>maggiore<\/em> di quella che fa agitare i cristiani rispetto alla volgarizzazione del Natale, o di temi che dovrebbero essere considerati preminenti come la famiglia o la sessualit\u00e0 &#8211; invece negli asili della suore non pare essere un problema festeggiare &#8211; e tradire &#8211; le mamme o i pap\u00e0.<\/p>\n<p>Questo articolo quindi potrebbe avere una prima conclusione,\u00a0pi\u00f9 o meno cos\u00ec: se proprio volete combattere Halloween, benissimo; ma facciamolo per i motivi giusti, perch\u00e9 \u00e8 una festa consumistica, mercificante&#8230;<\/p>\n<p>Ah, certo, e rimarrebbe tutto il tema del <em>combattere<\/em>, naturalmente. Che non \u00e8 proprio la mia visione di cristianesimo. Per\u00f2 si potrebbe comunque ragionare sul gestire un confronto sul piano culturale.<\/p>\n<p>Ma il tema principale di questo articolo non \u00e8 questo. Non \u00e8 su combattere il consumismo.<\/p>\n<p>\u00c8 sul chiedersi: perch\u00e9 tanta emozione su Halloween? E perch\u00e9 penso che dietro ci sia ancora una volta uno strano compagno di letto?<\/p>\n<h3>Stregoneria! No: telepredicatori<\/h3>\n<p>Ma \u00e8 ovvio: Halloween preoccupa perch\u00e9 \u00e8 <em>pagano<\/em>. Si fa cio\u00e8 propria, in ambito cristiano, una lettura che come ho detto \u00e8 in origine esattamente <em>anti<\/em>-cristiana.<\/p>\n<p>C&#8217;\u00e8 per\u00f2 qualcosa in pi\u00f9 che quest&#8217;anno, rispetto anche al recente passato, \u00e8 pi\u00f9 evidente: \u00e8 la pretesa che Halloween desti preoccupazione non perch\u00e9 <em>in origine<\/em> pagana, ma <em>attualmente<\/em> pagana. Mai come quest&#8217;anno ho visto girare storie fantastiche di riti\u00a0satanici che si svolgerebbero stanotte, testimonianze tipo: \u00abMolti miei alunni hanno iniziato con l&#8217;andare in giro per Halloween e sono finiti nei Bambini di Satana\u00bb eccetera eccetera. Non vi posto i <em>link<\/em> perch\u00e9 c&#8217;\u00e8 un limite alla spazzatura e mi rifiuto di fornire visitatori a siti poco accettabili, per\u00f2 fidatevi: \u00e8 cos\u00ec.<\/p>\n<p>Naturalmente, la realt\u00e0 \u00e8 narrativa e segue l&#8217;immaginazione:\u00a0forse fra dieci anni si faranno <em>davvero<\/em> riti satanici di preferenza la vigilia del 1\u00b0 novembre &#8211; allora sapremo chi ringraziare. Al momento, per\u00f2, sono bufale.<\/p>\n<p>La cosa interessante \u00e8: da dove vengono queste bufale? Chi come me negli anni &#8217;80 ha seguito la polemica sui rischi demoniaci nei giochi di ruolo (ebbene s\u00ec) riconosce il tono, le argomentazioni, il modo di procedere. Una semplice occhiata ai siti internazionali lo conferma: questo tipo di mitologia sui rischi satanici di Halloween nasce nell&#8217;ambito dei movimenti fondamentalisti <em>protestanti<\/em> americani, nella grande pancia del loro rapporto irrisolto con la modernit\u00e0.<\/p>\n<p>Ma &#8211; scusate: ora mi batte la vena e mi parte la tirata &#8211; non si pu\u00f2 essere buoni cattolici, cattolici <em>ortodossi<\/em> e sposare il peggio del peggio dell&#8217;oltranzismo fondamentalista cristiano. Sono due cose <em>incompatibili <\/em>(ci sarebbe parecchio da dire sugli ambienti che fanno da tramite e da importatori di questa paccottiglia culturale: le frange pi\u00f9 incontrollabili del movimento carismatico, atei devoti di varia denominazione, cattolici conservatori &#8211; e ultraconservatori &#8211; pi\u00f9 disposti a obbedire a qualche ideologia politica che al Papa). Tutto ci\u00f2 che la Chiesa cattolica insegna \u00e8 costruito secondo uno schema teologico <em>diverso<\/em> e contrario. Non si pu\u00f2 studiare il Concilio e andare dietro a certe panzane.<\/p>\n<p>Infatti, \u00e8 evidente che da quelle parti non si studia il Concilio, direi.<\/p>\n<p>Non c&#8217;\u00e8 problema: ci sono\u00a0un sacco di\u00a0telepredicatori protestanti\u00a0pronti ad accogliervi.<\/p>\n<h3>E per esempio<\/h3>\n<p>Ok, ha smesso di battermi la vena.<\/p>\n<p>Per chiudere un po&#8217; pi\u00f9 ironicamente, e anche come esempio di quel che voglio dire (come <em>esempio<\/em>, badate bene, non \u00e8 una argomentazione, solo un esempio) vi posto un paio di immagini di uno dei pi\u00f9 antichi costruttori di menzogne del genere, Jack Chick.<\/p>\n<p>Un giorno magari vi racconter\u00f2 meglio del buon mister Chick e della sua produzione di libelli contro tutto ci\u00f2 che non corrisponde alla sua idea di cristianesimo: giochi di ruolo, magia, islamici, ebrei, cattolici, gesuiti. Non sapevate che i Gesuiti hanno un piano segreto per dominare il mondo?<\/p>\n<p>\u00c8 vero. Fidatevi. Come \u00e8 vero che chi va in giro ad Halloween consacra la sua anima a forze oscure e maligne. No, non al grande capitale e al consumismo.<\/p>\n<p>Comunque, Chick \u00e8 un fumettista e racconta delle brevi storie a sfondo didattico sui pericoli che minacciano l&#8217;anima dei bravi ragazzi americani (bianchi, ovviamente). Qui sotto alcuni estratti:<\/p>\n<figure id=\"attachment_4918\" aria-describedby=\"caption-attachment-4918\" style=\"width: 458px\" class=\"wp-caption aligncenter\"><a href=\"https:\/\/i0.wp.com\/www.robertosedda.it\/wp-content\/uploads\/2013\/10\/1053_07.gif\"><img data-attachment-id=\"4918\" data-permalink=\"http:\/\/www.robertosedda.it\/?attachment_id=4918\" data-orig-file=\"https:\/\/i0.wp.com\/www.robertosedda.it\/wp-content\/uploads\/2013\/10\/1053_07.gif?fit=458%2C235\" data-orig-size=\"458,235\" data-comments-opened=\"1\" data-image-meta=\"{&quot;aperture&quot;:&quot;0&quot;,&quot;credit&quot;:&quot;&quot;,&quot;camera&quot;:&quot;&quot;,&quot;caption&quot;:&quot;&quot;,&quot;created_timestamp&quot;:&quot;0&quot;,&quot;copyright&quot;:&quot;&quot;,&quot;focal_length&quot;:&quot;0&quot;,&quot;iso&quot;:&quot;0&quot;,&quot;shutter_speed&quot;:&quot;0&quot;,&quot;title&quot;:&quot;&quot;}\" data-image-title=\"1053_07\" data-image-description=\"\" data-image-caption=\"&lt;p&gt;\u00abIo ho paura di brutte cose come fantasmi, mostrie  ragni. Perch\u00e9 Halloween \u00e8 cos\u00ec, Susy?\u00bb&lt;br \/&gt;\n\u00abPerch\u00e9 appartiene al demonio, Buffy. \u00c8 la sua notte, e le streghe la amano\u00bb&lt;\/p&gt;\n\" data-medium-file=\"https:\/\/i0.wp.com\/www.robertosedda.it\/wp-content\/uploads\/2013\/10\/1053_07.gif?fit=300%2C153\" data-large-file=\"https:\/\/i0.wp.com\/www.robertosedda.it\/wp-content\/uploads\/2013\/10\/1053_07.gif?fit=458%2C235\" decoding=\"async\" loading=\"lazy\" class=\"size-full wp-image-4918 \" src=\"https:\/\/i0.wp.com\/www.robertosedda.it\/wp-content\/uploads\/2013\/10\/1053_07.gif?resize=458%2C235\" alt=\"\u00abIo ho paura di brutte cose come fantasmi, mostrie ragni. Perch\u00e9 Halloween \u00e8 cos\u00ec, Susy?\u00bb \u00abPerch\u00e9 appartiene al demonio, Buffy. \u00c8 la sua notte, e le streghe la amano\u00bb\" width=\"458\" height=\"235\" data-recalc-dims=\"1\" \/><\/a><figcaption id=\"caption-attachment-4918\" class=\"wp-caption-text\">\u00abIo ho paura di brutte cose come fantasmi, mostri e ragni. Perch\u00e9 Halloween \u00e8 cos\u00ec, Susy?\u00bb<br \/>\u00abPerch\u00e9 appartiene al demonio, Buffy. \u00c8 la sua notte, e le streghe la amano\u00bb<\/figcaption><\/figure>\n<figure id=\"attachment_4919\" aria-describedby=\"caption-attachment-4919\" style=\"width: 468px\" class=\"wp-caption aligncenter\"><a href=\"https:\/\/i0.wp.com\/www.robertosedda.it\/wp-content\/uploads\/2013\/10\/1071_11.gif\"><img data-attachment-id=\"4919\" data-permalink=\"http:\/\/www.robertosedda.it\/?attachment_id=4919\" data-orig-file=\"https:\/\/i0.wp.com\/www.robertosedda.it\/wp-content\/uploads\/2013\/10\/1071_11.gif?fit=468%2C240\" data-orig-size=\"468,240\" data-comments-opened=\"1\" data-image-meta=\"{&quot;aperture&quot;:&quot;0&quot;,&quot;credit&quot;:&quot;&quot;,&quot;camera&quot;:&quot;&quot;,&quot;caption&quot;:&quot;&quot;,&quot;created_timestamp&quot;:&quot;0&quot;,&quot;copyright&quot;:&quot;&quot;,&quot;focal_length&quot;:&quot;0&quot;,&quot;iso&quot;:&quot;0&quot;,&quot;shutter_speed&quot;:&quot;0&quot;,&quot;title&quot;:&quot;&quot;}\" data-image-title=\"1071_11\" data-image-description=\"\" data-image-caption=\"&lt;p&gt;Trtoppe anime gli sfuggivano: per rimediare si invent\u00f2 la Chiesa cattolica&lt;\/p&gt;\n\" data-medium-file=\"https:\/\/i0.wp.com\/www.robertosedda.it\/wp-content\/uploads\/2013\/10\/1071_11.gif?fit=300%2C153\" data-large-file=\"https:\/\/i0.wp.com\/www.robertosedda.it\/wp-content\/uploads\/2013\/10\/1071_11.gif?fit=468%2C240\" decoding=\"async\" loading=\"lazy\" class=\"size-full wp-image-4919 \" src=\"https:\/\/i0.wp.com\/www.robertosedda.it\/wp-content\/uploads\/2013\/10\/1071_11.gif?resize=468%2C240\" alt=\"Troppe anime gli sfuggivano: per rimediare si invent\u00f2 la Chiesa cattolica\" width=\"468\" height=\"240\" data-recalc-dims=\"1\" \/><\/a><figcaption id=\"caption-attachment-4919\" class=\"wp-caption-text\">Troppe anime gli sfuggivano: per rimediare si invent\u00f2 la Chiesa cattolica<\/figcaption><\/figure>\n<figure id=\"attachment_4920\" aria-describedby=\"caption-attachment-4920\" style=\"width: 468px\" class=\"wp-caption aligncenter\"><a href=\"https:\/\/i0.wp.com\/www.robertosedda.it\/wp-content\/uploads\/2013\/10\/1071_12.gif\"><img data-attachment-id=\"4920\" data-permalink=\"http:\/\/www.robertosedda.it\/?attachment_id=4920\" data-orig-file=\"https:\/\/i0.wp.com\/www.robertosedda.it\/wp-content\/uploads\/2013\/10\/1071_12.gif?fit=468%2C240\" data-orig-size=\"468,240\" data-comments-opened=\"1\" data-image-meta=\"{&quot;aperture&quot;:&quot;0&quot;,&quot;credit&quot;:&quot;&quot;,&quot;camera&quot;:&quot;&quot;,&quot;caption&quot;:&quot;&quot;,&quot;created_timestamp&quot;:&quot;0&quot;,&quot;copyright&quot;:&quot;&quot;,&quot;focal_length&quot;:&quot;0&quot;,&quot;iso&quot;:&quot;0&quot;,&quot;shutter_speed&quot;:&quot;0&quot;,&quot;title&quot;:&quot;&quot;}\" data-image-title=\"1071_12\" data-image-description=\"\" data-image-caption=\"\" data-medium-file=\"https:\/\/i0.wp.com\/www.robertosedda.it\/wp-content\/uploads\/2013\/10\/1071_12.gif?fit=300%2C153\" data-large-file=\"https:\/\/i0.wp.com\/www.robertosedda.it\/wp-content\/uploads\/2013\/10\/1071_12.gif?fit=468%2C240\" decoding=\"async\" loading=\"lazy\" class=\"size-full wp-image-4920\" src=\"https:\/\/i0.wp.com\/www.robertosedda.it\/wp-content\/uploads\/2013\/10\/1071_12.gif?resize=468%2C240\" alt=\"1071_12\" width=\"468\" height=\"240\" data-recalc-dims=\"1\" \/><\/a><figcaption id=\"caption-attachment-4920\" class=\"wp-caption-text\">\u00abCome sembro?\u00bb \u00abCome Dio\u00bb, Papa Pio IX, parla ex cathedra, cio\u00e8 &#8220;come Dio&#8221;<br \/>Si sono inventati cose che non ci sono nella Bibbia, come la Messa<\/figcaption><\/figure>\n","protected":false},"excerpt":{"rendered":"<p>\u00c8 mia ferma convinzione che uno degli elementi pi\u00f9 caratteristici del caos che viviamo sia rappresentato dagli strani compagni di<\/p>\n","protected":false},"author":1,"featured_media":4918,"comment_status":"open","ping_status":"open","sticky":false,"template":"","format":"standard","meta":{"_mi_skip_tracking":false,"_monsterinsights_sitenote_active":false,"_monsterinsights_sitenote_note":"","_monsterinsights_sitenote_category":0,"jetpack_post_was_ever_published":false,"_jetpack_newsletter_access":"","jetpack_publicize_message":"","jetpack_is_tweetstorm":false,"jetpack_publicize_feature_enabled":true,"jetpack_social_post_already_shared":false,"jetpack_social_options":{"image_generator_settings":{"template":"highway","enabled":false}}},"categories":[52,54,17,62,16],"tags":[],"jetpack_publicize_connections":[],"jetpack_featured_media_url":"https:\/\/i0.wp.com\/www.robertosedda.it\/wp-content\/uploads\/2013\/10\/1053_07.gif?fit=458%2C235","jetpack_sharing_enabled":true,"jetpack_shortlink":"https:\/\/wp.me\/p4jV2T-1hj","jetpack_likes_enabled":true,"jetpack-related-posts":[{"id":7490,"url":"http:\/\/www.robertosedda.it\/?p=7490","url_meta":{"origin":4917,"position":0},"title":"Barbara Serra, il volto sardo di Al Jazeera: \u00abGli italiani non sono pigri. E la meritocrazia anglosassone ha un volto spietato\u00bb (un intervento di Massimiliano Perlato)","author":"Rufus","date":"22\/05\/2014","format":false,"excerpt":"Oltre che su questo blog, questo articolo viene pubblicato anche sui siti di\u00a0Fondazione Sardinia,\u00a0Aladinpensiero,\u00a0Tramas de Amistade,\u00a0Madrigopolis,\u00a0SardegnaSoprattutto,\u00a0Sportello Formaparis,\u00a0Tottusinpari\u00a0e sui blog\u00a0di\u00a0Enrico Lobina\u00a0e Vito Biolchini. Barbara Serra, il volto sardo di Al Jazeera: \u00abGli italiani non sono pigri. E la meritocrazia anglosassone ha un volto spietato\u00bb di Massimiliano Perlato Per me che faccio\u2026","rel":"","context":"In &quot;Biografie&quot;","block_context":{"text":"Biografie","link":"http:\/\/www.robertosedda.it\/?cat=83"},"img":{"alt_text":"","src":"https:\/\/i0.wp.com\/www.robertosedda.it\/wp-content\/uploads\/2014\/05\/Barbara-Serra-2.jpg?fit=485%2C300&resize=350%2C200","width":350,"height":200},"classes":[]},{"id":7802,"url":"http:\/\/www.robertosedda.it\/?p=7802","url_meta":{"origin":4917,"position":1},"title":"La maestra d&#8217;Italia","author":"Rufus","date":"17\/06\/2014","format":false,"excerpt":"Sono molto di fretta e quindi non posso approfondire, ma un pensiero mi ha colto quando ho letto che il ministro Giannini si \u00e8 sentita in dovere di rivolgersi ai ragazzi che domani faranno la maturit\u00e0 \u00abDormite tranquilli, cena leggera e nessun alcolico. Arrivate nelle migliori condizioni fisiche.\u00a0Dovete essere padroni\u2026","rel":"","context":"In &quot;Coordinate&quot;","block_context":{"text":"Coordinate","link":"http:\/\/www.robertosedda.it\/?cat=52"},"img":{"alt_text":"","src":"https:\/\/i0.wp.com\/www.robertosedda.it\/wp-content\/uploads\/2014\/06\/Giannini-skuola.net_.jpg?fit=480%2C360&resize=350%2C200","width":350,"height":200},"classes":[]},{"id":2410,"url":"http:\/\/www.robertosedda.it\/?p=2410","url_meta":{"origin":4917,"position":2},"title":"La vita cambia","author":"Rufus","date":"04\/03\/2013","format":false,"excerpt":"Quando ho compiuto i quarantacinque anni ho fatto, con una certa sorpresa, la riflessione di non essere poi cambiato cos\u00ec tanto rispetto ai vent'anni. A vent'anni stavo in Azione Cattolica: oggi - come quando ho compiuto i quarantacinque - ne faccio ancora parte, occupa ancora tanto dei miei pensieri e\u2026","rel":"","context":"In &quot;Coordinate&quot;","block_context":{"text":"Coordinate","link":"http:\/\/www.robertosedda.it\/?cat=52"},"img":{"alt_text":"","src":"https:\/\/i0.wp.com\/www.robertosedda.it\/wp-content\/uploads\/2013\/03\/ALIM2711.jpg?fit=1200%2C900&resize=350%2C200","width":350,"height":200,"srcset":"https:\/\/i0.wp.com\/www.robertosedda.it\/wp-content\/uploads\/2013\/03\/ALIM2711.jpg?fit=1200%2C900&resize=350%2C200 1x, https:\/\/i0.wp.com\/www.robertosedda.it\/wp-content\/uploads\/2013\/03\/ALIM2711.jpg?fit=1200%2C900&resize=700%2C400 2x, https:\/\/i0.wp.com\/www.robertosedda.it\/wp-content\/uploads\/2013\/03\/ALIM2711.jpg?fit=1200%2C900&resize=1050%2C600 3x"},"classes":[]},{"id":16172,"url":"http:\/\/www.robertosedda.it\/?p=16172","url_meta":{"origin":4917,"position":3},"title":"Quasi del tutto","author":"Rufus","date":"18\/01\/2019","format":false,"excerpt":"Mi sembra opportuno segnalare l'intervento di Baricco pubblicato sul suo blog su Medium, The catcher, come un contributo sulla situazione politica e sociale da parte di un intellettuale certamente non sospettabile di populismo che per\u00f2 scrive cose piuttosto indigeste all'establishment culturale e politico. Ci sono molti difetti - anche pregi,\u2026","rel":"","context":"In &quot;Coordinate&quot;","block_context":{"text":"Coordinate","link":"http:\/\/www.robertosedda.it\/?cat=52"},"img":{"alt_text":"","src":"https:\/\/i0.wp.com\/www.robertosedda.it\/wp-content\/uploads\/2019\/01\/Baricco.png?fit=1200%2C720&resize=350%2C200","width":350,"height":200,"srcset":"https:\/\/i0.wp.com\/www.robertosedda.it\/wp-content\/uploads\/2019\/01\/Baricco.png?fit=1200%2C720&resize=350%2C200 1x, https:\/\/i0.wp.com\/www.robertosedda.it\/wp-content\/uploads\/2019\/01\/Baricco.png?fit=1200%2C720&resize=700%2C400 2x, https:\/\/i0.wp.com\/www.robertosedda.it\/wp-content\/uploads\/2019\/01\/Baricco.png?fit=1200%2C720&resize=1050%2C600 3x"},"classes":[]},{"id":747,"url":"http:\/\/www.robertosedda.it\/?p=747","url_meta":{"origin":4917,"position":4},"title":"Piazza delle Cinque Noie","author":"Rufus","date":"24\/08\/2012","format":false,"excerpt":"Un film imbarazzante e, insomma, abbastanza pessimo. Gli americani hanno un grande mistero non risolto, \u00e8 l'omicidio Kennedy, ormai se ne sa quasi tutto e risale agli anni '60. Noi abbiamo un'infinit\u00e0 di misteri, della maggior parte non si sa abbastanza e sono dolorosamente vicini a noi nella storia. Dev'essere\u2026","rel":"","context":"In &quot;Cappe e spade&quot;","block_context":{"text":"Cappe e spade","link":"http:\/\/www.robertosedda.it\/?cat=70"},"img":{"alt_text":"","src":"https:\/\/i0.wp.com\/www.robertosedda.it\/wp-content\/uploads\/2012\/08\/locandina1.jpg?fit=420%2C582&resize=350%2C200","width":350,"height":200},"classes":[]},{"id":2257,"url":"http:\/\/www.robertosedda.it\/?p=2257","url_meta":{"origin":4917,"position":5},"title":"Se lo fai ti voto","author":"Rufus","date":"19\/02\/2013","format":false,"excerpt":"Appelli (ai) politici Mai come questa volta in vista delle elezioni ci sono stati pezzi della societ\u00e0 civile (anzi, della societ\u00e0 tout court) che hanno lavorato per mettere in chiaro le proprie esigenze e aspirazioni e sottoporle ai candidati e ai partiti, in modo da sollecitare un loro pronunciamento chiaro\u2026","rel":"","context":"In &quot;Coordinate&quot;","block_context":{"text":"Coordinate","link":"http:\/\/www.robertosedda.it\/?cat=52"},"img":{"alt_text":"","src":"https:\/\/i0.wp.com\/www.robertosedda.it\/wp-content\/uploads\/2013\/02\/Greenpeace-io-non-vi-voto.jpg?fit=580%2C243&resize=350%2C200","width":350,"height":200},"classes":[]}],"_links":{"self":[{"href":"http:\/\/www.robertosedda.it\/index.php?rest_route=\/wp\/v2\/posts\/4917"}],"collection":[{"href":"http:\/\/www.robertosedda.it\/index.php?rest_route=\/wp\/v2\/posts"}],"about":[{"href":"http:\/\/www.robertosedda.it\/index.php?rest_route=\/wp\/v2\/types\/post"}],"author":[{"embeddable":true,"href":"http:\/\/www.robertosedda.it\/index.php?rest_route=\/wp\/v2\/users\/1"}],"replies":[{"embeddable":true,"href":"http:\/\/www.robertosedda.it\/index.php?rest_route=%2Fwp%2Fv2%2Fcomments&post=4917"}],"version-history":[{"count":13,"href":"http:\/\/www.robertosedda.it\/index.php?rest_route=\/wp\/v2\/posts\/4917\/revisions"}],"predecessor-version":[{"id":14265,"href":"http:\/\/www.robertosedda.it\/index.php?rest_route=\/wp\/v2\/posts\/4917\/revisions\/14265"}],"wp:featuredmedia":[{"embeddable":true,"href":"http:\/\/www.robertosedda.it\/index.php?rest_route=\/wp\/v2\/media\/4918"}],"wp:attachment":[{"href":"http:\/\/www.robertosedda.it\/index.php?rest_route=%2Fwp%2Fv2%2Fmedia&parent=4917"}],"wp:term":[{"taxonomy":"category","embeddable":true,"href":"http:\/\/www.robertosedda.it\/index.php?rest_route=%2Fwp%2Fv2%2Fcategories&post=4917"},{"taxonomy":"post_tag","embeddable":true,"href":"http:\/\/www.robertosedda.it\/index.php?rest_route=%2Fwp%2Fv2%2Ftags&post=4917"}],"curies":[{"name":"wp","href":"https:\/\/api.w.org\/{rel}","templated":true}]}}