{"id":4806,"date":"2013-10-29T16:31:37","date_gmt":"2013-10-29T15:31:37","guid":{"rendered":"http:\/\/www.robertosedda.it\/?p=4806"},"modified":"2016-01-21T19:14:43","modified_gmt":"2016-01-21T18:14:43","slug":"fatevi-una-cultura-sulla-democrazia-partecipativa","status":"publish","type":"post","link":"http:\/\/www.robertosedda.it\/?p=4806","title":{"rendered":"Fatevi una cultura sulla democrazia partecipativa"},"content":{"rendered":"<p>Considerato che i miei ultimi articoli hanno girato in un modo o nell&#8217;altro\u00a0intorno a\u00a0questo argomento, mi\u00a0sembra opportuno fornire qualche suggerimento di lettura per chi vuole approfondire il tema della democrazia partecipativa.<\/p>\n<p>Solo una precisazione: parlo di &#8220;democrazia partecipativa&#8221; per semplicit\u00e0, l&#8217;argomento \u00e8 abbastanza sfilacciato ai confini e si usano talvolta altre terminologie. Mi limito oltretutto a segnalazioni sull&#8217;argomento principale e non tocco altro, per esempio testi sulla mediazione dei conflitti: magari trover\u00f2 modo di dare un&#8217;occhiata nella mia libreria e fare un altro articolo in merito in futuro.<\/p>\n<h2>Per cominciare: una bibliografia\u00a0sulla democrazia partecipativa&#8230;<\/h2>\n<p>&#8230; <a href=\"http:\/\/www.assemblea.emr.it\/biblioteca\/attivita-e-servizi\/servizi-documentazione\/bibliografie-tematiche\/societa\/teoria-politica\/democrazia-partecipativa\">\u00e8 messa a disposizione dalla Biblioteca dell&#8217;Assemblea Legislativa dell&#8217;Emilia-Romagna<\/a>.<\/p>\n<p>Aggiornata a marzo 2013 \u00e8 lievemente sbilanciata, non sorprendentemente, sulle attivit\u00e0 e le esperienze svolte in Emilia, ma c&#8217;\u00e8 comunque molto altro, in particolare una buona presenza di articoli scientifici e di atti di convegno che normalmente sfuggono quando si vanno a controllare i cataloghi delle case editrici, e una serie di libri pubblicati\u00a0all&#8217;estero, perlopi\u00f9 in inglese.<\/p>\n<p>Ci sono anche un paio di omissioni sorprendenti, per esempio manca il libro di Iolanda Romano che pure \u00e8 dell&#8217;autunno del 2012 (metto il <em>link<\/em> pi\u00f9 sotto) e forse non risultano altri autori abbastanza importanti, probabilmente perch\u00e9 si trovano appunto in categorie come &#8220;mediazione dei conflitti&#8221; o &#8220;cittadinanza&#8221;. Anche cos\u00ec, comunque, \u00e8 una ottima bibliografia e un buon punto di partenza. I testi elencati sono tutti disponibili nel sistema bibliotecario dell&#8217;Emilia-Romagna. Se sapete cos&#8217;\u00e8 il <em>document<\/em> <em>delivery<\/em> e il prestito interbibliotecario potete migrare subito verso la pi\u00f9 vicina bilioteca pubblica &#8211; e anche se non lo sapete troverete di sicuro chi pu\u00f2 aiutarvi. <a href=\"http:\/\/opac.regione.sardegna.it\/SebinaOpac\/Opac\">Naturalmente tutta &#8216;sta roba pu\u00f2 gi\u00e0 essere nella vostra biblioteca sotto casa<\/a>.<\/p>\n<h2><a href=\"http:\/\/www.chiarelettere.it\/libro\/reverse\/cosa-fare-come-fare.php\"><em>Cosa fare, come fare<\/em> (Iolanda Romano, <em>Chiarelettere<\/em> 2012)<\/a><\/h2>\n<p><a href=\"https:\/\/i0.wp.com\/www.robertosedda.it\/wp-content\/uploads\/2013\/10\/cosa-fare-come-fare.jpg\"><img data-attachment-id=\"4804\" data-permalink=\"http:\/\/www.robertosedda.it\/?attachment_id=4804\" data-orig-file=\"https:\/\/i0.wp.com\/www.robertosedda.it\/wp-content\/uploads\/2013\/10\/cosa-fare-come-fare.jpg?fit=170%2C264\" data-orig-size=\"170,264\" data-comments-opened=\"1\" data-image-meta=\"{&quot;aperture&quot;:&quot;0&quot;,&quot;credit&quot;:&quot;&quot;,&quot;camera&quot;:&quot;&quot;,&quot;caption&quot;:&quot;&quot;,&quot;created_timestamp&quot;:&quot;0&quot;,&quot;copyright&quot;:&quot;&quot;,&quot;focal_length&quot;:&quot;0&quot;,&quot;iso&quot;:&quot;0&quot;,&quot;shutter_speed&quot;:&quot;0&quot;,&quot;title&quot;:&quot;&quot;}\" data-image-title=\"cosa fare come fare\" data-image-description=\"\" data-image-caption=\"\" data-medium-file=\"https:\/\/i0.wp.com\/www.robertosedda.it\/wp-content\/uploads\/2013\/10\/cosa-fare-come-fare.jpg?fit=170%2C264\" data-large-file=\"https:\/\/i0.wp.com\/www.robertosedda.it\/wp-content\/uploads\/2013\/10\/cosa-fare-come-fare.jpg?fit=170%2C264\" decoding=\"async\" loading=\"lazy\" class=\"size-full wp-image-4804 alignleft\" src=\"https:\/\/i0.wp.com\/www.robertosedda.it\/wp-content\/uploads\/2013\/10\/cosa-fare-come-fare.jpg?resize=170%2C264\" alt=\"cosa fare come fare\" width=\"170\" height=\"264\" srcset=\"https:\/\/i0.wp.com\/www.robertosedda.it\/wp-content\/uploads\/2013\/10\/cosa-fare-come-fare.jpg?w=170 170w, https:\/\/i0.wp.com\/www.robertosedda.it\/wp-content\/uploads\/2013\/10\/cosa-fare-come-fare.jpg?resize=96%2C150 96w\" sizes=\"(max-width: 170px) 100vw, 170px\" data-recalc-dims=\"1\" \/><\/a>Un libro molto agile e concreto, ha il pregio di raccontare\u00a0moltissimi casi di esperienze reali\u00a0e soprattutto di rappresentare una riflessione <em>originale<\/em> sulle esperienze vissute in Italia: altri testi, infatti, si concentrano soprattutto sulla presentazione di esperienze svolte all&#8217;estero che, per quanto interessanti, finiscono per essere proposte in maniera un po&#8217;&#8230; messianica, diciamo.<\/p>\n<p>D&#8217;altra parte non \u00e8 propriamente un libro sulla democrazia partecipativa:\u00a0il <em>focus <\/em>\u00e8\u00a0rappresentato dai conflitti legati\u00a0alle grandi opere o in generale ai contrasti di interessi fra autorit\u00e0 centrali o altri soggetti che sono titolari di un progetto e comunit\u00e0 locali, su cui potrebbero ricadere gli oneri di\u00a0quello stesso\u00a0progetto. La democrazia partecipativa tocca anche altri campi, ovviamente, ma i primi capitoli del libro hanno un carattere introduttivo e servono a esporre i concetti principali, quindi il libro vale anche come introduzione alla tematica generale (anche perch\u00e9 dopo&#8230; \u00e8 gi\u00e0 finito, praticamente).<\/p>\n<p>Gli altri testi che presento sono tutti <strong>liberamente scaricabili dalla rete<\/strong>. Seguite i vari <em>link<\/em>.<\/p>\n<h2><a href=\"http:\/\/partecipazione.regione.emilia-romagna.it\/entra-in-regione\/documenti\/altri-documenti\/partecipazione-1\/partecipazione_partecipare_decidere1.pdf\/at_download\/file\/partecipazione_partecipare_decidere1.pdf\">Partecipare e decidere. Insieme \u00e8 meglio<\/a><\/h2>\n<p>Pubblicato dal <em>Servizio Comunicazione e\u00a0educazione alla sostenibilit\u00e0<\/em> della Regione Emilia-Romagna (<em>Quaderni della partecipazione<\/em>), \u00e8 presentato come un guida per amministratori e tecnici &#8211; quindi il lettore ideale non \u00e8 tanto il cittadino ma chi sta dall&#8217;altra parte della barricata\u00a0&#8211;\u00a0ma in realt\u00e0 \u00e8 una buona lettura introduttiva per chiunque sia interessato al tema.<\/p>\n<p>Le parti pi\u00f9 interessanti sono la prima, che\u00a0spiega le motivazioni dei processi inclusivi e partecipativi e descrive il processo ottimale nelle sue varie fasi, e la terza, dedicata agli strumenti. La parte di mezzo \u00e8 dedicata alla <em>governance <\/em>e alla partecipazione dei vari strumenti di governo territoriale dell&#8217;Emilia-Romagna ed \u00e8 appena pi\u00f9 ostica, anche se per chi lavora in una ammnistrazione pubblica pu\u00f2 essere interessante per fare confronti.<\/p>\n<p>Sulla copertina del volume \u00e8 riportata l&#8217;indicazione &#8220;01&gt;09&#8221;: non sono riuscito mai a capire\u00a0se questo voglia dire che \u00e8 il numero 9 della\u00a0serie e cosa\u00a0ci sia\u00a0nel resto della collana. <a href=\"http:\/\/partecipazione.regione.emilia-romagna.it\/entra-in-regione\/documenti\/altri-documenti\/partecipazione-1\">La pagina sul sito della Regione offre altri due quaderni<\/a>, uno sulla <em>e-democracy<\/em> e uno sulla comunicazione nelle amministrazioni pubbliche per sostenere i processi inclusivi. Entrambi, <a href=\"http:\/\/partecipazione.regione.emilia-romagna.it\/entra-in-regione\/documenti\/altri-documenti\/partecipazione-1\/comunicazione%20completo.pdf\/at_download\/file\/partecipazione%20quaderno%20web.pdf\">soprattutto il secondo<\/a>, sono fatti molto bene.<\/p>\n<h2><a href=\"http:\/\/centrostudi.crumbria.it\/pubblicazione\/dizionario-di-democrazia-partecipativa\"><em>Dizionario di democrazia partecipativa<\/em> (De Toffol-Valastro, Centro Studi della Regione Umbria 2012)<\/a><\/h2>\n<p><a href=\"https:\/\/i0.wp.com\/www.robertosedda.it\/wp-content\/uploads\/2013\/10\/locandina_dizionario_democrazia.jpg\"><img data-attachment-id=\"4822\" data-permalink=\"http:\/\/www.robertosedda.it\/?attachment_id=4822\" data-orig-file=\"https:\/\/i0.wp.com\/www.robertosedda.it\/wp-content\/uploads\/2013\/10\/locandina_dizionario_democrazia.jpg?fit=151%2C220\" data-orig-size=\"151,220\" data-comments-opened=\"1\" data-image-meta=\"{&quot;aperture&quot;:&quot;0&quot;,&quot;credit&quot;:&quot;&quot;,&quot;camera&quot;:&quot;&quot;,&quot;caption&quot;:&quot;&quot;,&quot;created_timestamp&quot;:&quot;0&quot;,&quot;copyright&quot;:&quot;&quot;,&quot;focal_length&quot;:&quot;0&quot;,&quot;iso&quot;:&quot;0&quot;,&quot;shutter_speed&quot;:&quot;0&quot;,&quot;title&quot;:&quot;&quot;}\" data-image-title=\"locandina_dizionario_democrazia\" data-image-description=\"\" data-image-caption=\"\" data-medium-file=\"https:\/\/i0.wp.com\/www.robertosedda.it\/wp-content\/uploads\/2013\/10\/locandina_dizionario_democrazia.jpg?fit=151%2C220\" data-large-file=\"https:\/\/i0.wp.com\/www.robertosedda.it\/wp-content\/uploads\/2013\/10\/locandina_dizionario_democrazia.jpg?fit=151%2C220\" decoding=\"async\" loading=\"lazy\" class=\"alignright size-full wp-image-4822\" src=\"https:\/\/i0.wp.com\/www.robertosedda.it\/wp-content\/uploads\/2013\/10\/locandina_dizionario_democrazia.jpg?resize=151%2C220\" alt=\"locandina_dizionario_democrazia\" width=\"151\" height=\"220\" srcset=\"https:\/\/i0.wp.com\/www.robertosedda.it\/wp-content\/uploads\/2013\/10\/locandina_dizionario_democrazia.jpg?w=151 151w, https:\/\/i0.wp.com\/www.robertosedda.it\/wp-content\/uploads\/2013\/10\/locandina_dizionario_democrazia.jpg?resize=102%2C150 102w\" sizes=\"(max-width: 151px) 100vw, 151px\" data-recalc-dims=\"1\" \/><\/a>Costruito come un vero dizionario (del resto, ehm, si chiama cos\u00ec) \u00e8 interessante perch\u00e9, come il testo della Romano, rappresenta sottotraccia una riflessione anche sull&#8217;<em>esaurimento<\/em> dei processi partecipativi dopo l&#8217;entusiamo iniziale di almeno una decina di anni fa e\u00a0fa un po&#8217; i conti anche con l&#8217;esigenza di ridefinire i concetti: da qui la struttura a &#8220;voci&#8221; tipica del dizionario. Anche chi non coglie tutte le provocazioni &#8211; che possono consistere, per esempio, nell&#8217;inserire la voce <em>abitante<\/em> invece di quella di <em>cittadino<\/em>\u00a0&#8211; pu\u00f2 trovare nella struttura del dizionario un utilissimo strumento di consultazione, tanto pi\u00f9 che ogni voce ha una propria mini-bibliografia utile per l&#8217;approfondimento, quindi il <em>Dizionario<\/em> diventa cos\u00ec il punto di partenza per propri percorsi di riflessione e di studio.<\/p>\n<p>La parte introduttiva invece \u00e8 molto pi\u00f9 legata alla storia politico-istituzionale recente dell&#8217;Umbria e probabilmente pu\u00f2 essere saltata senza troppo danno.<\/p>\n<h2><a href=\"http:\/\/www.funzionepubblica.gov.it\/media\/274608\/a_pi_voci.pdf\"><em>A pi\u00f9 voci<\/em> (Luigi Bobbio e altri,\u00a0<em>Edizioni scientifiche italiane<\/em>\u00a02004)<\/a><\/h2>\n<p><a href=\"https:\/\/i0.wp.com\/www.robertosedda.it\/wp-content\/uploads\/2013\/10\/bobbio-a-pi\u00f9-voci.jpg\"><img data-attachment-id=\"4824\" data-permalink=\"http:\/\/www.robertosedda.it\/?attachment_id=4824\" data-orig-file=\"https:\/\/i0.wp.com\/www.robertosedda.it\/wp-content\/uploads\/2013\/10\/bobbio-a-pi\u00f9-voci.jpg?fit=170%2C220\" data-orig-size=\"170,220\" data-comments-opened=\"1\" data-image-meta=\"{&quot;aperture&quot;:&quot;0&quot;,&quot;credit&quot;:&quot;&quot;,&quot;camera&quot;:&quot;&quot;,&quot;caption&quot;:&quot;&quot;,&quot;created_timestamp&quot;:&quot;0&quot;,&quot;copyright&quot;:&quot;&quot;,&quot;focal_length&quot;:&quot;0&quot;,&quot;iso&quot;:&quot;0&quot;,&quot;shutter_speed&quot;:&quot;0&quot;,&quot;title&quot;:&quot;&quot;}\" data-image-title=\"bobbio a pi\u00f9 voci\" data-image-description=\"\" data-image-caption=\"\" data-medium-file=\"https:\/\/i0.wp.com\/www.robertosedda.it\/wp-content\/uploads\/2013\/10\/bobbio-a-pi\u00f9-voci.jpg?fit=170%2C220\" data-large-file=\"https:\/\/i0.wp.com\/www.robertosedda.it\/wp-content\/uploads\/2013\/10\/bobbio-a-pi\u00f9-voci.jpg?fit=170%2C220\" decoding=\"async\" loading=\"lazy\" class=\"alignleft size-full wp-image-4824\" src=\"https:\/\/i0.wp.com\/www.robertosedda.it\/wp-content\/uploads\/2013\/10\/bobbio-a-pi\u00f9-voci.jpg?resize=170%2C220\" alt=\"bobbio a pi\u00f9 voci\" width=\"170\" height=\"220\" srcset=\"https:\/\/i0.wp.com\/www.robertosedda.it\/wp-content\/uploads\/2013\/10\/bobbio-a-pi\u00f9-voci.jpg?w=170 170w, https:\/\/i0.wp.com\/www.robertosedda.it\/wp-content\/uploads\/2013\/10\/bobbio-a-pi\u00f9-voci.jpg?resize=115%2C150 115w\" sizes=\"(max-width: 170px) 100vw, 170px\" data-recalc-dims=\"1\" \/><\/a>Considerato per lungo tempo il classico dei classici della democrazia partecipativa, <em>A pi\u00f9 voci<\/em> \u00e8 tuttora un testo bellissimo, molto ricco e fatto benissimo, anche se lievemente datato. La struttura segue la costruzione di un processo partecipativo (cosa, quando, come, con chi&#8230;) ma si dipana poi in tanti rivoli diversi, alternando all&#8217;esposizione schede tematiche, brani di interviste, casi di esempio e aprendosi anche al contributo di una pluralit\u00e0 di autori &#8211; e dando cos\u00ec piena ragione al titolo.<\/p>\n<p><a href=\"http:\/\/www.funzionepubblica.gov.it\/la-struttura\/dipartimento-della-funzione-pubblica\/documentazione\/pubblicazioni-archivio-\/innovazione.aspx\">La pagina delle pubblicazioni a cura del <em>Dipartimento della Funzione Pubblica<\/em> sulla partecipazione<\/a>\u00a0contiene parecchie altre pubblicazioni interessanti, e merita un&#8217;occhiata, cos\u00ec come <a href=\"http:\/\/www.funzionepubblica.gov.it\/la-struttura\/dipartimento-della-funzione-pubblica\/documentazione\/pubblicazioni-archivio-\/comunicazione.aspx\">la pagina speculare sulla comunicazione nella Pubblica Ammnistrazione<\/a>: segnalo quanto meno <a href=\"http:\/\/www.funzionepubblica.gov.it\/media\/274600\/amministrareconicittadini.pdf\"><em>Amministrare con i cittadini. Viaggio tra le pratiche di partecipazione in Italia<\/em><\/a>. Suscita un groppo alla gola notare che nella pagina le pubblicazioni pi\u00f9 recenti risalgono al 2008.<\/p>\n<h2><em><a href=\"http:\/\/db.formez.it\/fontinor.nsf\/8804ae899ac04f07c12569f40030aaca\/7e46be600ccc77eec125730e0046e78e\/$file\/guida%20progettazione%20partecipata.pdf\">Guida alla progettazione partecipata<\/a><\/em><\/h2>\n<p>Sul sito del <em>Formez<\/em> si trova un agilissimo documento PDF (undici pagine) con questo titolo, dovuto credo alla mano santa di <a href=\"http:\/\/www.poliste.com\/\">Serenella Paci<\/a>\u00a0(altrimenti consultate <a href=\"http:\/\/www.sinanet.isprambiente.it\/gelso\/files\/guida-progettazione-partecipata.pdf\">questa copia di riserva<\/a>). Per me \u00e8 stato la porta d&#8217;ingresso all&#8217;argomento, e continuo a trovarlo fatto molto bene. In particolare il testo \u00e8 pieno di riferimenti cliccabili che rimandano a una serie di altri materiali, in particolare sulle tecniche e gli strumenti. Sono undici pagine ma ce n&#8217;\u00e8 da studiare!<\/p>\n<p>Sempre sul sito del <em>Formez<\/em> (che sarebbe molto pi\u00f9 utile se fosse pi\u00f9 facilmente consultabile) e sempre secondo me della stessa mano ho trovato da poco delle <em>slides<\/em>\u00a0dal titolo <a href=\"http:\/\/focus.formez.it\/sites\/all\/files\/Laboratorio%201%20Tecniche%20di%20facilitazione.ppt\"><em>Tecniche di facilitazione nella progettazione partecipata: la gestione dei processi<\/em><\/a>. Le <em>slides<\/em> sono forse un po&#8217; sintetiche ma la bibliografia e sitografia finali sono di prima categoria.<\/p>\n","protected":false},"excerpt":{"rendered":"<p>Considerato che i miei ultimi articoli hanno girato in un modo o nell&#8217;altro\u00a0intorno a\u00a0questo argomento, mi\u00a0sembra opportuno fornire qualche suggerimento<\/p>\n","protected":false},"author":1,"featured_media":4822,"comment_status":"open","ping_status":"open","sticky":false,"template":"","format":"standard","meta":{"_mi_skip_tracking":false,"_monsterinsights_sitenote_active":false,"_monsterinsights_sitenote_note":"","_monsterinsights_sitenote_category":0,"jetpack_post_was_ever_published":false,"_jetpack_newsletter_access":"","jetpack_publicize_message":"","jetpack_is_tweetstorm":false,"jetpack_publicize_feature_enabled":true,"jetpack_social_post_already_shared":false,"jetpack_social_options":{"image_generator_settings":{"template":"highway","enabled":false}}},"categories":[52,55,13,77,12],"tags":[],"jetpack_publicize_connections":[],"jetpack_featured_media_url":"https:\/\/i0.wp.com\/www.robertosedda.it\/wp-content\/uploads\/2013\/10\/locandina_dizionario_democrazia.jpg?fit=151%2C220","jetpack_sharing_enabled":true,"jetpack_shortlink":"https:\/\/wp.me\/p4jV2T-1fw","jetpack_likes_enabled":true,"jetpack-related-posts":[{"id":5116,"url":"http:\/\/www.robertosedda.it\/?p=5116","url_meta":{"origin":4806,"position":0},"title":"Abruzzo 2009 e Emilia 2012: un confronto","author":"Rufus","date":"26\/11\/2013","format":false,"excerpt":"Proprio nei giorni dell'alluvione \u00e8 capitato casualmente che il mio amico Roberto Museo, che \u00e8 stato anche componente del Consiglio di amministrazione di Banca Etica, mi ha mandato da leggere un articolo interessante pubblicato su Aggiornamenti sociali, tutto pieno di frasi evidenziate (evidentemente Roberto, che viveva a L'Aquila al tempo\u2026","rel":"","context":"In &quot;Coordinate&quot;","block_context":{"text":"Coordinate","link":"http:\/\/www.robertosedda.it\/?cat=52"},"img":{"alt_text":"","src":"","width":0,"height":0},"classes":[]},{"id":4791,"url":"http:\/\/www.robertosedda.it\/?p=4791","url_meta":{"origin":4806,"position":1},"title":"Contraddizioni","author":"Rufus","date":"25\/10\/2013","format":false,"excerpt":"Introduzione acida Domenica a Nurachi si svolger\u00e0 un open space\u00a0sui temi della politica culturale in Sardegna, organizzato da Sardegna possibile nell'ambito della campagna elettorale di Michela Murgia. A coordinare l'attivit\u00e0 sar\u00e0 Iolanda Romano, che ho citato giusto ieri, una delle massime esperte di democrazia partecipativa italiane. Sapevo che la Romano\u2026","rel":"","context":"In &quot;Coordinate&quot;","block_context":{"text":"Coordinate","link":"http:\/\/www.robertosedda.it\/?cat=52"},"img":{"alt_text":"","src":"https:\/\/i0.wp.com\/www.robertosedda.it\/wp-content\/uploads\/2013\/10\/Intelligenze-sarde.jpg?fit=514%2C614&resize=350%2C200","width":350,"height":200},"classes":[]},{"id":4770,"url":"http:\/\/www.robertosedda.it\/?p=4770","url_meta":{"origin":4806,"position":2},"title":"Democrazia ateniese in salsa di Marina","author":"Rufus","date":"24\/10\/2013","format":false,"excerpt":"In cui si parla delle notti dello zio Rufus e del suo egoismo Molti miei amici sanno, per avere parcheggiato da quelle parti, che sotto casa mia c'\u00e8 un chiosco di panini\u00a0incongruamente piazzato nel mezzo di un parcheggio. Il chiosco dovrebbe occupare solo lo spazio del prefabbricato ma come un\u2026","rel":"","context":"In &quot;Coordinate&quot;","block_context":{"text":"Coordinate","link":"http:\/\/www.robertosedda.it\/?cat=52"},"img":{"alt_text":"","src":"https:\/\/i0.wp.com\/www.robertosedda.it\/wp-content\/uploads\/2013\/10\/Vivere-il-centro-storico-bellezza-sviluppo-diritti.jpg?fit=800%2C531&resize=350%2C200","width":350,"height":200,"srcset":"https:\/\/i0.wp.com\/www.robertosedda.it\/wp-content\/uploads\/2013\/10\/Vivere-il-centro-storico-bellezza-sviluppo-diritti.jpg?fit=800%2C531&resize=350%2C200 1x, https:\/\/i0.wp.com\/www.robertosedda.it\/wp-content\/uploads\/2013\/10\/Vivere-il-centro-storico-bellezza-sviluppo-diritti.jpg?fit=800%2C531&resize=700%2C400 2x"},"classes":[]},{"id":5836,"url":"http:\/\/www.robertosedda.it\/?p=5836","url_meta":{"origin":4806,"position":3},"title":"I corsi di formazione di Poliste per il 2014","author":"Rufus","date":"12\/01\/2014","format":false,"excerpt":"La mia amica e vicina di casa Rossana Moro mi ha mandato per mail la segnalazione dei corsi di formazione di\u00a0Poliste\u00a0 per il 2014 chiedendomi di passare parola, cosa che faccio volentieri qui sul blog. A parte Rossana fra i docenti e i soci di Poliste c'\u00e8 Serenella Paci, dalla\u2026","rel":"","context":"In &quot;Coordinate&quot;","block_context":{"text":"Coordinate","link":"http:\/\/www.robertosedda.it\/?cat=52"},"img":{"alt_text":"","src":"https:\/\/i0.wp.com\/www.robertosedda.it\/wp-content\/uploads\/2014\/01\/poliste-conflitto.jpg?resize=350%2C200","width":350,"height":200},"classes":[]},{"id":11161,"url":"http:\/\/www.robertosedda.it\/?p=11161","url_meta":{"origin":4806,"position":4},"title":"La storia si ripete","author":"Rufus","date":"12\/11\/2015","format":false,"excerpt":"Pare che a Cagliari sia (di nuovo) tempo di\u00a0open space. Ovunque. Ora: le\u00a0metodiche di democrazia partecipativa sono sempre buone, quindi niente da dire sotto questo punto di vista. Cio\u00e8: magari qualche volta si potrebbe provare a usare anche\u00a0altre metodiche (qui sul blog c'\u00e8 anche un vecchio articolo per iniziare a\u2026","rel":"","context":"In &quot;Coordinate&quot;","block_context":{"text":"Coordinate","link":"http:\/\/www.robertosedda.it\/?cat=52"},"img":{"alt_text":"","src":"https:\/\/i0.wp.com\/www.robertosedda.it\/wp-content\/uploads\/2013\/11\/Panorama-Cagliari.jpg?fit=640%2C428&resize=350%2C200","width":350,"height":200},"classes":[]},{"id":2410,"url":"http:\/\/www.robertosedda.it\/?p=2410","url_meta":{"origin":4806,"position":5},"title":"La vita cambia","author":"Rufus","date":"04\/03\/2013","format":false,"excerpt":"Quando ho compiuto i quarantacinque anni ho fatto, con una certa sorpresa, la riflessione di non essere poi cambiato cos\u00ec tanto rispetto ai vent'anni. A vent'anni stavo in Azione Cattolica: oggi - come quando ho compiuto i quarantacinque - ne faccio ancora parte, occupa ancora tanto dei miei pensieri e\u2026","rel":"","context":"In &quot;Coordinate&quot;","block_context":{"text":"Coordinate","link":"http:\/\/www.robertosedda.it\/?cat=52"},"img":{"alt_text":"","src":"https:\/\/i0.wp.com\/www.robertosedda.it\/wp-content\/uploads\/2013\/03\/ALIM2711.jpg?fit=1200%2C900&resize=350%2C200","width":350,"height":200,"srcset":"https:\/\/i0.wp.com\/www.robertosedda.it\/wp-content\/uploads\/2013\/03\/ALIM2711.jpg?fit=1200%2C900&resize=350%2C200 1x, https:\/\/i0.wp.com\/www.robertosedda.it\/wp-content\/uploads\/2013\/03\/ALIM2711.jpg?fit=1200%2C900&resize=700%2C400 2x, https:\/\/i0.wp.com\/www.robertosedda.it\/wp-content\/uploads\/2013\/03\/ALIM2711.jpg?fit=1200%2C900&resize=1050%2C600 3x"},"classes":[]}],"_links":{"self":[{"href":"http:\/\/www.robertosedda.it\/index.php?rest_route=\/wp\/v2\/posts\/4806"}],"collection":[{"href":"http:\/\/www.robertosedda.it\/index.php?rest_route=\/wp\/v2\/posts"}],"about":[{"href":"http:\/\/www.robertosedda.it\/index.php?rest_route=\/wp\/v2\/types\/post"}],"author":[{"embeddable":true,"href":"http:\/\/www.robertosedda.it\/index.php?rest_route=\/wp\/v2\/users\/1"}],"replies":[{"embeddable":true,"href":"http:\/\/www.robertosedda.it\/index.php?rest_route=%2Fwp%2Fv2%2Fcomments&post=4806"}],"version-history":[{"count":15,"href":"http:\/\/www.robertosedda.it\/index.php?rest_route=\/wp\/v2\/posts\/4806\/revisions"}],"predecessor-version":[{"id":11425,"href":"http:\/\/www.robertosedda.it\/index.php?rest_route=\/wp\/v2\/posts\/4806\/revisions\/11425"}],"wp:featuredmedia":[{"embeddable":true,"href":"http:\/\/www.robertosedda.it\/index.php?rest_route=\/wp\/v2\/media\/4822"}],"wp:attachment":[{"href":"http:\/\/www.robertosedda.it\/index.php?rest_route=%2Fwp%2Fv2%2Fmedia&parent=4806"}],"wp:term":[{"taxonomy":"category","embeddable":true,"href":"http:\/\/www.robertosedda.it\/index.php?rest_route=%2Fwp%2Fv2%2Fcategories&post=4806"},{"taxonomy":"post_tag","embeddable":true,"href":"http:\/\/www.robertosedda.it\/index.php?rest_route=%2Fwp%2Fv2%2Ftags&post=4806"}],"curies":[{"name":"wp","href":"https:\/\/api.w.org\/{rel}","templated":true}]}}