{"id":4791,"date":"2013-10-25T15:17:00","date_gmt":"2013-10-25T13:17:00","guid":{"rendered":"http:\/\/www.robertosedda.it\/?p=4791"},"modified":"2016-01-21T10:33:38","modified_gmt":"2016-01-21T09:33:38","slug":"contraddizioni","status":"publish","type":"post","link":"http:\/\/www.robertosedda.it\/?p=4791","title":{"rendered":"Contraddizioni"},"content":{"rendered":"<h3>Introduzione acida<\/h3>\n<p><a href=\"https:\/\/i0.wp.com\/www.robertosedda.it\/wp-content\/uploads\/2013\/10\/cosa-fare-come-fare.jpg\"><img data-attachment-id=\"4778\" data-permalink=\"http:\/\/www.robertosedda.it\/?attachment_id=4778\" data-orig-file=\"https:\/\/i0.wp.com\/www.robertosedda.it\/wp-content\/uploads\/2013\/10\/cosa-fare-come-fare.jpg?fit=170%2C264\" data-orig-size=\"170,264\" data-comments-opened=\"1\" data-image-meta=\"{&quot;aperture&quot;:&quot;0&quot;,&quot;credit&quot;:&quot;&quot;,&quot;camera&quot;:&quot;&quot;,&quot;caption&quot;:&quot;&quot;,&quot;created_timestamp&quot;:&quot;0&quot;,&quot;copyright&quot;:&quot;&quot;,&quot;focal_length&quot;:&quot;0&quot;,&quot;iso&quot;:&quot;0&quot;,&quot;shutter_speed&quot;:&quot;0&quot;,&quot;title&quot;:&quot;&quot;}\" data-image-title=\"cosa fare come fare\" data-image-description=\"\" data-image-caption=\"\" data-medium-file=\"https:\/\/i0.wp.com\/www.robertosedda.it\/wp-content\/uploads\/2013\/10\/cosa-fare-come-fare.jpg?fit=170%2C264\" data-large-file=\"https:\/\/i0.wp.com\/www.robertosedda.it\/wp-content\/uploads\/2013\/10\/cosa-fare-come-fare.jpg?fit=170%2C264\" decoding=\"async\" loading=\"lazy\" class=\"alignleft size-full wp-image-4778\" src=\"https:\/\/i0.wp.com\/www.robertosedda.it\/wp-content\/uploads\/2013\/10\/cosa-fare-come-fare.jpg?resize=170%2C264\" alt=\"cosa fare come fare\" width=\"170\" height=\"264\" srcset=\"https:\/\/i0.wp.com\/www.robertosedda.it\/wp-content\/uploads\/2013\/10\/cosa-fare-come-fare.jpg?w=170 170w, https:\/\/i0.wp.com\/www.robertosedda.it\/wp-content\/uploads\/2013\/10\/cosa-fare-come-fare.jpg?resize=96%2C150 96w\" sizes=\"(max-width: 170px) 100vw, 170px\" data-recalc-dims=\"1\" \/><\/a>Domenica a Nurachi si svolger\u00e0 un <a href=\"http:\/\/it.wikipedia.org\/wiki\/Open_Space_Technology\"><em>open space<\/em><\/a>\u00a0sui temi della politica culturale in Sardegna, <a href=\"http:\/\/sardegnapossibile.com\/evento\/ost-cultura\/\">organizzato da <em>Sardegna possibile<\/em> nell&#8217;ambito della campagna elettorale di Michela Murgia<\/a>.<\/p>\n<p>A coordinare l&#8217;attivit\u00e0 sar\u00e0 Iolanda Romano, che ho citato giusto ieri, una delle massime esperte di democrazia partecipativa italiane.<\/p>\n<p>Sapevo che la Romano viveva e lavorava fra il Piemonte e la Toscana. Sono molto contento che adesso abbia deciso di trasferirsi in Sardegna e prendere la residenza qui da noi, o in alternativa che abbia scoperto di avere dei genitori o degli antenati sardi.<\/p>\n<p>Nell&#8217;ottica del progetto di <em>Sardegna possibile<\/em>, infatti, non c&#8217;\u00e8 altra spiegazione riguardo alla sua collaborazione. Non si spiegherebbe, altrimenti, quanto pubblicato a suo tempo da Michela sulla sua pagina di <em>Facebook<\/em> a proposito della sua squadra.<a href=\"https:\/\/i0.wp.com\/www.robertosedda.it\/wp-content\/uploads\/2013\/10\/Intelligenze-sarde.jpg\"><img data-attachment-id=\"4815\" data-permalink=\"http:\/\/www.robertosedda.it\/?attachment_id=4815\" data-orig-file=\"https:\/\/i0.wp.com\/www.robertosedda.it\/wp-content\/uploads\/2013\/10\/Intelligenze-sarde.jpg?fit=514%2C614\" data-orig-size=\"514,614\" data-comments-opened=\"1\" data-image-meta=\"{&quot;aperture&quot;:&quot;0&quot;,&quot;credit&quot;:&quot;Roberto Sedda&quot;,&quot;camera&quot;:&quot;&quot;,&quot;caption&quot;:&quot;&quot;,&quot;created_timestamp&quot;:&quot;1378223947&quot;,&quot;copyright&quot;:&quot;&quot;,&quot;focal_length&quot;:&quot;0&quot;,&quot;iso&quot;:&quot;0&quot;,&quot;shutter_speed&quot;:&quot;0&quot;,&quot;title&quot;:&quot;&quot;}\" data-image-title=\"Intelligenze sarde\" data-image-description=\"\" data-image-caption=\"\" data-medium-file=\"https:\/\/i0.wp.com\/www.robertosedda.it\/wp-content\/uploads\/2013\/10\/Intelligenze-sarde.jpg?fit=251%2C300\" data-large-file=\"https:\/\/i0.wp.com\/www.robertosedda.it\/wp-content\/uploads\/2013\/10\/Intelligenze-sarde.jpg?fit=510%2C609\" decoding=\"async\" loading=\"lazy\" class=\"aligncenter size-full wp-image-4815\" src=\"https:\/\/i0.wp.com\/www.robertosedda.it\/wp-content\/uploads\/2013\/10\/Intelligenze-sarde.jpg?resize=514%2C614\" alt=\"Intelligenze sarde\" width=\"514\" height=\"614\" srcset=\"https:\/\/i0.wp.com\/www.robertosedda.it\/wp-content\/uploads\/2013\/10\/Intelligenze-sarde.jpg?w=514 514w, https:\/\/i0.wp.com\/www.robertosedda.it\/wp-content\/uploads\/2013\/10\/Intelligenze-sarde.jpg?resize=125%2C150 125w, https:\/\/i0.wp.com\/www.robertosedda.it\/wp-content\/uploads\/2013\/10\/Intelligenze-sarde.jpg?resize=251%2C300 251w\" sizes=\"(max-width: 514px) 100vw, 514px\" data-recalc-dims=\"1\" \/><\/a><\/p>\n<p>Praticamente: <em>giornalisti e buoi dei paesi tuoi<\/em>. Che senso abbia\u00a0pensare che questo costituisca un primato rispetto a chi, poniamo, ha un <em>webmaster<\/em> a Pechino o usa un ufficio stampa a Canicatt\u00ec\u00a0non \u00e8 chiaro (non lo\u00a0\u00e8 nemmeno perch\u00e9 sia un merito che siano tutti giovani, ma lasciamo perdere).\u00a0<a title=\"Io non sono sardo (o meglio: io si, voi non so)\" href=\"http:\/\/www.robertosedda.it\/?p=4245\">Siccome come sapete queste cose beceramente nazionaliste mi danno l&#8217;orticaria<\/a>\u00a0mi sono conservato il <em>post<\/em>, certo che prima o poi sarebbe tornato utile.<\/p>\n<p>Infatti.<\/p>\n<p>Seduto sulla riva del fiume vedo passare Iolanda Romano. Sono contento che a\u00a0<em>Sardegna possibile<\/em> si siano convinti della possibilit\u00e0 di andare a cercare le intelligenze che gli servono anche fuori della Sardegna. Un buon segno. Magari in futuro loro e Michela potrebbero ricordarsi di evitare certi eccessi propagandistici. Che poi c&#8217;\u00e8 sempre qualcuno seduto sulla riva ad aspettare.<\/p>\n<h3>Una parola sull&#8217;ambiguit\u00e0 e sulle strumentalizzazioni<\/h3>\n<p>Il sito di <em>Sardegna<\/em> <em>possibile<\/em> precisa che l&#8217;incontro di Nurachi non \u00e8 riservato solo ai militanti di <em>Progres<\/em> e ai simpatizzanti della campagna ma \u00e8 aperto a tutti.<\/p>\n<div>\n<div>\n<blockquote><p><strong>Pu\u00f2 partecipare anche chi non sostiene Sardegna Possibile?<\/strong><\/p>\n<p>S\u00ec. L\u2019Open Space non \u00e8 un appuntamento elettorale, ma un confronto aperto su temi che interessano tutti. Parteciparvi non implica alcuna adesione a Sardegna Possibile.<\/p><\/blockquote>\n<p>L&#8217;idea sarebbe quella che in questo modo si istituisce una dimensione di controllo preventiva dei cittadini sull&#8217;operato del movimento e della campagna elettorale.<\/p>\n<div>\n<div>\n<blockquote><p><strong>Cosa succede dopo?<\/strong><\/p>\n<p>Alla fine della giornata riceverete una sintesi di quello che \u00e8 stato detto e fatto. A dicembre, quando Sardegna Possibile presenter\u00e0 il dettaglio del proprio programma elettorale, potrete verificare quante e quali idee ragionate insieme a voi nell\u2019Open Space sono diventate proposte politiche della coalizione.<\/p>\n<p>Prima di dare le risposte, noi ascoltiamo le domande.<\/p><\/blockquote>\n<p>Nel suo libro la Romano argomenta in maniera convincente che non \u00e8 vera l&#8217;accusa che gli strumenti partecipativi consentano di mascherare il conflitto o l&#8217;esistenza di interessi precostituiti. Temo che qui possa essere all&#8217;opera un altro tipo di mascheramento, o almeno di ambiguit\u00e0.<\/p>\n<p>Intanto: non siamo nel\u00a0campo stretto della democrazia partecipativa; intendo dire che non c&#8217;\u00e8 qui un ente pubblico che rappresenta la totalit\u00e0 dei cittadini e che dovrebbe avere come fine istituzionale quello di massimizzare il bene comune, motivo per il quale decide di far emergere le esigenze di tutti, ma un movimento politico, che \u00e8 per definizione di parte, che chiede di fatto aiuto per la stesura del <em>proprio<\/em> programma elettorale.<\/p>\n<p>Il ricorso a una consultazione allargata\u00a0per questo fine \u00e8 gi\u00e0 ambiguo: sicuramente qualcuno degli avversari politici argomenter\u00e0 che il fatto segnala una carenza di progettualit\u00e0 e di rappresentanza politica; un movimento radicato sul territorio dovrebbe avere gi\u00e0 al suo interno le competenze e le conoscenze per una elaborazione <em>completa<\/em> del proprio programma. L&#8217;obiezione \u00e8 fondata, anche se chi si occupa di democrazia partecipativa sa che questo tipo di attvit\u00e0 fanno sempre saltare fuori di pi\u00f9, molto di pi\u00f9, di quel che si pensava esistesse; pi\u00f9 che altro lo strumento scelto, quello dell&#8217;<em>open space<\/em>, rispetto ad altri come l&#8217;<em>electronic town meeting<\/em>, <a href=\"http:\/\/sardegnapossibile.com\/cultura\/\">sembra segnalare che la comprensione del tema da parte di <em>Sardegna possibile<\/em> \u00e8 effettivamente piuttosto embrionale<\/a>.<\/p>\n<p>Il punto per\u00f2 sul quale mi interrogo \u00e8 se questa dinamica partecipativa pu\u00f2 essere gestita senza entrare nei meccanismi di rappresentanza. Per esempio: si pu\u00f2 essere chiamati alla collaborazione alla costruzione del programma senza avere la possibilit\u00e0 di selezionare il personale politico che poi dovr\u00e0 farsi carico di queste proposte? Se <em>Sardegna possibile<\/em> chiede collaborazione ai cittadini per costruire il proprio programma, non dovrebbe permettere agli stessi cittadini di votare le liste con primarie o qualcosa del genere?<\/p>\n<p>Oppure: le proposte &#8211; in questo caso di politica culturale &#8211; sono <em>neutrali<\/em>? Che se ne faccia carico un partito piuttosto che un altro \u00e8 indifferente? Il contesto ideologico in cui queste proposte sono avanzate non conta nulla?<\/p>\n<p>O ancora: qual \u00e8 il mio vantaggio come cittadino non aderente a <em>Progres<\/em> a partecipare? Come posso far sentire la mia voce? Nel caso specifico, essendo l&#8217;invito un invito di parte, mi sembra un po&#8217; poco. Mi state chiedendo di farvi <em>gratis<\/em> una consulenza sul programma elettorale cos\u00ec poi <em>voi<\/em> siete eletti? Lo dico in maniera paradossale, ma in questo caso non basta che l&#8217;incontro sia gratis: dovreste essere <em>voi<\/em> a pagare <em>me<\/em>.<\/p>\n<p>C&#8217;\u00e8 qui, secondo me, da una parte un&#8217;idea un po&#8217; ingenua &#8211; o furbissima &#8211; della politica: che se una proposta \u00e8 buona, un provvedimento necessario, non importa chi lo realizza, l&#8217;importante \u00e8 che lo faccia. Non a caso \u00e8 una cosa che dice sempre Berlusconi, e che \u00e8 analoga sostanzialmente al: \u00abQui non si fa politica, si lavora\u00bb. Sar\u00e0. A me il contesto di Nurachi non sembra neutrale, come non mi sembrerebbe neutrale se a organizzare la cosa fosse qualunque altro partito. E dall&#8217;altra mi sembra che la possibilit\u00e0 che la dinamica partecipativa dell&#8217;<em>open space<\/em> mascheri cose piuttosto concrete come dinamiche di potere, questioni di rappresentanza, e &#8211; usiamo la parola\u00a0&#8211;\u00a0conflitti di classe\u00a0andrebbe affrontata in maniera un po&#8217; pi\u00f9 robusta di: <em>Prima di dare le risposte, noi ascoltiamo le domande<\/em>.<\/p>\n<p>Infine mi pare che sia questo un caso in cui chi non \u00e8 aderente a <em>Progres<\/em>\u00a0 e non ha <em>ancora<\/em> deciso di votare per Michela ha una posizione in cui l&#8217;alternativa migliore, in termini di teoria dei giochi, \u00e8 <em>non <\/em>partecipare (soprattutto se ha <em>gi\u00e0<\/em> deciso di votare altri). Perch\u00e9 il dividendo positivo (proporre le proprie idee, partecipare a un&#8217;attivit\u00e0 interessante) sar\u00e0 sempre pi\u00f9 debole del possibile dividendo negativo (collaborare a far eleggere un rappresentante politico che <em>non<\/em> si vuole votare). Sarebbe stato diverso se a organizzare l&#8217;attivit\u00e0 fosse stato un terzo neutrale; cos\u00ec com&#8217;\u00e8 <em>Sardegna possibile<\/em> non \u00e8 in grado di <em>garantire<\/em> che, anche indirettamente, la propria partecipazione non sostenga la campagna elettorale, trasformando la partecipazione neutrale a un dibattito culturale in militanza: non uscir\u00e0 nemmeno un comunicato stampa che vanter\u00e0 il fatto che ci sono state <em>tot<\/em> persone? Un album fotografico su <em>Facebook<\/em> che esibisce la mia faccia sotto la scritta <em>anche questa \u00e8 Sardegna possibile<\/em>? Non \u00e8 che nella &#8220;storie esemplari&#8221; raccontate sinora da Michela, per esempio, o in certe altre situazioni\u00a0non ci siano stati aspetti di strumentalit\u00e0, e Nurachi sembra un po&#8217; un&#8217;altra situazione gestita al confine fra apertura all&#8217;esterno e arruolamento mascherato di ascari ingenui.<\/p>\n<h3><em>Excusatio non petita<\/em><\/h3>\n<p>\u00abCom&#8217;\u00e8 che rompi ricorrentemente le palle a noi e della Barracciu non dici niente?\u00bb.<\/p>\n<p>Beh, intanto mi riservo di rompere le palle a chi mi pare. Poi temi come la democrazia partecipativa e altri mi interessano, e alla fine mi viene da parlarne.<\/p>\n<p><a href=\"http:\/\/www.robertosedda.it\/?p=4407\">E poi non ho pi\u00f9 tempo<\/a>.<\/p>\n<\/div>\n<\/div>\n<\/div>\n<\/div>\n","protected":false},"excerpt":{"rendered":"<p>Introduzione acida Domenica a Nurachi si svolger\u00e0 un open space\u00a0sui temi della politica culturale in Sardegna, organizzato da Sardegna possibile<\/p>\n","protected":false},"author":1,"featured_media":4793,"comment_status":"open","ping_status":"open","sticky":false,"template":"","format":"standard","meta":{"_mi_skip_tracking":false,"_monsterinsights_sitenote_active":false,"_monsterinsights_sitenote_note":"","_monsterinsights_sitenote_category":0,"jetpack_post_was_ever_published":false,"_jetpack_newsletter_access":"","jetpack_publicize_message":"","jetpack_is_tweetstorm":false,"jetpack_publicize_feature_enabled":true,"jetpack_social_post_already_shared":false,"jetpack_social_options":{"image_generator_settings":{"template":"highway","enabled":false}}},"categories":[52,57,17,59,16],"tags":[],"jetpack_publicize_connections":[],"jetpack_featured_media_url":"https:\/\/i0.wp.com\/www.robertosedda.it\/wp-content\/uploads\/2013\/10\/Intelligenze-sarde.jpg?fit=514%2C614","jetpack_sharing_enabled":true,"jetpack_shortlink":"https:\/\/wp.me\/p4jV2T-1fh","jetpack_likes_enabled":true,"jetpack-related-posts":[{"id":8914,"url":"http:\/\/www.robertosedda.it\/?p=8914","url_meta":{"origin":4791,"position":0},"title":"Quali intellettuali in Sardegna? Un intervento di Piero Marcialis","author":"Rufus","date":"19\/11\/2014","format":false,"excerpt":"Oltre che su questo\u00a0blog questo articolo viene pubblicato anche sui siti di\u00a0Fondazione Sardinia,\u00a0Aladinpensiero,\u00a0Tramas de amistade,\u00a0Sardegna Soprattutto,\u00a0Sportello Formaparis,\u00a0Tottusinpari e sui blog di\u00a0Enrico Lobina,\u00a0Vito Biolchini\u00a0e\u00a0Francesca Madrigali. Quali intellettuali in Sardegna? di Piero Marcialis Si scalda (forse) il dibattito sugli intellettuali in Sardegna. Non mi soffermo a dire che intellettuali siamo un po\u2019\u2026","rel":"","context":"In &quot;Coordinate&quot;","block_context":{"text":"Coordinate","link":"http:\/\/www.robertosedda.it\/?cat=52"},"img":{"alt_text":"","src":"https:\/\/i0.wp.com\/www.robertosedda.it\/wp-content\/uploads\/2014\/11\/intellettuali1.jpg?fit=360%2C269&resize=350%2C200","width":350,"height":200},"classes":[]},{"id":9871,"url":"http:\/\/www.robertosedda.it\/?p=9871","url_meta":{"origin":4791,"position":1},"title":"La Sardegna si salva tutta o non si salva (un intervento di Enrico Lobina)","author":"Rufus","date":"31\/03\/2015","format":false,"excerpt":"Questo articolo viene pubblicato anche sui siti di Fondazione Sardinia, Tramasdeamistade, Sardegna Soprattutto, Sportello Formaparis,Tottusinpari e sui blog di Enrico Lobina, Vito Biolchini e Francesca Madrigali. La Sardegna si salva tutta o non si salva \u2013 Un futuro produttivo e l\u2019estinzione gi\u00e0 in corso di Enrico Lobina In consiglio comunale,\u2026","rel":"","context":"In &quot;Coordinate&quot;","block_context":{"text":"Coordinate","link":"http:\/\/www.robertosedda.it\/?cat=52"},"img":{"alt_text":"","src":"https:\/\/i0.wp.com\/www.robertosedda.it\/wp-content\/uploads\/2013\/04\/2013-04-25-10.33.37.jpg?fit=900%2C1200&resize=350%2C200","width":350,"height":200,"srcset":"https:\/\/i0.wp.com\/www.robertosedda.it\/wp-content\/uploads\/2013\/04\/2013-04-25-10.33.37.jpg?fit=900%2C1200&resize=350%2C200 1x, https:\/\/i0.wp.com\/www.robertosedda.it\/wp-content\/uploads\/2013\/04\/2013-04-25-10.33.37.jpg?fit=900%2C1200&resize=700%2C400 2x"},"classes":[]},{"id":7893,"url":"http:\/\/www.robertosedda.it\/?p=7893","url_meta":{"origin":4791,"position":2},"title":"La Sardegna verso il baratro della Storia: sette punti per riprendere il cammino (un intervento di Salvatore Cubeddu)","author":"Rufus","date":"02\/07\/2014","format":false,"excerpt":"\u00c8 ripreso dopo una lunga interruzione l'invio degli articoli dei\u00a0blogger del luned\u00ec. Questa settimana Salvatore Cubeddu. Come al solito l'articolo \u00e8 pubblicato oltre che qui anche sui siti\u00a0di\u00a0Fondazione Sardinia, Tramas de amistade,\u00a0Aladin pensiero, Vito Biolchini,\u00a0Sardegna soprattutto,\u00a0Enrico Lobina,\u00a0Madrigopolis,\u00a0Forma paris\u00a0e\u00a0Tottus in pari. La Sardegna verso il baratro della Storia: sette punti per\u2026","rel":"","context":"In &quot;Coordinate&quot;","block_context":{"text":"Coordinate","link":"http:\/\/www.robertosedda.it\/?cat=52"},"img":{"alt_text":"","src":"https:\/\/i0.wp.com\/www.robertosedda.it\/wp-content\/uploads\/2013\/12\/Salvatore-Cubeddu.jpg?fit=500%2C374&resize=350%2C200","width":350,"height":200},"classes":[]},{"id":4220,"url":"http:\/\/www.robertosedda.it\/?p=4220","url_meta":{"origin":4791,"position":3},"title":"Buone vacanze!","author":"Rufus","date":"03\/08\/2013","format":false,"excerpt":"Passer\u00f2 i prossimi giorni a Tonara, nel centro della Sardegna, quindi anche il blog si prende una vacanza. Mi porto dietro il\u00a0computer (luned\u00ec c'\u00e8 una\u00a0Skype call con i coordinatori dei vari gruppi di soci dell'Area Centro di Banca Etica) ma non conto di scrivere frequentemente sul blog:\u00a0 potr\u00e0 capitare ogni\u2026","rel":"","context":"In &quot;Coordinate&quot;","block_context":{"text":"Coordinate","link":"http:\/\/www.robertosedda.it\/?cat=52"},"img":{"alt_text":"","src":"https:\/\/i0.wp.com\/www.robertosedda.it\/wp-content\/uploads\/2013\/08\/ALIM0692.jpg?fit=1200%2C900&resize=350%2C200","width":350,"height":200,"srcset":"https:\/\/i0.wp.com\/www.robertosedda.it\/wp-content\/uploads\/2013\/08\/ALIM0692.jpg?fit=1200%2C900&resize=350%2C200 1x, https:\/\/i0.wp.com\/www.robertosedda.it\/wp-content\/uploads\/2013\/08\/ALIM0692.jpg?fit=1200%2C900&resize=700%2C400 2x, https:\/\/i0.wp.com\/www.robertosedda.it\/wp-content\/uploads\/2013\/08\/ALIM0692.jpg?fit=1200%2C900&resize=1050%2C600 3x"},"classes":[]},{"id":13951,"url":"http:\/\/www.robertosedda.it\/?p=13951","url_meta":{"origin":4791,"position":4},"title":"Cambi di ottica visuale per la Sardegna","author":"Rufus","date":"19\/07\/2017","format":false,"excerpt":"L'altro giorno leggevo un articolo interessante sulle differenze fra lo spagnolo parlato nella penisola iberica e quello della latinoamerica. Gi\u00e0 dall'inizio c'\u00e8 una lunga discussione sull'uso della seconda persona del pronome personale e dei vari casi nei quali bisogna usare\u00a0ustedes\u00a0invece di\u00a0vosotros: saltava all'occhio il collegamento con i due pronomi sardi\u00a0fustetti\u2026","rel":"","context":"In &quot;Coordinate&quot;","block_context":{"text":"Coordinate","link":"http:\/\/www.robertosedda.it\/?cat=52"},"img":{"alt_text":"","src":"https:\/\/i0.wp.com\/www.robertosedda.it\/wp-content\/uploads\/2017\/07\/Quattro-mori.jpg?fit=1024%2C467&resize=350%2C200","width":350,"height":200,"srcset":"https:\/\/i0.wp.com\/www.robertosedda.it\/wp-content\/uploads\/2017\/07\/Quattro-mori.jpg?fit=1024%2C467&resize=350%2C200 1x, https:\/\/i0.wp.com\/www.robertosedda.it\/wp-content\/uploads\/2017\/07\/Quattro-mori.jpg?fit=1024%2C467&resize=700%2C400 2x"},"classes":[]},{"id":6923,"url":"http:\/\/www.robertosedda.it\/?p=6923","url_meta":{"origin":4791,"position":5},"title":"Sardegna, a ciascuno il suo silenzio (un intervento di Vito Biolchini)","author":"Rufus","date":"08\/04\/2014","format":false,"excerpt":"Oltre che su questo blog, questo articolo viene pubblicato anche sui siti\u00a0di Vito Biolchini,\u00a0Enrico Lobina,\u00a0Fondazione Sardinia,\u00a0Aladinpensiero,\u00a0Tramas de Amistade,\u00a0Madrigopolis,\u00a0Sardegna Soprattutto,\u00a0Sportello Formaparis,\u00a0Tottusinpari. Sardegna, a ciascuno il suo silenzio (Pigliaru non spiega: almeno ascolter\u00e0?) di Vito Biolchini E all'improvviso scese il silenzio. Se nei sette mesi che hanno preceduto il voto una febbre\u2026","rel":"","context":"In &quot;Coordinate&quot;","block_context":{"text":"Coordinate","link":"http:\/\/www.robertosedda.it\/?cat=52"},"img":{"alt_text":"","src":"https:\/\/i0.wp.com\/www.robertosedda.it\/wp-content\/uploads\/2014\/02\/videolina_pigliaru.jpg?fit=1200%2C900&resize=350%2C200","width":350,"height":200,"srcset":"https:\/\/i0.wp.com\/www.robertosedda.it\/wp-content\/uploads\/2014\/02\/videolina_pigliaru.jpg?fit=1200%2C900&resize=350%2C200 1x, https:\/\/i0.wp.com\/www.robertosedda.it\/wp-content\/uploads\/2014\/02\/videolina_pigliaru.jpg?fit=1200%2C900&resize=700%2C400 2x, https:\/\/i0.wp.com\/www.robertosedda.it\/wp-content\/uploads\/2014\/02\/videolina_pigliaru.jpg?fit=1200%2C900&resize=1050%2C600 3x"},"classes":[]}],"_links":{"self":[{"href":"http:\/\/www.robertosedda.it\/index.php?rest_route=\/wp\/v2\/posts\/4791"}],"collection":[{"href":"http:\/\/www.robertosedda.it\/index.php?rest_route=\/wp\/v2\/posts"}],"about":[{"href":"http:\/\/www.robertosedda.it\/index.php?rest_route=\/wp\/v2\/types\/post"}],"author":[{"embeddable":true,"href":"http:\/\/www.robertosedda.it\/index.php?rest_route=\/wp\/v2\/users\/1"}],"replies":[{"embeddable":true,"href":"http:\/\/www.robertosedda.it\/index.php?rest_route=%2Fwp%2Fv2%2Fcomments&post=4791"}],"version-history":[{"count":15,"href":"http:\/\/www.robertosedda.it\/index.php?rest_route=\/wp\/v2\/posts\/4791\/revisions"}],"predecessor-version":[{"id":11419,"href":"http:\/\/www.robertosedda.it\/index.php?rest_route=\/wp\/v2\/posts\/4791\/revisions\/11419"}],"wp:featuredmedia":[{"embeddable":true,"href":"http:\/\/www.robertosedda.it\/index.php?rest_route=\/wp\/v2\/media\/4793"}],"wp:attachment":[{"href":"http:\/\/www.robertosedda.it\/index.php?rest_route=%2Fwp%2Fv2%2Fmedia&parent=4791"}],"wp:term":[{"taxonomy":"category","embeddable":true,"href":"http:\/\/www.robertosedda.it\/index.php?rest_route=%2Fwp%2Fv2%2Fcategories&post=4791"},{"taxonomy":"post_tag","embeddable":true,"href":"http:\/\/www.robertosedda.it\/index.php?rest_route=%2Fwp%2Fv2%2Ftags&post=4791"}],"curies":[{"name":"wp","href":"https:\/\/api.w.org\/{rel}","templated":true}]}}