{"id":4760,"date":"2013-10-22T23:32:59","date_gmt":"2013-10-22T21:32:59","guid":{"rendered":"http:\/\/www.robertosedda.it\/?p=4760"},"modified":"2013-10-31T09:15:06","modified_gmt":"2013-10-31T08:15:06","slug":"quando-poi-uno-e-piu-colto-di-te","status":"publish","type":"post","link":"http:\/\/www.robertosedda.it\/?p=4760","title":{"rendered":"Quando poi uno \u00e8 pi\u00f9 colto di te"},"content":{"rendered":"<p><a href=\"https:\/\/i0.wp.com\/www.robertosedda.it\/wp-content\/uploads\/2013\/10\/Orfani-Recchioni-Mammuccari-Carnevale.jpg\"><img data-attachment-id=\"4844\" data-permalink=\"http:\/\/www.robertosedda.it\/?attachment_id=4844\" data-orig-file=\"https:\/\/i0.wp.com\/www.robertosedda.it\/wp-content\/uploads\/2013\/10\/Orfani-Recchioni-Mammuccari-Carnevale.jpg?fit=1217%2C1600\" data-orig-size=\"1217,1600\" data-comments-opened=\"1\" data-image-meta=\"{&quot;aperture&quot;:&quot;0&quot;,&quot;credit&quot;:&quot;&quot;,&quot;camera&quot;:&quot;&quot;,&quot;caption&quot;:&quot;&quot;,&quot;created_timestamp&quot;:&quot;0&quot;,&quot;copyright&quot;:&quot;&quot;,&quot;focal_length&quot;:&quot;0&quot;,&quot;iso&quot;:&quot;0&quot;,&quot;shutter_speed&quot;:&quot;0&quot;,&quot;title&quot;:&quot;&quot;}\" data-image-title=\"Orfani Recchioni Mammuccari Carnevale\" data-image-description=\"\" data-image-caption=\"\" data-medium-file=\"https:\/\/i0.wp.com\/www.robertosedda.it\/wp-content\/uploads\/2013\/10\/Orfani-Recchioni-Mammuccari-Carnevale.jpg?fit=228%2C300\" data-large-file=\"https:\/\/i0.wp.com\/www.robertosedda.it\/wp-content\/uploads\/2013\/10\/Orfani-Recchioni-Mammuccari-Carnevale.jpg?fit=510%2C671\" decoding=\"async\" loading=\"lazy\" class=\"alignleft size-medium wp-image-4844\" alt=\"Orfani Recchioni Mammuccari Carnevale\" src=\"https:\/\/i0.wp.com\/www.robertosedda.it\/wp-content\/uploads\/2013\/10\/Orfani-Recchioni-Mammuccari-Carnevale.jpg?resize=228%2C300\" width=\"228\" height=\"300\" srcset=\"https:\/\/i0.wp.com\/www.robertosedda.it\/wp-content\/uploads\/2013\/10\/Orfani-Recchioni-Mammuccari-Carnevale.jpg?resize=228%2C300 228w, https:\/\/i0.wp.com\/www.robertosedda.it\/wp-content\/uploads\/2013\/10\/Orfani-Recchioni-Mammuccari-Carnevale.jpg?resize=114%2C150 114w, https:\/\/i0.wp.com\/www.robertosedda.it\/wp-content\/uploads\/2013\/10\/Orfani-Recchioni-Mammuccari-Carnevale.jpg?resize=778%2C1024 778w, https:\/\/i0.wp.com\/www.robertosedda.it\/wp-content\/uploads\/2013\/10\/Orfani-Recchioni-Mammuccari-Carnevale.jpg?resize=700%2C920 700w, https:\/\/i0.wp.com\/www.robertosedda.it\/wp-content\/uploads\/2013\/10\/Orfani-Recchioni-Mammuccari-Carnevale.jpg?w=1217 1217w\" sizes=\"(max-width: 228px) 100vw, 228px\" data-recalc-dims=\"1\" \/><\/a>Su <em>Orfani<\/em>, <a title=\"Fumetti da non perdere (e no)\" href=\"http:\/\/www.robertosedda.it\/?p=4751\">di cui ho parlato nell&#8217;articolo precedente<\/a>, segnalo un <a href=\"http:\/\/www.lospaziobianco.it\/92571-orfani-recchioni-mammucari-linguaggio-bonelli\">bell&#8217;articolo pubblicato su <em>Lo spazio bianco<\/em><\/a>, un <em>blog<\/em> molto valido che per un periodo \u00e8 stato anche nel mio <em>blogroll<\/em> (e mi sa che ce lo rimetter\u00f2).<\/p>\n<p>L&#8217;articolo dice con una cultura <em>enormemente<\/em> superiore alla mia molte delle cose che volevo dire anch&#8217;io, e le dice appunto molto meglio. Ne consiglio la lettura, anche per chi magari alle volte pensa al fumetto con sufficienza e non coglie quanti contenuti ci stiano dentro (segnalo soprattutto la parte sulla scelta di una narrazione non incentrata su un eroe ma su un &#8220;concetto&#8221; narrativo).<\/p>\n<p>Poi, se devo dirlo, l&#8217;articolo mi spiega perch\u00e9 sono disposto a comprare il secondo numero di un albo che non mi \u00e8 piaciuto: perch\u00e9 ci sono pi\u00f9 cose in cielo e in terra con quel che segue. D&#8217;altra parte, sostanzialmente, <em>Orfani <\/em>numero 1 non mi \u00e8 piaciuto, e mantengo tutte le mie riserve sul citazionismo &#8211; che vedo, peraltro, che <a href=\"http:\/\/prontoallaresa.blogspot.it\/2013\/10\/orfani-1-contenuti-speciali-attenzione.html\">Recchioni nega recisamente<\/a>, preferendo &#8220;pre-testo&#8221;, un concetto che ho scoperto oggi, cosa per la quale sono molto contento. E per\u00f2 secondo me Recchioni un po&#8217; ci fa e un po&#8217; c&#8217;\u00e8, perch\u00e9 c&#8217;\u00e8 modo e modo di lavorare con gli archetipi: una cosa \u00e8 parlare, che so, di &#8220;invasione aliena&#8221; e una cosa \u00e8 <em>Il gioco di Ender<\/em>. Forse bisognerebbe pensare ai &#8220;pre-testi&#8221; come a un <em>continuum<\/em>, che va dall&#8217;archetipo vero e proprio alla sua cristallizzazione nella cultura <em>pop<\/em>. L&#8217;uno \u00e8 materiale narrativo di base, l&#8217;altro mi ha stufato, e se serve per il\u00a0<em>concept<\/em> pazienza, trovatevi segnali narrativi altrettanto efficaci ma originali.<\/p>\n<p>Vedi com&#8217;\u00e8 quando leggi articoli di gente che ne capisce pi\u00f9 di te: subito ti vengono delle idee e ti metti a pontificare. Smetto subito, scusate, ma voi leggetevi l&#8217;articolo de <em>Lo spazio bianco<\/em>.<\/p>\n","protected":false},"excerpt":{"rendered":"<p>Su Orfani, di cui ho parlato nell&#8217;articolo precedente, segnalo un bell&#8217;articolo pubblicato su Lo spazio bianco, un blog molto valido<\/p>\n","protected":false},"author":1,"featured_media":4755,"comment_status":"open","ping_status":"open","sticky":false,"template":"","format":"standard","meta":{"_mi_skip_tracking":false,"_monsterinsights_sitenote_active":false,"_monsterinsights_sitenote_note":"","_monsterinsights_sitenote_category":0,"jetpack_post_was_ever_published":false,"_jetpack_newsletter_access":"","jetpack_publicize_message":"","jetpack_is_tweetstorm":false,"jetpack_publicize_feature_enabled":true,"jetpack_social_post_already_shared":false,"jetpack_social_options":{"image_generator_settings":{"template":"highway","enabled":false}}},"categories":[63,20,56,12],"tags":[],"jetpack_publicize_connections":[],"jetpack_featured_media_url":"https:\/\/i0.wp.com\/www.robertosedda.it\/wp-content\/uploads\/2013\/10\/Orfani-Recchioni-Mammuccari-Carnevale.jpg?fit=1217%2C1600","jetpack_sharing_enabled":true,"jetpack_shortlink":"https:\/\/wp.me\/p4jV2T-1eM","jetpack_likes_enabled":true,"jetpack-related-posts":[{"id":8558,"url":"http:\/\/www.robertosedda.it\/?p=8558","url_meta":{"origin":4760,"position":0},"title":"Il rotocalco della settimana: la volta che sono stato colpito dal fulmine, colabrodi informatici, fumetti e cose cos\u00ec","author":"Rufus","date":"06\/10\/2014","format":false,"excerpt":"Io canto il corpo elettrico Come sanno i miei vecchi amici, io sono fra coloro che sono stati colpiti dal fulmine e sono sopravvissuti. Nel mio caso accadde durante un campo scuola dell'Azione Cattolica nella vecchia \"casa di Sinnai\": ero al telefono e cadde un fulmine sul palo all'esterno, almeno\u2026","rel":"","context":"In &quot;Coordinate&quot;","block_context":{"text":"Coordinate","link":"http:\/\/www.robertosedda.it\/?cat=52"},"img":{"alt_text":"","src":"https:\/\/i0.wp.com\/www.robertosedda.it\/wp-content\/uploads\/2014\/10\/Fulmine.jpg?fit=1200%2C675&resize=350%2C200","width":350,"height":200,"srcset":"https:\/\/i0.wp.com\/www.robertosedda.it\/wp-content\/uploads\/2014\/10\/Fulmine.jpg?fit=1200%2C675&resize=350%2C200 1x, https:\/\/i0.wp.com\/www.robertosedda.it\/wp-content\/uploads\/2014\/10\/Fulmine.jpg?fit=1200%2C675&resize=700%2C400 2x, https:\/\/i0.wp.com\/www.robertosedda.it\/wp-content\/uploads\/2014\/10\/Fulmine.jpg?fit=1200%2C675&resize=1050%2C600 3x"},"classes":[]},{"id":15103,"url":"http:\/\/www.robertosedda.it\/?p=15103","url_meta":{"origin":4760,"position":1},"title":"REBLOG: Femminismi in lite","author":"Rufus","date":"05\/05\/2018","format":false,"excerpt":"Segnalo su Micromega\u00a0l'articolo molto interessante di Carlo Formenti\u00a0Contro il femminismo di regime che, partendo da una recente polemica politico-filosofica, prova a attaccare contemporaneamente il cattivo universalismo di una parte del movimento femminista e dall'altra il cattivo\u00a0relativismo di altre pensatrici, e nel processo dice diverse cose molto condivisibili e cita fonti\u2026","rel":"","context":"In &quot;Coordinate&quot;","block_context":{"text":"Coordinate","link":"http:\/\/www.robertosedda.it\/?cat=52"},"img":{"alt_text":"","src":"https:\/\/i0.wp.com\/www.robertosedda.it\/wp-content\/uploads\/2018\/05\/MICROMEGA1200_728.jpg?fit=1200%2C728&resize=350%2C200","width":350,"height":200,"srcset":"https:\/\/i0.wp.com\/www.robertosedda.it\/wp-content\/uploads\/2018\/05\/MICROMEGA1200_728.jpg?fit=1200%2C728&resize=350%2C200 1x, https:\/\/i0.wp.com\/www.robertosedda.it\/wp-content\/uploads\/2018\/05\/MICROMEGA1200_728.jpg?fit=1200%2C728&resize=700%2C400 2x, https:\/\/i0.wp.com\/www.robertosedda.it\/wp-content\/uploads\/2018\/05\/MICROMEGA1200_728.jpg?fit=1200%2C728&resize=1050%2C600 3x"},"classes":[]},{"id":9460,"url":"http:\/\/www.robertosedda.it\/?p=9460","url_meta":{"origin":4760,"position":2},"title":"&#8220;Kobane calling&#8221; di Zerocalcare: la recensione","author":"Rufus","date":"26\/01\/2015","format":false,"excerpt":"Sono riuscito finalmente oggi a leggere con calma\u00a0Kobane calling, il reportage a fumetti (l'autore preferisce definirlo storiona) che Zerocalcare ha\u00a0scritto dopo essere stato a Kobane con la\u00a0Staffetta romana\u00a0e che \u00e8 stato pubblicato la settimana scorsa con\u00a0Internazionale. Siccome la recensione in due parole potrebbe limitarsi a: \"da leggere\", iniziamo con i\u2026","rel":"","context":"In &quot;Biografie&quot;","block_context":{"text":"Biografie","link":"http:\/\/www.robertosedda.it\/?cat=83"},"img":{"alt_text":"","src":"https:\/\/i0.wp.com\/www.robertosedda.it\/wp-content\/uploads\/2015\/01\/Internazionale-Kobane-Calling.png?fit=520%2C702&resize=350%2C200","width":350,"height":200},"classes":[]},{"id":10323,"url":"http:\/\/www.robertosedda.it\/?p=10323","url_meta":{"origin":4760,"position":3},"title":"REBLOG: Imparate qualcosa su Zerocalcare, se vi pare","author":"Rufus","date":"08\/06\/2015","format":"link","excerpt":"Segnalo da Lo spazio bianco una bella analisi tecnica sulla struttura grafica e narrativa delle storie di Zerocalcare.","rel":"","context":"In &quot;Coordinate&quot;","block_context":{"text":"Coordinate","link":"http:\/\/www.robertosedda.it\/?cat=52"},"img":{"alt_text":"","src":"https:\/\/i0.wp.com\/www.robertosedda.it\/wp-content\/uploads\/2015\/05\/Zerocalcare-Repubblica.jpg?fit=670%2C919&resize=350%2C200","width":350,"height":200},"classes":[]},{"id":3152,"url":"http:\/\/www.robertosedda.it\/?p=3152","url_meta":{"origin":4760,"position":4},"title":"Gli eroi della Legione","author":"Rufus","date":"16\/05\/2013","format":"video","excerpt":"Il 2 maggio ho chiuso la serie di puntate dedicate alle avventure ambientate nelle grande epopee coloniali ottocentesche parlando di fumetti, con una trasmissione quasi del tutto occupata da Qui la Legione di Wood e Garcia Duran. So benissimo che \u00e8 una serie che gronda retorica (anche)\u00a0militaresca, ma \u00e8 indubitabilmente\u2026","rel":"","context":"In &quot;Cappe e spade&quot;","block_context":{"text":"Cappe e spade","link":"http:\/\/www.robertosedda.it\/?cat=70"},"img":{"alt_text":"","src":"https:\/\/i0.wp.com\/www.robertosedda.it\/wp-content\/uploads\/2013\/05\/Qui-la-Legione1-205x300.jpg?resize=350%2C200","width":350,"height":200},"classes":[]},{"id":9399,"url":"http:\/\/www.robertosedda.it\/?p=9399","url_meta":{"origin":4760,"position":5},"title":"Storie fatte di silenzi: &#8220;Touch&#8221; di Mitsuru Adachi","author":"Rufus","date":"15\/01\/2015","format":"video","excerpt":"Cominciamo prima di tutto a ringraziare Marcello Cadeddu, mio antico collega universitario e contatto di Facebook, che mi ha suggerito come pausa musicale un brano da Hadestown di\u00a0Ana\u00efs Mitchell: forse lui in realt\u00e0 proponeva un altro brano, troppo lungo, e non sono ormai nemmeno sicuro che fra le puntate che\u2026","rel":"","context":"In &quot;Coordinate&quot;","block_context":{"text":"Coordinate","link":"http:\/\/www.robertosedda.it\/?cat=52"},"img":{"alt_text":"","src":"https:\/\/i0.wp.com\/www.robertosedda.it\/wp-content\/uploads\/2015\/01\/Touch.jpg?fit=1011%2C760&resize=350%2C200","width":350,"height":200,"srcset":"https:\/\/i0.wp.com\/www.robertosedda.it\/wp-content\/uploads\/2015\/01\/Touch.jpg?fit=1011%2C760&resize=350%2C200 1x, https:\/\/i0.wp.com\/www.robertosedda.it\/wp-content\/uploads\/2015\/01\/Touch.jpg?fit=1011%2C760&resize=700%2C400 2x"},"classes":[]}],"_links":{"self":[{"href":"http:\/\/www.robertosedda.it\/index.php?rest_route=\/wp\/v2\/posts\/4760"}],"collection":[{"href":"http:\/\/www.robertosedda.it\/index.php?rest_route=\/wp\/v2\/posts"}],"about":[{"href":"http:\/\/www.robertosedda.it\/index.php?rest_route=\/wp\/v2\/types\/post"}],"author":[{"embeddable":true,"href":"http:\/\/www.robertosedda.it\/index.php?rest_route=\/wp\/v2\/users\/1"}],"replies":[{"embeddable":true,"href":"http:\/\/www.robertosedda.it\/index.php?rest_route=%2Fwp%2Fv2%2Fcomments&post=4760"}],"version-history":[{"count":2,"href":"http:\/\/www.robertosedda.it\/index.php?rest_route=\/wp\/v2\/posts\/4760\/revisions"}],"predecessor-version":[{"id":4845,"href":"http:\/\/www.robertosedda.it\/index.php?rest_route=\/wp\/v2\/posts\/4760\/revisions\/4845"}],"wp:featuredmedia":[{"embeddable":true,"href":"http:\/\/www.robertosedda.it\/index.php?rest_route=\/wp\/v2\/media\/4755"}],"wp:attachment":[{"href":"http:\/\/www.robertosedda.it\/index.php?rest_route=%2Fwp%2Fv2%2Fmedia&parent=4760"}],"wp:term":[{"taxonomy":"category","embeddable":true,"href":"http:\/\/www.robertosedda.it\/index.php?rest_route=%2Fwp%2Fv2%2Fcategories&post=4760"},{"taxonomy":"post_tag","embeddable":true,"href":"http:\/\/www.robertosedda.it\/index.php?rest_route=%2Fwp%2Fv2%2Ftags&post=4760"}],"curies":[{"name":"wp","href":"https:\/\/api.w.org\/{rel}","templated":true}]}}