{"id":4744,"date":"2013-10-21T20:11:23","date_gmt":"2013-10-21T18:11:23","guid":{"rendered":"http:\/\/www.robertosedda.it\/?p=4744"},"modified":"2015-10-19T18:06:25","modified_gmt":"2015-10-19T16:06:25","slug":"sabato-la-finanza-etica-era-a-olbia","status":"publish","type":"post","link":"http:\/\/www.robertosedda.it\/?p=4744","title":{"rendered":"Sabato la finanza etica era a Olbia"},"content":{"rendered":"<p><a href=\"https:\/\/i0.wp.com\/www.robertosedda.it\/wp-content\/uploads\/2013\/10\/Finanza-etica-Olbia.jpeg\"><img data-attachment-id=\"5294\" data-permalink=\"http:\/\/www.robertosedda.it\/?attachment_id=5294\" data-orig-file=\"https:\/\/i0.wp.com\/www.robertosedda.it\/wp-content\/uploads\/2013\/10\/Finanza-etica-Olbia.jpeg?fit=351%2C480\" data-orig-size=\"351,480\" data-comments-opened=\"1\" data-image-meta=\"{&quot;aperture&quot;:&quot;0&quot;,&quot;credit&quot;:&quot;&quot;,&quot;camera&quot;:&quot;&quot;,&quot;caption&quot;:&quot;&quot;,&quot;created_timestamp&quot;:&quot;0&quot;,&quot;copyright&quot;:&quot;&quot;,&quot;focal_length&quot;:&quot;0&quot;,&quot;iso&quot;:&quot;0&quot;,&quot;shutter_speed&quot;:&quot;0&quot;,&quot;title&quot;:&quot;&quot;}\" data-image-title=\"Finanza etica Olbia\" data-image-description=\"\" data-image-caption=\"\" data-medium-file=\"https:\/\/i0.wp.com\/www.robertosedda.it\/wp-content\/uploads\/2013\/10\/Finanza-etica-Olbia.jpeg?fit=219%2C300\" data-large-file=\"https:\/\/i0.wp.com\/www.robertosedda.it\/wp-content\/uploads\/2013\/10\/Finanza-etica-Olbia.jpeg?fit=351%2C480\" decoding=\"async\" loading=\"lazy\" class=\"alignleft size-medium wp-image-5294\" src=\"https:\/\/i0.wp.com\/www.robertosedda.it\/wp-content\/uploads\/2013\/10\/Finanza-etica-Olbia.jpeg?resize=219%2C300\" alt=\"Finanza etica Olbia\" width=\"219\" height=\"300\" srcset=\"https:\/\/i0.wp.com\/www.robertosedda.it\/wp-content\/uploads\/2013\/10\/Finanza-etica-Olbia.jpeg?resize=219%2C300 219w, https:\/\/i0.wp.com\/www.robertosedda.it\/wp-content\/uploads\/2013\/10\/Finanza-etica-Olbia.jpeg?resize=109%2C150 109w, https:\/\/i0.wp.com\/www.robertosedda.it\/wp-content\/uploads\/2013\/10\/Finanza-etica-Olbia.jpeg?w=351 351w\" sizes=\"(max-width: 219px) 100vw, 219px\" data-recalc-dims=\"1\" \/><\/a>Il 19 ottobre sono intervenuto con Carlo Usai al convegno <em>La finanza etica ti toglie un peso<\/em>. C&#8217;era anche Gaetano Lauta, responsabile dei soci di Banca Etica di Cagliari, e sia gli organizzatori che il pubblico erano largamente presenti persone legate al <em>Movimento Cinque Stelle<\/em>.<\/p>\n<p>\u00c8 stato un dibattito molto lungo (alle 13.30 ancora la gente non voleva andarsene) e interessante, in cui ci sono state chieste cose molto varie sulla Banca Etica e in cui si sono toccati anche temi piuttosto importanti aldil\u00e0 della stessa finanza etica: sulle idee che si possono avere sulla Sardegna, per esempio, sul rapporto fra cittadino e Stato, sull&#8217;idea di sviluppo e di economia che abbiamo in mente.<\/p>\n<p>Andando via con Gaetano abbiamo fatto alcune riflessioni: una era il dispiacere per il fatto che non ci fossero altri soci; la partecipazione all&#8217;incontro, infatti, sarebbe stata molto formativa, proprio per lo spettro amplissimo di domande a cui abbiamo risposto, e il nostro obiettivo \u00e8 quello di ampliare il ventaglio di quelli di noi che sono in grado di &#8220;tenere&#8221; incontri pubblici &#8211; non \u00e8 il caso che a rappresentare Banca Etica vadano sempre i dinosauri come me!<\/p>\n<p>La seconda riflessione, pi\u00f9 importante, riguarda il fatto che almeno in Sardegna questo era il primo incontro in cui soci della Banca si incontravano per una riflessione insieme ad aderenti del <em>Movimento Cinque Stelle<\/em>. Non \u00e8 che la cosa fosse proprio cos\u00ec scontata, nel senso che Banca Etica non ha una propria collocazione politica (nel senso di partiti) ma \u00e8 trasversale: viviamo quindi con difficolt\u00e0 tutte le situazioni in cui si possa percepire che siamo &#8220;schiacciati&#8221; sulle posizioni di un singolo movimento o partito. Per dire, appena uscita la locandina (la prima versione era un po&#8217; pi\u00f9 sbilanciata di quella che vedete sopra, e aveva il logo di Banca Etica, cosa che non gradiamo mai senza autorizzazione) qualcuno ha alzato il telefono e mi ha detto: \u00abBeh, siete diventati la banca dei <em>Cinque Stelle<\/em>?\u00bb. Poi mi raccontano che altrove magari c&#8217;\u00e8 un&#8217;iniziativa col <em>PD<\/em> e qualche socio che \u00e8 anche attivista del <em>Movimento<\/em> si arrabbia. Insomma, \u00e8 un tema su cui occorre riflettere e\u00a0avere tante attenzioni, ma la mia idea \u00e8 sempre stata che dove mi invitano vado, e a Olbia devo dire che sono stato contento, accolto oltretutto con grande cortesia e con una disponibilit\u00e0 assoluta al dialogo reciproco.<\/p>\n<p>Non \u00e8 per\u00f2 questa la riflessione che mi \u00e8 venuta in mente: questo \u00e8 casomai il contesto. Quello che ho pensato \u00e8 che non sono abituato a partecipare a un incontro che viene introdotto con l&#8217;idea che ci sono tre nemici, Agenzia delle Entrate, Equitalia e le banche. \u00c8 anche lontano dalla mia mentalit\u00e0 e infatti nei saluti iniziali ho doverosamente rimarcato il tema del dialogo anche in presenza di distanze politiche e culturali. Per\u00f2 se fossi andato a un incontro di una qualche parte dell&#8217;area antagonista, come mi \u00e8 capitato senza che magari sembrasse strano in Banca, avrei potuto sentir dire che ci sono tre nemici: il sistema militare-industriale, la speculazione finanziaria e un terzo a scelta, che so, e non mi sarebbe sembrato strano. Probabilmente sarei stato anche d&#8217;accordo, <em>iuxta modum<\/em>.<\/p>\n<p>Credo cio\u00e8 che il <em>Movimento Cinque Stelle<\/em> stia sdoganando &#8211; meglio: introducendo nel lessico politico usuale &#8211; dei linguaggi che sinora non c&#8217;erano e che sono destinati a strutturarsi e a divenire comuni. Ma i linguaggi in questo senso non sono contenuti, sono parametri di riferimento per spiegarsi, e non occorre averne paura ma piuttosto imparare cosa vogliono dire. Sono diversi da altri utilizzati sinora nel mondo dell&#8217;economia di giustizia, ma in s\u00e9 sono puri cartelli segnalatori. Anche per noi in Banca sono linguaggi nuovi e credo che dobbiamo fare uno sforzo di comprensione pi\u00f9 forte.<\/p>\n<p>Naturalmente oltre i linguaggi ci sono i contenuti. Su questi immagino che ci possano essere o rimanere delle distanze. Credo per esempio che sul tema dell&#8217;immigrazione la visione di Banca Etica non corrisponda a tutto il dibattito che mi \u00e8 parso di capire che ci sia dentro il <em>Movimento<\/em>. Immagino ci possano essere altre cose: di obiettivi e di metodo. \u00c8 per questo che \u00e8 importante il lavoro che stiamo facendo coi soci di Banca Etica di tutta Italia per la riscrittura del <a href=\"http:\/\/www.bancaetica.it\/chi-siamo\/la-politica-del-credito-di-banca-etica\/il-manifesto-politico-di-banca-etica\">Manifesto Politico<\/a> di Banca Etica, forse non pi\u00f9 adeguato dopo dieci anni nel linguaggio e nell&#8217;impostazione. Non \u00e8 solo la presenza in politica di nuovi linguaggi che ci obbliga ad aggiornarlo, ma certo \u00e8 importante, per chiarire la nostra posizione e permettere a chi vuole lavorare con noi di capire chi siamo e cosa facciamo, confrontarci con impostazioni culturali diverse da quelle dei fondatori storici di Banca Etica..<\/p>\n<p>A Olbia mi hanno anche intervistato. La chiacchierata con la giornalista \u00e8 stata abbastanza lunga, poi \u00e8 stata scorciata immagino per questioni di spazio. Comunque sono qui:<\/p>\n<div class=\"jetpack-video-wrapper\"><span class=\"embed-youtube\" style=\"text-align:center; display: block;\"><iframe class=\"youtube-player\" width=\"800\" height=\"450\" src=\"https:\/\/www.youtube.com\/embed\/CPIgPgVHV7o?version=3&#038;rel=1&#038;showsearch=0&#038;showinfo=1&#038;iv_load_policy=1&#038;fs=1&#038;hl=it-IT&#038;autohide=2&#038;wmode=transparent\" allowfullscreen=\"true\" style=\"border:0;\" sandbox=\"allow-scripts allow-same-origin allow-popups allow-presentation\"><\/iframe><\/span><\/div>\n","protected":false},"excerpt":{"rendered":"<p>Il 19 ottobre sono intervenuto con Carlo Usai al convegno La finanza etica ti toglie un peso. C&#8217;era anche Gaetano<\/p>\n","protected":false},"author":1,"featured_media":0,"comment_status":"open","ping_status":"open","sticky":false,"template":"","format":"video","meta":{"_mi_skip_tracking":false,"_monsterinsights_sitenote_active":false,"_monsterinsights_sitenote_note":"","_monsterinsights_sitenote_category":0,"jetpack_post_was_ever_published":false,"_jetpack_newsletter_access":"","jetpack_publicize_message":"","jetpack_is_tweetstorm":false,"jetpack_publicize_feature_enabled":true,"jetpack_social_post_already_shared":false,"jetpack_social_options":{"image_generator_settings":{"template":"highway","enabled":false}}},"categories":[72,52,49,55,12],"tags":[],"jetpack_publicize_connections":[],"jetpack_featured_media_url":"","jetpack_sharing_enabled":true,"jetpack_shortlink":"https:\/\/wp.me\/p4jV2T-1ew","jetpack_likes_enabled":true,"jetpack-related-posts":[{"id":12353,"url":"http:\/\/www.robertosedda.it\/?p=12353","url_meta":{"origin":4744,"position":0},"title":"Lo dico sinceramente&#8230;","author":"Rufus","date":"25\/08\/2016","format":false,"excerpt":"\u00c8 stato pubblicato oggi\u00a0sul sito di Banca Etica l'annuncio ufficiale del fatto\u00a0che il 23 settembre inauguriamo ufficialmente la nuova sede del banchiere ambulante a Cagliari. E quindi ciao, arrivederci, \u00e8 stato bello conoscervi: fino al 23 io non esisto pi\u00f9,\u00a0kaputt, c'\u00e8 un monte impressionante di cose da fare, perch\u00e9 ci\u2026","rel":"","context":"In &quot;Banche e finanza&quot;","block_context":{"text":"Banche e finanza","link":"http:\/\/www.robertosedda.it\/?cat=72"},"img":{"alt_text":"","src":"https:\/\/i0.wp.com\/www.robertosedda.it\/wp-content\/uploads\/2016\/08\/Banca-Etica-Cagliari.jpg?fit=962%2C726&resize=350%2C200","width":350,"height":200,"srcset":"https:\/\/i0.wp.com\/www.robertosedda.it\/wp-content\/uploads\/2016\/08\/Banca-Etica-Cagliari.jpg?fit=962%2C726&resize=350%2C200 1x, https:\/\/i0.wp.com\/www.robertosedda.it\/wp-content\/uploads\/2016\/08\/Banca-Etica-Cagliari.jpg?fit=962%2C726&resize=700%2C400 2x"},"classes":[]},{"id":16265,"url":"http:\/\/www.robertosedda.it\/?p=16265","url_meta":{"origin":4744,"position":1},"title":"Tre anni entusiasmanti (o almeno belli)","author":"Rufus","date":"14\/02\/2019","format":false,"excerpt":"Con il 31 gennaio il GIT (cio\u00e8 il gruppo di segreteria\/coordinamento dei soci di Banca Etica di un certo territorio) \u00e8 scaduto. Sabato prossimo infatti c'\u00e8 l'assemblea di tutti i soci della Sardegna Meridionale per la nuova elezione. Poi domenica ce ne andiamo tutti quanti insieme in gita al Monte\u2026","rel":"","context":"In &quot;Banche e finanza&quot;","block_context":{"text":"Banche e finanza","link":"http:\/\/www.robertosedda.it\/?cat=72"},"img":{"alt_text":"","src":"https:\/\/i0.wp.com\/www.robertosedda.it\/wp-content\/uploads\/2017\/05\/18320612_1752601238100189_8065062830309173904_o.jpg?fit=1200%2C720&resize=350%2C200","width":350,"height":200,"srcset":"https:\/\/i0.wp.com\/www.robertosedda.it\/wp-content\/uploads\/2017\/05\/18320612_1752601238100189_8065062830309173904_o.jpg?fit=1200%2C720&resize=350%2C200 1x, https:\/\/i0.wp.com\/www.robertosedda.it\/wp-content\/uploads\/2017\/05\/18320612_1752601238100189_8065062830309173904_o.jpg?fit=1200%2C720&resize=700%2C400 2x, https:\/\/i0.wp.com\/www.robertosedda.it\/wp-content\/uploads\/2017\/05\/18320612_1752601238100189_8065062830309173904_o.jpg?fit=1200%2C720&resize=1050%2C600 3x"},"classes":[]},{"id":3858,"url":"http:\/\/www.robertosedda.it\/?p=3858","url_meta":{"origin":4744,"position":2},"title":"\u00c8 in linea l&#8217;intervista su Banca Etica a Radio X","author":"Rufus","date":"04\/07\/2013","format":false,"excerpt":"Ho visto che su Radio X \u00e8 stata messa on line la puntata di ieri di Extralive! in cui sono stato intervistato da Vito Biolchini su Banca Etica. In sala c'eravamo io, Maria Bonaria (grazie alle sue arti promozionali e a quelle di Viviana siamo stati invitati) e Gaetano, i\u2026","rel":"","context":"In &quot;Banche e finanza&quot;","block_context":{"text":"Banche e finanza","link":"http:\/\/www.robertosedda.it\/?cat=72"},"img":{"alt_text":"","src":"https:\/\/i0.wp.com\/www.robertosedda.it\/wp-content\/uploads\/2013\/07\/20130703_190126.jpg?fit=1200%2C900&resize=350%2C200","width":350,"height":200,"srcset":"https:\/\/i0.wp.com\/www.robertosedda.it\/wp-content\/uploads\/2013\/07\/20130703_190126.jpg?fit=1200%2C900&resize=350%2C200 1x, https:\/\/i0.wp.com\/www.robertosedda.it\/wp-content\/uploads\/2013\/07\/20130703_190126.jpg?fit=1200%2C900&resize=700%2C400 2x, https:\/\/i0.wp.com\/www.robertosedda.it\/wp-content\/uploads\/2013\/07\/20130703_190126.jpg?fit=1200%2C900&resize=1050%2C600 3x"},"classes":[]},{"id":6782,"url":"http:\/\/www.robertosedda.it\/?p=6782","url_meta":{"origin":4744,"position":3},"title":"Un piccolo gioco sulla finanza etica","author":"Rufus","date":"19\/03\/2014","format":false,"excerpt":"Ieri, alla festa per i quindici anni di Banca Etica a Cagliari, abbiamo giocato. Inizialmente avevamo pensato solo di giocare (da qui il titolo, La finanza non \u00e8 un gioco), poi gradualmente abbiamo cambiato idea e organizzato cose diverse. A proposito: \u00e8 andata benissimo, anche se si \u00e8 grattata appena\u2026","rel":"","context":"In &quot;Banche e finanza&quot;","block_context":{"text":"Banche e finanza","link":"http:\/\/www.robertosedda.it\/?cat=72"},"img":{"alt_text":"","src":"https:\/\/i0.wp.com\/www.robertosedda.it\/wp-content\/uploads\/2014\/03\/Gioco-dei-barattoli.jpg?fit=540%2C960&resize=350%2C200","width":350,"height":200},"classes":[]},{"id":10205,"url":"http:\/\/www.robertosedda.it\/?p=10205","url_meta":{"origin":4744,"position":4},"title":"Articoli dimenticati","author":"Rufus","date":"08\/05\/2015","format":false,"excerpt":"Mi sono accorto oggi che non avevo riportato sul\u00a0blog l'articolo che ho pubblicato sul supplemento diocesano di\u00a0Avvenire\u00a0del 19 aprile 2015, dedicato a Banca Etica. Lo riposto qui: \u00e8 un articolo brevissimo e anche piuttosto anonimo (me lo dico da solo...), nel senso che occorreva prima di tutto presentare la Banca\u2026","rel":"","context":"In &quot;Banche e finanza&quot;","block_context":{"text":"Banche e finanza","link":"http:\/\/www.robertosedda.it\/?cat=72"},"img":{"alt_text":"","src":"https:\/\/i0.wp.com\/www.robertosedda.it\/wp-content\/uploads\/2015\/05\/Avvenire-Cagliari-testata.jpg?fit=648%2C218&resize=350%2C200","width":350,"height":200},"classes":[]},{"id":7459,"url":"http:\/\/www.robertosedda.it\/?p=7459","url_meta":{"origin":4744,"position":5},"title":"Il banchiere dei poveri a &#8220;Oggi parliamo di libri&#8221;","author":"Rufus","date":"17\/05\/2014","format":"video","excerpt":"Il 13 marzo, in piena festa della finanza etica sono andato in onda su Oggi parliamo di libri e ho aggiunto il mio piccolo contributo ai festeggiamenti presentando Il banchiere dei poveri di Muhammad Yunus, il fondatore della Grameen Bank del Bangladesh, considerato l'inventore del moderno microcredito. La puntata \u00e8\u2026","rel":"","context":"In &quot;Biografie&quot;","block_context":{"text":"Biografie","link":"http:\/\/www.robertosedda.it\/?cat=83"},"img":{"alt_text":"","src":"https:\/\/i0.wp.com\/www.robertosedda.it\/wp-content\/uploads\/2014\/05\/Finanza-per-indignati.jpg?fit=282%2C420&resize=350%2C200","width":350,"height":200},"classes":[]}],"_links":{"self":[{"href":"http:\/\/www.robertosedda.it\/index.php?rest_route=\/wp\/v2\/posts\/4744"}],"collection":[{"href":"http:\/\/www.robertosedda.it\/index.php?rest_route=\/wp\/v2\/posts"}],"about":[{"href":"http:\/\/www.robertosedda.it\/index.php?rest_route=\/wp\/v2\/types\/post"}],"author":[{"embeddable":true,"href":"http:\/\/www.robertosedda.it\/index.php?rest_route=\/wp\/v2\/users\/1"}],"replies":[{"embeddable":true,"href":"http:\/\/www.robertosedda.it\/index.php?rest_route=%2Fwp%2Fv2%2Fcomments&post=4744"}],"version-history":[{"count":9,"href":"http:\/\/www.robertosedda.it\/index.php?rest_route=\/wp\/v2\/posts\/4744\/revisions"}],"predecessor-version":[{"id":11046,"href":"http:\/\/www.robertosedda.it\/index.php?rest_route=\/wp\/v2\/posts\/4744\/revisions\/11046"}],"wp:attachment":[{"href":"http:\/\/www.robertosedda.it\/index.php?rest_route=%2Fwp%2Fv2%2Fmedia&parent=4744"}],"wp:term":[{"taxonomy":"category","embeddable":true,"href":"http:\/\/www.robertosedda.it\/index.php?rest_route=%2Fwp%2Fv2%2Fcategories&post=4744"},{"taxonomy":"post_tag","embeddable":true,"href":"http:\/\/www.robertosedda.it\/index.php?rest_route=%2Fwp%2Fv2%2Ftags&post=4744"}],"curies":[{"name":"wp","href":"https:\/\/api.w.org\/{rel}","templated":true}]}}