{"id":4605,"date":"2013-10-10T20:18:20","date_gmt":"2013-10-10T18:18:20","guid":{"rendered":"http:\/\/www.robertosedda.it\/?p=4605"},"modified":"2015-10-13T12:34:19","modified_gmt":"2015-10-13T10:34:19","slug":"le-foto-di-firenze","status":"publish","type":"post","link":"http:\/\/www.robertosedda.it\/?p=4605","title":{"rendered":"Le foto di Firenze"},"content":{"rendered":"<p>Queste sono tutte le foto che ho fatto a Firenze. Le raccolgo tutte\u00a0qui per comodit\u00e0 della Fondazione e di chi ha partecipato al I ritrovo nazionale di associazioni, gruppi, circoli nel nome di Giorgio La Pira <em>Spes<\/em> <em>contra spem<\/em>, oltre che di Grazia e Alberto, che della raccolta sono i protagonisti principali.<\/p>\n<div class=\"tiled-gallery type-rectangular tiled-gallery-unresized\" data-original-width=\"800\" data-carousel-extra='{&quot;blog_id&quot;:1,&quot;permalink&quot;:&quot;http:\\\/\\\/www.robertosedda.it\\\/?p=4605&quot;,&quot;likes_blog_id&quot;:63852863}' itemscope itemtype=\"http:\/\/schema.org\/ImageGallery\" > <div class=\"gallery-row\" style=\"width: 800px; height: 401px;\" data-original-width=\"800\" data-original-height=\"401\" > <div class=\"gallery-group images-1\" style=\"width: 534px; height: 401px;\" data-original-width=\"534\" data-original-height=\"401\" > <div class=\"tiled-gallery-item tiled-gallery-item-large\" itemprop=\"associatedMedia\" itemscope itemtype=\"http:\/\/schema.org\/ImageObject\"> <a href=\"https:\/\/i0.wp.com\/www.robertosedda.it\/wp-content\/uploads\/2013\/10\/Alberto-e-Grazia-La-Pira-aereoporto-2.jpg\" border=\"0\" itemprop=\"url\"> <meta itemprop=\"width\" content=\"530\"> <meta itemprop=\"height\" content=\"397\"> <img data-attachment-id=\"4606\" data-orig-file=\"http:\/\/www.robertosedda.it\/wp-content\/uploads\/2013\/10\/Alberto-e-Grazia-La-Pira-aereoporto-2.jpg\" data-orig-size=\"2048,1536\" data-comments-opened=\"1\" data-image-meta=\"{&quot;aperture&quot;:&quot;2.6&quot;,&quot;credit&quot;:&quot;&quot;,&quot;camera&quot;:&quot;YP-G70&quot;,&quot;caption&quot;:&quot;&quot;,&quot;created_timestamp&quot;:&quot;1380911754&quot;,&quot;copyright&quot;:&quot;&quot;,&quot;focal_length&quot;:&quot;3.79&quot;,&quot;iso&quot;:&quot;100&quot;,&quot;shutter_speed&quot;:&quot;0.01&quot;,&quot;title&quot;:&quot;&quot;}\" data-image-title=\"Alberto e Grazia La Pira aereoporto 2\" data-image-description=\"\" data-medium-file=\"https:\/\/i0.wp.com\/www.robertosedda.it\/wp-content\/uploads\/2013\/10\/Alberto-e-Grazia-La-Pira-aereoporto-2.jpg?fit=300%2C225\" data-large-file=\"https:\/\/i0.wp.com\/www.robertosedda.it\/wp-content\/uploads\/2013\/10\/Alberto-e-Grazia-La-Pira-aereoporto-2.jpg?fit=510%2C383\" src=\"https:\/\/i0.wp.com\/www.robertosedda.it\/wp-content\/uploads\/2013\/10\/Alberto-e-Grazia-La-Pira-aereoporto-2.jpg?w=530&#038;h=397\" width=\"530\" height=\"397\" data-original-width=\"530\" data-original-height=\"397\" itemprop=\"http:\/\/schema.org\/image\" title=\"Alberto e Grazia La Pira aereoporto 2\" alt=\"Alberto e Grazia La Pira aereoporto 2\" style=\"width: 530px; height: 397px;\" \/> <\/a> <\/div> <\/div> <!-- close group --> <div class=\"gallery-group images-2\" style=\"width: 266px; height: 401px;\" data-original-width=\"266\" data-original-height=\"401\" > <div class=\"tiled-gallery-item tiled-gallery-item-large\" itemprop=\"associatedMedia\" itemscope itemtype=\"http:\/\/schema.org\/ImageObject\"> <a href=\"https:\/\/i0.wp.com\/www.robertosedda.it\/wp-content\/uploads\/2013\/10\/Alberto-e-Grazia-La-Pira-aereoporto-3.jpg\" border=\"0\" itemprop=\"url\"> <meta itemprop=\"width\" content=\"262\"> <meta itemprop=\"height\" content=\"196\"> <img data-attachment-id=\"4607\" data-orig-file=\"http:\/\/www.robertosedda.it\/wp-content\/uploads\/2013\/10\/Alberto-e-Grazia-La-Pira-aereoporto-3.jpg\" data-orig-size=\"2048,1536\" data-comments-opened=\"1\" data-image-meta=\"{&quot;aperture&quot;:&quot;2.6&quot;,&quot;credit&quot;:&quot;&quot;,&quot;camera&quot;:&quot;YP-G70&quot;,&quot;caption&quot;:&quot;&quot;,&quot;created_timestamp&quot;:&quot;1380911759&quot;,&quot;copyright&quot;:&quot;&quot;,&quot;focal_length&quot;:&quot;3.79&quot;,&quot;iso&quot;:&quot;100&quot;,&quot;shutter_speed&quot;:&quot;0.01&quot;,&quot;title&quot;:&quot;&quot;}\" data-image-title=\"Alberto e Grazia La Pira aereoporto 3\" data-image-description=\"\" data-medium-file=\"https:\/\/i0.wp.com\/www.robertosedda.it\/wp-content\/uploads\/2013\/10\/Alberto-e-Grazia-La-Pira-aereoporto-3.jpg?fit=300%2C225\" data-large-file=\"https:\/\/i0.wp.com\/www.robertosedda.it\/wp-content\/uploads\/2013\/10\/Alberto-e-Grazia-La-Pira-aereoporto-3.jpg?fit=510%2C383\" src=\"https:\/\/i0.wp.com\/www.robertosedda.it\/wp-content\/uploads\/2013\/10\/Alberto-e-Grazia-La-Pira-aereoporto-3.jpg?w=262&#038;h=196\" width=\"262\" height=\"196\" data-original-width=\"262\" data-original-height=\"196\" itemprop=\"http:\/\/schema.org\/image\" title=\"Alberto e Grazia La Pira aereoporto 3\" alt=\"Alberto e Grazia La Pira aereoporto 3\" style=\"width: 262px; height: 196px;\" \/> <\/a> <\/div> <div class=\"tiled-gallery-item tiled-gallery-item-large\" itemprop=\"associatedMedia\" itemscope itemtype=\"http:\/\/schema.org\/ImageObject\"> <a href=\"https:\/\/i0.wp.com\/www.robertosedda.it\/wp-content\/uploads\/2013\/10\/Alberto-e-Grazia-La-Pira-aereoporto.jpg\" border=\"0\" itemprop=\"url\"> <meta itemprop=\"width\" content=\"262\"> <meta itemprop=\"height\" content=\"197\"> <img data-attachment-id=\"4608\" data-orig-file=\"http:\/\/www.robertosedda.it\/wp-content\/uploads\/2013\/10\/Alberto-e-Grazia-La-Pira-aereoporto.jpg\" data-orig-size=\"2048,1536\" data-comments-opened=\"1\" data-image-meta=\"{&quot;aperture&quot;:&quot;2.6&quot;,&quot;credit&quot;:&quot;&quot;,&quot;camera&quot;:&quot;YP-G70&quot;,&quot;caption&quot;:&quot;&quot;,&quot;created_timestamp&quot;:&quot;1380911750&quot;,&quot;copyright&quot;:&quot;&quot;,&quot;focal_length&quot;:&quot;3.79&quot;,&quot;iso&quot;:&quot;100&quot;,&quot;shutter_speed&quot;:&quot;0.01&quot;,&quot;title&quot;:&quot;&quot;}\" data-image-title=\"Alberto e Grazia La Pira aereoporto\" data-image-description=\"\" data-medium-file=\"https:\/\/i0.wp.com\/www.robertosedda.it\/wp-content\/uploads\/2013\/10\/Alberto-e-Grazia-La-Pira-aereoporto.jpg?fit=300%2C225\" data-large-file=\"https:\/\/i0.wp.com\/www.robertosedda.it\/wp-content\/uploads\/2013\/10\/Alberto-e-Grazia-La-Pira-aereoporto.jpg?fit=510%2C383\" src=\"https:\/\/i0.wp.com\/www.robertosedda.it\/wp-content\/uploads\/2013\/10\/Alberto-e-Grazia-La-Pira-aereoporto.jpg?w=262&#038;h=197\" width=\"262\" height=\"197\" data-original-width=\"262\" data-original-height=\"197\" itemprop=\"http:\/\/schema.org\/image\" title=\"Alberto e Grazia La Pira aereoporto\" alt=\"Alberto e Grazia La Pira aereoporto\" style=\"width: 262px; height: 197px;\" \/> <\/a> <\/div> <\/div> <!-- close group --> <\/div> <!-- close row --> <div class=\"gallery-row\" style=\"width: 800px; height: 670px;\" data-original-width=\"800\" data-original-height=\"670\" > <div class=\"gallery-group images-3\" style=\"width: 296px; height: 670px;\" data-original-width=\"296\" data-original-height=\"670\" > <div class=\"tiled-gallery-item tiled-gallery-item-large\" itemprop=\"associatedMedia\" itemscope itemtype=\"http:\/\/schema.org\/ImageObject\"> <a href=\"https:\/\/i0.wp.com\/www.robertosedda.it\/wp-content\/uploads\/2013\/10\/La-Pira-al-volo.jpg\" border=\"0\" itemprop=\"url\"> <meta itemprop=\"width\" content=\"292\"> <meta itemprop=\"height\" content=\"219\"> <img data-attachment-id=\"4610\" data-orig-file=\"http:\/\/www.robertosedda.it\/wp-content\/uploads\/2013\/10\/La-Pira-al-volo.jpg\" data-orig-size=\"2048,1536\" data-comments-opened=\"1\" data-image-meta=\"{&quot;aperture&quot;:&quot;2.6&quot;,&quot;credit&quot;:&quot;&quot;,&quot;camera&quot;:&quot;YP-G70&quot;,&quot;caption&quot;:&quot;&quot;,&quot;created_timestamp&quot;:&quot;1380975013&quot;,&quot;copyright&quot;:&quot;&quot;,&quot;focal_length&quot;:&quot;3.79&quot;,&quot;iso&quot;:&quot;400&quot;,&quot;shutter_speed&quot;:&quot;0.11111111111111&quot;,&quot;title&quot;:&quot;&quot;}\" data-image-title=\"La Pira al volo\" data-image-description=\"\" data-medium-file=\"https:\/\/i0.wp.com\/www.robertosedda.it\/wp-content\/uploads\/2013\/10\/La-Pira-al-volo.jpg?fit=300%2C225\" data-large-file=\"https:\/\/i0.wp.com\/www.robertosedda.it\/wp-content\/uploads\/2013\/10\/La-Pira-al-volo.jpg?fit=510%2C383\" src=\"https:\/\/i0.wp.com\/www.robertosedda.it\/wp-content\/uploads\/2013\/10\/La-Pira-al-volo.jpg?w=292&#038;h=219\" width=\"292\" height=\"219\" data-original-width=\"292\" data-original-height=\"219\" itemprop=\"http:\/\/schema.org\/image\" title=\"La Pira al volo\" alt=\"La Pira al volo\" style=\"width: 292px; height: 219px;\" \/> <\/a> <\/div> <div class=\"tiled-gallery-item tiled-gallery-item-large\" itemprop=\"associatedMedia\" itemscope itemtype=\"http:\/\/schema.org\/ImageObject\"> <a href=\"https:\/\/i0.wp.com\/www.robertosedda.it\/wp-content\/uploads\/2013\/10\/La-Pira-Alberto-e-Grazia.jpg\" border=\"0\" itemprop=\"url\"> <meta itemprop=\"width\" content=\"292\"> <meta itemprop=\"height\" content=\"219\"> <img data-attachment-id=\"4611\" data-orig-file=\"http:\/\/www.robertosedda.it\/wp-content\/uploads\/2013\/10\/La-Pira-Alberto-e-Grazia.jpg\" data-orig-size=\"3264,2448\" data-comments-opened=\"1\" data-image-meta=\"{&quot;aperture&quot;:&quot;5.1&quot;,&quot;credit&quot;:&quot;&quot;,&quot;camera&quot;:&quot;F8035&quot;,&quot;caption&quot;:&quot;&quot;,&quot;created_timestamp&quot;:&quot;1380964752&quot;,&quot;copyright&quot;:&quot;&quot;,&quot;focal_length&quot;:&quot;17.1&quot;,&quot;iso&quot;:&quot;320&quot;,&quot;shutter_speed&quot;:&quot;0.007982&quot;,&quot;title&quot;:&quot;YASHICA Digital Camera&quot;}\" data-image-title=\"YASHICA Digital Camera\" data-image-description=\"\" data-medium-file=\"https:\/\/i0.wp.com\/www.robertosedda.it\/wp-content\/uploads\/2013\/10\/La-Pira-Alberto-e-Grazia.jpg?fit=300%2C225\" data-large-file=\"https:\/\/i0.wp.com\/www.robertosedda.it\/wp-content\/uploads\/2013\/10\/La-Pira-Alberto-e-Grazia.jpg?fit=510%2C383\" src=\"https:\/\/i0.wp.com\/www.robertosedda.it\/wp-content\/uploads\/2013\/10\/La-Pira-Alberto-e-Grazia.jpg?w=292&#038;h=219\" width=\"292\" height=\"219\" data-original-width=\"292\" data-original-height=\"219\" itemprop=\"http:\/\/schema.org\/image\" title=\"YASHICA Digital Camera\" alt=\"YASHICA Digital Camera\" style=\"width: 292px; height: 219px;\" \/> <\/a> <\/div> <div class=\"tiled-gallery-item tiled-gallery-item-large\" itemprop=\"associatedMedia\" itemscope itemtype=\"http:\/\/schema.org\/ImageObject\"> <a href=\"https:\/\/i0.wp.com\/www.robertosedda.it\/wp-content\/uploads\/2013\/10\/La-Pira-Alberto-fotografo.jpg\" border=\"0\" itemprop=\"url\"> <meta itemprop=\"width\" content=\"292\"> <meta itemprop=\"height\" content=\"220\"> <img data-attachment-id=\"4612\" data-orig-file=\"http:\/\/www.robertosedda.it\/wp-content\/uploads\/2013\/10\/La-Pira-Alberto-fotografo.jpg\" data-orig-size=\"3264,2448\" data-comments-opened=\"1\" data-image-meta=\"{&quot;aperture&quot;:&quot;2.8&quot;,&quot;credit&quot;:&quot;&quot;,&quot;camera&quot;:&quot;F8035&quot;,&quot;caption&quot;:&quot;&quot;,&quot;created_timestamp&quot;:&quot;1381002003&quot;,&quot;copyright&quot;:&quot;&quot;,&quot;focal_length&quot;:&quot;5.7&quot;,&quot;iso&quot;:&quot;320&quot;,&quot;shutter_speed&quot;:&quot;0.025&quot;,&quot;title&quot;:&quot;YASHICA Digital Camera&quot;}\" data-image-title=\"YASHICA Digital Camera\" data-image-description=\"\" data-medium-file=\"https:\/\/i0.wp.com\/www.robertosedda.it\/wp-content\/uploads\/2013\/10\/La-Pira-Alberto-fotografo.jpg?fit=300%2C225\" data-large-file=\"https:\/\/i0.wp.com\/www.robertosedda.it\/wp-content\/uploads\/2013\/10\/La-Pira-Alberto-fotografo.jpg?fit=510%2C383\" src=\"https:\/\/i0.wp.com\/www.robertosedda.it\/wp-content\/uploads\/2013\/10\/La-Pira-Alberto-fotografo.jpg?w=292&#038;h=220\" width=\"292\" height=\"220\" data-original-width=\"292\" data-original-height=\"220\" itemprop=\"http:\/\/schema.org\/image\" title=\"YASHICA Digital Camera\" alt=\"YASHICA Digital Camera\" style=\"width: 292px; height: 220px;\" \/> <\/a> <\/div> <\/div> <!-- close group --> <div class=\"gallery-group images-1\" style=\"width: 504px; height: 670px;\" data-original-width=\"504\" data-original-height=\"670\" > <div class=\"tiled-gallery-item tiled-gallery-item-large\" itemprop=\"associatedMedia\" itemscope itemtype=\"http:\/\/schema.org\/ImageObject\"> <a href=\"https:\/\/i0.wp.com\/www.robertosedda.it\/wp-content\/uploads\/2013\/10\/La-Pira-Badalamenti.jpg\" border=\"0\" itemprop=\"url\"> <meta itemprop=\"width\" content=\"500\"> <meta itemprop=\"height\" content=\"666\"> <img data-attachment-id=\"4613\" data-orig-file=\"http:\/\/www.robertosedda.it\/wp-content\/uploads\/2013\/10\/La-Pira-Badalamenti.jpg\" data-orig-size=\"2448,3264\" data-comments-opened=\"1\" data-image-meta=\"{&quot;aperture&quot;:&quot;5.1&quot;,&quot;credit&quot;:&quot;&quot;,&quot;camera&quot;:&quot;F8035&quot;,&quot;caption&quot;:&quot;&quot;,&quot;created_timestamp&quot;:&quot;1380988776&quot;,&quot;copyright&quot;:&quot;&quot;,&quot;focal_length&quot;:&quot;17.1&quot;,&quot;iso&quot;:&quot;800&quot;,&quot;shutter_speed&quot;:&quot;0.066765&quot;,&quot;title&quot;:&quot;YASHICA Digital Camera&quot;}\" data-image-title=\"YASHICA Digital Camera\" data-image-description=\"\" data-medium-file=\"https:\/\/i0.wp.com\/www.robertosedda.it\/wp-content\/uploads\/2013\/10\/La-Pira-Badalamenti.jpg?fit=225%2C300\" data-large-file=\"https:\/\/i0.wp.com\/www.robertosedda.it\/wp-content\/uploads\/2013\/10\/La-Pira-Badalamenti.jpg?fit=510%2C680\" src=\"https:\/\/i0.wp.com\/www.robertosedda.it\/wp-content\/uploads\/2013\/10\/La-Pira-Badalamenti.jpg?w=500&#038;h=666\" width=\"500\" height=\"666\" data-original-width=\"500\" data-original-height=\"666\" itemprop=\"http:\/\/schema.org\/image\" title=\"YASHICA Digital Camera\" alt=\"YASHICA Digital Camera\" style=\"width: 500px; height: 666px;\" \/> <\/a> <\/div> <\/div> <!-- close group --> <\/div> <!-- close row --> <div class=\"gallery-row\" style=\"width: 800px; height: 565px;\" data-original-width=\"800\" data-original-height=\"565\" > <div class=\"gallery-group images-2\" style=\"width: 375px; height: 565px;\" data-original-width=\"375\" data-original-height=\"565\" > <div class=\"tiled-gallery-item tiled-gallery-item-large\" itemprop=\"associatedMedia\" itemscope itemtype=\"http:\/\/schema.org\/ImageObject\"> <a href=\"https:\/\/i0.wp.com\/www.robertosedda.it\/wp-content\/uploads\/2013\/10\/La-Pira-da-Napoli-2.jpg\" border=\"0\" itemprop=\"url\"> <meta itemprop=\"width\" content=\"371\"> <meta itemprop=\"height\" content=\"278\"> <img data-attachment-id=\"4614\" data-orig-file=\"http:\/\/www.robertosedda.it\/wp-content\/uploads\/2013\/10\/La-Pira-da-Napoli-2.jpg\" data-orig-size=\"3264,2448\" data-comments-opened=\"1\" data-image-meta=\"{&quot;aperture&quot;:&quot;5.1&quot;,&quot;credit&quot;:&quot;&quot;,&quot;camera&quot;:&quot;F8035&quot;,&quot;caption&quot;:&quot;&quot;,&quot;created_timestamp&quot;:&quot;1380989097&quot;,&quot;copyright&quot;:&quot;&quot;,&quot;focal_length&quot;:&quot;17.1&quot;,&quot;iso&quot;:&quot;800&quot;,&quot;shutter_speed&quot;:&quot;0.021158&quot;,&quot;title&quot;:&quot;YASHICA Digital Camera&quot;}\" data-image-title=\"YASHICA Digital Camera\" data-image-description=\"\" data-medium-file=\"https:\/\/i0.wp.com\/www.robertosedda.it\/wp-content\/uploads\/2013\/10\/La-Pira-da-Napoli-2.jpg?fit=300%2C225\" data-large-file=\"https:\/\/i0.wp.com\/www.robertosedda.it\/wp-content\/uploads\/2013\/10\/La-Pira-da-Napoli-2.jpg?fit=510%2C383\" src=\"https:\/\/i0.wp.com\/www.robertosedda.it\/wp-content\/uploads\/2013\/10\/La-Pira-da-Napoli-2.jpg?w=371&#038;h=278\" width=\"371\" height=\"278\" data-original-width=\"371\" data-original-height=\"278\" itemprop=\"http:\/\/schema.org\/image\" title=\"YASHICA Digital Camera\" alt=\"YASHICA Digital Camera\" style=\"width: 371px; height: 278px;\" \/> <\/a> <\/div> <div class=\"tiled-gallery-item tiled-gallery-item-large\" itemprop=\"associatedMedia\" itemscope itemtype=\"http:\/\/schema.org\/ImageObject\"> <a href=\"https:\/\/i0.wp.com\/www.robertosedda.it\/wp-content\/uploads\/2013\/10\/La-Pira-da-Napoli.jpg\" border=\"0\" itemprop=\"url\"> <meta itemprop=\"width\" content=\"371\"> <meta itemprop=\"height\" content=\"279\"> <img data-attachment-id=\"4615\" data-orig-file=\"http:\/\/www.robertosedda.it\/wp-content\/uploads\/2013\/10\/La-Pira-da-Napoli.jpg\" data-orig-size=\"3264,2448\" data-comments-opened=\"1\" data-image-meta=\"{&quot;aperture&quot;:&quot;5.1&quot;,&quot;credit&quot;:&quot;&quot;,&quot;camera&quot;:&quot;F8035&quot;,&quot;caption&quot;:&quot;&quot;,&quot;created_timestamp&quot;:&quot;1380989053&quot;,&quot;copyright&quot;:&quot;&quot;,&quot;focal_length&quot;:&quot;17.1&quot;,&quot;iso&quot;:&quot;800&quot;,&quot;shutter_speed&quot;:&quot;0.015702&quot;,&quot;title&quot;:&quot;YASHICA Digital Camera&quot;}\" data-image-title=\"YASHICA Digital Camera\" data-image-description=\"\" data-medium-file=\"https:\/\/i0.wp.com\/www.robertosedda.it\/wp-content\/uploads\/2013\/10\/La-Pira-da-Napoli.jpg?fit=300%2C225\" data-large-file=\"https:\/\/i0.wp.com\/www.robertosedda.it\/wp-content\/uploads\/2013\/10\/La-Pira-da-Napoli.jpg?fit=510%2C383\" src=\"https:\/\/i0.wp.com\/www.robertosedda.it\/wp-content\/uploads\/2013\/10\/La-Pira-da-Napoli.jpg?w=371&#038;h=279\" width=\"371\" height=\"279\" data-original-width=\"371\" data-original-height=\"279\" itemprop=\"http:\/\/schema.org\/image\" title=\"YASHICA Digital Camera\" alt=\"YASHICA Digital Camera\" style=\"width: 371px; height: 279px;\" \/> <\/a> <\/div> <\/div> <!-- close group --> <div class=\"gallery-group images-1\" style=\"width: 425px; height: 565px;\" data-original-width=\"425\" data-original-height=\"565\" > <div class=\"tiled-gallery-item tiled-gallery-item-large\" itemprop=\"associatedMedia\" itemscope itemtype=\"http:\/\/schema.org\/ImageObject\"> <a href=\"https:\/\/i0.wp.com\/www.robertosedda.it\/wp-content\/uploads\/2013\/10\/La-Pira-dibattito-2.jpg\" border=\"0\" itemprop=\"url\"> <meta itemprop=\"width\" content=\"421\"> <meta itemprop=\"height\" content=\"561\"> <img data-attachment-id=\"4616\" data-orig-file=\"http:\/\/www.robertosedda.it\/wp-content\/uploads\/2013\/10\/La-Pira-dibattito-2.jpg\" data-orig-size=\"2448,3264\" data-comments-opened=\"1\" data-image-meta=\"{&quot;aperture&quot;:&quot;5.1&quot;,&quot;credit&quot;:&quot;&quot;,&quot;camera&quot;:&quot;F8035&quot;,&quot;caption&quot;:&quot;&quot;,&quot;created_timestamp&quot;:&quot;1380988732&quot;,&quot;copyright&quot;:&quot;&quot;,&quot;focal_length&quot;:&quot;17.1&quot;,&quot;iso&quot;:&quot;1000&quot;,&quot;shutter_speed&quot;:&quot;0.001953&quot;,&quot;title&quot;:&quot;YASHICA Digital Camera&quot;}\" data-image-title=\"YASHICA Digital Camera\" data-image-description=\"\" data-medium-file=\"https:\/\/i0.wp.com\/www.robertosedda.it\/wp-content\/uploads\/2013\/10\/La-Pira-dibattito-2.jpg?fit=225%2C300\" data-large-file=\"https:\/\/i0.wp.com\/www.robertosedda.it\/wp-content\/uploads\/2013\/10\/La-Pira-dibattito-2.jpg?fit=510%2C680\" src=\"https:\/\/i0.wp.com\/www.robertosedda.it\/wp-content\/uploads\/2013\/10\/La-Pira-dibattito-2.jpg?w=421&#038;h=561\" width=\"421\" height=\"561\" data-original-width=\"421\" data-original-height=\"561\" itemprop=\"http:\/\/schema.org\/image\" title=\"YASHICA Digital Camera\" alt=\"YASHICA Digital Camera\" style=\"width: 421px; height: 561px;\" \/> <\/a> <\/div> <\/div> <!-- close group --> <\/div> <!-- close row --> <div class=\"gallery-row\" style=\"width: 800px; height: 532px;\" data-original-width=\"800\" data-original-height=\"532\" > <div class=\"gallery-group images-1\" style=\"width: 400px; height: 532px;\" data-original-width=\"400\" data-original-height=\"532\" > <div class=\"tiled-gallery-item tiled-gallery-item-large\" itemprop=\"associatedMedia\" itemscope itemtype=\"http:\/\/schema.org\/ImageObject\"> <a href=\"https:\/\/i0.wp.com\/www.robertosedda.it\/wp-content\/uploads\/2013\/10\/La-Pira-dibattito-3.jpg\" border=\"0\" itemprop=\"url\"> <meta itemprop=\"width\" content=\"396\"> <meta itemprop=\"height\" content=\"528\"> <img data-attachment-id=\"4617\" data-orig-file=\"http:\/\/www.robertosedda.it\/wp-content\/uploads\/2013\/10\/La-Pira-dibattito-3.jpg\" data-orig-size=\"2448,3264\" data-comments-opened=\"1\" data-image-meta=\"{&quot;aperture&quot;:&quot;5.1&quot;,&quot;credit&quot;:&quot;&quot;,&quot;camera&quot;:&quot;F8035&quot;,&quot;caption&quot;:&quot;&quot;,&quot;created_timestamp&quot;:&quot;1380988746&quot;,&quot;copyright&quot;:&quot;&quot;,&quot;focal_length&quot;:&quot;17.1&quot;,&quot;iso&quot;:&quot;800&quot;,&quot;shutter_speed&quot;:&quot;0.020704&quot;,&quot;title&quot;:&quot;YASHICA Digital Camera&quot;}\" data-image-title=\"YASHICA Digital Camera\" data-image-description=\"\" data-medium-file=\"https:\/\/i0.wp.com\/www.robertosedda.it\/wp-content\/uploads\/2013\/10\/La-Pira-dibattito-3.jpg?fit=225%2C300\" data-large-file=\"https:\/\/i0.wp.com\/www.robertosedda.it\/wp-content\/uploads\/2013\/10\/La-Pira-dibattito-3.jpg?fit=510%2C680\" src=\"https:\/\/i0.wp.com\/www.robertosedda.it\/wp-content\/uploads\/2013\/10\/La-Pira-dibattito-3.jpg?w=396&#038;h=528\" width=\"396\" height=\"528\" data-original-width=\"396\" data-original-height=\"528\" itemprop=\"http:\/\/schema.org\/image\" title=\"YASHICA Digital Camera\" alt=\"YASHICA Digital Camera\" style=\"width: 396px; height: 528px;\" \/> <\/a> <\/div> <\/div> <!-- close group --> <div class=\"gallery-group images-1\" style=\"width: 400px; height: 532px;\" data-original-width=\"400\" data-original-height=\"532\" > <div class=\"tiled-gallery-item tiled-gallery-item-large\" itemprop=\"associatedMedia\" itemscope itemtype=\"http:\/\/schema.org\/ImageObject\"> <a href=\"https:\/\/i0.wp.com\/www.robertosedda.it\/wp-content\/uploads\/2013\/10\/La-Pira-dibattito-4.jpg\" border=\"0\" itemprop=\"url\"> <meta itemprop=\"width\" content=\"396\"> <meta itemprop=\"height\" content=\"528\"> <img data-attachment-id=\"4618\" data-orig-file=\"http:\/\/www.robertosedda.it\/wp-content\/uploads\/2013\/10\/La-Pira-dibattito-4.jpg\" data-orig-size=\"2448,3264\" data-comments-opened=\"1\" data-image-meta=\"{&quot;aperture&quot;:&quot;5.1&quot;,&quot;credit&quot;:&quot;&quot;,&quot;camera&quot;:&quot;F8035&quot;,&quot;caption&quot;:&quot;&quot;,&quot;created_timestamp&quot;:&quot;1380989313&quot;,&quot;copyright&quot;:&quot;&quot;,&quot;focal_length&quot;:&quot;17.1&quot;,&quot;iso&quot;:&quot;800&quot;,&quot;shutter_speed&quot;:&quot;0.024426&quot;,&quot;title&quot;:&quot;YASHICA Digital Camera&quot;}\" data-image-title=\"YASHICA Digital Camera\" data-image-description=\"\" data-medium-file=\"https:\/\/i0.wp.com\/www.robertosedda.it\/wp-content\/uploads\/2013\/10\/La-Pira-dibattito-4.jpg?fit=225%2C300\" data-large-file=\"https:\/\/i0.wp.com\/www.robertosedda.it\/wp-content\/uploads\/2013\/10\/La-Pira-dibattito-4.jpg?fit=510%2C680\" src=\"https:\/\/i0.wp.com\/www.robertosedda.it\/wp-content\/uploads\/2013\/10\/La-Pira-dibattito-4.jpg?w=396&#038;h=528\" width=\"396\" height=\"528\" data-original-width=\"396\" data-original-height=\"528\" itemprop=\"http:\/\/schema.org\/image\" title=\"YASHICA Digital Camera\" alt=\"YASHICA Digital Camera\" style=\"width: 396px; height: 528px;\" \/> <\/a> <\/div> <\/div> <!-- close group --> <\/div> <!-- close row --> <div class=\"gallery-row\" style=\"width: 800px; height: 235px;\" data-original-width=\"800\" data-original-height=\"235\" > <div class=\"gallery-group images-1\" style=\"width: 311px; height: 235px;\" data-original-width=\"311\" data-original-height=\"235\" > <div class=\"tiled-gallery-item tiled-gallery-item-large\" itemprop=\"associatedMedia\" itemscope itemtype=\"http:\/\/schema.org\/ImageObject\"> <a href=\"https:\/\/i0.wp.com\/www.robertosedda.it\/wp-content\/uploads\/2013\/10\/La-Pira-dibattito-5.jpg\" border=\"0\" itemprop=\"url\"> <meta itemprop=\"width\" content=\"307\"> <meta itemprop=\"height\" content=\"231\"> <img data-attachment-id=\"4619\" data-orig-file=\"http:\/\/www.robertosedda.it\/wp-content\/uploads\/2013\/10\/La-Pira-dibattito-5.jpg\" data-orig-size=\"3264,2448\" data-comments-opened=\"1\" data-image-meta=\"{&quot;aperture&quot;:&quot;5.1&quot;,&quot;credit&quot;:&quot;&quot;,&quot;camera&quot;:&quot;F8035&quot;,&quot;caption&quot;:&quot;&quot;,&quot;created_timestamp&quot;:&quot;1380991897&quot;,&quot;copyright&quot;:&quot;&quot;,&quot;focal_length&quot;:&quot;17.1&quot;,&quot;iso&quot;:&quot;800&quot;,&quot;shutter_speed&quot;:&quot;0.026986&quot;,&quot;title&quot;:&quot;YASHICA Digital Camera&quot;}\" data-image-title=\"YASHICA Digital Camera\" data-image-description=\"\" data-medium-file=\"https:\/\/i0.wp.com\/www.robertosedda.it\/wp-content\/uploads\/2013\/10\/La-Pira-dibattito-5.jpg?fit=300%2C225\" data-large-file=\"https:\/\/i0.wp.com\/www.robertosedda.it\/wp-content\/uploads\/2013\/10\/La-Pira-dibattito-5.jpg?fit=510%2C383\" src=\"https:\/\/i0.wp.com\/www.robertosedda.it\/wp-content\/uploads\/2013\/10\/La-Pira-dibattito-5.jpg?w=307&#038;h=231\" width=\"307\" height=\"231\" data-original-width=\"307\" data-original-height=\"231\" itemprop=\"http:\/\/schema.org\/image\" title=\"YASHICA Digital Camera\" alt=\"YASHICA Digital Camera\" style=\"width: 307px; height: 231px;\" \/> <\/a> <\/div> <\/div> <!-- close group --> <div class=\"gallery-group images-1\" style=\"width: 177px; height: 235px;\" data-original-width=\"177\" data-original-height=\"235\" > <div class=\"tiled-gallery-item tiled-gallery-item-small\" itemprop=\"associatedMedia\" itemscope itemtype=\"http:\/\/schema.org\/ImageObject\"> <a href=\"https:\/\/i0.wp.com\/www.robertosedda.it\/wp-content\/uploads\/2013\/10\/La-Pira-dibattito-6.jpg\" border=\"0\" itemprop=\"url\"> <meta itemprop=\"width\" content=\"173\"> <meta itemprop=\"height\" content=\"231\"> <img data-attachment-id=\"4620\" data-orig-file=\"http:\/\/www.robertosedda.it\/wp-content\/uploads\/2013\/10\/La-Pira-dibattito-6.jpg\" data-orig-size=\"2448,3264\" data-comments-opened=\"1\" data-image-meta=\"{&quot;aperture&quot;:&quot;5.1&quot;,&quot;credit&quot;:&quot;&quot;,&quot;camera&quot;:&quot;F8035&quot;,&quot;caption&quot;:&quot;&quot;,&quot;created_timestamp&quot;:&quot;1380991904&quot;,&quot;copyright&quot;:&quot;&quot;,&quot;focal_length&quot;:&quot;17.1&quot;,&quot;iso&quot;:&quot;800&quot;,&quot;shutter_speed&quot;:&quot;0.028796&quot;,&quot;title&quot;:&quot;YASHICA Digital Camera&quot;}\" data-image-title=\"YASHICA Digital Camera\" data-image-description=\"\" data-medium-file=\"https:\/\/i0.wp.com\/www.robertosedda.it\/wp-content\/uploads\/2013\/10\/La-Pira-dibattito-6.jpg?fit=225%2C300\" data-large-file=\"https:\/\/i0.wp.com\/www.robertosedda.it\/wp-content\/uploads\/2013\/10\/La-Pira-dibattito-6.jpg?fit=510%2C680\" src=\"https:\/\/i0.wp.com\/www.robertosedda.it\/wp-content\/uploads\/2013\/10\/La-Pira-dibattito-6.jpg?w=173&#038;h=231\" width=\"173\" height=\"231\" data-original-width=\"173\" data-original-height=\"231\" itemprop=\"http:\/\/schema.org\/image\" title=\"YASHICA Digital Camera\" alt=\"YASHICA Digital Camera\" style=\"width: 173px; height: 231px;\" \/> <\/a> <\/div> <\/div> <!-- close group --> <div class=\"gallery-group images-1\" style=\"width: 312px; height: 235px;\" data-original-width=\"312\" data-original-height=\"235\" > <div class=\"tiled-gallery-item tiled-gallery-item-large\" itemprop=\"associatedMedia\" itemscope itemtype=\"http:\/\/schema.org\/ImageObject\"> <a href=\"https:\/\/i0.wp.com\/www.robertosedda.it\/wp-content\/uploads\/2013\/10\/La-Pira-dibattito.jpg\" border=\"0\" itemprop=\"url\"> <meta itemprop=\"width\" content=\"308\"> <meta itemprop=\"height\" content=\"231\"> <img data-attachment-id=\"4621\" data-orig-file=\"http:\/\/www.robertosedda.it\/wp-content\/uploads\/2013\/10\/La-Pira-dibattito.jpg\" data-orig-size=\"2048,1536\" data-comments-opened=\"1\" data-image-meta=\"{&quot;aperture&quot;:&quot;0&quot;,&quot;credit&quot;:&quot;&quot;,&quot;camera&quot;:&quot;&quot;,&quot;caption&quot;:&quot;&quot;,&quot;created_timestamp&quot;:&quot;0&quot;,&quot;copyright&quot;:&quot;&quot;,&quot;focal_length&quot;:&quot;0&quot;,&quot;iso&quot;:&quot;0&quot;,&quot;shutter_speed&quot;:&quot;0&quot;,&quot;title&quot;:&quot;&quot;}\" data-image-title=\"La Pira dibattito\" data-image-description=\"\" data-medium-file=\"https:\/\/i0.wp.com\/www.robertosedda.it\/wp-content\/uploads\/2013\/10\/La-Pira-dibattito.jpg?fit=300%2C225\" data-large-file=\"https:\/\/i0.wp.com\/www.robertosedda.it\/wp-content\/uploads\/2013\/10\/La-Pira-dibattito.jpg?fit=510%2C383\" src=\"https:\/\/i0.wp.com\/www.robertosedda.it\/wp-content\/uploads\/2013\/10\/La-Pira-dibattito.jpg?w=308&#038;h=231\" width=\"308\" height=\"231\" data-original-width=\"308\" data-original-height=\"231\" itemprop=\"http:\/\/schema.org\/image\" title=\"La Pira dibattito\" alt=\"La Pira dibattito\" style=\"width: 308px; height: 231px;\" \/> <\/a> <\/div> <\/div> <!-- close group --> <\/div> <!-- close row --> <div class=\"gallery-row\" style=\"width: 800px; height: 401px;\" data-original-width=\"800\" data-original-height=\"401\" > <div class=\"gallery-group images-1\" style=\"width: 534px; height: 401px;\" data-original-width=\"534\" data-original-height=\"401\" > <div class=\"tiled-gallery-item tiled-gallery-item-large\" itemprop=\"associatedMedia\" itemscope itemtype=\"http:\/\/schema.org\/ImageObject\"> <a href=\"https:\/\/i0.wp.com\/www.robertosedda.it\/wp-content\/uploads\/2013\/10\/La-Pira-documentario-2.jpg\" border=\"0\" itemprop=\"url\"> <meta itemprop=\"width\" content=\"530\"> <meta itemprop=\"height\" content=\"397\"> <img data-attachment-id=\"4622\" data-orig-file=\"http:\/\/www.robertosedda.it\/wp-content\/uploads\/2013\/10\/La-Pira-documentario-2.jpg\" data-orig-size=\"2048,1536\" data-comments-opened=\"1\" data-image-meta=\"{&quot;aperture&quot;:&quot;0&quot;,&quot;credit&quot;:&quot;&quot;,&quot;camera&quot;:&quot;&quot;,&quot;caption&quot;:&quot;&quot;,&quot;created_timestamp&quot;:&quot;0&quot;,&quot;copyright&quot;:&quot;&quot;,&quot;focal_length&quot;:&quot;0&quot;,&quot;iso&quot;:&quot;0&quot;,&quot;shutter_speed&quot;:&quot;0&quot;,&quot;title&quot;:&quot;&quot;}\" data-image-title=\"La Pira documentario 2\" data-image-description=\"\" data-medium-file=\"https:\/\/i0.wp.com\/www.robertosedda.it\/wp-content\/uploads\/2013\/10\/La-Pira-documentario-2.jpg?fit=300%2C225\" data-large-file=\"https:\/\/i0.wp.com\/www.robertosedda.it\/wp-content\/uploads\/2013\/10\/La-Pira-documentario-2.jpg?fit=510%2C383\" src=\"https:\/\/i0.wp.com\/www.robertosedda.it\/wp-content\/uploads\/2013\/10\/La-Pira-documentario-2.jpg?w=530&#038;h=397\" width=\"530\" height=\"397\" data-original-width=\"530\" data-original-height=\"397\" itemprop=\"http:\/\/schema.org\/image\" title=\"La Pira documentario 2\" alt=\"La Pira documentario 2\" style=\"width: 530px; height: 397px;\" \/> <\/a> <\/div> <\/div> <!-- close group --> <div class=\"gallery-group images-2\" style=\"width: 266px; height: 401px;\" data-original-width=\"266\" data-original-height=\"401\" > <div class=\"tiled-gallery-item tiled-gallery-item-large\" itemprop=\"associatedMedia\" itemscope itemtype=\"http:\/\/schema.org\/ImageObject\"> <a href=\"https:\/\/i0.wp.com\/www.robertosedda.it\/wp-content\/uploads\/2013\/10\/La-Pira-documentario.jpg\" border=\"0\" itemprop=\"url\"> <meta itemprop=\"width\" content=\"262\"> <meta itemprop=\"height\" content=\"196\"> <img data-attachment-id=\"4623\" data-orig-file=\"http:\/\/www.robertosedda.it\/wp-content\/uploads\/2013\/10\/La-Pira-documentario.jpg\" data-orig-size=\"2048,1536\" data-comments-opened=\"1\" data-image-meta=\"{&quot;aperture&quot;:&quot;2.6&quot;,&quot;credit&quot;:&quot;&quot;,&quot;camera&quot;:&quot;YP-G70&quot;,&quot;caption&quot;:&quot;&quot;,&quot;created_timestamp&quot;:&quot;1380972388&quot;,&quot;copyright&quot;:&quot;&quot;,&quot;focal_length&quot;:&quot;3.79&quot;,&quot;iso&quot;:&quot;400&quot;,&quot;shutter_speed&quot;:&quot;0.11111111111111&quot;,&quot;title&quot;:&quot;&quot;}\" data-image-title=\"La Pira documentario\" data-image-description=\"\" data-medium-file=\"https:\/\/i0.wp.com\/www.robertosedda.it\/wp-content\/uploads\/2013\/10\/La-Pira-documentario.jpg?fit=300%2C225\" data-large-file=\"https:\/\/i0.wp.com\/www.robertosedda.it\/wp-content\/uploads\/2013\/10\/La-Pira-documentario.jpg?fit=510%2C383\" src=\"https:\/\/i0.wp.com\/www.robertosedda.it\/wp-content\/uploads\/2013\/10\/La-Pira-documentario.jpg?w=262&#038;h=196\" width=\"262\" height=\"196\" data-original-width=\"262\" data-original-height=\"196\" itemprop=\"http:\/\/schema.org\/image\" title=\"La Pira documentario\" alt=\"La Pira documentario\" style=\"width: 262px; height: 196px;\" \/> <\/a> <\/div> <div class=\"tiled-gallery-item tiled-gallery-item-large\" itemprop=\"associatedMedia\" itemscope itemtype=\"http:\/\/schema.org\/ImageObject\"> <a href=\"https:\/\/i0.wp.com\/www.robertosedda.it\/wp-content\/uploads\/2013\/10\/La-Pira-Fondazione-obiettivi.jpg\" border=\"0\" itemprop=\"url\"> <meta itemprop=\"width\" content=\"262\"> <meta itemprop=\"height\" content=\"197\"> <img data-attachment-id=\"4624\" data-orig-file=\"http:\/\/www.robertosedda.it\/wp-content\/uploads\/2013\/10\/La-Pira-Fondazione-obiettivi.jpg\" data-orig-size=\"2048,1536\" data-comments-opened=\"1\" data-image-meta=\"{&quot;aperture&quot;:&quot;0&quot;,&quot;credit&quot;:&quot;&quot;,&quot;camera&quot;:&quot;&quot;,&quot;caption&quot;:&quot;&quot;,&quot;created_timestamp&quot;:&quot;0&quot;,&quot;copyright&quot;:&quot;&quot;,&quot;focal_length&quot;:&quot;0&quot;,&quot;iso&quot;:&quot;0&quot;,&quot;shutter_speed&quot;:&quot;0&quot;,&quot;title&quot;:&quot;&quot;}\" data-image-title=\"La Pira Fondazione obiettivi\" data-image-description=\"\" data-medium-file=\"https:\/\/i0.wp.com\/www.robertosedda.it\/wp-content\/uploads\/2013\/10\/La-Pira-Fondazione-obiettivi.jpg?fit=300%2C225\" data-large-file=\"https:\/\/i0.wp.com\/www.robertosedda.it\/wp-content\/uploads\/2013\/10\/La-Pira-Fondazione-obiettivi.jpg?fit=510%2C383\" src=\"https:\/\/i0.wp.com\/www.robertosedda.it\/wp-content\/uploads\/2013\/10\/La-Pira-Fondazione-obiettivi.jpg?w=262&#038;h=197\" width=\"262\" height=\"197\" data-original-width=\"262\" data-original-height=\"197\" itemprop=\"http:\/\/schema.org\/image\" title=\"La Pira Fondazione obiettivi\" alt=\"La Pira Fondazione obiettivi\" style=\"width: 262px; height: 197px;\" \/> <\/a> <\/div> <\/div> <!-- close group --> <\/div> <!-- close row --> <div class=\"gallery-row\" style=\"width: 800px; height: 384px;\" data-original-width=\"800\" data-original-height=\"384\" > <div class=\"gallery-group images-1\" style=\"width: 511px; height: 384px;\" data-original-width=\"511\" data-original-height=\"384\" > <div class=\"tiled-gallery-item tiled-gallery-item-large\" itemprop=\"associatedMedia\" itemscope itemtype=\"http:\/\/schema.org\/ImageObject\"> <a href=\"https:\/\/i0.wp.com\/www.robertosedda.it\/wp-content\/uploads\/2013\/10\/La-Pira-Giulio-Ponticelli.jpg\" border=\"0\" itemprop=\"url\"> <meta itemprop=\"width\" content=\"507\"> <meta itemprop=\"height\" content=\"380\"> <img data-attachment-id=\"4625\" data-orig-file=\"http:\/\/www.robertosedda.it\/wp-content\/uploads\/2013\/10\/La-Pira-Giulio-Ponticelli.jpg\" data-orig-size=\"3264,2448\" data-comments-opened=\"1\" data-image-meta=\"{&quot;aperture&quot;:&quot;5.1&quot;,&quot;credit&quot;:&quot;&quot;,&quot;camera&quot;:&quot;F8035&quot;,&quot;caption&quot;:&quot;&quot;,&quot;created_timestamp&quot;:&quot;1380976046&quot;,&quot;copyright&quot;:&quot;&quot;,&quot;focal_length&quot;:&quot;17.1&quot;,&quot;iso&quot;:&quot;800&quot;,&quot;shutter_speed&quot;:&quot;0.019665&quot;,&quot;title&quot;:&quot;YASHICA Digital Camera&quot;}\" data-image-title=\"YASHICA Digital Camera\" data-image-description=\"\" data-medium-file=\"https:\/\/i0.wp.com\/www.robertosedda.it\/wp-content\/uploads\/2013\/10\/La-Pira-Giulio-Ponticelli.jpg?fit=300%2C225\" data-large-file=\"https:\/\/i0.wp.com\/www.robertosedda.it\/wp-content\/uploads\/2013\/10\/La-Pira-Giulio-Ponticelli.jpg?fit=510%2C383\" src=\"https:\/\/i0.wp.com\/www.robertosedda.it\/wp-content\/uploads\/2013\/10\/La-Pira-Giulio-Ponticelli.jpg?w=507&#038;h=380\" width=\"507\" height=\"380\" data-original-width=\"507\" data-original-height=\"380\" itemprop=\"http:\/\/schema.org\/image\" title=\"YASHICA Digital Camera\" alt=\"YASHICA Digital Camera\" style=\"width: 507px; height: 380px;\" \/> <\/a> <\/div> <\/div> <!-- close group --> <div class=\"gallery-group images-1\" style=\"width: 289px; height: 384px;\" data-original-width=\"289\" data-original-height=\"384\" > <div class=\"tiled-gallery-item tiled-gallery-item-large\" itemprop=\"associatedMedia\" itemscope itemtype=\"http:\/\/schema.org\/ImageObject\"> <a href=\"https:\/\/i0.wp.com\/www.robertosedda.it\/wp-content\/uploads\/2013\/10\/La-Pira-Grazia-foulard-verde.jpg\" border=\"0\" itemprop=\"url\"> <meta itemprop=\"width\" content=\"285\"> <meta itemprop=\"height\" content=\"380\"> <img data-attachment-id=\"4626\" data-orig-file=\"http:\/\/www.robertosedda.it\/wp-content\/uploads\/2013\/10\/La-Pira-Grazia-foulard-verde.jpg\" data-orig-size=\"2448,3264\" data-comments-opened=\"1\" data-image-meta=\"{&quot;aperture&quot;:&quot;4.1&quot;,&quot;credit&quot;:&quot;&quot;,&quot;camera&quot;:&quot;F8035&quot;,&quot;caption&quot;:&quot;&quot;,&quot;created_timestamp&quot;:&quot;1380994073&quot;,&quot;copyright&quot;:&quot;&quot;,&quot;focal_length&quot;:&quot;11&quot;,&quot;iso&quot;:&quot;200&quot;,&quot;shutter_speed&quot;:&quot;0.116592&quot;,&quot;title&quot;:&quot;YASHICA Digital Camera&quot;}\" data-image-title=\"YASHICA Digital Camera\" data-image-description=\"\" data-medium-file=\"https:\/\/i0.wp.com\/www.robertosedda.it\/wp-content\/uploads\/2013\/10\/La-Pira-Grazia-foulard-verde.jpg?fit=225%2C300\" data-large-file=\"https:\/\/i0.wp.com\/www.robertosedda.it\/wp-content\/uploads\/2013\/10\/La-Pira-Grazia-foulard-verde.jpg?fit=510%2C680\" src=\"https:\/\/i0.wp.com\/www.robertosedda.it\/wp-content\/uploads\/2013\/10\/La-Pira-Grazia-foulard-verde.jpg?w=285&#038;h=380\" width=\"285\" height=\"380\" data-original-width=\"285\" data-original-height=\"380\" itemprop=\"http:\/\/schema.org\/image\" title=\"YASHICA Digital Camera\" alt=\"YASHICA Digital Camera\" style=\"width: 285px; height: 380px;\" \/> <\/a> <\/div> <\/div> <!-- close group --> <\/div> <!-- close row --> <div class=\"gallery-row\" style=\"width: 800px; height: 401px;\" data-original-width=\"800\" data-original-height=\"401\" > <div class=\"gallery-group images-2\" style=\"width: 266px; height: 401px;\" data-original-width=\"266\" data-original-height=\"401\" > <div class=\"tiled-gallery-item tiled-gallery-item-large\" itemprop=\"associatedMedia\" itemscope itemtype=\"http:\/\/schema.org\/ImageObject\"> <a href=\"https:\/\/i0.wp.com\/www.robertosedda.it\/wp-content\/uploads\/2013\/10\/La-Pira-Grazie-e-Alberto-foto.jpg\" border=\"0\" itemprop=\"url\"> <meta itemprop=\"width\" content=\"262\"> <meta itemprop=\"height\" content=\"196\"> <img data-attachment-id=\"4627\" data-orig-file=\"http:\/\/www.robertosedda.it\/wp-content\/uploads\/2013\/10\/La-Pira-Grazie-e-Alberto-foto.jpg\" data-orig-size=\"3264,2448\" data-comments-opened=\"1\" data-image-meta=\"{&quot;aperture&quot;:&quot;5.1&quot;,&quot;credit&quot;:&quot;&quot;,&quot;camera&quot;:&quot;F8035&quot;,&quot;caption&quot;:&quot;&quot;,&quot;created_timestamp&quot;:&quot;1380964742&quot;,&quot;copyright&quot;:&quot;&quot;,&quot;focal_length&quot;:&quot;17.1&quot;,&quot;iso&quot;:&quot;320&quot;,&quot;shutter_speed&quot;:&quot;0.007982&quot;,&quot;title&quot;:&quot;YASHICA Digital Camera&quot;}\" data-image-title=\"YASHICA Digital Camera\" data-image-description=\"\" data-medium-file=\"https:\/\/i0.wp.com\/www.robertosedda.it\/wp-content\/uploads\/2013\/10\/La-Pira-Grazie-e-Alberto-foto.jpg?fit=300%2C225\" data-large-file=\"https:\/\/i0.wp.com\/www.robertosedda.it\/wp-content\/uploads\/2013\/10\/La-Pira-Grazie-e-Alberto-foto.jpg?fit=510%2C383\" src=\"https:\/\/i0.wp.com\/www.robertosedda.it\/wp-content\/uploads\/2013\/10\/La-Pira-Grazie-e-Alberto-foto.jpg?w=262&#038;h=196\" width=\"262\" height=\"196\" data-original-width=\"262\" data-original-height=\"196\" itemprop=\"http:\/\/schema.org\/image\" title=\"YASHICA Digital Camera\" alt=\"YASHICA Digital Camera\" style=\"width: 262px; height: 196px;\" \/> <\/a> <\/div> <div class=\"tiled-gallery-item tiled-gallery-item-large\" itemprop=\"associatedMedia\" itemscope itemtype=\"http:\/\/schema.org\/ImageObject\"> <a href=\"https:\/\/i0.wp.com\/www.robertosedda.it\/wp-content\/uploads\/2013\/10\/La-Pira-i-relatori.jpg\" border=\"0\" itemprop=\"url\"> <meta itemprop=\"width\" content=\"262\"> <meta itemprop=\"height\" content=\"197\"> <img data-attachment-id=\"4628\" data-orig-file=\"http:\/\/www.robertosedda.it\/wp-content\/uploads\/2013\/10\/La-Pira-i-relatori.jpg\" data-orig-size=\"3264,2448\" data-comments-opened=\"1\" data-image-meta=\"{&quot;aperture&quot;:&quot;5.1&quot;,&quot;credit&quot;:&quot;&quot;,&quot;camera&quot;:&quot;F8035&quot;,&quot;caption&quot;:&quot;&quot;,&quot;created_timestamp&quot;:&quot;1380976084&quot;,&quot;copyright&quot;:&quot;&quot;,&quot;focal_length&quot;:&quot;17.1&quot;,&quot;iso&quot;:&quot;320&quot;,&quot;shutter_speed&quot;:&quot;0.125&quot;,&quot;title&quot;:&quot;YASHICA Digital Camera&quot;}\" data-image-title=\"YASHICA Digital Camera\" data-image-description=\"\" data-medium-file=\"https:\/\/i0.wp.com\/www.robertosedda.it\/wp-content\/uploads\/2013\/10\/La-Pira-i-relatori.jpg?fit=300%2C225\" data-large-file=\"https:\/\/i0.wp.com\/www.robertosedda.it\/wp-content\/uploads\/2013\/10\/La-Pira-i-relatori.jpg?fit=510%2C383\" src=\"https:\/\/i0.wp.com\/www.robertosedda.it\/wp-content\/uploads\/2013\/10\/La-Pira-i-relatori.jpg?w=262&#038;h=197\" width=\"262\" height=\"197\" data-original-width=\"262\" data-original-height=\"197\" itemprop=\"http:\/\/schema.org\/image\" title=\"YASHICA Digital Camera\" alt=\"YASHICA Digital Camera\" style=\"width: 262px; height: 197px;\" \/> <\/a> <\/div> <\/div> <!-- close group --> <div class=\"gallery-group images-1\" style=\"width: 534px; height: 401px;\" data-original-width=\"534\" data-original-height=\"401\" > <div class=\"tiled-gallery-item tiled-gallery-item-large\" itemprop=\"associatedMedia\" itemscope itemtype=\"http:\/\/schema.org\/ImageObject\"> <a href=\"https:\/\/i0.wp.com\/www.robertosedda.it\/wp-content\/uploads\/2013\/10\/La-Pira-inizio-2.jpg\" border=\"0\" itemprop=\"url\"> <meta itemprop=\"width\" content=\"530\"> <meta itemprop=\"height\" content=\"397\"> <img data-attachment-id=\"4629\" data-orig-file=\"http:\/\/www.robertosedda.it\/wp-content\/uploads\/2013\/10\/La-Pira-inizio-2.jpg\" data-orig-size=\"2048,1536\" data-comments-opened=\"1\" data-image-meta=\"{&quot;aperture&quot;:&quot;0&quot;,&quot;credit&quot;:&quot;&quot;,&quot;camera&quot;:&quot;&quot;,&quot;caption&quot;:&quot;&quot;,&quot;created_timestamp&quot;:&quot;0&quot;,&quot;copyright&quot;:&quot;&quot;,&quot;focal_length&quot;:&quot;0&quot;,&quot;iso&quot;:&quot;0&quot;,&quot;shutter_speed&quot;:&quot;0&quot;,&quot;title&quot;:&quot;&quot;}\" data-image-title=\"La Pira inizio 2\" data-image-description=\"\" data-medium-file=\"https:\/\/i0.wp.com\/www.robertosedda.it\/wp-content\/uploads\/2013\/10\/La-Pira-inizio-2.jpg?fit=300%2C225\" data-large-file=\"https:\/\/i0.wp.com\/www.robertosedda.it\/wp-content\/uploads\/2013\/10\/La-Pira-inizio-2.jpg?fit=510%2C383\" src=\"https:\/\/i0.wp.com\/www.robertosedda.it\/wp-content\/uploads\/2013\/10\/La-Pira-inizio-2.jpg?w=530&#038;h=397\" width=\"530\" height=\"397\" data-original-width=\"530\" data-original-height=\"397\" itemprop=\"http:\/\/schema.org\/image\" title=\"La Pira inizio 2\" alt=\"La Pira inizio 2\" style=\"width: 530px; height: 397px;\" \/> <\/a> <\/div> <\/div> <!-- close group --> <\/div> <!-- close row --> <div class=\"gallery-row\" style=\"width: 800px; height: 201px;\" data-original-width=\"800\" data-original-height=\"201\" > <div class=\"gallery-group images-1\" style=\"width: 266px; height: 201px;\" data-original-width=\"266\" data-original-height=\"201\" > <div class=\"tiled-gallery-item tiled-gallery-item-large\" itemprop=\"associatedMedia\" itemscope itemtype=\"http:\/\/schema.org\/ImageObject\"> <a href=\"https:\/\/i0.wp.com\/www.robertosedda.it\/wp-content\/uploads\/2013\/10\/La-Pira-inizio.jpg\" border=\"0\" itemprop=\"url\"> <meta itemprop=\"width\" content=\"262\"> <meta itemprop=\"height\" content=\"197\"> <img data-attachment-id=\"4630\" data-orig-file=\"http:\/\/www.robertosedda.it\/wp-content\/uploads\/2013\/10\/La-Pira-inizio.jpg\" data-orig-size=\"2048,1536\" data-comments-opened=\"1\" data-image-meta=\"{&quot;aperture&quot;:&quot;2.6&quot;,&quot;credit&quot;:&quot;&quot;,&quot;camera&quot;:&quot;YP-G70&quot;,&quot;caption&quot;:&quot;&quot;,&quot;created_timestamp&quot;:&quot;1380966752&quot;,&quot;copyright&quot;:&quot;&quot;,&quot;focal_length&quot;:&quot;3.79&quot;,&quot;iso&quot;:&quot;100&quot;,&quot;shutter_speed&quot;:&quot;0.071428571428571&quot;,&quot;title&quot;:&quot;&quot;}\" data-image-title=\"La Pira inizio\" data-image-description=\"\" data-medium-file=\"https:\/\/i0.wp.com\/www.robertosedda.it\/wp-content\/uploads\/2013\/10\/La-Pira-inizio.jpg?fit=300%2C225\" data-large-file=\"https:\/\/i0.wp.com\/www.robertosedda.it\/wp-content\/uploads\/2013\/10\/La-Pira-inizio.jpg?fit=510%2C383\" src=\"https:\/\/i0.wp.com\/www.robertosedda.it\/wp-content\/uploads\/2013\/10\/La-Pira-inizio.jpg?w=262&#038;h=197\" width=\"262\" height=\"197\" data-original-width=\"262\" data-original-height=\"197\" itemprop=\"http:\/\/schema.org\/image\" title=\"La Pira inizio\" alt=\"La Pira inizio\" style=\"width: 262px; height: 197px;\" \/> <\/a> <\/div> <\/div> <!-- close group --> <div class=\"gallery-group images-1\" style=\"width: 267px; height: 201px;\" data-original-width=\"267\" data-original-height=\"201\" > <div class=\"tiled-gallery-item tiled-gallery-item-large\" itemprop=\"associatedMedia\" itemscope itemtype=\"http:\/\/schema.org\/ImageObject\"> <a href=\"https:\/\/i0.wp.com\/www.robertosedda.it\/wp-content\/uploads\/2013\/10\/La-Pira-la-sala-2.jpg\" border=\"0\" itemprop=\"url\"> <meta itemprop=\"width\" content=\"263\"> <meta itemprop=\"height\" content=\"197\"> <img data-attachment-id=\"4631\" data-orig-file=\"http:\/\/www.robertosedda.it\/wp-content\/uploads\/2013\/10\/La-Pira-la-sala-2.jpg\" data-orig-size=\"2048,1536\" data-comments-opened=\"1\" data-image-meta=\"{&quot;aperture&quot;:&quot;2.6&quot;,&quot;credit&quot;:&quot;&quot;,&quot;camera&quot;:&quot;YP-G70&quot;,&quot;caption&quot;:&quot;&quot;,&quot;created_timestamp&quot;:&quot;1380967437&quot;,&quot;copyright&quot;:&quot;&quot;,&quot;focal_length&quot;:&quot;3.79&quot;,&quot;iso&quot;:&quot;400&quot;,&quot;shutter_speed&quot;:&quot;0.11111111111111&quot;,&quot;title&quot;:&quot;&quot;}\" data-image-title=\"La Pira la sala 2\" data-image-description=\"\" data-medium-file=\"https:\/\/i0.wp.com\/www.robertosedda.it\/wp-content\/uploads\/2013\/10\/La-Pira-la-sala-2.jpg?fit=300%2C225\" data-large-file=\"https:\/\/i0.wp.com\/www.robertosedda.it\/wp-content\/uploads\/2013\/10\/La-Pira-la-sala-2.jpg?fit=510%2C383\" src=\"https:\/\/i0.wp.com\/www.robertosedda.it\/wp-content\/uploads\/2013\/10\/La-Pira-la-sala-2.jpg?w=263&#038;h=197\" width=\"263\" height=\"197\" data-original-width=\"263\" data-original-height=\"197\" itemprop=\"http:\/\/schema.org\/image\" title=\"La Pira la sala 2\" alt=\"La Pira la sala 2\" style=\"width: 263px; height: 197px;\" \/> <\/a> <\/div> <\/div> <!-- close group --> <div class=\"gallery-group images-1\" style=\"width: 267px; height: 201px;\" data-original-width=\"267\" data-original-height=\"201\" > <div class=\"tiled-gallery-item tiled-gallery-item-large\" itemprop=\"associatedMedia\" itemscope itemtype=\"http:\/\/schema.org\/ImageObject\"> <a href=\"https:\/\/i0.wp.com\/www.robertosedda.it\/wp-content\/uploads\/2013\/10\/La-Pira-la-sala-3.jpg\" border=\"0\" itemprop=\"url\"> <meta itemprop=\"width\" content=\"263\"> <meta itemprop=\"height\" content=\"197\"> <img data-attachment-id=\"4632\" data-orig-file=\"http:\/\/www.robertosedda.it\/wp-content\/uploads\/2013\/10\/La-Pira-la-sala-3.jpg\" data-orig-size=\"3264,2448\" data-comments-opened=\"1\" data-image-meta=\"{&quot;aperture&quot;:&quot;5.1&quot;,&quot;credit&quot;:&quot;&quot;,&quot;camera&quot;:&quot;F8035&quot;,&quot;caption&quot;:&quot;&quot;,&quot;created_timestamp&quot;:&quot;1380988765&quot;,&quot;copyright&quot;:&quot;&quot;,&quot;focal_length&quot;:&quot;17.1&quot;,&quot;iso&quot;:&quot;800&quot;,&quot;shutter_speed&quot;:&quot;0.105214&quot;,&quot;title&quot;:&quot;YASHICA Digital Camera&quot;}\" data-image-title=\"YASHICA Digital Camera\" data-image-description=\"\" data-medium-file=\"https:\/\/i0.wp.com\/www.robertosedda.it\/wp-content\/uploads\/2013\/10\/La-Pira-la-sala-3.jpg?fit=300%2C225\" data-large-file=\"https:\/\/i0.wp.com\/www.robertosedda.it\/wp-content\/uploads\/2013\/10\/La-Pira-la-sala-3.jpg?fit=510%2C383\" src=\"https:\/\/i0.wp.com\/www.robertosedda.it\/wp-content\/uploads\/2013\/10\/La-Pira-la-sala-3.jpg?w=263&#038;h=197\" width=\"263\" height=\"197\" data-original-width=\"263\" data-original-height=\"197\" itemprop=\"http:\/\/schema.org\/image\" title=\"YASHICA Digital Camera\" alt=\"YASHICA Digital Camera\" style=\"width: 263px; height: 197px;\" \/> <\/a> <\/div> <\/div> <!-- close group --> <\/div> <!-- close row --> <div class=\"gallery-row\" style=\"width: 800px; height: 401px;\" data-original-width=\"800\" data-original-height=\"401\" > <div class=\"gallery-group images-1\" style=\"width: 534px; height: 401px;\" data-original-width=\"534\" data-original-height=\"401\" > <div class=\"tiled-gallery-item tiled-gallery-item-large\" itemprop=\"associatedMedia\" itemscope itemtype=\"http:\/\/schema.org\/ImageObject\"> <a href=\"https:\/\/i0.wp.com\/www.robertosedda.it\/wp-content\/uploads\/2013\/10\/La-Pira-la-sala-4.jpg\" border=\"0\" itemprop=\"url\"> <meta itemprop=\"width\" content=\"530\"> <meta itemprop=\"height\" content=\"397\"> <img data-attachment-id=\"4633\" data-orig-file=\"http:\/\/www.robertosedda.it\/wp-content\/uploads\/2013\/10\/La-Pira-la-sala-4.jpg\" data-orig-size=\"3264,2448\" data-comments-opened=\"1\" data-image-meta=\"{&quot;aperture&quot;:&quot;2.8&quot;,&quot;credit&quot;:&quot;&quot;,&quot;camera&quot;:&quot;F8035&quot;,&quot;caption&quot;:&quot;&quot;,&quot;created_timestamp&quot;:&quot;1380988850&quot;,&quot;copyright&quot;:&quot;&quot;,&quot;focal_length&quot;:&quot;5.7&quot;,&quot;iso&quot;:&quot;800&quot;,&quot;shutter_speed&quot;:&quot;0.026022&quot;,&quot;title&quot;:&quot;YASHICA Digital Camera&quot;}\" data-image-title=\"YASHICA Digital Camera\" data-image-description=\"\" data-medium-file=\"https:\/\/i0.wp.com\/www.robertosedda.it\/wp-content\/uploads\/2013\/10\/La-Pira-la-sala-4.jpg?fit=300%2C225\" data-large-file=\"https:\/\/i0.wp.com\/www.robertosedda.it\/wp-content\/uploads\/2013\/10\/La-Pira-la-sala-4.jpg?fit=510%2C383\" src=\"https:\/\/i0.wp.com\/www.robertosedda.it\/wp-content\/uploads\/2013\/10\/La-Pira-la-sala-4.jpg?w=530&#038;h=397\" width=\"530\" height=\"397\" data-original-width=\"530\" data-original-height=\"397\" itemprop=\"http:\/\/schema.org\/image\" title=\"YASHICA Digital Camera\" alt=\"YASHICA Digital Camera\" style=\"width: 530px; height: 397px;\" \/> <\/a> <\/div> <\/div> <!-- close group --> <div class=\"gallery-group images-2\" style=\"width: 266px; height: 401px;\" data-original-width=\"266\" data-original-height=\"401\" > <div class=\"tiled-gallery-item tiled-gallery-item-large\" itemprop=\"associatedMedia\" itemscope itemtype=\"http:\/\/schema.org\/ImageObject\"> <a href=\"https:\/\/i0.wp.com\/www.robertosedda.it\/wp-content\/uploads\/2013\/10\/La-Pira-la-sala-5.jpg\" border=\"0\" itemprop=\"url\"> <meta itemprop=\"width\" content=\"262\"> <meta itemprop=\"height\" content=\"196\"> <img data-attachment-id=\"4634\" data-orig-file=\"http:\/\/www.robertosedda.it\/wp-content\/uploads\/2013\/10\/La-Pira-la-sala-5.jpg\" data-orig-size=\"3264,2448\" data-comments-opened=\"1\" data-image-meta=\"{&quot;aperture&quot;:&quot;5.1&quot;,&quot;credit&quot;:&quot;&quot;,&quot;camera&quot;:&quot;F8035&quot;,&quot;caption&quot;:&quot;&quot;,&quot;created_timestamp&quot;:&quot;1380988860&quot;,&quot;copyright&quot;:&quot;&quot;,&quot;focal_length&quot;:&quot;17.1&quot;,&quot;iso&quot;:&quot;800&quot;,&quot;shutter_speed&quot;:&quot;0.106877&quot;,&quot;title&quot;:&quot;YASHICA Digital Camera&quot;}\" data-image-title=\"YASHICA Digital Camera\" data-image-description=\"\" data-medium-file=\"https:\/\/i0.wp.com\/www.robertosedda.it\/wp-content\/uploads\/2013\/10\/La-Pira-la-sala-5.jpg?fit=300%2C225\" data-large-file=\"https:\/\/i0.wp.com\/www.robertosedda.it\/wp-content\/uploads\/2013\/10\/La-Pira-la-sala-5.jpg?fit=510%2C383\" src=\"https:\/\/i0.wp.com\/www.robertosedda.it\/wp-content\/uploads\/2013\/10\/La-Pira-la-sala-5.jpg?w=262&#038;h=196\" width=\"262\" height=\"196\" data-original-width=\"262\" data-original-height=\"196\" itemprop=\"http:\/\/schema.org\/image\" title=\"YASHICA Digital Camera\" alt=\"YASHICA Digital Camera\" style=\"width: 262px; height: 196px;\" \/> <\/a> <\/div> <div class=\"tiled-gallery-item tiled-gallery-item-large\" itemprop=\"associatedMedia\" itemscope itemtype=\"http:\/\/schema.org\/ImageObject\"> <a href=\"https:\/\/i0.wp.com\/www.robertosedda.it\/wp-content\/uploads\/2013\/10\/La-Pira-la-sala.jpg\" border=\"0\" itemprop=\"url\"> <meta itemprop=\"width\" content=\"262\"> <meta itemprop=\"height\" content=\"197\"> <img data-attachment-id=\"4635\" data-orig-file=\"http:\/\/www.robertosedda.it\/wp-content\/uploads\/2013\/10\/La-Pira-la-sala.jpg\" data-orig-size=\"2048,1536\" data-comments-opened=\"1\" data-image-meta=\"{&quot;aperture&quot;:&quot;2.6&quot;,&quot;credit&quot;:&quot;&quot;,&quot;camera&quot;:&quot;YP-G70&quot;,&quot;caption&quot;:&quot;&quot;,&quot;created_timestamp&quot;:&quot;1380966786&quot;,&quot;copyright&quot;:&quot;&quot;,&quot;focal_length&quot;:&quot;3.79&quot;,&quot;iso&quot;:&quot;400&quot;,&quot;shutter_speed&quot;:&quot;0.11111111111111&quot;,&quot;title&quot;:&quot;&quot;}\" data-image-title=\"La Pira la sala\" data-image-description=\"\" data-medium-file=\"https:\/\/i0.wp.com\/www.robertosedda.it\/wp-content\/uploads\/2013\/10\/La-Pira-la-sala.jpg?fit=300%2C225\" data-large-file=\"https:\/\/i0.wp.com\/www.robertosedda.it\/wp-content\/uploads\/2013\/10\/La-Pira-la-sala.jpg?fit=510%2C383\" src=\"https:\/\/i0.wp.com\/www.robertosedda.it\/wp-content\/uploads\/2013\/10\/La-Pira-la-sala.jpg?w=262&#038;h=197\" width=\"262\" height=\"197\" data-original-width=\"262\" data-original-height=\"197\" itemprop=\"http:\/\/schema.org\/image\" title=\"La Pira la sala\" alt=\"La Pira la sala\" style=\"width: 262px; height: 197px;\" \/> <\/a> <\/div> <\/div> <!-- close group --> <\/div> <!-- close row --> <div class=\"gallery-row\" style=\"width: 800px; height: 301px;\" data-original-width=\"800\" data-original-height=\"301\" > <div class=\"gallery-group images-1\" style=\"width: 400px; height: 301px;\" data-original-width=\"400\" data-original-height=\"301\" > <div class=\"tiled-gallery-item tiled-gallery-item-large\" itemprop=\"associatedMedia\" itemscope itemtype=\"http:\/\/schema.org\/ImageObject\"> <a href=\"https:\/\/i0.wp.com\/www.robertosedda.it\/wp-content\/uploads\/2013\/10\/La-Pira-non-ce-en-andiamo-3.jpg\" border=\"0\" itemprop=\"url\"> <meta itemprop=\"width\" content=\"396\"> <meta itemprop=\"height\" content=\"297\"> <img data-attachment-id=\"4636\" data-orig-file=\"http:\/\/www.robertosedda.it\/wp-content\/uploads\/2013\/10\/La-Pira-non-ce-en-andiamo-3.jpg\" data-orig-size=\"3264,2448\" data-comments-opened=\"1\" data-image-meta=\"{&quot;aperture&quot;:&quot;2.8&quot;,&quot;credit&quot;:&quot;&quot;,&quot;camera&quot;:&quot;F8035&quot;,&quot;caption&quot;:&quot;&quot;,&quot;created_timestamp&quot;:&quot;1380994211&quot;,&quot;copyright&quot;:&quot;&quot;,&quot;focal_length&quot;:&quot;5.7&quot;,&quot;iso&quot;:&quot;125&quot;,&quot;shutter_speed&quot;:&quot;0.025&quot;,&quot;title&quot;:&quot;YASHICA Digital Camera&quot;}\" data-image-title=\"YASHICA Digital Camera\" data-image-description=\"\" data-medium-file=\"https:\/\/i0.wp.com\/www.robertosedda.it\/wp-content\/uploads\/2013\/10\/La-Pira-non-ce-en-andiamo-3.jpg?fit=300%2C225\" data-large-file=\"https:\/\/i0.wp.com\/www.robertosedda.it\/wp-content\/uploads\/2013\/10\/La-Pira-non-ce-en-andiamo-3.jpg?fit=510%2C383\" src=\"https:\/\/i0.wp.com\/www.robertosedda.it\/wp-content\/uploads\/2013\/10\/La-Pira-non-ce-en-andiamo-3.jpg?w=396&#038;h=297\" width=\"396\" height=\"297\" data-original-width=\"396\" data-original-height=\"297\" itemprop=\"http:\/\/schema.org\/image\" title=\"YASHICA Digital Camera\" alt=\"YASHICA Digital Camera\" style=\"width: 396px; height: 297px;\" \/> <\/a> <\/div> <\/div> <!-- close group --> <div class=\"gallery-group images-1\" style=\"width: 400px; height: 301px;\" data-original-width=\"400\" data-original-height=\"301\" > <div class=\"tiled-gallery-item tiled-gallery-item-large\" itemprop=\"associatedMedia\" itemscope itemtype=\"http:\/\/schema.org\/ImageObject\"> <a href=\"https:\/\/i0.wp.com\/www.robertosedda.it\/wp-content\/uploads\/2013\/10\/La-Pira-non-ce-ne-andiamo-2.jpg\" border=\"0\" itemprop=\"url\"> <meta itemprop=\"width\" content=\"396\"> <meta itemprop=\"height\" content=\"297\"> <img data-attachment-id=\"4637\" data-orig-file=\"http:\/\/www.robertosedda.it\/wp-content\/uploads\/2013\/10\/La-Pira-non-ce-ne-andiamo-2.jpg\" data-orig-size=\"3264,2448\" data-comments-opened=\"1\" data-image-meta=\"{&quot;aperture&quot;:&quot;2.8&quot;,&quot;credit&quot;:&quot;&quot;,&quot;camera&quot;:&quot;F8035&quot;,&quot;caption&quot;:&quot;&quot;,&quot;created_timestamp&quot;:&quot;1380994205&quot;,&quot;copyright&quot;:&quot;&quot;,&quot;focal_length&quot;:&quot;5.7&quot;,&quot;iso&quot;:&quot;156&quot;,&quot;shutter_speed&quot;:&quot;0.025&quot;,&quot;title&quot;:&quot;YASHICA Digital Camera&quot;}\" data-image-title=\"YASHICA Digital Camera\" data-image-description=\"\" data-medium-file=\"https:\/\/i0.wp.com\/www.robertosedda.it\/wp-content\/uploads\/2013\/10\/La-Pira-non-ce-ne-andiamo-2.jpg?fit=300%2C225\" data-large-file=\"https:\/\/i0.wp.com\/www.robertosedda.it\/wp-content\/uploads\/2013\/10\/La-Pira-non-ce-ne-andiamo-2.jpg?fit=510%2C383\" src=\"https:\/\/i0.wp.com\/www.robertosedda.it\/wp-content\/uploads\/2013\/10\/La-Pira-non-ce-ne-andiamo-2.jpg?w=396&#038;h=297\" width=\"396\" height=\"297\" data-original-width=\"396\" data-original-height=\"297\" itemprop=\"http:\/\/schema.org\/image\" title=\"YASHICA Digital Camera\" alt=\"YASHICA Digital Camera\" style=\"width: 396px; height: 297px;\" \/> <\/a> <\/div> <\/div> <!-- close group --> <\/div> <!-- close row --> <div class=\"gallery-row\" style=\"width: 800px; height: 401px;\" data-original-width=\"800\" data-original-height=\"401\" > <div class=\"gallery-group images-2\" style=\"width: 266px; height: 401px;\" data-original-width=\"266\" data-original-height=\"401\" > <div class=\"tiled-gallery-item tiled-gallery-item-large\" itemprop=\"associatedMedia\" itemscope itemtype=\"http:\/\/schema.org\/ImageObject\"> <a href=\"https:\/\/i0.wp.com\/www.robertosedda.it\/wp-content\/uploads\/2013\/10\/La-Pira-non-ce-ne-andiamo-4.jpg\" border=\"0\" itemprop=\"url\"> <meta itemprop=\"width\" content=\"262\"> <meta itemprop=\"height\" content=\"196\"> <img data-attachment-id=\"4638\" data-orig-file=\"http:\/\/www.robertosedda.it\/wp-content\/uploads\/2013\/10\/La-Pira-non-ce-ne-andiamo-4.jpg\" data-orig-size=\"3264,2448\" data-comments-opened=\"1\" data-image-meta=\"{&quot;aperture&quot;:&quot;5.1&quot;,&quot;credit&quot;:&quot;&quot;,&quot;camera&quot;:&quot;F8035&quot;,&quot;caption&quot;:&quot;&quot;,&quot;created_timestamp&quot;:&quot;1380994246&quot;,&quot;copyright&quot;:&quot;&quot;,&quot;focal_length&quot;:&quot;17.1&quot;,&quot;iso&quot;:&quot;200&quot;,&quot;shutter_speed&quot;:&quot;0.040074&quot;,&quot;title&quot;:&quot;YASHICA Digital Camera&quot;}\" data-image-title=\"YASHICA Digital Camera\" data-image-description=\"\" data-medium-file=\"https:\/\/i0.wp.com\/www.robertosedda.it\/wp-content\/uploads\/2013\/10\/La-Pira-non-ce-ne-andiamo-4.jpg?fit=300%2C225\" data-large-file=\"https:\/\/i0.wp.com\/www.robertosedda.it\/wp-content\/uploads\/2013\/10\/La-Pira-non-ce-ne-andiamo-4.jpg?fit=510%2C383\" src=\"https:\/\/i0.wp.com\/www.robertosedda.it\/wp-content\/uploads\/2013\/10\/La-Pira-non-ce-ne-andiamo-4.jpg?w=262&#038;h=196\" width=\"262\" height=\"196\" data-original-width=\"262\" data-original-height=\"196\" itemprop=\"http:\/\/schema.org\/image\" title=\"YASHICA Digital Camera\" alt=\"YASHICA Digital Camera\" style=\"width: 262px; height: 196px;\" \/> <\/a> <\/div> <div class=\"tiled-gallery-item tiled-gallery-item-large\" itemprop=\"associatedMedia\" itemscope itemtype=\"http:\/\/schema.org\/ImageObject\"> <a href=\"https:\/\/i0.wp.com\/www.robertosedda.it\/wp-content\/uploads\/2013\/10\/La-Pira-non-ce-ne-andiamo-5.jpg\" border=\"0\" itemprop=\"url\"> <meta itemprop=\"width\" content=\"262\"> <meta itemprop=\"height\" content=\"197\"> <img data-attachment-id=\"4639\" data-orig-file=\"http:\/\/www.robertosedda.it\/wp-content\/uploads\/2013\/10\/La-Pira-non-ce-ne-andiamo-5.jpg\" data-orig-size=\"3264,2448\" data-comments-opened=\"1\" data-image-meta=\"{&quot;aperture&quot;:&quot;3.2&quot;,&quot;credit&quot;:&quot;&quot;,&quot;camera&quot;:&quot;F8035&quot;,&quot;caption&quot;:&quot;&quot;,&quot;created_timestamp&quot;:&quot;1380994255&quot;,&quot;copyright&quot;:&quot;&quot;,&quot;focal_length&quot;:&quot;7.1&quot;,&quot;iso&quot;:&quot;200&quot;,&quot;shutter_speed&quot;:&quot;0.041856&quot;,&quot;title&quot;:&quot;YASHICA Digital Camera&quot;}\" data-image-title=\"YASHICA Digital Camera\" data-image-description=\"\" data-medium-file=\"https:\/\/i0.wp.com\/www.robertosedda.it\/wp-content\/uploads\/2013\/10\/La-Pira-non-ce-ne-andiamo-5.jpg?fit=300%2C225\" data-large-file=\"https:\/\/i0.wp.com\/www.robertosedda.it\/wp-content\/uploads\/2013\/10\/La-Pira-non-ce-ne-andiamo-5.jpg?fit=510%2C383\" src=\"https:\/\/i0.wp.com\/www.robertosedda.it\/wp-content\/uploads\/2013\/10\/La-Pira-non-ce-ne-andiamo-5.jpg?w=262&#038;h=197\" width=\"262\" height=\"197\" data-original-width=\"262\" data-original-height=\"197\" itemprop=\"http:\/\/schema.org\/image\" title=\"YASHICA Digital Camera\" alt=\"YASHICA Digital Camera\" style=\"width: 262px; height: 197px;\" \/> <\/a> <\/div> <\/div> <!-- close group --> <div class=\"gallery-group images-1\" style=\"width: 534px; height: 401px;\" data-original-width=\"534\" data-original-height=\"401\" > <div class=\"tiled-gallery-item tiled-gallery-item-large\" itemprop=\"associatedMedia\" itemscope itemtype=\"http:\/\/schema.org\/ImageObject\"> <a href=\"https:\/\/i0.wp.com\/www.robertosedda.it\/wp-content\/uploads\/2013\/10\/La-Pira-non-ce-ne-andiamo.jpg\" border=\"0\" itemprop=\"url\"> <meta itemprop=\"width\" content=\"530\"> <meta itemprop=\"height\" content=\"397\"> <img data-attachment-id=\"4640\" data-orig-file=\"http:\/\/www.robertosedda.it\/wp-content\/uploads\/2013\/10\/La-Pira-non-ce-ne-andiamo.jpg\" data-orig-size=\"3264,2448\" data-comments-opened=\"1\" data-image-meta=\"{&quot;aperture&quot;:&quot;3.2&quot;,&quot;credit&quot;:&quot;&quot;,&quot;camera&quot;:&quot;F8035&quot;,&quot;caption&quot;:&quot;&quot;,&quot;created_timestamp&quot;:&quot;1380994102&quot;,&quot;copyright&quot;:&quot;&quot;,&quot;focal_length&quot;:&quot;7.1&quot;,&quot;iso&quot;:&quot;200&quot;,&quot;shutter_speed&quot;:&quot;0.088456&quot;,&quot;title&quot;:&quot;YASHICA Digital Camera&quot;}\" data-image-title=\"YASHICA Digital Camera\" data-image-description=\"\" data-medium-file=\"https:\/\/i0.wp.com\/www.robertosedda.it\/wp-content\/uploads\/2013\/10\/La-Pira-non-ce-ne-andiamo.jpg?fit=300%2C225\" data-large-file=\"https:\/\/i0.wp.com\/www.robertosedda.it\/wp-content\/uploads\/2013\/10\/La-Pira-non-ce-ne-andiamo.jpg?fit=510%2C383\" src=\"https:\/\/i0.wp.com\/www.robertosedda.it\/wp-content\/uploads\/2013\/10\/La-Pira-non-ce-ne-andiamo.jpg?w=530&#038;h=397\" width=\"530\" height=\"397\" data-original-width=\"530\" data-original-height=\"397\" itemprop=\"http:\/\/schema.org\/image\" title=\"YASHICA Digital Camera\" alt=\"YASHICA Digital Camera\" style=\"width: 530px; height: 397px;\" \/> <\/a> <\/div> <\/div> <!-- close group --> <\/div> <!-- close row --> <div class=\"gallery-row\" style=\"width: 800px; height: 201px;\" data-original-width=\"800\" data-original-height=\"201\" > <div class=\"gallery-group images-1\" style=\"width: 266px; height: 201px;\" data-original-width=\"266\" data-original-height=\"201\" > <div class=\"tiled-gallery-item tiled-gallery-item-large\" itemprop=\"associatedMedia\" itemscope itemtype=\"http:\/\/schema.org\/ImageObject\"> <a href=\"https:\/\/i0.wp.com\/www.robertosedda.it\/wp-content\/uploads\/2013\/10\/La-Pira-pastore-valdese.jpg\" border=\"0\" itemprop=\"url\"> <meta itemprop=\"width\" content=\"262\"> <meta itemprop=\"height\" content=\"197\"> <img data-attachment-id=\"4641\" data-orig-file=\"http:\/\/www.robertosedda.it\/wp-content\/uploads\/2013\/10\/La-Pira-pastore-valdese.jpg\" data-orig-size=\"2048,1536\" data-comments-opened=\"1\" data-image-meta=\"{&quot;aperture&quot;:&quot;2.6&quot;,&quot;credit&quot;:&quot;&quot;,&quot;camera&quot;:&quot;YP-G70&quot;,&quot;caption&quot;:&quot;&quot;,&quot;created_timestamp&quot;:&quot;1381049939&quot;,&quot;copyright&quot;:&quot;&quot;,&quot;focal_length&quot;:&quot;3.79&quot;,&quot;iso&quot;:&quot;50&quot;,&quot;shutter_speed&quot;:&quot;0.0062893081761006&quot;,&quot;title&quot;:&quot;&quot;}\" data-image-title=\"La Pira pastore valdese\" data-image-description=\"\" data-medium-file=\"https:\/\/i0.wp.com\/www.robertosedda.it\/wp-content\/uploads\/2013\/10\/La-Pira-pastore-valdese.jpg?fit=300%2C225\" data-large-file=\"https:\/\/i0.wp.com\/www.robertosedda.it\/wp-content\/uploads\/2013\/10\/La-Pira-pastore-valdese.jpg?fit=510%2C383\" src=\"https:\/\/i0.wp.com\/www.robertosedda.it\/wp-content\/uploads\/2013\/10\/La-Pira-pastore-valdese.jpg?w=262&#038;h=197\" width=\"262\" height=\"197\" data-original-width=\"262\" data-original-height=\"197\" itemprop=\"http:\/\/schema.org\/image\" title=\"La Pira pastore valdese\" alt=\"La Pira pastore valdese\" style=\"width: 262px; height: 197px;\" \/> <\/a> <\/div> <\/div> <!-- close group --> <div class=\"gallery-group images-1\" style=\"width: 267px; height: 201px;\" data-original-width=\"267\" data-original-height=\"201\" > <div class=\"tiled-gallery-item tiled-gallery-item-large\" itemprop=\"associatedMedia\" itemscope itemtype=\"http:\/\/schema.org\/ImageObject\"> <a href=\"https:\/\/i0.wp.com\/www.robertosedda.it\/wp-content\/uploads\/2013\/10\/La-Pira-Primicerio.jpg\" border=\"0\" itemprop=\"url\"> <meta itemprop=\"width\" content=\"263\"> <meta itemprop=\"height\" content=\"197\"> <img data-attachment-id=\"4642\" data-orig-file=\"http:\/\/www.robertosedda.it\/wp-content\/uploads\/2013\/10\/La-Pira-Primicerio.jpg\" data-orig-size=\"3264,2448\" data-comments-opened=\"1\" data-image-meta=\"{&quot;aperture&quot;:&quot;5.1&quot;,&quot;credit&quot;:&quot;&quot;,&quot;camera&quot;:&quot;F8035&quot;,&quot;caption&quot;:&quot;&quot;,&quot;created_timestamp&quot;:&quot;1380976032&quot;,&quot;copyright&quot;:&quot;&quot;,&quot;focal_length&quot;:&quot;17.1&quot;,&quot;iso&quot;:&quot;800&quot;,&quot;shutter_speed&quot;:&quot;0.025581&quot;,&quot;title&quot;:&quot;YASHICA Digital Camera&quot;}\" data-image-title=\"YASHICA Digital Camera\" data-image-description=\"\" data-medium-file=\"https:\/\/i0.wp.com\/www.robertosedda.it\/wp-content\/uploads\/2013\/10\/La-Pira-Primicerio.jpg?fit=300%2C225\" data-large-file=\"https:\/\/i0.wp.com\/www.robertosedda.it\/wp-content\/uploads\/2013\/10\/La-Pira-Primicerio.jpg?fit=510%2C383\" src=\"https:\/\/i0.wp.com\/www.robertosedda.it\/wp-content\/uploads\/2013\/10\/La-Pira-Primicerio.jpg?w=263&#038;h=197\" width=\"263\" height=\"197\" data-original-width=\"263\" data-original-height=\"197\" itemprop=\"http:\/\/schema.org\/image\" title=\"YASHICA Digital Camera\" alt=\"YASHICA Digital Camera\" style=\"width: 263px; height: 197px;\" \/> <\/a> <\/div> <\/div> <!-- close group --> <div class=\"gallery-group images-1\" style=\"width: 267px; height: 201px;\" data-original-width=\"267\" data-original-height=\"201\" > <div class=\"tiled-gallery-item tiled-gallery-item-large\" itemprop=\"associatedMedia\" itemscope itemtype=\"http:\/\/schema.org\/ImageObject\"> <a href=\"https:\/\/i0.wp.com\/www.robertosedda.it\/wp-content\/uploads\/2013\/10\/La-Pira-regali-alla-Fondazione-2.jpg\" border=\"0\" itemprop=\"url\"> <meta itemprop=\"width\" content=\"263\"> <meta itemprop=\"height\" content=\"197\"> <img data-attachment-id=\"4643\" data-orig-file=\"http:\/\/www.robertosedda.it\/wp-content\/uploads\/2013\/10\/La-Pira-regali-alla-Fondazione-2.jpg\" data-orig-size=\"3264,2448\" data-comments-opened=\"1\" data-image-meta=\"{&quot;aperture&quot;:&quot;5.1&quot;,&quot;credit&quot;:&quot;&quot;,&quot;camera&quot;:&quot;F8035&quot;,&quot;caption&quot;:&quot;&quot;,&quot;created_timestamp&quot;:&quot;1380989267&quot;,&quot;copyright&quot;:&quot;&quot;,&quot;focal_length&quot;:&quot;17.1&quot;,&quot;iso&quot;:&quot;800&quot;,&quot;shutter_speed&quot;:&quot;0.0193&quot;,&quot;title&quot;:&quot;YASHICA Digital Camera&quot;}\" data-image-title=\"YASHICA Digital Camera\" data-image-description=\"\" data-medium-file=\"https:\/\/i0.wp.com\/www.robertosedda.it\/wp-content\/uploads\/2013\/10\/La-Pira-regali-alla-Fondazione-2.jpg?fit=300%2C225\" data-large-file=\"https:\/\/i0.wp.com\/www.robertosedda.it\/wp-content\/uploads\/2013\/10\/La-Pira-regali-alla-Fondazione-2.jpg?fit=510%2C383\" src=\"https:\/\/i0.wp.com\/www.robertosedda.it\/wp-content\/uploads\/2013\/10\/La-Pira-regali-alla-Fondazione-2.jpg?w=263&#038;h=197\" width=\"263\" height=\"197\" data-original-width=\"263\" data-original-height=\"197\" itemprop=\"http:\/\/schema.org\/image\" title=\"YASHICA Digital Camera\" alt=\"YASHICA Digital Camera\" style=\"width: 263px; height: 197px;\" \/> <\/a> <\/div> <\/div> <!-- close group --> <\/div> <!-- close row --> <div class=\"gallery-row\" style=\"width: 800px; height: 401px;\" data-original-width=\"800\" data-original-height=\"401\" > <div class=\"gallery-group images-1\" style=\"width: 534px; height: 401px;\" data-original-width=\"534\" data-original-height=\"401\" > <div class=\"tiled-gallery-item tiled-gallery-item-large\" itemprop=\"associatedMedia\" itemscope itemtype=\"http:\/\/schema.org\/ImageObject\"> <a href=\"https:\/\/i0.wp.com\/www.robertosedda.it\/wp-content\/uploads\/2013\/10\/La-Pira-regali-alla-Fondazione.jpg\" border=\"0\" itemprop=\"url\"> <meta itemprop=\"width\" content=\"530\"> <meta itemprop=\"height\" content=\"397\"> <img data-attachment-id=\"4644\" data-orig-file=\"http:\/\/www.robertosedda.it\/wp-content\/uploads\/2013\/10\/La-Pira-regali-alla-Fondazione.jpg\" data-orig-size=\"3264,2448\" data-comments-opened=\"1\" data-image-meta=\"{&quot;aperture&quot;:&quot;5.1&quot;,&quot;credit&quot;:&quot;&quot;,&quot;camera&quot;:&quot;F8035&quot;,&quot;caption&quot;:&quot;&quot;,&quot;created_timestamp&quot;:&quot;1380989041&quot;,&quot;copyright&quot;:&quot;&quot;,&quot;focal_length&quot;:&quot;17.1&quot;,&quot;iso&quot;:&quot;800&quot;,&quot;shutter_speed&quot;:&quot;0.012174&quot;,&quot;title&quot;:&quot;YASHICA Digital Camera&quot;}\" data-image-title=\"YASHICA Digital Camera\" data-image-description=\"\" data-medium-file=\"https:\/\/i0.wp.com\/www.robertosedda.it\/wp-content\/uploads\/2013\/10\/La-Pira-regali-alla-Fondazione.jpg?fit=300%2C225\" data-large-file=\"https:\/\/i0.wp.com\/www.robertosedda.it\/wp-content\/uploads\/2013\/10\/La-Pira-regali-alla-Fondazione.jpg?fit=510%2C383\" src=\"https:\/\/i0.wp.com\/www.robertosedda.it\/wp-content\/uploads\/2013\/10\/La-Pira-regali-alla-Fondazione.jpg?w=530&#038;h=397\" width=\"530\" height=\"397\" data-original-width=\"530\" data-original-height=\"397\" itemprop=\"http:\/\/schema.org\/image\" title=\"YASHICA Digital Camera\" alt=\"YASHICA Digital Camera\" style=\"width: 530px; height: 397px;\" \/> <\/a> <\/div> <\/div> <!-- close group --> <div class=\"gallery-group images-2\" style=\"width: 266px; height: 401px;\" data-original-width=\"266\" data-original-height=\"401\" > <div class=\"tiled-gallery-item tiled-gallery-item-large\" itemprop=\"associatedMedia\" itemscope itemtype=\"http:\/\/schema.org\/ImageObject\"> <a href=\"https:\/\/i0.wp.com\/www.robertosedda.it\/wp-content\/uploads\/2013\/10\/La-Pira-regali.jpg\" border=\"0\" itemprop=\"url\"> <meta itemprop=\"width\" content=\"262\"> <meta itemprop=\"height\" content=\"196\"> <img data-attachment-id=\"4645\" data-orig-file=\"http:\/\/www.robertosedda.it\/wp-content\/uploads\/2013\/10\/La-Pira-regali.jpg\" data-orig-size=\"3264,2448\" data-comments-opened=\"1\" data-image-meta=\"{&quot;aperture&quot;:&quot;5.1&quot;,&quot;credit&quot;:&quot;&quot;,&quot;camera&quot;:&quot;F8035&quot;,&quot;caption&quot;:&quot;&quot;,&quot;created_timestamp&quot;:&quot;1380989008&quot;,&quot;copyright&quot;:&quot;&quot;,&quot;focal_length&quot;:&quot;17.1&quot;,&quot;iso&quot;:&quot;800&quot;,&quot;shutter_speed&quot;:&quot;0.020641&quot;,&quot;title&quot;:&quot;YASHICA Digital Camera&quot;}\" data-image-title=\"YASHICA Digital Camera\" data-image-description=\"\" data-medium-file=\"https:\/\/i0.wp.com\/www.robertosedda.it\/wp-content\/uploads\/2013\/10\/La-Pira-regali.jpg?fit=300%2C225\" data-large-file=\"https:\/\/i0.wp.com\/www.robertosedda.it\/wp-content\/uploads\/2013\/10\/La-Pira-regali.jpg?fit=510%2C383\" src=\"https:\/\/i0.wp.com\/www.robertosedda.it\/wp-content\/uploads\/2013\/10\/La-Pira-regali.jpg?w=262&#038;h=196\" width=\"262\" height=\"196\" data-original-width=\"262\" data-original-height=\"196\" itemprop=\"http:\/\/schema.org\/image\" title=\"YASHICA Digital Camera\" alt=\"YASHICA Digital Camera\" style=\"width: 262px; height: 196px;\" \/> <\/a> <\/div> <div class=\"tiled-gallery-item tiled-gallery-item-large\" itemprop=\"associatedMedia\" itemscope itemtype=\"http:\/\/schema.org\/ImageObject\"> <a href=\"https:\/\/i0.wp.com\/www.robertosedda.it\/wp-content\/uploads\/2013\/10\/La-Pira-relazione-Bagnato.jpg\" border=\"0\" itemprop=\"url\"> <meta itemprop=\"width\" content=\"262\"> <meta itemprop=\"height\" content=\"197\"> <img data-attachment-id=\"4646\" data-orig-file=\"http:\/\/www.robertosedda.it\/wp-content\/uploads\/2013\/10\/La-Pira-relazione-Bagnato.jpg\" data-orig-size=\"2048,1536\" data-comments-opened=\"1\" data-image-meta=\"{&quot;aperture&quot;:&quot;2.6&quot;,&quot;credit&quot;:&quot;&quot;,&quot;camera&quot;:&quot;YP-G70&quot;,&quot;caption&quot;:&quot;&quot;,&quot;created_timestamp&quot;:&quot;1380973064&quot;,&quot;copyright&quot;:&quot;&quot;,&quot;focal_length&quot;:&quot;3.79&quot;,&quot;iso&quot;:&quot;100&quot;,&quot;shutter_speed&quot;:&quot;0.05&quot;,&quot;title&quot;:&quot;&quot;}\" data-image-title=\"La Pira relazione Bagnato\" data-image-description=\"\" data-medium-file=\"https:\/\/i0.wp.com\/www.robertosedda.it\/wp-content\/uploads\/2013\/10\/La-Pira-relazione-Bagnato.jpg?fit=300%2C225\" data-large-file=\"https:\/\/i0.wp.com\/www.robertosedda.it\/wp-content\/uploads\/2013\/10\/La-Pira-relazione-Bagnato.jpg?fit=510%2C383\" src=\"https:\/\/i0.wp.com\/www.robertosedda.it\/wp-content\/uploads\/2013\/10\/La-Pira-relazione-Bagnato.jpg?w=262&#038;h=197\" width=\"262\" height=\"197\" data-original-width=\"262\" data-original-height=\"197\" itemprop=\"http:\/\/schema.org\/image\" title=\"La Pira relazione Bagnato\" alt=\"La Pira relazione Bagnato\" style=\"width: 262px; height: 197px;\" \/> <\/a> <\/div> <\/div> <!-- close group --> <\/div> <!-- close row --> <div class=\"gallery-row\" style=\"width: 800px; height: 670px;\" data-original-width=\"800\" data-original-height=\"670\" > <div class=\"gallery-group images-3\" style=\"width: 296px; height: 670px;\" data-original-width=\"296\" data-original-height=\"670\" > <div class=\"tiled-gallery-item tiled-gallery-item-large\" itemprop=\"associatedMedia\" itemscope itemtype=\"http:\/\/schema.org\/ImageObject\"> <a href=\"https:\/\/i0.wp.com\/www.robertosedda.it\/wp-content\/uploads\/2013\/10\/La-Pira-sala-inizio.jpg\" border=\"0\" itemprop=\"url\"> <meta itemprop=\"width\" content=\"292\"> <meta itemprop=\"height\" content=\"219\"> <img data-attachment-id=\"4647\" data-orig-file=\"http:\/\/www.robertosedda.it\/wp-content\/uploads\/2013\/10\/La-Pira-sala-inizio.jpg\" data-orig-size=\"2048,1536\" data-comments-opened=\"1\" data-image-meta=\"{&quot;aperture&quot;:&quot;2.6&quot;,&quot;credit&quot;:&quot;&quot;,&quot;camera&quot;:&quot;YP-G70&quot;,&quot;caption&quot;:&quot;&quot;,&quot;created_timestamp&quot;:&quot;1380966796&quot;,&quot;copyright&quot;:&quot;&quot;,&quot;focal_length&quot;:&quot;3.79&quot;,&quot;iso&quot;:&quot;400&quot;,&quot;shutter_speed&quot;:&quot;0.11111111111111&quot;,&quot;title&quot;:&quot;&quot;}\" data-image-title=\"La Pira sala inizio\" data-image-description=\"\" data-medium-file=\"https:\/\/i0.wp.com\/www.robertosedda.it\/wp-content\/uploads\/2013\/10\/La-Pira-sala-inizio.jpg?fit=300%2C225\" data-large-file=\"https:\/\/i0.wp.com\/www.robertosedda.it\/wp-content\/uploads\/2013\/10\/La-Pira-sala-inizio.jpg?fit=510%2C383\" src=\"https:\/\/i0.wp.com\/www.robertosedda.it\/wp-content\/uploads\/2013\/10\/La-Pira-sala-inizio.jpg?w=292&#038;h=219\" width=\"292\" height=\"219\" data-original-width=\"292\" data-original-height=\"219\" itemprop=\"http:\/\/schema.org\/image\" title=\"La Pira sala inizio\" alt=\"La Pira sala inizio\" style=\"width: 292px; height: 219px;\" \/> <\/a> <\/div> <div class=\"tiled-gallery-item tiled-gallery-item-large\" itemprop=\"associatedMedia\" itemscope itemtype=\"http:\/\/schema.org\/ImageObject\"> <a href=\"https:\/\/i0.wp.com\/www.robertosedda.it\/wp-content\/uploads\/2013\/10\/La-Pira-sinagoga-2.jpg\" border=\"0\" itemprop=\"url\"> <meta itemprop=\"width\" content=\"292\"> <meta itemprop=\"height\" content=\"219\"> <img data-attachment-id=\"4648\" data-orig-file=\"http:\/\/www.robertosedda.it\/wp-content\/uploads\/2013\/10\/La-Pira-sinagoga-2.jpg\" data-orig-size=\"3264,2448\" data-comments-opened=\"1\" data-image-meta=\"{&quot;aperture&quot;:&quot;2.8&quot;,&quot;credit&quot;:&quot;&quot;,&quot;camera&quot;:&quot;F8035&quot;,&quot;caption&quot;:&quot;&quot;,&quot;created_timestamp&quot;:&quot;1381001917&quot;,&quot;copyright&quot;:&quot;&quot;,&quot;focal_length&quot;:&quot;5.7&quot;,&quot;iso&quot;:&quot;157&quot;,&quot;shutter_speed&quot;:&quot;2&quot;,&quot;title&quot;:&quot;YASHICA Digital Camera&quot;}\" data-image-title=\"YASHICA Digital Camera\" data-image-description=\"\" data-medium-file=\"https:\/\/i0.wp.com\/www.robertosedda.it\/wp-content\/uploads\/2013\/10\/La-Pira-sinagoga-2.jpg?fit=300%2C225\" data-large-file=\"https:\/\/i0.wp.com\/www.robertosedda.it\/wp-content\/uploads\/2013\/10\/La-Pira-sinagoga-2.jpg?fit=510%2C383\" src=\"https:\/\/i0.wp.com\/www.robertosedda.it\/wp-content\/uploads\/2013\/10\/La-Pira-sinagoga-2.jpg?w=292&#038;h=219\" width=\"292\" height=\"219\" data-original-width=\"292\" data-original-height=\"219\" itemprop=\"http:\/\/schema.org\/image\" title=\"YASHICA Digital Camera\" alt=\"YASHICA Digital Camera\" style=\"width: 292px; height: 219px;\" \/> <\/a> <\/div> <div class=\"tiled-gallery-item tiled-gallery-item-large\" itemprop=\"associatedMedia\" itemscope itemtype=\"http:\/\/schema.org\/ImageObject\"> <a href=\"https:\/\/i0.wp.com\/www.robertosedda.it\/wp-content\/uploads\/2013\/10\/La-Pira-Sinagoga-Alberto.jpg\" border=\"0\" itemprop=\"url\"> <meta itemprop=\"width\" content=\"292\"> <meta itemprop=\"height\" content=\"220\"> <img data-attachment-id=\"4649\" data-orig-file=\"http:\/\/www.robertosedda.it\/wp-content\/uploads\/2013\/10\/La-Pira-Sinagoga-Alberto.jpg\" data-orig-size=\"3264,2448\" data-comments-opened=\"1\" data-image-meta=\"{&quot;aperture&quot;:&quot;2.8&quot;,&quot;credit&quot;:&quot;&quot;,&quot;camera&quot;:&quot;F8035&quot;,&quot;caption&quot;:&quot;&quot;,&quot;created_timestamp&quot;:&quot;1381001893&quot;,&quot;copyright&quot;:&quot;&quot;,&quot;focal_length&quot;:&quot;5.7&quot;,&quot;iso&quot;:&quot;97&quot;,&quot;shutter_speed&quot;:&quot;2&quot;,&quot;title&quot;:&quot;YASHICA Digital Camera&quot;}\" data-image-title=\"YASHICA Digital Camera\" data-image-description=\"\" data-medium-file=\"https:\/\/i0.wp.com\/www.robertosedda.it\/wp-content\/uploads\/2013\/10\/La-Pira-Sinagoga-Alberto.jpg?fit=300%2C225\" data-large-file=\"https:\/\/i0.wp.com\/www.robertosedda.it\/wp-content\/uploads\/2013\/10\/La-Pira-Sinagoga-Alberto.jpg?fit=510%2C383\" src=\"https:\/\/i0.wp.com\/www.robertosedda.it\/wp-content\/uploads\/2013\/10\/La-Pira-Sinagoga-Alberto.jpg?w=292&#038;h=220\" width=\"292\" height=\"220\" data-original-width=\"292\" data-original-height=\"220\" itemprop=\"http:\/\/schema.org\/image\" title=\"YASHICA Digital Camera\" alt=\"YASHICA Digital Camera\" style=\"width: 292px; height: 220px;\" \/> <\/a> <\/div> <\/div> <!-- close group --> <div class=\"gallery-group images-1\" style=\"width: 504px; height: 670px;\" data-original-width=\"504\" data-original-height=\"670\" > <div class=\"tiled-gallery-item tiled-gallery-item-large\" itemprop=\"associatedMedia\" itemscope itemtype=\"http:\/\/schema.org\/ImageObject\"> <a href=\"https:\/\/i0.wp.com\/www.robertosedda.it\/wp-content\/uploads\/2013\/10\/La-Pira-sinagoga-Grazia.jpg\" border=\"0\" itemprop=\"url\"> <meta itemprop=\"width\" content=\"500\"> <meta itemprop=\"height\" content=\"666\"> <img data-attachment-id=\"4650\" data-orig-file=\"http:\/\/www.robertosedda.it\/wp-content\/uploads\/2013\/10\/La-Pira-sinagoga-Grazia.jpg\" data-orig-size=\"2448,3264\" data-comments-opened=\"1\" data-image-meta=\"{&quot;aperture&quot;:&quot;2.8&quot;,&quot;credit&quot;:&quot;&quot;,&quot;camera&quot;:&quot;F8035&quot;,&quot;caption&quot;:&quot;&quot;,&quot;created_timestamp&quot;:&quot;1381001983&quot;,&quot;copyright&quot;:&quot;&quot;,&quot;focal_length&quot;:&quot;5.7&quot;,&quot;iso&quot;:&quot;320&quot;,&quot;shutter_speed&quot;:&quot;0.025&quot;,&quot;title&quot;:&quot;YASHICA Digital Camera&quot;}\" data-image-title=\"YASHICA Digital Camera\" data-image-description=\"\" data-medium-file=\"https:\/\/i0.wp.com\/www.robertosedda.it\/wp-content\/uploads\/2013\/10\/La-Pira-sinagoga-Grazia.jpg?fit=225%2C300\" data-large-file=\"https:\/\/i0.wp.com\/www.robertosedda.it\/wp-content\/uploads\/2013\/10\/La-Pira-sinagoga-Grazia.jpg?fit=510%2C680\" src=\"https:\/\/i0.wp.com\/www.robertosedda.it\/wp-content\/uploads\/2013\/10\/La-Pira-sinagoga-Grazia.jpg?w=500&#038;h=666\" width=\"500\" height=\"666\" data-original-width=\"500\" data-original-height=\"666\" itemprop=\"http:\/\/schema.org\/image\" title=\"YASHICA Digital Camera\" alt=\"YASHICA Digital Camera\" style=\"width: 500px; height: 666px;\" \/> <\/a> <\/div> <\/div> <!-- close group --> <\/div> <!-- close row --> <div class=\"gallery-row\" style=\"width: 800px; height: 265px;\" data-original-width=\"800\" data-original-height=\"265\" > <div class=\"gallery-group images-1\" style=\"width: 200px; height: 265px;\" data-original-width=\"200\" data-original-height=\"265\" > <div class=\"tiled-gallery-item tiled-gallery-item-small\" itemprop=\"associatedMedia\" itemscope itemtype=\"http:\/\/schema.org\/ImageObject\"> <a href=\"https:\/\/i0.wp.com\/www.robertosedda.it\/wp-content\/uploads\/2013\/10\/La-Pira-spes-contra-spem-2.jpg\" border=\"0\" itemprop=\"url\"> <meta itemprop=\"width\" content=\"196\"> <meta itemprop=\"height\" content=\"261\"> <img data-attachment-id=\"4651\" data-orig-file=\"http:\/\/www.robertosedda.it\/wp-content\/uploads\/2013\/10\/La-Pira-spes-contra-spem-2.jpg\" data-orig-size=\"2448,3264\" data-comments-opened=\"1\" data-image-meta=\"{&quot;aperture&quot;:&quot;5.1&quot;,&quot;credit&quot;:&quot;&quot;,&quot;camera&quot;:&quot;F8035&quot;,&quot;caption&quot;:&quot;&quot;,&quot;created_timestamp&quot;:&quot;1380989209&quot;,&quot;copyright&quot;:&quot;&quot;,&quot;focal_length&quot;:&quot;17.1&quot;,&quot;iso&quot;:&quot;800&quot;,&quot;shutter_speed&quot;:&quot;0.091972&quot;,&quot;title&quot;:&quot;YASHICA Digital Camera&quot;}\" data-image-title=\"YASHICA Digital Camera\" data-image-description=\"\" data-medium-file=\"https:\/\/i0.wp.com\/www.robertosedda.it\/wp-content\/uploads\/2013\/10\/La-Pira-spes-contra-spem-2.jpg?fit=225%2C300\" data-large-file=\"https:\/\/i0.wp.com\/www.robertosedda.it\/wp-content\/uploads\/2013\/10\/La-Pira-spes-contra-spem-2.jpg?fit=510%2C680\" src=\"https:\/\/i0.wp.com\/www.robertosedda.it\/wp-content\/uploads\/2013\/10\/La-Pira-spes-contra-spem-2.jpg?w=196&#038;h=261\" width=\"196\" height=\"261\" data-original-width=\"196\" data-original-height=\"261\" itemprop=\"http:\/\/schema.org\/image\" title=\"YASHICA Digital Camera\" alt=\"YASHICA Digital Camera\" style=\"width: 196px; height: 261px;\" \/> <\/a> <\/div> <\/div> <!-- close group --> <div class=\"gallery-group images-1\" style=\"width: 200px; height: 265px;\" data-original-width=\"200\" data-original-height=\"265\" > <div class=\"tiled-gallery-item tiled-gallery-item-small\" itemprop=\"associatedMedia\" itemscope itemtype=\"http:\/\/schema.org\/ImageObject\"> <a href=\"https:\/\/i0.wp.com\/www.robertosedda.it\/wp-content\/uploads\/2013\/10\/La-Pira-spes-contra-spem.jpg\" border=\"0\" itemprop=\"url\"> <meta itemprop=\"width\" content=\"196\"> <meta itemprop=\"height\" content=\"261\"> <img data-attachment-id=\"4652\" data-orig-file=\"http:\/\/www.robertosedda.it\/wp-content\/uploads\/2013\/10\/La-Pira-spes-contra-spem.jpg\" data-orig-size=\"2448,3264\" data-comments-opened=\"1\" data-image-meta=\"{&quot;aperture&quot;:&quot;5.1&quot;,&quot;credit&quot;:&quot;&quot;,&quot;camera&quot;:&quot;F8035&quot;,&quot;caption&quot;:&quot;&quot;,&quot;created_timestamp&quot;:&quot;1380989197&quot;,&quot;copyright&quot;:&quot;&quot;,&quot;focal_length&quot;:&quot;17.1&quot;,&quot;iso&quot;:&quot;800&quot;,&quot;shutter_speed&quot;:&quot;0.094877&quot;,&quot;title&quot;:&quot;YASHICA Digital Camera&quot;}\" data-image-title=\"YASHICA Digital Camera\" data-image-description=\"\" data-medium-file=\"https:\/\/i0.wp.com\/www.robertosedda.it\/wp-content\/uploads\/2013\/10\/La-Pira-spes-contra-spem.jpg?fit=225%2C300\" data-large-file=\"https:\/\/i0.wp.com\/www.robertosedda.it\/wp-content\/uploads\/2013\/10\/La-Pira-spes-contra-spem.jpg?fit=510%2C680\" src=\"https:\/\/i0.wp.com\/www.robertosedda.it\/wp-content\/uploads\/2013\/10\/La-Pira-spes-contra-spem.jpg?w=196&#038;h=261\" width=\"196\" height=\"261\" data-original-width=\"196\" data-original-height=\"261\" itemprop=\"http:\/\/schema.org\/image\" title=\"YASHICA Digital Camera\" alt=\"YASHICA Digital Camera\" style=\"width: 196px; height: 261px;\" \/> <\/a> <\/div> <\/div> <!-- close group --> <div class=\"gallery-group images-1\" style=\"width: 200px; height: 265px;\" data-original-width=\"200\" data-original-height=\"265\" > <div class=\"tiled-gallery-item tiled-gallery-item-small\" itemprop=\"associatedMedia\" itemscope itemtype=\"http:\/\/schema.org\/ImageObject\"> <a href=\"https:\/\/i0.wp.com\/www.robertosedda.it\/wp-content\/uploads\/2013\/10\/La-Pira-staff.jpg\" border=\"0\" itemprop=\"url\"> <meta itemprop=\"width\" content=\"196\"> <meta itemprop=\"height\" content=\"261\"> <img data-attachment-id=\"4653\" data-orig-file=\"http:\/\/www.robertosedda.it\/wp-content\/uploads\/2013\/10\/La-Pira-staff.jpg\" data-orig-size=\"2448,3264\" data-comments-opened=\"1\" data-image-meta=\"{&quot;aperture&quot;:&quot;4.1&quot;,&quot;credit&quot;:&quot;&quot;,&quot;camera&quot;:&quot;F8035&quot;,&quot;caption&quot;:&quot;&quot;,&quot;created_timestamp&quot;:&quot;1380994067&quot;,&quot;copyright&quot;:&quot;&quot;,&quot;focal_length&quot;:&quot;11&quot;,&quot;iso&quot;:&quot;200&quot;,&quot;shutter_speed&quot;:&quot;0.112232&quot;,&quot;title&quot;:&quot;YASHICA Digital Camera&quot;}\" data-image-title=\"YASHICA Digital Camera\" data-image-description=\"\" data-medium-file=\"https:\/\/i0.wp.com\/www.robertosedda.it\/wp-content\/uploads\/2013\/10\/La-Pira-staff.jpg?fit=225%2C300\" data-large-file=\"https:\/\/i0.wp.com\/www.robertosedda.it\/wp-content\/uploads\/2013\/10\/La-Pira-staff.jpg?fit=510%2C680\" src=\"https:\/\/i0.wp.com\/www.robertosedda.it\/wp-content\/uploads\/2013\/10\/La-Pira-staff.jpg?w=196&#038;h=261\" width=\"196\" height=\"261\" data-original-width=\"196\" data-original-height=\"261\" itemprop=\"http:\/\/schema.org\/image\" title=\"YASHICA Digital Camera\" alt=\"YASHICA Digital Camera\" style=\"width: 196px; height: 261px;\" \/> <\/a> <\/div> <\/div> <!-- close group --> <div class=\"gallery-group images-1\" style=\"width: 200px; height: 265px;\" data-original-width=\"200\" data-original-height=\"265\" > <div class=\"tiled-gallery-item tiled-gallery-item-small\" itemprop=\"associatedMedia\" itemscope itemtype=\"http:\/\/schema.org\/ImageObject\"> <a href=\"https:\/\/i0.wp.com\/www.robertosedda.it\/wp-content\/uploads\/2013\/10\/La-Pira.jpg\" border=\"0\" itemprop=\"url\"> <meta itemprop=\"width\" content=\"196\"> <meta itemprop=\"height\" content=\"261\"> <img data-attachment-id=\"4654\" data-orig-file=\"http:\/\/www.robertosedda.it\/wp-content\/uploads\/2013\/10\/La-Pira.jpg\" data-orig-size=\"2448,3264\" data-comments-opened=\"1\" data-image-meta=\"{&quot;aperture&quot;:&quot;5.1&quot;,&quot;credit&quot;:&quot;&quot;,&quot;camera&quot;:&quot;F8035&quot;,&quot;caption&quot;:&quot;&quot;,&quot;created_timestamp&quot;:&quot;1380988782&quot;,&quot;copyright&quot;:&quot;&quot;,&quot;focal_length&quot;:&quot;17.1&quot;,&quot;iso&quot;:&quot;800&quot;,&quot;shutter_speed&quot;:&quot;0.048896&quot;,&quot;title&quot;:&quot;YASHICA Digital Camera&quot;}\" data-image-title=\"YASHICA Digital Camera\" data-image-description=\"\" data-medium-file=\"https:\/\/i0.wp.com\/www.robertosedda.it\/wp-content\/uploads\/2013\/10\/La-Pira.jpg?fit=225%2C300\" data-large-file=\"https:\/\/i0.wp.com\/www.robertosedda.it\/wp-content\/uploads\/2013\/10\/La-Pira.jpg?fit=510%2C680\" src=\"https:\/\/i0.wp.com\/www.robertosedda.it\/wp-content\/uploads\/2013\/10\/La-Pira.jpg?w=196&#038;h=261\" width=\"196\" height=\"261\" data-original-width=\"196\" data-original-height=\"261\" itemprop=\"http:\/\/schema.org\/image\" title=\"YASHICA Digital Camera\" alt=\"YASHICA Digital Camera\" style=\"width: 196px; height: 261px;\" \/> <\/a> <\/div> <\/div> <!-- close group --> <\/div> <!-- close row --> <\/div>\n","protected":false},"excerpt":{"rendered":"<p>Queste sono tutte le foto che ho fatto a Firenze. Le raccolgo tutte\u00a0qui per comodit\u00e0 della Fondazione e di chi<\/p>\n","protected":false},"author":1,"featured_media":0,"comment_status":"open","ping_status":"open","sticky":false,"template":"","format":"gallery","meta":{"_mi_skip_tracking":false,"_monsterinsights_sitenote_active":false,"_monsterinsights_sitenote_note":"","_monsterinsights_sitenote_category":0,"jetpack_post_was_ever_published":false,"_jetpack_newsletter_access":"","jetpack_publicize_message":"","jetpack_is_tweetstorm":false,"jetpack_publicize_feature_enabled":true,"jetpack_social_post_already_shared":false,"jetpack_social_options":{"image_generator_settings":{"template":"highway","enabled":false}}},"categories":[52,49,54,62,12],"tags":[],"jetpack_publicize_connections":[],"jetpack_featured_media_url":"","jetpack_sharing_enabled":true,"jetpack_shortlink":"https:\/\/wp.me\/p4jV2T-1ch","jetpack_likes_enabled":true,"jetpack-related-posts":[{"id":7303,"url":"http:\/\/www.robertosedda.it\/?p=7303","url_meta":{"origin":4605,"position":0},"title":"Il giardino dei giochi (non proibiti)","author":"Rufus","date":"09\/05\/2014","format":false,"excerpt":"Il mio amico Alberto Pintus ha pubblicato\u00a0su\u00a0Facebook una\u00a0foto molto suggestiva, facendo notare, giustamente, che si tratta di un'idea molto bella: Ho fatto una rapida ricerca via\u00a0web\u00a0e ho visto che la cosa \u00e8 stata realizzata a Firenze e chiamata, appropriatamente, Il giardino degli scacchi\u00a0(c'\u00e8 una discreta spiegazione sul sito\u00a0Nove da Firenze).\u2026","rel":"","context":"In &quot;Coordinate&quot;","block_context":{"text":"Coordinate","link":"http:\/\/www.robertosedda.it\/?cat=52"},"img":{"alt_text":"","src":"https:\/\/i0.wp.com\/www.robertosedda.it\/wp-content\/uploads\/2014\/05\/Giardino-degli-Scacchi-Firenze.jpg?fit=600%2C450&resize=350%2C200","width":350,"height":200},"classes":[]},{"id":8670,"url":"http:\/\/www.robertosedda.it\/?p=8670","url_meta":{"origin":4605,"position":1},"title":"Ancora foto dei cinquant&#8217;anni","author":"Rufus","date":"19\/10\/2014","format":"gallery","excerpt":"Maria Luisa e Christian mi hanno fatto pochi giorni fa un bellissimo regalo: un intero CD di foto della famosa festa dei cinquant'anni. Sono 147 foto e me le sono godute tutte, ricordandomi oltretutto pezzi che avevo dimenticato: abbiamo ballato Bella ciao dei Modena City Ramblers, per esempio, e l'avevo\u2026","rel":"","context":"In &quot;Coordinate&quot;","block_context":{"text":"Coordinate","link":"http:\/\/www.robertosedda.it\/?cat=52"},"img":{"alt_text":"","src":"https:\/\/i0.wp.com\/www.robertosedda.it\/wp-content\/uploads\/2014\/10\/DSCF4150.jpg?fit=1200%2C900&resize=350%2C200","width":350,"height":200,"srcset":"https:\/\/i0.wp.com\/www.robertosedda.it\/wp-content\/uploads\/2014\/10\/DSCF4150.jpg?fit=1200%2C900&resize=350%2C200 1x, https:\/\/i0.wp.com\/www.robertosedda.it\/wp-content\/uploads\/2014\/10\/DSCF4150.jpg?fit=1200%2C900&resize=700%2C400 2x, https:\/\/i0.wp.com\/www.robertosedda.it\/wp-content\/uploads\/2014\/10\/DSCF4150.jpg?fit=1200%2C900&resize=1050%2C600 3x"},"classes":[]},{"id":3183,"url":"http:\/\/www.robertosedda.it\/?p=3183","url_meta":{"origin":4605,"position":2},"title":"Le foto dell&#8217;Assemblea","author":"Rufus","date":"20\/05\/2013","format":false,"excerpt":"Alla fine all'Assemblea non ho fatto molte foto (tutte col palmare, mi ero dimenticato la macchina a casa), ma le posto comunque perch\u00e9 qualcuno si pu\u00f2 riconoscere - e poi la sala, stretta e lunga e cos\u00ec\u00a0piena, faceva veramente impressione.","rel":"","context":"In &quot;Banche e finanza&quot;","block_context":{"text":"Banche e finanza","link":"http:\/\/www.robertosedda.it\/?cat=72"},"img":{"alt_text":"","src":"https:\/\/i0.wp.com\/www.robertosedda.it\/wp-content\/uploads\/2013\/05\/2013-05-18-10.39.40.jpg?fit=1200%2C900&resize=350%2C200","width":350,"height":200,"srcset":"https:\/\/i0.wp.com\/www.robertosedda.it\/wp-content\/uploads\/2013\/05\/2013-05-18-10.39.40.jpg?fit=1200%2C900&resize=350%2C200 1x, https:\/\/i0.wp.com\/www.robertosedda.it\/wp-content\/uploads\/2013\/05\/2013-05-18-10.39.40.jpg?fit=1200%2C900&resize=700%2C400 2x, https:\/\/i0.wp.com\/www.robertosedda.it\/wp-content\/uploads\/2013\/05\/2013-05-18-10.39.40.jpg?fit=1200%2C900&resize=1050%2C600 3x"},"classes":[]},{"id":16024,"url":"http:\/\/www.robertosedda.it\/?p=16024","url_meta":{"origin":4605,"position":3},"title":"Del mettere in ordine le foto","author":"Rufus","date":"18\/12\/2018","format":false,"excerpt":"C'\u00e8 una dimensione della vita digitale contemporanea che sembra progettata apposta per rendere un inferno la vita di tutti coloro che, come me, sono profondamente disordinati ma contemporaneamente un tantino ossessivi-compulsivi. Le foto. Perch\u00e9, siccome siamo disordinati, allora queste foto si spargono ovunque: rimangono anni dentro la macchina fotografica e\u2026","rel":"","context":"In &quot;Coordinate&quot;","block_context":{"text":"Coordinate","link":"http:\/\/www.robertosedda.it\/?cat=52"},"img":{"alt_text":"","src":"https:\/\/i0.wp.com\/www.robertosedda.it\/wp-content\/uploads\/2018\/12\/IMG-20171224-WA0001.jpg?fit=1200%2C900&resize=350%2C200","width":350,"height":200,"srcset":"https:\/\/i0.wp.com\/www.robertosedda.it\/wp-content\/uploads\/2018\/12\/IMG-20171224-WA0001.jpg?fit=1200%2C900&resize=350%2C200 1x, https:\/\/i0.wp.com\/www.robertosedda.it\/wp-content\/uploads\/2018\/12\/IMG-20171224-WA0001.jpg?fit=1200%2C900&resize=700%2C400 2x, https:\/\/i0.wp.com\/www.robertosedda.it\/wp-content\/uploads\/2018\/12\/IMG-20171224-WA0001.jpg?fit=1200%2C900&resize=1050%2C600 3x"},"classes":[]},{"id":14427,"url":"http:\/\/www.robertosedda.it\/?p=14427","url_meta":{"origin":4605,"position":4},"title":"Il ritorno di Roland Moreno e l&#8217;ottusit\u00e0 di Facebook","author":"Rufus","date":"15\/12\/2017","format":false,"excerpt":"Sarete d'accordo con me che fra tutte le cose strane che mi devono essere capitate sul web le mie avventure con Roland Moreno\u00a0siano abbastanza in cime alla classifica delle bizzarrie. Ebbene: pare che non sia finita e siccome so che il buon Roland gode di sconfinati ammiratori, ecco a voi\u2026","rel":"","context":"In &quot;Coordinate&quot;","block_context":{"text":"Coordinate","link":"http:\/\/www.robertosedda.it\/?cat=52"},"img":{"alt_text":"","src":"https:\/\/i0.wp.com\/www.robertosedda.it\/wp-content\/uploads\/2017\/12\/IMG-20171209-WA0000.jpg?fit=675%2C1200&resize=350%2C200","width":350,"height":200},"classes":[]},{"id":4808,"url":"http:\/\/www.robertosedda.it\/?p=4808","url_meta":{"origin":4605,"position":5},"title":"\u00c8 di nuovo quel momento&#8230;","author":"Rufus","date":"29\/10\/2013","format":false,"excerpt":"... in cui qualcosa non funziona sul sito. Abbiamo migrato da un server a un altro e nel viaggio ci siamo lasciati dietro tutte le foto caricate da met\u00e0 settembre in poi. Stiamo cercando di recuperarle, perch\u00e9 il ricaricarle tutte a mano si prospetta noioso anzichen\u00f2. Altrimenti le faremo ricomparire\u2026","rel":"","context":"Articolo simile","block_context":{"text":"Articolo simile","link":""},"img":{"alt_text":"","src":"https:\/\/i0.wp.com\/www.robertosedda.it\/wp-content\/uploads\/2013\/10\/Rufus-clown.jpg?fit=604%2C415&resize=350%2C200","width":350,"height":200},"classes":[]}],"_links":{"self":[{"href":"http:\/\/www.robertosedda.it\/index.php?rest_route=\/wp\/v2\/posts\/4605"}],"collection":[{"href":"http:\/\/www.robertosedda.it\/index.php?rest_route=\/wp\/v2\/posts"}],"about":[{"href":"http:\/\/www.robertosedda.it\/index.php?rest_route=\/wp\/v2\/types\/post"}],"author":[{"embeddable":true,"href":"http:\/\/www.robertosedda.it\/index.php?rest_route=\/wp\/v2\/users\/1"}],"replies":[{"embeddable":true,"href":"http:\/\/www.robertosedda.it\/index.php?rest_route=%2Fwp%2Fv2%2Fcomments&post=4605"}],"version-history":[{"count":2,"href":"http:\/\/www.robertosedda.it\/index.php?rest_route=\/wp\/v2\/posts\/4605\/revisions"}],"predecessor-version":[{"id":6411,"href":"http:\/\/www.robertosedda.it\/index.php?rest_route=\/wp\/v2\/posts\/4605\/revisions\/6411"}],"wp:attachment":[{"href":"http:\/\/www.robertosedda.it\/index.php?rest_route=%2Fwp%2Fv2%2Fmedia&parent=4605"}],"wp:term":[{"taxonomy":"category","embeddable":true,"href":"http:\/\/www.robertosedda.it\/index.php?rest_route=%2Fwp%2Fv2%2Fcategories&post=4605"},{"taxonomy":"post_tag","embeddable":true,"href":"http:\/\/www.robertosedda.it\/index.php?rest_route=%2Fwp%2Fv2%2Ftags&post=4605"}],"curies":[{"name":"wp","href":"https:\/\/api.w.org\/{rel}","templated":true}]}}