{"id":4602,"date":"2013-10-10T20:11:24","date_gmt":"2013-10-10T18:11:24","guid":{"rendered":"http:\/\/www.robertosedda.it\/?p=4602"},"modified":"2013-10-11T10:52:27","modified_gmt":"2013-10-11T08:52:27","slug":"il-gruppo-la-pira-va-a-firenze","status":"publish","type":"post","link":"http:\/\/www.robertosedda.it\/?p=4602","title":{"rendered":"Il gruppo La Pira va a Firenze"},"content":{"rendered":"<h2>Curioso: Primicerio. Come&#8230;<\/h2>\n<p>Credo di avere detto da qualche parte che il gruppo &#8220;La Pira&#8221; dell&#8217;AC di Cagliari ha una propria <a href=\"http:\/\/groups.yahoo.com\/neo\/groups\/gruppolapira\/info\"><em>mailing list<\/em><\/a>. Io ne sono il moderatore, quindi spetta\u00a0a me approvare le nuove richieste di iscrizione.<\/p>\n<p><a href=\"https:\/\/i0.wp.com\/www.robertosedda.it\/wp-content\/uploads\/2013\/10\/La-Pira-documentario-2.jpg\"><img data-attachment-id=\"4622\" data-permalink=\"http:\/\/www.robertosedda.it\/?attachment_id=4622\" data-orig-file=\"https:\/\/i0.wp.com\/www.robertosedda.it\/wp-content\/uploads\/2013\/10\/La-Pira-documentario-2.jpg?fit=2048%2C1536\" data-orig-size=\"2048,1536\" data-comments-opened=\"1\" data-image-meta=\"{&quot;aperture&quot;:&quot;0&quot;,&quot;credit&quot;:&quot;&quot;,&quot;camera&quot;:&quot;&quot;,&quot;caption&quot;:&quot;&quot;,&quot;created_timestamp&quot;:&quot;0&quot;,&quot;copyright&quot;:&quot;&quot;,&quot;focal_length&quot;:&quot;0&quot;,&quot;iso&quot;:&quot;0&quot;,&quot;shutter_speed&quot;:&quot;0&quot;,&quot;title&quot;:&quot;&quot;}\" data-image-title=\"La Pira documentario 2\" data-image-description=\"\" data-image-caption=\"\" data-medium-file=\"https:\/\/i0.wp.com\/www.robertosedda.it\/wp-content\/uploads\/2013\/10\/La-Pira-documentario-2.jpg?fit=300%2C225\" data-large-file=\"https:\/\/i0.wp.com\/www.robertosedda.it\/wp-content\/uploads\/2013\/10\/La-Pira-documentario-2.jpg?fit=510%2C383\" decoding=\"async\" loading=\"lazy\" class=\"alignleft size-medium wp-image-4622\" alt=\"La Pira documentario 2\" src=\"https:\/\/i0.wp.com\/www.robertosedda.it\/wp-content\/uploads\/2013\/10\/La-Pira-documentario-2.jpg?resize=300%2C225\" width=\"300\" height=\"225\" srcset=\"https:\/\/i0.wp.com\/www.robertosedda.it\/wp-content\/uploads\/2013\/10\/La-Pira-documentario-2.jpg?resize=300%2C225 300w, https:\/\/i0.wp.com\/www.robertosedda.it\/wp-content\/uploads\/2013\/10\/La-Pira-documentario-2.jpg?resize=150%2C112 150w, https:\/\/i0.wp.com\/www.robertosedda.it\/wp-content\/uploads\/2013\/10\/La-Pira-documentario-2.jpg?resize=1024%2C768 1024w, https:\/\/i0.wp.com\/www.robertosedda.it\/wp-content\/uploads\/2013\/10\/La-Pira-documentario-2.jpg?resize=268%2C200 268w, https:\/\/i0.wp.com\/www.robertosedda.it\/wp-content\/uploads\/2013\/10\/La-Pira-documentario-2.jpg?resize=700%2C525 700w, https:\/\/i0.wp.com\/www.robertosedda.it\/wp-content\/uploads\/2013\/10\/La-Pira-documentario-2.jpg?w=2048 2048w, https:\/\/i0.wp.com\/www.robertosedda.it\/wp-content\/uploads\/2013\/10\/La-Pira-documentario-2.jpg?w=1600 1600w\" sizes=\"(max-width: 300px) 100vw, 300px\" data-recalc-dims=\"1\" \/><\/a>Un giorno di un paio di mesi fa mi arriva la richiesta di un tale Mario Primicerio. Ora, c&#8217;\u00e8 un <a href=\"http:\/\/it.wikipedia.org\/wiki\/Mario_Primicerio\">Mario Primicerio<\/a> che \u00e8 un importante ricercatore e che \u00e8 stato anche sindaco di Firenze. Sar\u00e0 un omonimo. Un Primicerio che oltretutto da giovane \u00e8 stato segretario di Giorgio La Pira. Sar\u00e0 un caso. Oppure \u00e8 uno scherzo. Comunque approvo la domanda (le approvo tutte, salvo minime precauzioni) e poi lo introduco in lista. Sar\u00e0 una coincidenza, dico. Figuriamoci se \u00e8 <em>quel<\/em> Primicerio.<\/p>\n<p>Invece no. \u00c8 proprio Primicerio. Tra le altre cose \u00e8 presidente della <a href=\"http:\/\/fondazionelapira.org\/\"><em>Fondazione Giorgio La Pira <\/em><\/a>e stanno lavorando per cercare di capire che cosa ci sia, in tutta Italia, che ha scelto di riconoscersi nel nome di La Pira: cos\u00ec ci \u00e8 venuto a trovare.<\/p>\n<p>Noi lo facciamo accomodare nella <em>mailing list<\/em> pi\u00f9 o meno con l&#8217;imbarazzo con cui una sposina ammette in casa la suocera sapendo che non ha ancora fatto i piatti, invece riceviamo un sacco di complimenti (immeritati). Ma la vera notizia \u00e8 un&#8217;altra: dopo questo lavoro di ricognizione la <em>Fondazione<\/em> invita a Firenze\u00a0il 5 ottobre, nell&#8217;anniversario della morte di La Pira, tutti i gruppi a lui intitolati per vedersi, conoscersi, confrontarsi. Urca! A Firenze! Doppio urca!! Con riunione a San Marco. A Maria Bonaria brillano gli occhi. Non c&#8217;\u00e8 da discutere: il gruppo &#8220;La Pira&#8221; andr\u00e0 a Firenze.<\/p>\n<h2>Ottime organizzazioni, canottiere di seta e quartieri gi\u00e0 visti<\/h2>\n<p><a href=\"https:\/\/i0.wp.com\/www.robertosedda.it\/wp-content\/uploads\/2013\/10\/Alberto-e-Grazia-La-Pira-aereoporto-3.jpg\"><img data-attachment-id=\"4607\" data-permalink=\"http:\/\/www.robertosedda.it\/?attachment_id=4607\" data-orig-file=\"https:\/\/i0.wp.com\/www.robertosedda.it\/wp-content\/uploads\/2013\/10\/Alberto-e-Grazia-La-Pira-aereoporto-3.jpg?fit=2048%2C1536\" data-orig-size=\"2048,1536\" data-comments-opened=\"1\" data-image-meta=\"{&quot;aperture&quot;:&quot;2.6&quot;,&quot;credit&quot;:&quot;&quot;,&quot;camera&quot;:&quot;YP-G70&quot;,&quot;caption&quot;:&quot;&quot;,&quot;created_timestamp&quot;:&quot;1380911759&quot;,&quot;copyright&quot;:&quot;&quot;,&quot;focal_length&quot;:&quot;3.79&quot;,&quot;iso&quot;:&quot;100&quot;,&quot;shutter_speed&quot;:&quot;0.01&quot;,&quot;title&quot;:&quot;&quot;}\" data-image-title=\"Alberto e Grazia La Pira aereoporto 3\" data-image-description=\"\" data-image-caption=\"\" data-medium-file=\"https:\/\/i0.wp.com\/www.robertosedda.it\/wp-content\/uploads\/2013\/10\/Alberto-e-Grazia-La-Pira-aereoporto-3.jpg?fit=300%2C225\" data-large-file=\"https:\/\/i0.wp.com\/www.robertosedda.it\/wp-content\/uploads\/2013\/10\/Alberto-e-Grazia-La-Pira-aereoporto-3.jpg?fit=510%2C383\" decoding=\"async\" loading=\"lazy\" class=\"alignleft size-medium wp-image-4607\" alt=\"Alberto e Grazia La Pira aereoporto 3\" src=\"https:\/\/i0.wp.com\/www.robertosedda.it\/wp-content\/uploads\/2013\/10\/Alberto-e-Grazia-La-Pira-aereoporto-3.jpg?resize=300%2C225\" width=\"300\" height=\"225\" srcset=\"https:\/\/i0.wp.com\/www.robertosedda.it\/wp-content\/uploads\/2013\/10\/Alberto-e-Grazia-La-Pira-aereoporto-3.jpg?resize=300%2C225 300w, https:\/\/i0.wp.com\/www.robertosedda.it\/wp-content\/uploads\/2013\/10\/Alberto-e-Grazia-La-Pira-aereoporto-3.jpg?resize=150%2C112 150w, https:\/\/i0.wp.com\/www.robertosedda.it\/wp-content\/uploads\/2013\/10\/Alberto-e-Grazia-La-Pira-aereoporto-3.jpg?resize=1024%2C768 1024w, https:\/\/i0.wp.com\/www.robertosedda.it\/wp-content\/uploads\/2013\/10\/Alberto-e-Grazia-La-Pira-aereoporto-3.jpg?resize=268%2C200 268w, https:\/\/i0.wp.com\/www.robertosedda.it\/wp-content\/uploads\/2013\/10\/Alberto-e-Grazia-La-Pira-aereoporto-3.jpg?resize=700%2C525 700w, https:\/\/i0.wp.com\/www.robertosedda.it\/wp-content\/uploads\/2013\/10\/Alberto-e-Grazia-La-Pira-aereoporto-3.jpg?w=2048 2048w, https:\/\/i0.wp.com\/www.robertosedda.it\/wp-content\/uploads\/2013\/10\/Alberto-e-Grazia-La-Pira-aereoporto-3.jpg?w=1600 1600w\" sizes=\"(max-width: 300px) 100vw, 300px\" data-recalc-dims=\"1\" \/><\/a>La delegazione sar\u00e0 composta, alla fine, da me, Maria Bonaria, che cura tutta l&#8217;organizzazione e i contatti con la <em>Fondazione<\/em>, Grazia e Alberto.<\/p>\n<p>Il raduno inizia il 4, venerd\u00ec pomeriggio, ma la combinazione degli orari di <em>Ryanair<\/em> ci impedisce di arrivare in tempo salvo che non rinunciamo a un giorno di lavoro, cosa che nessuno pu\u00f2 fare, quindi non potremo essere alle fasi iniziali del raduno e alla Messa in Santa Croce. Arriveremo sul tardi. In compenso saremo a Firenze anche domenica mattina, magari faremo un po&#8217; di turismo.<\/p>\n<p>A pochi giorni dalla partenza il ricovero del mitico Pino obbliga Bonaria a dare <em>forfait<\/em> e Grazia, che si \u00e8 fatta le ossa con la visita del Papa, prende in mano l&#8217;organizzazione del tutto (<a title=\"La mia vita con il Papa \u2013 l\u2019evento (1)\" href=\"http:\/\/www.robertosedda.it\/?p=4504\">e questa volta si \u00e8 anche portata dietro i documenti<\/a>).<\/p>\n<p>\u00c8 a me, per\u00f2, che nel pomeriggio viene un dubbio e prima di partire telefono in <em>Fondazione<\/em> e scopro che in realt\u00e0 il <em>check-in<\/em> dai Salesiani, dove alloggiamo, andrebbe fatto entro le sei: e se noi arriviamo a Pisa alle otto, allora lo spettro della notte sotto il Ponte Vecchio si fa incombente.<\/p>\n<p>In segreteria Stefano Tilli, gentilissimo ma perplesso, non saprebbe bene che fare, ma io ho un&#8217;illuminazione: \u00abMa se le mando qualcuno a ritirare le chiavi?\u00bb. Meglio di cos\u00ec non potrebbe andare, e\u00a0allora chiamo con un po&#8217; di faccia tosta Lucia Russo, che conduce il gruppo dei soci di Banca Etica di Firenze, e le chiedo se pu\u00f2 passare a ritirarci le chiavi.<\/p>\n<p><a href=\"https:\/\/i0.wp.com\/www.robertosedda.it\/wp-content\/uploads\/2013\/10\/La-Pira-Alberto-e-Grazia.jpg\"><img data-attachment-id=\"4611\" data-permalink=\"http:\/\/www.robertosedda.it\/?attachment_id=4611\" data-orig-file=\"https:\/\/i0.wp.com\/www.robertosedda.it\/wp-content\/uploads\/2013\/10\/La-Pira-Alberto-e-Grazia.jpg?fit=3264%2C2448\" data-orig-size=\"3264,2448\" data-comments-opened=\"1\" data-image-meta=\"{&quot;aperture&quot;:&quot;5.1&quot;,&quot;credit&quot;:&quot;&quot;,&quot;camera&quot;:&quot;F8035&quot;,&quot;caption&quot;:&quot;&quot;,&quot;created_timestamp&quot;:&quot;1380964752&quot;,&quot;copyright&quot;:&quot;&quot;,&quot;focal_length&quot;:&quot;17.1&quot;,&quot;iso&quot;:&quot;320&quot;,&quot;shutter_speed&quot;:&quot;0.007982&quot;,&quot;title&quot;:&quot;YASHICA Digital Camera&quot;}\" data-image-title=\"YASHICA Digital Camera\" data-image-description=\"\" data-image-caption=\"\" data-medium-file=\"https:\/\/i0.wp.com\/www.robertosedda.it\/wp-content\/uploads\/2013\/10\/La-Pira-Alberto-e-Grazia.jpg?fit=300%2C225\" data-large-file=\"https:\/\/i0.wp.com\/www.robertosedda.it\/wp-content\/uploads\/2013\/10\/La-Pira-Alberto-e-Grazia.jpg?fit=510%2C383\" decoding=\"async\" loading=\"lazy\" class=\"alignright size-medium wp-image-4611\" alt=\"YASHICA Digital Camera\" src=\"https:\/\/i0.wp.com\/www.robertosedda.it\/wp-content\/uploads\/2013\/10\/La-Pira-Alberto-e-Grazia.jpg?resize=300%2C225\" width=\"300\" height=\"225\" srcset=\"https:\/\/i0.wp.com\/www.robertosedda.it\/wp-content\/uploads\/2013\/10\/La-Pira-Alberto-e-Grazia.jpg?resize=300%2C225 300w, https:\/\/i0.wp.com\/www.robertosedda.it\/wp-content\/uploads\/2013\/10\/La-Pira-Alberto-e-Grazia.jpg?resize=150%2C112 150w, https:\/\/i0.wp.com\/www.robertosedda.it\/wp-content\/uploads\/2013\/10\/La-Pira-Alberto-e-Grazia.jpg?resize=1024%2C768 1024w, https:\/\/i0.wp.com\/www.robertosedda.it\/wp-content\/uploads\/2013\/10\/La-Pira-Alberto-e-Grazia.jpg?resize=268%2C200 268w, https:\/\/i0.wp.com\/www.robertosedda.it\/wp-content\/uploads\/2013\/10\/La-Pira-Alberto-e-Grazia.jpg?resize=700%2C525 700w, https:\/\/i0.wp.com\/www.robertosedda.it\/wp-content\/uploads\/2013\/10\/La-Pira-Alberto-e-Grazia.jpg?w=1600 1600w, https:\/\/i0.wp.com\/www.robertosedda.it\/wp-content\/uploads\/2013\/10\/La-Pira-Alberto-e-Grazia.jpg?w=2400 2400w\" sizes=\"(max-width: 300px) 100vw, 300px\" data-recalc-dims=\"1\" \/><\/a>Lucia, con una cortesia che ci mostrer\u00e0 inalterata per due giorni (e di cui la ringraziamo anche qui) provvede: e mentre noi partiamo pi\u00f9 tranquilli penso che, <a title=\"La mia vita con il Papa \u2013 L\u2019evento (2)\" href=\"http:\/\/www.robertosedda.it\/?p=4528\">se l&#8217;organizzazione della visita del Papa \u00e8 stata capace di trovargli un <em>mate<\/em> a Cagliari<\/a> io ho trovato un mazzo di chiavi a centinaia di chilometri di distanza &#8211; potenza di Banca Etica (e si vede che questa storia del <em>mate<\/em> mi ha proprio impressionato).<\/p>\n<p>Il viaggio con <em>Ryanair<\/em> \u00e8 come usuale tumultuoso e ricco di incontri: approfitto qui per raccontare un episodio che in realt\u00e0 si \u00e8 svolto al ritorno. Noto dietro di me una bella ragazza alta, molto fine. Vestita con eleganza. Poca e raffinata gioielleria. Poco trucco, occhiali molto seri. Appena siamo gi\u00f9 dall&#8217;aereo si toglie la giacchetta corta dal buon taglio: e sotto la giacca quella che sembrava una semplice camicetta si rivela una canotta di seta scollata e molto sbracciata. Sempre molto fine, ma l&#8217;effetto \u00e8 un po&#8217; come quando\u00a0nei film la tipica segretaria bruttina si scioglie i capelli e getta via gli occhiali. Meditabondo dico ad Alberto: \u00abCurioso come basti togliersi la giacca perch\u00e9 una si trasformi da ragazza della porta accanto a bomba del sesso\u00bb. Alberto, che apparentemente non stava nemmeno guardando, capisce benissimo di chi parlo e mi fa: \u00abNo no, a me mi \u00e8 sembrata da <em>subito<\/em> una bomba del sesso\u00bb.<\/p>\n<p>Ecco, questa \u00e8 la gente che Grazia \u00e8 costretta a portarsi dietro. Meno male che alla <em>Fondazione<\/em> non lo sanno di che cosa parliamo, in viaggio.<\/p>\n<h3>A Firenze<\/h3>\n<p><a href=\"https:\/\/i0.wp.com\/www.robertosedda.it\/wp-content\/uploads\/2013\/10\/La-Pira-sala-inizio.jpg\"><img data-attachment-id=\"4647\" data-permalink=\"http:\/\/www.robertosedda.it\/?attachment_id=4647\" data-orig-file=\"https:\/\/i0.wp.com\/www.robertosedda.it\/wp-content\/uploads\/2013\/10\/La-Pira-sala-inizio.jpg?fit=2048%2C1536\" data-orig-size=\"2048,1536\" data-comments-opened=\"1\" data-image-meta=\"{&quot;aperture&quot;:&quot;2.6&quot;,&quot;credit&quot;:&quot;&quot;,&quot;camera&quot;:&quot;YP-G70&quot;,&quot;caption&quot;:&quot;&quot;,&quot;created_timestamp&quot;:&quot;1380966796&quot;,&quot;copyright&quot;:&quot;&quot;,&quot;focal_length&quot;:&quot;3.79&quot;,&quot;iso&quot;:&quot;400&quot;,&quot;shutter_speed&quot;:&quot;0.11111111111111&quot;,&quot;title&quot;:&quot;&quot;}\" data-image-title=\"La Pira sala inizio\" data-image-description=\"\" data-image-caption=\"\" data-medium-file=\"https:\/\/i0.wp.com\/www.robertosedda.it\/wp-content\/uploads\/2013\/10\/La-Pira-sala-inizio.jpg?fit=300%2C225\" data-large-file=\"https:\/\/i0.wp.com\/www.robertosedda.it\/wp-content\/uploads\/2013\/10\/La-Pira-sala-inizio.jpg?fit=510%2C383\" decoding=\"async\" loading=\"lazy\" class=\"alignleft size-medium wp-image-4647\" alt=\"La Pira sala inizio\" src=\"https:\/\/i0.wp.com\/www.robertosedda.it\/wp-content\/uploads\/2013\/10\/La-Pira-sala-inizio.jpg?resize=300%2C225\" width=\"300\" height=\"225\" srcset=\"https:\/\/i0.wp.com\/www.robertosedda.it\/wp-content\/uploads\/2013\/10\/La-Pira-sala-inizio.jpg?resize=300%2C225 300w, https:\/\/i0.wp.com\/www.robertosedda.it\/wp-content\/uploads\/2013\/10\/La-Pira-sala-inizio.jpg?resize=150%2C112 150w, https:\/\/i0.wp.com\/www.robertosedda.it\/wp-content\/uploads\/2013\/10\/La-Pira-sala-inizio.jpg?resize=1024%2C768 1024w, https:\/\/i0.wp.com\/www.robertosedda.it\/wp-content\/uploads\/2013\/10\/La-Pira-sala-inizio.jpg?resize=268%2C200 268w, https:\/\/i0.wp.com\/www.robertosedda.it\/wp-content\/uploads\/2013\/10\/La-Pira-sala-inizio.jpg?resize=700%2C525 700w, https:\/\/i0.wp.com\/www.robertosedda.it\/wp-content\/uploads\/2013\/10\/La-Pira-sala-inizio.jpg?w=2048 2048w, https:\/\/i0.wp.com\/www.robertosedda.it\/wp-content\/uploads\/2013\/10\/La-Pira-sala-inizio.jpg?w=1600 1600w\" sizes=\"(max-width: 300px) 100vw, 300px\" data-recalc-dims=\"1\" \/><\/a>Arriviamo a Firenze. Lucia ci aspetta in stazione con le chiavi (ve l&#8217;avevo detto che era stata gentilissima) e ci carica sul pullman adatto. Grazie a lei &#8211; e al fatto che Maria Bonaria mi ha dotato di cartine &#8211; arriviamo con facilit\u00e0 dai Salesiani. Il cancello \u00e8 aperto. Tutto \u00e8 buio.<\/p>\n<p>Ora, non vorrei che pensaste a un comune oratorio. Il cortile \u00e8 <em>enorme<\/em>. Al centro su un rimorchio c&#8217;\u00e8 un pullmino. Acceso. La cosa \u00e8 un po&#8217; spettrale. Intorno una serie di palazzi (che fanno tutti parte del complesso) e una distesa sterminata di campi da calcio. E nessuno in giro.<\/p>\n<p>C&#8217;\u00e8 solo una porticina aperta. Aldil\u00e0 tutto \u00e8 deserto. Ci aggiriamo, finch\u00e9 non troviamo un ufficio e un anziano padre salesiano. Non ci lascia nemmeno parlare: \u00abMeno male che siete arrivati! Io me ne vorrei andare a letto! Ma non vi ha detto niente il signor Tilli?\u00bb.<\/p>\n<p>No, cosa ci doveva dire. Comunque abbiamo le chiavi delle camere, guardi. Volevamo solo sapere dove dobbiamo andare. Non si preoccupi.<\/p>\n<p>\u00abBenedetti ragazzi. Ma ci sono cartelli con le frecce dappertutto. Non vi ha detto niente il signor Tilli?\u00bb. E dagli. \u00abIo sono qui che aspetto. Siete gli ultimi? Deve arrivare qualcun altro? Non vi ha detto niente il signor Tilli?\u00bb. E <em>dringhede<\/em>.<\/p>\n<p>Insomma, prosternandoci ogni passo e cospargendoci il capo di cenere guadagniamo le camere, non prima di esserci dati un appuntamento per cena. Curiosamente Grazia si \u00e8 resa conto che quasi nella stessa strada ha alloggiato in un&#8217;occasione precedente e conosce bene il quartiere, compresa una pizzeria, dove mangiamo pi\u00f9 che discretamente. Siamo a posto: l&#8217;organizzazione \u00e8 <em>perfetta<\/em>.<\/p>\n<h2><a href=\"https:\/\/i0.wp.com\/www.robertosedda.it\/wp-content\/uploads\/2013\/10\/La-Pira-la-sala-4.jpg\"><img data-attachment-id=\"4633\" data-permalink=\"http:\/\/www.robertosedda.it\/?attachment_id=4633\" data-orig-file=\"https:\/\/i0.wp.com\/www.robertosedda.it\/wp-content\/uploads\/2013\/10\/La-Pira-la-sala-4.jpg?fit=3264%2C2448\" data-orig-size=\"3264,2448\" data-comments-opened=\"1\" data-image-meta=\"{&quot;aperture&quot;:&quot;2.8&quot;,&quot;credit&quot;:&quot;&quot;,&quot;camera&quot;:&quot;F8035&quot;,&quot;caption&quot;:&quot;&quot;,&quot;created_timestamp&quot;:&quot;1380988850&quot;,&quot;copyright&quot;:&quot;&quot;,&quot;focal_length&quot;:&quot;5.7&quot;,&quot;iso&quot;:&quot;800&quot;,&quot;shutter_speed&quot;:&quot;0.026022&quot;,&quot;title&quot;:&quot;YASHICA Digital Camera&quot;}\" data-image-title=\"YASHICA Digital Camera\" data-image-description=\"\" data-image-caption=\"\" data-medium-file=\"https:\/\/i0.wp.com\/www.robertosedda.it\/wp-content\/uploads\/2013\/10\/La-Pira-la-sala-4.jpg?fit=300%2C225\" data-large-file=\"https:\/\/i0.wp.com\/www.robertosedda.it\/wp-content\/uploads\/2013\/10\/La-Pira-la-sala-4.jpg?fit=510%2C383\" decoding=\"async\" loading=\"lazy\" class=\"alignleft size-medium wp-image-4633\" alt=\"YASHICA Digital Camera\" src=\"https:\/\/i0.wp.com\/www.robertosedda.it\/wp-content\/uploads\/2013\/10\/La-Pira-la-sala-4.jpg?resize=300%2C225\" width=\"300\" height=\"225\" srcset=\"https:\/\/i0.wp.com\/www.robertosedda.it\/wp-content\/uploads\/2013\/10\/La-Pira-la-sala-4.jpg?resize=300%2C225 300w, https:\/\/i0.wp.com\/www.robertosedda.it\/wp-content\/uploads\/2013\/10\/La-Pira-la-sala-4.jpg?resize=150%2C112 150w, https:\/\/i0.wp.com\/www.robertosedda.it\/wp-content\/uploads\/2013\/10\/La-Pira-la-sala-4.jpg?resize=1024%2C768 1024w, https:\/\/i0.wp.com\/www.robertosedda.it\/wp-content\/uploads\/2013\/10\/La-Pira-la-sala-4.jpg?resize=268%2C200 268w, https:\/\/i0.wp.com\/www.robertosedda.it\/wp-content\/uploads\/2013\/10\/La-Pira-la-sala-4.jpg?resize=700%2C525 700w, https:\/\/i0.wp.com\/www.robertosedda.it\/wp-content\/uploads\/2013\/10\/La-Pira-la-sala-4.jpg?w=1600 1600w, https:\/\/i0.wp.com\/www.robertosedda.it\/wp-content\/uploads\/2013\/10\/La-Pira-la-sala-4.jpg?w=2400 2400w\" sizes=\"(max-width: 300px) 100vw, 300px\" data-recalc-dims=\"1\" \/><\/a>Una bella giornata<\/h2>\n<p>La mattina dopo ci alziamo prestissimo per fare colazione: giriamo un po&#8217; per il quartiere, troviamo un bar interessante e trangugiamo cappuccino e cornetti in modo da essere puntuali. Al nostro ritorno scopriamo che in realt\u00e0 nella mensa dei Salesiani servivano anche la colazione. Pazienza. \u00abNon vi aveva detto niente il signor Tilli?\u00bb. A Stefano Tilli fischieranno le orecchie. Comunque diciamo al padre che vorremmo sapere dov&#8217;\u00e8 l&#8217;Aula Magna. Conto fino a tre: uno, due e&#8230; \u00abMa non ve l&#8217;ha detto il signor Tilli?\u00bb. Come volevasi dimostrare. E fuori c&#8217;era pure il cartello: bastava guardare.<\/p>\n<h3><em>Spes contra spem<\/em><\/h3>\n<p>La cosa che notiamo subito \u00e8 il clima cordiale. Finalmente conosciamo di persona Primicerio. Mi informo su chi del resto del gruppo sia Tilli: \u00e8 perch\u00e9 lo voglio ringraziare per la storia delle chiavi, ma dopo il <em>refrain\u00a0<\/em>del padre salesiano quasi mi viene da chiedergli: \u00abMa ci devi dire qualche cosa?\u00bb.<\/p>\n<p>Guardiamo la sala con curiosit\u00e0: ci sono diversi giovani. Col gruppo prima di partire ci siamo velatamente chiesti che cosa avremmo trovato, in termini di visioni di chiesa, posizioni politiche, tipi di attivit\u00e0; qualche sito in giro per l&#8217;Italia sembrava un po&#8217; distante da noi. Durante tutta la giornata siamo sempre pi\u00f9 rassicurati: siamo tutti dentro i vari filoni del cattolicesimo democratico (a un certo punto viene citato anche Gramsci, <em>ooops<\/em>); non ci sono amici degli atei devoti. Invece scopriremo una grandissima variet\u00e0 di attivit\u00e0 fra cui, curiosamente, molta attenzione alla poesia. Bellissimo.<\/p>\n<p><a href=\"https:\/\/i0.wp.com\/www.robertosedda.it\/wp-content\/uploads\/2013\/10\/La-Pira-non-ce-ne-andiamo-5.jpg\"><img data-attachment-id=\"4639\" data-permalink=\"http:\/\/www.robertosedda.it\/?attachment_id=4639\" data-orig-file=\"https:\/\/i0.wp.com\/www.robertosedda.it\/wp-content\/uploads\/2013\/10\/La-Pira-non-ce-ne-andiamo-5.jpg?fit=3264%2C2448\" data-orig-size=\"3264,2448\" data-comments-opened=\"1\" data-image-meta=\"{&quot;aperture&quot;:&quot;3.2&quot;,&quot;credit&quot;:&quot;&quot;,&quot;camera&quot;:&quot;F8035&quot;,&quot;caption&quot;:&quot;&quot;,&quot;created_timestamp&quot;:&quot;1380994255&quot;,&quot;copyright&quot;:&quot;&quot;,&quot;focal_length&quot;:&quot;7.1&quot;,&quot;iso&quot;:&quot;200&quot;,&quot;shutter_speed&quot;:&quot;0.041856&quot;,&quot;title&quot;:&quot;YASHICA Digital Camera&quot;}\" data-image-title=\"YASHICA Digital Camera\" data-image-description=\"\" data-image-caption=\"\" data-medium-file=\"https:\/\/i0.wp.com\/www.robertosedda.it\/wp-content\/uploads\/2013\/10\/La-Pira-non-ce-ne-andiamo-5.jpg?fit=300%2C225\" data-large-file=\"https:\/\/i0.wp.com\/www.robertosedda.it\/wp-content\/uploads\/2013\/10\/La-Pira-non-ce-ne-andiamo-5.jpg?fit=510%2C383\" decoding=\"async\" loading=\"lazy\" class=\"alignleft size-medium wp-image-4639\" alt=\"YASHICA Digital Camera\" src=\"https:\/\/i0.wp.com\/www.robertosedda.it\/wp-content\/uploads\/2013\/10\/La-Pira-non-ce-ne-andiamo-5.jpg?resize=300%2C225\" width=\"300\" height=\"225\" srcset=\"https:\/\/i0.wp.com\/www.robertosedda.it\/wp-content\/uploads\/2013\/10\/La-Pira-non-ce-ne-andiamo-5.jpg?resize=300%2C225 300w, https:\/\/i0.wp.com\/www.robertosedda.it\/wp-content\/uploads\/2013\/10\/La-Pira-non-ce-ne-andiamo-5.jpg?resize=150%2C112 150w, https:\/\/i0.wp.com\/www.robertosedda.it\/wp-content\/uploads\/2013\/10\/La-Pira-non-ce-ne-andiamo-5.jpg?resize=1024%2C768 1024w, https:\/\/i0.wp.com\/www.robertosedda.it\/wp-content\/uploads\/2013\/10\/La-Pira-non-ce-ne-andiamo-5.jpg?resize=268%2C200 268w, https:\/\/i0.wp.com\/www.robertosedda.it\/wp-content\/uploads\/2013\/10\/La-Pira-non-ce-ne-andiamo-5.jpg?resize=700%2C525 700w, https:\/\/i0.wp.com\/www.robertosedda.it\/wp-content\/uploads\/2013\/10\/La-Pira-non-ce-ne-andiamo-5.jpg?w=1600 1600w, https:\/\/i0.wp.com\/www.robertosedda.it\/wp-content\/uploads\/2013\/10\/La-Pira-non-ce-ne-andiamo-5.jpg?w=2400 2400w\" sizes=\"(max-width: 300px) 100vw, 300px\" data-recalc-dims=\"1\" \/><\/a>Per cominciare, per\u00f2, si elencano le provenienze. Della Sardegna ci siamo solo noi. Moltissimi siciliani, com&#8217;\u00e8 ovvio,\u00a0e chiaramente una folta rappresentanza locale o comunque toscana. Poi parecchi campani, qualcuno dalla Calabria, pugliesi, dei romani, un gruppo da Reggio Emilia. Quando si sente Bolzano sono molto colpito. Quando la provenienza seguente \u00e8 dell&#8217;Azione Cattolica un pochetto mi commuovo. E in quel momento entra Enzo Cacioli, che era responsabile regionale dei giovani della Toscana quando io lo ero di quelli della Sardegna, e che non vedevo da <em>aaanni<\/em>.<\/p>\n<p>Ci sono altri fili che si riannodano: con la <em>Fondazione<\/em> collabora Mario, che fa parte anche del GIT di Banca Etica. Fili, nodi e gomitoli.<\/p>\n<p>Durante la mattina ci sono due relazioni, una sulla spiritualit\u00e0 francescana di La Pira e una sul suo impegno per la pace.<\/p>\n<p>All&#8217;inizio della prima sono un po&#8217; stupito: tutti sanno di La Pira terziario domenicano, e del suo ruolo nelle conferenze vincenziane: anche francescano? In realt\u00e0 sono ignorante io, ma non \u00e8 questo che penso durante la relazione: ma piuttosto come sia proprio del laico fare sintesi della storia della Chiesa e del contributo dei vari santi; la spiritualit\u00e0 esclusiva, il carisma esclusivo, \u00e8 propria dei religiosi: il laico getta ponti fra e il mondo e i tesori molteplici della Chiesa e se serve pesca dove pu\u00f2.<\/p>\n<p>La seconda relatrice \u00e8 molto brillante. Mentre la ascolto rifletto sulle nuove forme che il crinale apocalittico della storia &#8211; un&#8217;espressione tipica di La Pira &#8211; assume oggi, e su una serie di altre cose. Poi tutto si concentra sulla famosa visita ad Ho Chi Minh (anche Primicerio interviene coi suoi racconti diretti) e un po&#8217; mi perdo; faccio in tempo per\u00f2 a registrare un tema sul governo della globalizzazione su cui cercher\u00f2 di tornare, quando avr\u00f2 le idee pi\u00f9 chiare.<\/p>\n<p>L&#8217;altra riflessione che faccio \u00e8 che la guerra del Vietnam non riguardava <em>direttamente<\/em> La Pira e l&#8217;Italia. Certo, c&#8217;erano influenze geopolitiche di vario tipo, ma La Pira pensava in maniera <em>globale<\/em>: una visione che negli ultimi anni certamente si \u00e8 persa, in favore dell&#8217;interesse &#8220;nazionale&#8221;.<\/p>\n<h3>Una strana pausa pranzo<\/h3>\n<p><a href=\"https:\/\/i0.wp.com\/www.robertosedda.it\/wp-content\/uploads\/2013\/10\/La-Pira-Primicerio.jpg\"><img data-attachment-id=\"4642\" data-permalink=\"http:\/\/www.robertosedda.it\/?attachment_id=4642\" data-orig-file=\"https:\/\/i0.wp.com\/www.robertosedda.it\/wp-content\/uploads\/2013\/10\/La-Pira-Primicerio.jpg?fit=3264%2C2448\" data-orig-size=\"3264,2448\" data-comments-opened=\"1\" data-image-meta=\"{&quot;aperture&quot;:&quot;5.1&quot;,&quot;credit&quot;:&quot;&quot;,&quot;camera&quot;:&quot;F8035&quot;,&quot;caption&quot;:&quot;&quot;,&quot;created_timestamp&quot;:&quot;1380976032&quot;,&quot;copyright&quot;:&quot;&quot;,&quot;focal_length&quot;:&quot;17.1&quot;,&quot;iso&quot;:&quot;800&quot;,&quot;shutter_speed&quot;:&quot;0.025581&quot;,&quot;title&quot;:&quot;YASHICA Digital Camera&quot;}\" data-image-title=\"YASHICA Digital Camera\" data-image-description=\"\" data-image-caption=\"\" data-medium-file=\"https:\/\/i0.wp.com\/www.robertosedda.it\/wp-content\/uploads\/2013\/10\/La-Pira-Primicerio.jpg?fit=300%2C225\" data-large-file=\"https:\/\/i0.wp.com\/www.robertosedda.it\/wp-content\/uploads\/2013\/10\/La-Pira-Primicerio.jpg?fit=510%2C383\" decoding=\"async\" loading=\"lazy\" class=\"size-medium wp-image-4642 alignright\" alt=\"YASHICA Digital Camera\" src=\"https:\/\/i0.wp.com\/www.robertosedda.it\/wp-content\/uploads\/2013\/10\/La-Pira-Primicerio.jpg?resize=300%2C225\" width=\"300\" height=\"225\" srcset=\"https:\/\/i0.wp.com\/www.robertosedda.it\/wp-content\/uploads\/2013\/10\/La-Pira-Primicerio.jpg?resize=300%2C225 300w, https:\/\/i0.wp.com\/www.robertosedda.it\/wp-content\/uploads\/2013\/10\/La-Pira-Primicerio.jpg?resize=150%2C112 150w, https:\/\/i0.wp.com\/www.robertosedda.it\/wp-content\/uploads\/2013\/10\/La-Pira-Primicerio.jpg?resize=1024%2C768 1024w, https:\/\/i0.wp.com\/www.robertosedda.it\/wp-content\/uploads\/2013\/10\/La-Pira-Primicerio.jpg?resize=268%2C200 268w, https:\/\/i0.wp.com\/www.robertosedda.it\/wp-content\/uploads\/2013\/10\/La-Pira-Primicerio.jpg?resize=700%2C525 700w, https:\/\/i0.wp.com\/www.robertosedda.it\/wp-content\/uploads\/2013\/10\/La-Pira-Primicerio.jpg?w=1600 1600w, https:\/\/i0.wp.com\/www.robertosedda.it\/wp-content\/uploads\/2013\/10\/La-Pira-Primicerio.jpg?w=2400 2400w\" sizes=\"(max-width: 300px) 100vw, 300px\" data-recalc-dims=\"1\" \/><\/a>A quanto pare per noi che non l&#8217;abbiamo potuto fare la sera prima, essendo arrivati in ritardo, \u00e8 possibile fare una visita specialissima in Santa Croce per vedere il cantiere del restauro della Cappella Maggiore e ammirare da vicino gli affreschi di Agnolo Gaddi. Si tratta di saltare il pranzo, ma <em>ehi!<\/em>, vale la pena. E cos\u00ec ci stipiamo in un tass\u00ec con Giuseppe che viene dalla Sicilia, sotto la pioggia battente.<\/p>\n<p>\u00a0A Santa Croce \u00e8 tutto chiuso. <em>Ooops<\/em>. Vagabondiamo sotto la pioggia. Troviamo un ingresso laterale. Ci trattano malissimo e ci mandano via. E piove. Alla fine dopo mille insistenze arriva un responsabile. \u00abVisita?! Aaaah, la <em>visita<\/em>! Nooo, quella l&#8217;abbiamo spostata alle undici e mezzo\u00bb.<\/p>\n<p>\u00abE scusi, noi come facevamo a saperlo?\u00bb.<\/p>\n<p>\u00abBeh, dovevate telefonare per sapere che l&#8217;orario era stato spostato\u00bb. Ah, beh, certo, <em>voi<\/em> spostate l&#8217;orario ma <em>noi<\/em> dobbiamo telefonare per scoprirlo. Elementare, Watson.<\/p>\n<p>Giuseppe ci si arrabbia un po&#8217;, insiste, telefona a Primicerio, chiede di parlare con qalcun altro. Noi siamo gi\u00e0 rassegnati. Alla fine un po&#8217; seccati ci ritroviamo in un altro tass\u00ec.<\/p>\n<p>Il tassista capisce che ci \u00e8 successo qualcosa, si informa. \u00abMa niente\u00bb, dice Giuseppe, \u00ab\u00e8 solo che potevamo vedere da vicino gli affreschi del Gaddi\u00bb.<\/p>\n<p>\u00abGoduria\u00bb, fa il tassista. A me mi scappa da ridere, Giuseppe invece un po&#8217; ci rimane male: \u00abBeh, tutti i gusti sono gusti\u00bb, fa con tono difensivo. \u00abAh certo\u00bb, dice il tassista, ma il tono indica che lui scambierebbe ore davanti agli affreschi del Gaddi con soli cinque minuti davanti a un <em>mojito<\/em>. Meno male che ci hanno lasciato da parte il pranzo, robusto e abbondante.<\/p>\n<h3>Che fare?<\/h3>\n<p>Il tema del pomeriggio \u00e8 un po&#8217; quello di quale coordinamento dare, se si vuole, a tutte queste nostre varie realt\u00e0 intitolate a La Pira. \u00c8 anche un&#8217;occasione per confrontarsi, scoprire che cosa fa ciascuno. Si confrontano idee diverse sul futuro: alla fine non ho capito se abbiamo deciso qualcosa di definitivo, ma in tutti si sentiva il piacere di essersi incontrati e la voglia di fare qualcosa, quindi secondo me qualcosa nascer\u00e0.<\/p>\n<p><a href=\"https:\/\/i0.wp.com\/www.robertosedda.it\/wp-content\/uploads\/2013\/10\/La-Pira-dibattito-6.jpg\"><img data-attachment-id=\"4620\" data-permalink=\"http:\/\/www.robertosedda.it\/?attachment_id=4620\" data-orig-file=\"https:\/\/i0.wp.com\/www.robertosedda.it\/wp-content\/uploads\/2013\/10\/La-Pira-dibattito-6.jpg?fit=2448%2C3264\" data-orig-size=\"2448,3264\" data-comments-opened=\"1\" data-image-meta=\"{&quot;aperture&quot;:&quot;5.1&quot;,&quot;credit&quot;:&quot;&quot;,&quot;camera&quot;:&quot;F8035&quot;,&quot;caption&quot;:&quot;&quot;,&quot;created_timestamp&quot;:&quot;1380991904&quot;,&quot;copyright&quot;:&quot;&quot;,&quot;focal_length&quot;:&quot;17.1&quot;,&quot;iso&quot;:&quot;800&quot;,&quot;shutter_speed&quot;:&quot;0.028796&quot;,&quot;title&quot;:&quot;YASHICA Digital Camera&quot;}\" data-image-title=\"YASHICA Digital Camera\" data-image-description=\"\" data-image-caption=\"\" data-medium-file=\"https:\/\/i0.wp.com\/www.robertosedda.it\/wp-content\/uploads\/2013\/10\/La-Pira-dibattito-6.jpg?fit=225%2C300\" data-large-file=\"https:\/\/i0.wp.com\/www.robertosedda.it\/wp-content\/uploads\/2013\/10\/La-Pira-dibattito-6.jpg?fit=510%2C680\" decoding=\"async\" loading=\"lazy\" class=\"alignleft size-medium wp-image-4620\" alt=\"YASHICA Digital Camera\" src=\"https:\/\/i0.wp.com\/www.robertosedda.it\/wp-content\/uploads\/2013\/10\/La-Pira-dibattito-6.jpg?resize=225%2C300\" width=\"225\" height=\"300\" srcset=\"https:\/\/i0.wp.com\/www.robertosedda.it\/wp-content\/uploads\/2013\/10\/La-Pira-dibattito-6.jpg?resize=225%2C300 225w, https:\/\/i0.wp.com\/www.robertosedda.it\/wp-content\/uploads\/2013\/10\/La-Pira-dibattito-6.jpg?resize=112%2C150 112w, https:\/\/i0.wp.com\/www.robertosedda.it\/wp-content\/uploads\/2013\/10\/La-Pira-dibattito-6.jpg?resize=768%2C1024 768w, https:\/\/i0.wp.com\/www.robertosedda.it\/wp-content\/uploads\/2013\/10\/La-Pira-dibattito-6.jpg?resize=700%2C933 700w, https:\/\/i0.wp.com\/www.robertosedda.it\/wp-content\/uploads\/2013\/10\/La-Pira-dibattito-6.jpg?w=1600 1600w, https:\/\/i0.wp.com\/www.robertosedda.it\/wp-content\/uploads\/2013\/10\/La-Pira-dibattito-6.jpg?w=2400 2400w\" sizes=\"(max-width: 225px) 100vw, 225px\" data-recalc-dims=\"1\" \/><\/a>\u00c8 anche l&#8217;occasione per conoscere meglio la <em>Fondazione<\/em> e le sue attivit\u00e0, e per presentare quelli\u00a0che ci lavorano e ci hanno lavorato, per la maggior parte uomini e donne che sono stati a diretto contatto con La Pira. Man mano che ascolto rifletto su come sia un bel gruppo, e fatto da belle persone: Primicerio \u00e8 direttamente un grande, ma tutto il gruppo\u00a0colpisce e si vede che aggrega altre belle persone, penso per esempio alla Bagnato, la storica della relazione della mattina. Un po&#8217; mi viene in mente don Loi, lo zio di Bonaria citato dal Papa. Subito prima di morire disse alla famiglia: \u00abCi vediamo in cielo. Mi raccomando: che nessuno manchi\u00bb.\u00a0Allo stesso modo\u00a0io sono cresciuto in una Chiesa in cui fra i criteri di ecclesialit\u00e0 delle associazioni si consideravano i frutti spirituali &#8211; se qualcosa da buon frutto \u00e8 buona Chiesa. Nella <em>Fondazione<\/em> e nell&#8217;incontro che ho vissuto, lo dico senza piaggeria, ho trovato una conferma della bont\u00e0 dell&#8217;insegnamento di La Pira e, all&#8217;incontrario, il senso di un percorso che ha dato buoni frutti nelle persone di cui si era circondato.<\/p>\n<p>Questi pensieri cos\u00ec elevati\u00a0poco dopo si sgretolano. La ragazza dell&#8217;Azione Cattolica al momento di salutare mi dice: \u00abHo sentito Massimo Fadda da Cagliari. Mi ha detto di salutarvi tanto\u00bb. Ora. Vediamo un po&#8217;. Se dovessi fare un elenco delle cento persone che hanno sostenuto e incoraggiato il nostro gruppo, Massimo Fadda sarebbe pi\u00f9 o meno a quota meno un miliardo. Mi giro perplesso verso Grazia e Alberto, ed \u00e8\u00a0quest&#8217;ultimo che riassume: \u00abDigli che ricambiamo <em>esattamente<\/em> con gli stessi sentimenti\u00bb. Non molto lapiriano, ma adeguato.<\/p>\n<h2><a href=\"https:\/\/i0.wp.com\/www.robertosedda.it\/wp-content\/uploads\/2013\/10\/La-Pira-Alberto-fotografo.jpg\"><img data-attachment-id=\"4612\" data-permalink=\"http:\/\/www.robertosedda.it\/?attachment_id=4612\" data-orig-file=\"https:\/\/i0.wp.com\/www.robertosedda.it\/wp-content\/uploads\/2013\/10\/La-Pira-Alberto-fotografo.jpg?fit=3264%2C2448\" data-orig-size=\"3264,2448\" data-comments-opened=\"1\" data-image-meta=\"{&quot;aperture&quot;:&quot;2.8&quot;,&quot;credit&quot;:&quot;&quot;,&quot;camera&quot;:&quot;F8035&quot;,&quot;caption&quot;:&quot;&quot;,&quot;created_timestamp&quot;:&quot;1381002003&quot;,&quot;copyright&quot;:&quot;&quot;,&quot;focal_length&quot;:&quot;5.7&quot;,&quot;iso&quot;:&quot;320&quot;,&quot;shutter_speed&quot;:&quot;0.025&quot;,&quot;title&quot;:&quot;YASHICA Digital Camera&quot;}\" data-image-title=\"YASHICA Digital Camera\" data-image-description=\"\" data-image-caption=\"\" data-medium-file=\"https:\/\/i0.wp.com\/www.robertosedda.it\/wp-content\/uploads\/2013\/10\/La-Pira-Alberto-fotografo.jpg?fit=300%2C225\" data-large-file=\"https:\/\/i0.wp.com\/www.robertosedda.it\/wp-content\/uploads\/2013\/10\/La-Pira-Alberto-fotografo.jpg?fit=510%2C383\" decoding=\"async\" loading=\"lazy\" class=\"size-medium wp-image-4612 alignright\" alt=\"YASHICA Digital Camera\" src=\"https:\/\/i0.wp.com\/www.robertosedda.it\/wp-content\/uploads\/2013\/10\/La-Pira-Alberto-fotografo.jpg?resize=300%2C225\" width=\"300\" height=\"225\" srcset=\"https:\/\/i0.wp.com\/www.robertosedda.it\/wp-content\/uploads\/2013\/10\/La-Pira-Alberto-fotografo.jpg?resize=300%2C225 300w, https:\/\/i0.wp.com\/www.robertosedda.it\/wp-content\/uploads\/2013\/10\/La-Pira-Alberto-fotografo.jpg?resize=150%2C112 150w, https:\/\/i0.wp.com\/www.robertosedda.it\/wp-content\/uploads\/2013\/10\/La-Pira-Alberto-fotografo.jpg?resize=1024%2C768 1024w, https:\/\/i0.wp.com\/www.robertosedda.it\/wp-content\/uploads\/2013\/10\/La-Pira-Alberto-fotografo.jpg?resize=268%2C200 268w, https:\/\/i0.wp.com\/www.robertosedda.it\/wp-content\/uploads\/2013\/10\/La-Pira-Alberto-fotografo.jpg?resize=700%2C525 700w, https:\/\/i0.wp.com\/www.robertosedda.it\/wp-content\/uploads\/2013\/10\/La-Pira-Alberto-fotografo.jpg?w=1600 1600w, https:\/\/i0.wp.com\/www.robertosedda.it\/wp-content\/uploads\/2013\/10\/La-Pira-Alberto-fotografo.jpg?w=2400 2400w\" sizes=\"(max-width: 300px) 100vw, 300px\" data-recalc-dims=\"1\" \/><\/a>E dopo<\/h2>\n<p>La sera, finito tutto, salutati tutti, ringraziati tutti, con la benedizione del padre salesiano (\u00abAdesso visitate Firenze? Bravi, bravi\u00bb, e no, questa volta\u00a0a quanto pare\u00a0Tilli non\u00a0doveva dirci niente)\u00a0siamo andati in giro per Firenze. Lucia, ancora una volta gentilissima,\u00a0ci ha portato in giro e poi a mangiare (una porzione per due che a stento abbiamo finito in quattro) e poi di nuovo in giro. Mentre andavamo a zonzo vediamo una grande cupola azzurra e andiamo a esplorare: \u00e8 la sinagoga. Vediamo che si pu\u00f2 visitare e ce lo diamo come obiettivo per la mattina dopo.<\/p>\n<p><a href=\"https:\/\/i0.wp.com\/www.robertosedda.it\/wp-content\/uploads\/2013\/10\/La-Pira-sinagoga-2.jpg\"><img data-attachment-id=\"4648\" data-permalink=\"http:\/\/www.robertosedda.it\/?attachment_id=4648\" data-orig-file=\"https:\/\/i0.wp.com\/www.robertosedda.it\/wp-content\/uploads\/2013\/10\/La-Pira-sinagoga-2.jpg?fit=3264%2C2448\" data-orig-size=\"3264,2448\" data-comments-opened=\"1\" data-image-meta=\"{&quot;aperture&quot;:&quot;2.8&quot;,&quot;credit&quot;:&quot;&quot;,&quot;camera&quot;:&quot;F8035&quot;,&quot;caption&quot;:&quot;&quot;,&quot;created_timestamp&quot;:&quot;1381001917&quot;,&quot;copyright&quot;:&quot;&quot;,&quot;focal_length&quot;:&quot;5.7&quot;,&quot;iso&quot;:&quot;157&quot;,&quot;shutter_speed&quot;:&quot;2&quot;,&quot;title&quot;:&quot;YASHICA Digital Camera&quot;}\" data-image-title=\"YASHICA Digital Camera\" data-image-description=\"\" data-image-caption=\"\" data-medium-file=\"https:\/\/i0.wp.com\/www.robertosedda.it\/wp-content\/uploads\/2013\/10\/La-Pira-sinagoga-2.jpg?fit=300%2C225\" data-large-file=\"https:\/\/i0.wp.com\/www.robertosedda.it\/wp-content\/uploads\/2013\/10\/La-Pira-sinagoga-2.jpg?fit=510%2C383\" decoding=\"async\" loading=\"lazy\" class=\"alignleft size-medium wp-image-4648\" alt=\"YASHICA Digital Camera\" src=\"https:\/\/i0.wp.com\/www.robertosedda.it\/wp-content\/uploads\/2013\/10\/La-Pira-sinagoga-2.jpg?resize=300%2C225\" width=\"300\" height=\"225\" srcset=\"https:\/\/i0.wp.com\/www.robertosedda.it\/wp-content\/uploads\/2013\/10\/La-Pira-sinagoga-2.jpg?resize=300%2C225 300w, https:\/\/i0.wp.com\/www.robertosedda.it\/wp-content\/uploads\/2013\/10\/La-Pira-sinagoga-2.jpg?resize=150%2C112 150w, https:\/\/i0.wp.com\/www.robertosedda.it\/wp-content\/uploads\/2013\/10\/La-Pira-sinagoga-2.jpg?resize=1024%2C768 1024w, https:\/\/i0.wp.com\/www.robertosedda.it\/wp-content\/uploads\/2013\/10\/La-Pira-sinagoga-2.jpg?resize=268%2C200 268w, https:\/\/i0.wp.com\/www.robertosedda.it\/wp-content\/uploads\/2013\/10\/La-Pira-sinagoga-2.jpg?resize=700%2C525 700w, https:\/\/i0.wp.com\/www.robertosedda.it\/wp-content\/uploads\/2013\/10\/La-Pira-sinagoga-2.jpg?w=1600 1600w, https:\/\/i0.wp.com\/www.robertosedda.it\/wp-content\/uploads\/2013\/10\/La-Pira-sinagoga-2.jpg?w=2400 2400w\" sizes=\"(max-width: 300px) 100vw, 300px\" data-recalc-dims=\"1\" \/><\/a>E infatti il giorno dopo, puntualissimi, siamo davanti all&#8217;ingresso. La visita dura pi\u00f9 di due ore ed \u00e8 veramente bella, ma dobbiamo tagliare corto per recuperare le borse per partire. Facciamo in tempo a visitare il villaggio di <em>Save the Children<\/em> in piazza di Santa Maria Novella: Elena Piseddu mi aveva\u00a0minacciato di morte se non fossi passato a salutare. \u00c8 fatto veramente bene, e anche dal punto di vista dell&#8217;inventore di giochi suscita un sacco di idee. Bello.<\/p>\n<p>Ci sarebbe stata l&#8217;occasione di fare tante altre visite, se avessimo avuto il tempo: nei pressi della sinagoga abbiamo individuato una moschea (a fianco della fondazione di Banca Etica, peraltro), la sede dei\u00a0cristiani valdesi e un altro tempio evangelico. Una mattinata ecumenica e interreligiosa in pieno stile da gruppo &#8220;La Pira&#8221;.<\/p>\n<p>\u00abGoduria\u00bb, avrebbe detto il tassista, lo so.<\/p>\n","protected":false},"excerpt":{"rendered":"<p>Curioso: Primicerio. Come&#8230; Credo di avere detto da qualche parte che il gruppo &#8220;La Pira&#8221; dell&#8217;AC di Cagliari ha una<\/p>\n","protected":false},"author":1,"featured_media":4606,"comment_status":"open","ping_status":"open","sticky":false,"template":"","format":"standard","meta":{"_mi_skip_tracking":false,"_monsterinsights_sitenote_active":false,"_monsterinsights_sitenote_note":"","_monsterinsights_sitenote_category":0,"jetpack_post_was_ever_published":false,"_jetpack_newsletter_access":"","jetpack_publicize_message":"","jetpack_is_tweetstorm":false,"jetpack_publicize_feature_enabled":true,"jetpack_social_post_already_shared":false,"jetpack_social_options":{"image_generator_settings":{"template":"highway","enabled":false}}},"categories":[52,49,54,62,12],"tags":[],"jetpack_publicize_connections":[],"jetpack_featured_media_url":"https:\/\/i0.wp.com\/www.robertosedda.it\/wp-content\/uploads\/2013\/10\/Alberto-e-Grazia-La-Pira-aereoporto-2.jpg?fit=2048%2C1536","jetpack_sharing_enabled":true,"jetpack_shortlink":"https:\/\/wp.me\/p4jV2T-1ce","jetpack_likes_enabled":true,"jetpack-related-posts":[{"id":15472,"url":"http:\/\/www.robertosedda.it\/?p=15472","url_meta":{"origin":4602,"position":0},"title":"Gli articoli su La Pira del Portico","author":"Rufus","date":"16\/07\/2018","format":false,"excerpt":"Come ho raccontato l'altro giorno ho scritto un articolo per Il Portico, il settimanale diocesano, sull'impegno per la pace di Giorgio La Pira. Lo riporto qui sotto, segnalandovi che sul giornale trovate anche un\u00a0 articolo sul gruppo diocesano Giorgio La Pira, ne quale mi onoro di militare, e un editoriale\u2026","rel":"","context":"In &quot;Coordinate&quot;","block_context":{"text":"Coordinate","link":"http:\/\/www.robertosedda.it\/?cat=52"},"img":{"alt_text":"","src":"https:\/\/i0.wp.com\/www.robertosedda.it\/wp-content\/uploads\/2018\/07\/giorgio-la-pira-uomo-di-pace-dialogo.jpg?resize=350%2C200","width":350,"height":200,"srcset":"https:\/\/i0.wp.com\/www.robertosedda.it\/wp-content\/uploads\/2018\/07\/giorgio-la-pira-uomo-di-pace-dialogo.jpg?resize=350%2C200 1x, https:\/\/i0.wp.com\/www.robertosedda.it\/wp-content\/uploads\/2018\/07\/giorgio-la-pira-uomo-di-pace-dialogo.jpg?resize=700%2C400 2x"},"classes":[]},{"id":10956,"url":"http:\/\/www.robertosedda.it\/?p=10956","url_meta":{"origin":4602,"position":1},"title":"Esegesi estemporanea della contabilit\u00e0","author":"Rufus","date":"06\/10\/2015","format":false,"excerpt":"Il fatto che in un municipio che fu a suo tempo dedicato a Ges\u00f9 Cristo Re venga esaltato chi ha fatto pratica costante di ateismo ed \u00e8 stato sepolto senza rito religioso, ci sembra una grave contraddizione e un pessimo esempio, esaltando la figura di un nemico di Cristo che,\u2026","rel":"","context":"In &quot;Coordinate&quot;","block_context":{"text":"Coordinate","link":"http:\/\/www.robertosedda.it\/?cat=52"},"img":{"alt_text":"","src":"https:\/\/i0.wp.com\/www.robertosedda.it\/wp-content\/uploads\/2015\/10\/Luigi_Gedda.jpg?resize=350%2C200","width":350,"height":200},"classes":[]},{"id":4605,"url":"http:\/\/www.robertosedda.it\/?p=4605","url_meta":{"origin":4602,"position":2},"title":"Le foto di Firenze","author":"Rufus","date":"10\/10\/2013","format":"gallery","excerpt":"Queste sono tutte le foto che ho fatto a Firenze. Le raccolgo tutte\u00a0qui per comodit\u00e0 della Fondazione e di chi ha partecipato al I ritrovo nazionale di associazioni, gruppi, circoli nel nome di Giorgio La Pira Spes contra spem, oltre che di Grazia e Alberto, che della raccolta sono i\u2026","rel":"","context":"In &quot;Coordinate&quot;","block_context":{"text":"Coordinate","link":"http:\/\/www.robertosedda.it\/?cat=52"},"img":{"alt_text":"","src":"https:\/\/i0.wp.com\/www.robertosedda.it\/wp-content\/uploads\/2013\/10\/Alberto-e-Grazia-La-Pira-aereoporto-2.jpg?resize=350%2C200","width":350,"height":200},"classes":[]},{"id":15453,"url":"http:\/\/www.robertosedda.it\/?p=15453","url_meta":{"origin":4602,"position":3},"title":"La strada di Firenze","author":"Rufus","date":"11\/07\/2018","format":false,"excerpt":"L'altro giorno mi \u00e8 stato commissionato un breve articolo a commento della proclamazione della venerabilit\u00e0 di Giorgio La Pira; per scriverlo sono andato a rivedermi, fra le altre cose, la Premessa di Cagliari, cio\u00e8 il discorso che La Pira tenne a Cagliari nel 1973 per introdurre il convegno dell'IPALMO, l'Istituto\u2026","rel":"","context":"In &quot;Coordinate&quot;","block_context":{"text":"Coordinate","link":"http:\/\/www.robertosedda.it\/?cat=52"},"img":{"alt_text":"","src":"https:\/\/i0.wp.com\/www.robertosedda.it\/wp-content\/uploads\/2018\/07\/La-Pira-2.jpg?fit=720%2C625&resize=350%2C200","width":350,"height":200,"srcset":"https:\/\/i0.wp.com\/www.robertosedda.it\/wp-content\/uploads\/2018\/07\/La-Pira-2.jpg?fit=720%2C625&resize=350%2C200 1x, https:\/\/i0.wp.com\/www.robertosedda.it\/wp-content\/uploads\/2018\/07\/La-Pira-2.jpg?fit=720%2C625&resize=700%2C400 2x"},"classes":[]},{"id":11217,"url":"http:\/\/www.robertosedda.it\/?p=11217","url_meta":{"origin":4602,"position":4},"title":"Dieci anni non sono pochi","author":"Rufus","date":"24\/11\/2015","format":false,"excerpt":"Domani, con un piccolo rinfresco, il gruppo \"La Pira\" celebra dieci anni di vita. Pu\u00f2 non sembrare molto a confronto di molte venerande associazioni parrocchiali, la cui esistenza supera agevolmente il secolo, ma chi questa vita l'ha vissuta non pu\u00f2 che girarsi indietro e restare sbigottito: \u00abGi\u00e0 dieci anni?\u00bb. La\u2026","rel":"","context":"In &quot;Azione Cattolica&quot;","block_context":{"text":"Azione Cattolica","link":"http:\/\/www.robertosedda.it\/?cat=76"},"img":{"alt_text":"","src":"https:\/\/i0.wp.com\/www.robertosedda.it\/wp-content\/uploads\/2015\/11\/Gruppo-La-Pira-Pasquetta-2014.jpg?fit=1024%2C414&resize=350%2C200","width":350,"height":200,"srcset":"https:\/\/i0.wp.com\/www.robertosedda.it\/wp-content\/uploads\/2015\/11\/Gruppo-La-Pira-Pasquetta-2014.jpg?fit=1024%2C414&resize=350%2C200 1x, https:\/\/i0.wp.com\/www.robertosedda.it\/wp-content\/uploads\/2015\/11\/Gruppo-La-Pira-Pasquetta-2014.jpg?fit=1024%2C414&resize=700%2C400 2x"},"classes":[]},{"id":8789,"url":"http:\/\/www.robertosedda.it\/?p=8789","url_meta":{"origin":4602,"position":5},"title":"La concretezza dell&#8217;utopia. Ricordando Giorgio La Pira","author":"Rufus","date":"03\/11\/2014","format":false,"excerpt":"Non mi capita spesso, o almeno spesso quanto vorrei, di raccontare cose del gruppo \"Giorgio La Pira\" attraverso il quale faccio parte dell'Azione Cattolica. Mi fa perci\u00f2 doppiamente piacere invitarvi, anche qui sul\u00a0blog,\u00a0a condividere con noi\u00a0un sobrio momento di riflessione in occasione dell'anniversario della morte di La Pira, dopodomani 5\u2026","rel":"","context":"In &quot;Coordinate&quot;","block_context":{"text":"Coordinate","link":"http:\/\/www.robertosedda.it\/?cat=52"},"img":{"alt_text":"","src":"https:\/\/i0.wp.com\/www.robertosedda.it\/wp-content\/uploads\/2014\/11\/La-Pira-2014-3.jpg?fit=1200%2C561&resize=350%2C200","width":350,"height":200,"srcset":"https:\/\/i0.wp.com\/www.robertosedda.it\/wp-content\/uploads\/2014\/11\/La-Pira-2014-3.jpg?fit=1200%2C561&resize=350%2C200 1x, https:\/\/i0.wp.com\/www.robertosedda.it\/wp-content\/uploads\/2014\/11\/La-Pira-2014-3.jpg?fit=1200%2C561&resize=700%2C400 2x, https:\/\/i0.wp.com\/www.robertosedda.it\/wp-content\/uploads\/2014\/11\/La-Pira-2014-3.jpg?fit=1200%2C561&resize=1050%2C600 3x"},"classes":[]}],"_links":{"self":[{"href":"http:\/\/www.robertosedda.it\/index.php?rest_route=\/wp\/v2\/posts\/4602"}],"collection":[{"href":"http:\/\/www.robertosedda.it\/index.php?rest_route=\/wp\/v2\/posts"}],"about":[{"href":"http:\/\/www.robertosedda.it\/index.php?rest_route=\/wp\/v2\/types\/post"}],"author":[{"embeddable":true,"href":"http:\/\/www.robertosedda.it\/index.php?rest_route=\/wp\/v2\/users\/1"}],"replies":[{"embeddable":true,"href":"http:\/\/www.robertosedda.it\/index.php?rest_route=%2Fwp%2Fv2%2Fcomments&post=4602"}],"version-history":[{"count":8,"href":"http:\/\/www.robertosedda.it\/index.php?rest_route=\/wp\/v2\/posts\/4602\/revisions"}],"predecessor-version":[{"id":4662,"href":"http:\/\/www.robertosedda.it\/index.php?rest_route=\/wp\/v2\/posts\/4602\/revisions\/4662"}],"wp:featuredmedia":[{"embeddable":true,"href":"http:\/\/www.robertosedda.it\/index.php?rest_route=\/wp\/v2\/media\/4606"}],"wp:attachment":[{"href":"http:\/\/www.robertosedda.it\/index.php?rest_route=%2Fwp%2Fv2%2Fmedia&parent=4602"}],"wp:term":[{"taxonomy":"category","embeddable":true,"href":"http:\/\/www.robertosedda.it\/index.php?rest_route=%2Fwp%2Fv2%2Fcategories&post=4602"},{"taxonomy":"post_tag","embeddable":true,"href":"http:\/\/www.robertosedda.it\/index.php?rest_route=%2Fwp%2Fv2%2Ftags&post=4602"}],"curies":[{"name":"wp","href":"https:\/\/api.w.org\/{rel}","templated":true}]}}