{"id":4594,"date":"2013-10-10T13:02:04","date_gmt":"2013-10-10T11:02:04","guid":{"rendered":"http:\/\/www.robertosedda.it\/?p=4594"},"modified":"2013-12-11T13:06:35","modified_gmt":"2013-12-11T12:06:35","slug":"4594","status":"publish","type":"post","link":"http:\/\/www.robertosedda.it\/?p=4594","title":{"rendered":"La musica che metter\u00f2, se me la consigliate"},"content":{"rendered":"<p>Sono ripartite su <a href=\"http:\/\/www.radiokalaritana.it\/\"><em>Radio Kalaritana<\/em><\/a> <a href=\"http:\/\/www.robertosedda.it\/?p=1551\">le trasmissioni di <\/a><em><a href=\"http:\/\/www.robertosedda.it\/?p=1551\">Oggi parliamo di libri<\/a>.<\/em><\/p>\n<p>Ok, breve riassunto pubblicitario: vado in onda il gioved\u00ec alle 19,10 e in replica il venerd\u00ec alle 8,30 del mattino sui 97.5 FM (o in <a href=\"http:\/\/www.radiokalaritana.it\/orainonda.aspx\"><em>streaming<\/em><\/a>). <a href=\"https:\/\/www.facebook.com\/OggiParliamoDiLibri\">La trasmissione ha anche una sua pagina <em>Facebook<\/em><\/a> che dopo la pausa estiva sto di nuovo aggiornando. <a href=\"http:\/\/www.youtube.com\/channel\/UC37IP50YwIadpe6Wqz4RpEw\">Le vecchie puntate sono tutte su <em>YouTube<\/em><\/a> (oppure le trovate qui sul sito). Fine della pubblicit\u00e0.<\/p>\n<p>Allora: quest&#8217;anno ho iniziato, come annunciato, a <a title=\"I gialli di cui parler\u00f2 (se voi me li consigliate)\" href=\"http:\/\/www.robertosedda.it\/?p=3424\">parlare di gialli<\/a>. Poi far\u00f2 qualcos&#8217;altro, per\u00f2 per il momento trattiamo gialli e <em>noir<\/em>, con qualche ritorno al <em>fantasy<\/em> e ai classici dell&#8217;avventura.<\/p>\n<p>Mi sono accorto per\u00f2 che c&#8217;\u00e8 una cosa che su <em>Facebook<\/em> diverte molto i miei contatti, cio\u00e8\u00a0collaborare a scegliere la musica per la puntata: a met\u00e0 di ogni trasmissione, infatti, mandiamo in onda una canzone, qualche volta ho chiesto consiglio in giro e ne sono usciti\u00a0suggerimenti interessanti.<\/p>\n<p>Quindi mi rivolgo al pubblico: ditemi cosa mandereste in onda per ciascun autore o investigatore; le prime quattro puntate sono gi\u00e0 fissate (vi metto le scelte che ho fatto), ma per il resto\u00a0abbiamo mano libera. Davvero libera, eh: l&#8217;anno scorso oltre a brani <em>pop<\/em> o a classici del <em>rock<\/em> abbiamo trasmesso, per dire, il <em>Waltz n\u00b0 2<\/em> dalla <em>Jazz Suite<\/em> di Shostakovich o un pezzo della colonna sonora de<em> I pirati dei Caraibi<\/em>, quindi siete liberi di svariare per campi inaspettati.<\/p>\n<p>Trovate le puntate previste qui sotto\u00a0(pi\u00f9 o meno, qualcosa forse cambier\u00e0 o salter\u00e0, e l&#8217;ordine non \u00e8 per niente definitivo).<\/p>\n<ol>\n<li>Sherlock Holmes di Conan Doyle, con cui tutto cominci\u00f2: <em>Watching the detectives<\/em> di Elvis Costello.<\/li>\n<li>Martin Beck della coppia Sj\u00f6wall-Wahl\u00f6\u00f6, gialli politici: <em>I fought the law<\/em> dei <em>Clash<\/em><\/li>\n<li>Philip Marlowe di Raymond Chandler e i gialli <em>hard-boiled<\/em>: <em>In the mood<\/em> di Glenn Miller<\/li>\n<li>Fabio Montale di Jean-Claude Izzo e il <em>noir<\/em> mediterraneo: <em>Le vent nous porter\u00e0<\/em> dei <em>Noir Disir<\/em> (un po&#8217; banale, lo so, ci voleva Aznavour)<\/li>\n<li>Il commissario Maigret di Simenon, il <em>police procedural<\/em> nella provincia francese e qualche riflessione sui gialli commerciali<\/li>\n<li>Padre Brown di Chesterton e i poliziotti delle anime<\/li>\n<li>Nero Wolfe di Rex Stout\u00a0 e le strane combinazioni di giallo investigativo e <em>hard-boiled<\/em><\/li>\n<li>Tony Hillerman, i suoi investigatori <em>navajo<\/em> e i gialli etnici<\/li>\n<li>Carlotta Carlyle di Linda Barnes e le investigatrici al femminile<\/li>\n<li>Fratello\u00a0Cadfael di Ellis Peters e i gialli storici<\/li>\n<li>Guglielmo da Baskerville di Umberto Eco e il giallo come linguaggio per dire altre cose<\/li>\n<li>Lucas Davenport di John Sandford&#8230; perch\u00e9 piace a me<\/li>\n<li><label for=\"poll-answer-36\">Pepe Carvalho\u00a0di Manuel V\u00e1zquez Montalb\u00e1n, il ritorno al giallo mediterraneo e la creazione di stereotipi<\/label><\/li>\n<li>Il Brigadiere Antonio Sarti e il giallo all&#8217;italiana<\/li>\n<li>Il commissario Montalbano di Andrea Camilleri e il giallo regionale italiano<\/li>\n<li>Sebastiano Satta di Marcello Fois<\/li>\n<li>Miss Marple di Agatha Christie: non riesco a costringermi a\u00a0parlare di Poirot, ma non si pu\u00f2 ignorare Miss Marple!<\/li>\n<li>Harry Dresden di Jim Butcher e i <em>detectives<\/em> sovrannaturali<\/li>\n<li>Il <em>Continental Op<\/em> di Dashiell Hammett<\/li>\n<li><label for=\"poll-answer-44\">Petra Delicado\u00a0e Fermin Garz\u00f3n\u00a0di Alicia Gim\u00e9nez-Bartlett e quella certa tensione sessuale nelle coppie di investigatori<\/label><\/li>\n<\/ol>\n<p>Sbizzarritevi!<\/p>\n","protected":false},"excerpt":{"rendered":"<p>Sono ripartite su Radio Kalaritana le trasmissioni di Oggi parliamo di libri. Ok, breve riassunto pubblicitario: vado in onda il<\/p>\n","protected":false},"author":1,"featured_media":2432,"comment_status":"open","ping_status":"open","sticky":false,"template":"","format":"standard","meta":{"_mi_skip_tracking":false,"_monsterinsights_sitenote_active":false,"_monsterinsights_sitenote_note":"","_monsterinsights_sitenote_category":0,"jetpack_post_was_ever_published":false,"_jetpack_newsletter_access":"","jetpack_publicize_message":"","jetpack_is_tweetstorm":false,"jetpack_publicize_feature_enabled":true,"jetpack_social_post_already_shared":false,"jetpack_social_options":{"image_generator_settings":{"template":"highway","enabled":false}}},"categories":[52,56,68,17,16],"tags":[],"jetpack_publicize_connections":[],"jetpack_featured_media_url":"https:\/\/i0.wp.com\/www.robertosedda.it\/wp-content\/uploads\/2013\/03\/535033_144686819023383_216259237_n.jpg?fit=960%2C960","jetpack_sharing_enabled":true,"jetpack_shortlink":"https:\/\/wp.me\/s4jV2T-4594","jetpack_likes_enabled":true,"jetpack-related-posts":[{"id":5916,"url":"http:\/\/www.robertosedda.it\/?p=5916","url_meta":{"origin":4594,"position":0},"title":"A Natale si \u00e8 tutti pi\u00f9 buoni","author":"Rufus","date":"22\/01\/2014","format":"video","excerpt":"Ho messo in linea oggi la puntata sui gialli di Natale di Oggi parliamo di libri, una puntata su cui strano a dirsi non ho molto da dire e ancor pi\u00f9 strano a dirsi in cui non ho fatto grandi errori. L'unica osservazione che faccio \u00e8 quella di indicare il\u2026","rel":"","context":"In &quot;Coordinate&quot;","block_context":{"text":"Coordinate","link":"http:\/\/www.robertosedda.it\/?cat=52"},"img":{"alt_text":"","src":"https:\/\/i0.wp.com\/www.robertosedda.it\/wp-content\/uploads\/2013\/12\/Bad_Santa_by_artist_kerembeyit.jpg?fit=750%2C1053&resize=350%2C200","width":350,"height":200,"srcset":"https:\/\/i0.wp.com\/www.robertosedda.it\/wp-content\/uploads\/2013\/12\/Bad_Santa_by_artist_kerembeyit.jpg?fit=750%2C1053&resize=350%2C200 1x, https:\/\/i0.wp.com\/www.robertosedda.it\/wp-content\/uploads\/2013\/12\/Bad_Santa_by_artist_kerembeyit.jpg?fit=750%2C1053&resize=700%2C400 2x"},"classes":[]},{"id":6610,"url":"http:\/\/www.robertosedda.it\/?p=6610","url_meta":{"origin":4594,"position":1},"title":"Tanti gialli ambientati nella Grecia classica e in Roma antica","author":"Rufus","date":"28\/02\/2014","format":"video","excerpt":"Elementare, Alcibiade! Ero convinto che la puntata sui gialli di Margaret Doody ambientati nell'Atene classica con protagonista Aristotele fosse tutto sommato piuttosto insipida. Sono romanzi che a me piacciono e che rappresentano degli incroci pi\u00f9 che dignitosi fra il giallo classico e la rivisitazione storica,\u00a0\u00a0ma d'altra parte li ho sempre\u2026","rel":"","context":"In &quot;Coordinate&quot;","block_context":{"text":"Coordinate","link":"http:\/\/www.robertosedda.it\/?cat=52"},"img":{"alt_text":"","src":"https:\/\/i0.wp.com\/img.youtube.com\/vi\/MZT5FKEb91w\/0.jpg?resize=350%2C200","width":350,"height":200},"classes":[]},{"id":7289,"url":"http:\/\/www.robertosedda.it\/?p=7289","url_meta":{"origin":4594,"position":2},"title":"La poco convincente visione del mondo di Alicia Gimenez-Bartlett","author":"Rufus","date":"07\/05\/2014","format":"video","excerpt":"Sono finalmente giunto in possesso dei file delle ultime puntate di Oggi parliamo di libri e ho ricominciato a caricarle sul mio canale Youtube. Ho iniziato con la ventunesima puntata, che era dedicata ai gialli con protagonista Petra Delicado, di Alicia Gimenez-Bartlett. http:\/\/www.youtube.com\/watch?v=-SyNLB7irCQ Se avete ascoltato la puntata vi sarete\u2026","rel":"","context":"In &quot;Coordinate&quot;","block_context":{"text":"Coordinate","link":"http:\/\/www.robertosedda.it\/?cat=52"},"img":{"alt_text":"","src":"https:\/\/i0.wp.com\/www.robertosedda.it\/wp-content\/uploads\/2014\/05\/Petra-Delicado.jpg?fit=224%2C313&resize=350%2C200","width":350,"height":200},"classes":[]},{"id":3424,"url":"http:\/\/www.robertosedda.it\/?p=3424","url_meta":{"origin":4594,"position":3},"title":"I gialli di cui parler\u00f2 (se voi me li consigliate)","author":"Rufus","date":"04\/06\/2013","format":false,"excerpt":"Mentre Oggi parliamo di libri del 2012\/2013 si avvia alla conclusione (per l'estate ci fermiamo) mi \u00e8 venuta voglia di dedicare un po' di tempo a progettare la prossima stagione, lavoro per il quale chiedo aiuto a voi, affezionati lettori. Dedicher\u00f2 sicuramente un ciclo di puntate ai gialli. Ho messo\u2026","rel":"","context":"In &quot;Coordinate&quot;","block_context":{"text":"Coordinate","link":"http:\/\/www.robertosedda.it\/?cat=52"},"img":{"alt_text":"","src":"https:\/\/i0.wp.com\/www.robertosedda.it\/wp-content\/uploads\/2012\/11\/92_1334481194.jpg?fit=447%2C335&resize=350%2C200","width":350,"height":200},"classes":[]},{"id":5552,"url":"http:\/\/www.robertosedda.it\/?p=5552","url_meta":{"origin":4594,"position":4},"title":"Noir. Istruzioni per l&#8217;uso (Luca Crovi, Garzanti 2013)","author":"Rufus","date":"23\/12\/2013","format":false,"excerpt":"Ho preso Noir. Istruzioni per l'uso prima dell'estate, quando ho cominciato a pensare a un ciclo di puntate di Oggi parliamo di libri dedicate ai gialli: Luca Crovi per tanti anni ha condotto Tutti i colori del giallo, coordina l'Almanacco del giallo di Bonelli e quindi, ho pensato, chi meglio\u2026","rel":"","context":"In &quot;Coordinate&quot;","block_context":{"text":"Coordinate","link":"http:\/\/www.robertosedda.it\/?cat=52"},"img":{"alt_text":"","src":"https:\/\/i0.wp.com\/www.robertosedda.it\/wp-content\/uploads\/2013\/12\/Crovi-Noir-.jpg?fit=795%2C1200&resize=350%2C200","width":350,"height":200,"srcset":"https:\/\/i0.wp.com\/www.robertosedda.it\/wp-content\/uploads\/2013\/12\/Crovi-Noir-.jpg?fit=795%2C1200&resize=350%2C200 1x, https:\/\/i0.wp.com\/www.robertosedda.it\/wp-content\/uploads\/2013\/12\/Crovi-Noir-.jpg?fit=795%2C1200&resize=700%2C400 2x"},"classes":[]},{"id":20874,"url":"http:\/\/www.robertosedda.it\/?p=20874","url_meta":{"origin":4594,"position":5},"title":"Non perdete Dark Winds","author":"Rufus","date":"27\/01\/2026","format":false,"excerpt":"Sto guardando Dark Winds, serie Netflix che trasferisce su video i gialli di Tony Hillermann dedicati ai poliziotti della Navajo Tribal Police; nella serie ai due poliziotti dei romanzi, Joe Leaphorn e Jim Chee, viene affiancata Bernadette Manuelito, un personaggio creato dalla figila di Hillerman, Anne, che ha ripreso i\u2026","rel":"","context":"In &quot;Coordinate&quot;","block_context":{"text":"Coordinate","link":"http:\/\/www.robertosedda.it\/?cat=52"},"img":{"alt_text":"","src":"https:\/\/i0.wp.com\/img.youtube.com\/vi\/KU9X4Xyb8JE\/0.jpg?resize=350%2C200","width":350,"height":200},"classes":[]}],"_links":{"self":[{"href":"http:\/\/www.robertosedda.it\/index.php?rest_route=\/wp\/v2\/posts\/4594"}],"collection":[{"href":"http:\/\/www.robertosedda.it\/index.php?rest_route=\/wp\/v2\/posts"}],"about":[{"href":"http:\/\/www.robertosedda.it\/index.php?rest_route=\/wp\/v2\/types\/post"}],"author":[{"embeddable":true,"href":"http:\/\/www.robertosedda.it\/index.php?rest_route=\/wp\/v2\/users\/1"}],"replies":[{"embeddable":true,"href":"http:\/\/www.robertosedda.it\/index.php?rest_route=%2Fwp%2Fv2%2Fcomments&post=4594"}],"version-history":[{"count":8,"href":"http:\/\/www.robertosedda.it\/index.php?rest_route=\/wp\/v2\/posts\/4594\/revisions"}],"predecessor-version":[{"id":5395,"href":"http:\/\/www.robertosedda.it\/index.php?rest_route=\/wp\/v2\/posts\/4594\/revisions\/5395"}],"wp:featuredmedia":[{"embeddable":true,"href":"http:\/\/www.robertosedda.it\/index.php?rest_route=\/wp\/v2\/media\/2432"}],"wp:attachment":[{"href":"http:\/\/www.robertosedda.it\/index.php?rest_route=%2Fwp%2Fv2%2Fmedia&parent=4594"}],"wp:term":[{"taxonomy":"category","embeddable":true,"href":"http:\/\/www.robertosedda.it\/index.php?rest_route=%2Fwp%2Fv2%2Fcategories&post=4594"},{"taxonomy":"post_tag","embeddable":true,"href":"http:\/\/www.robertosedda.it\/index.php?rest_route=%2Fwp%2Fv2%2Ftags&post=4594"}],"curies":[{"name":"wp","href":"https:\/\/api.w.org\/{rel}","templated":true}]}}