{"id":4568,"date":"2013-10-08T18:18:43","date_gmt":"2013-10-08T16:18:43","guid":{"rendered":"http:\/\/www.robertosedda.it\/?p=4568"},"modified":"2014-10-08T13:28:19","modified_gmt":"2014-10-08T11:28:19","slug":"caricature","status":"publish","type":"post","link":"http:\/\/www.robertosedda.it\/?p=4568","title":{"rendered":"Caricature"},"content":{"rendered":"<p><a href=\"https:\/\/i0.wp.com\/www.robertosedda.it\/wp-content\/uploads\/2013\/10\/angelica1.jpg\"><img data-attachment-id=\"4854\" data-permalink=\"http:\/\/www.robertosedda.it\/?attachment_id=4854\" data-orig-file=\"https:\/\/i0.wp.com\/www.robertosedda.it\/wp-content\/uploads\/2013\/10\/angelica1.jpg?fit=370%2C520\" data-orig-size=\"370,520\" data-comments-opened=\"1\" data-image-meta=\"{&quot;aperture&quot;:&quot;0&quot;,&quot;credit&quot;:&quot;&quot;,&quot;camera&quot;:&quot;&quot;,&quot;caption&quot;:&quot;&quot;,&quot;created_timestamp&quot;:&quot;0&quot;,&quot;copyright&quot;:&quot;&quot;,&quot;focal_length&quot;:&quot;0&quot;,&quot;iso&quot;:&quot;0&quot;,&quot;shutter_speed&quot;:&quot;0&quot;,&quot;title&quot;:&quot;&quot;}\" data-image-title=\"angelica1\" data-image-description=\"\" data-image-caption=\"\" data-medium-file=\"https:\/\/i0.wp.com\/www.robertosedda.it\/wp-content\/uploads\/2013\/10\/angelica1.jpg?fit=213%2C300\" data-large-file=\"https:\/\/i0.wp.com\/www.robertosedda.it\/wp-content\/uploads\/2013\/10\/angelica1.jpg?fit=370%2C520\" decoding=\"async\" loading=\"lazy\" class=\"alignleft size-medium wp-image-4854\" src=\"https:\/\/i0.wp.com\/www.robertosedda.it\/wp-content\/uploads\/2013\/10\/angelica1.jpg?resize=213%2C300\" alt=\"angelica1\" width=\"213\" height=\"300\" srcset=\"https:\/\/i0.wp.com\/www.robertosedda.it\/wp-content\/uploads\/2013\/10\/angelica1.jpg?resize=213%2C300 213w, https:\/\/i0.wp.com\/www.robertosedda.it\/wp-content\/uploads\/2013\/10\/angelica1.jpg?resize=106%2C150 106w, https:\/\/i0.wp.com\/www.robertosedda.it\/wp-content\/uploads\/2013\/10\/angelica1.jpg?w=370 370w\" sizes=\"(max-width: 213px) 100vw, 213px\" data-recalc-dims=\"1\" \/><\/a>Leggo su <em>Facebook<\/em>\u00a0lo <em>status<\/em> di\u00a0una ex studentessa di Scienze Politiche, una ragazza a quel che ricordo obiettivamente avvenente. A quanto pare sabato scorso in un locale un tizio, poich\u00e9 lei si sottraeva alle sue proposte di libero amore, le ha detto con sarcasmo: \u00abCome sei preistorica. Andiamo a Messa insieme, domani?\u00bb, volendo cos\u00ec intendere, immagino, che solo una cattolica preistorica avrebbe trovato poco interessante l&#8217;ipotesi di un po&#8217; di sano sesso scacciapensieri (a chiarire meglio il suo pensiero il tizio avrebbe anche aggiunto, a quanto pare, che: \u00abanche le nobili francesi uscivano con uomini\u00bb, intendendo, immagino, che mantenevano un cicisbeo pur essendo sposate; un genio, davvero, e anche colto, a quanto pare).<\/p>\n<p>Ora, l&#8217;episodio meriterebbe di essere discusso sotto vari punti di vista, compresa la permanenza nel sentire contemporaneo\u00a0dello stereotipo\u00a0della Francia del Re Sole come luogo di libertinaggio, ma uno mi sembra preminente.<\/p>\n<p>Nell&#8217;episodio i cattolici (le cattoliche, veramente) sono citati come caricature di una posizione altrui che gi\u00e0 si sta caricaturizzando. Se nel sentire comune di un gruppo di giovani che frequentano un locale, al sabato sera, tutto quello che si pu\u00f2 pensare dei cattolici \u00e8 questo allora, Houston, abbiamo un problema. Un serio problema.<\/p>\n","protected":false},"excerpt":{"rendered":"<p>Leggo su Facebook\u00a0lo status di\u00a0una ex studentessa di Scienze Politiche, una ragazza a quel che ricordo obiettivamente avvenente. A quanto<\/p>\n","protected":false},"author":1,"featured_media":4569,"comment_status":"open","ping_status":"open","sticky":false,"template":"","format":"standard","meta":{"_mi_skip_tracking":false,"_monsterinsights_sitenote_active":false,"_monsterinsights_sitenote_note":"","_monsterinsights_sitenote_category":0,"jetpack_post_was_ever_published":false,"_jetpack_newsletter_access":"","jetpack_publicize_message":"","jetpack_is_tweetstorm":false,"jetpack_publicize_feature_enabled":true,"jetpack_social_post_already_shared":false,"jetpack_social_options":{"image_generator_settings":{"template":"highway","enabled":false}}},"categories":[52,54,17,62,16],"tags":[],"jetpack_publicize_connections":[],"jetpack_featured_media_url":"https:\/\/i0.wp.com\/www.robertosedda.it\/wp-content\/uploads\/2013\/10\/angelica1.jpg?fit=370%2C520","jetpack_sharing_enabled":true,"jetpack_shortlink":"https:\/\/wp.me\/p4jV2T-1bG","jetpack_likes_enabled":true,"jetpack-related-posts":[{"id":4396,"url":"http:\/\/www.robertosedda.it\/?p=4396","url_meta":{"origin":4568,"position":0},"title":"Primo anniversario","author":"Rufus","date":"04\/09\/2013","format":false,"excerpt":"Il primo articolo del blog rinnovato \u00e8 uscito il 4 settembre 2012. Oggi quindi questo sito compie un anno. Giusto per informazione, in questo periodo ci sono state 15181 visite (10659 persone) con 29616 visualizzazioni di pagina. Non credo che siano numeri significativi, cio\u00e8 non ho la pi\u00f9 pallida idea\u2026","rel":"","context":"In &quot;Coordinate&quot;","block_context":{"text":"Coordinate","link":"http:\/\/www.robertosedda.it\/?cat=52"},"img":{"alt_text":"","src":"","width":0,"height":0},"classes":[]},{"id":1920,"url":"http:\/\/www.robertosedda.it\/?p=1920","url_meta":{"origin":4568,"position":1},"title":"Politici in treno","author":"Rufus","date":"09\/01\/2013","format":false,"excerpt":"Ieri ero a Roma per una riunione di Banca Etica. Sul treno che di mattina presto da Fiumicino porta a Termini ho due tizi seduti vicino. Uno chiama la moglie per sapere se \u00e8 riuscita a smontare, alla fine. Quella evidentemente c'era riuscita, perch\u00e9 stava gi\u00e0 dormendo: ma lui le\u2026","rel":"","context":"In &quot;Coordinate&quot;","block_context":{"text":"Coordinate","link":"http:\/\/www.robertosedda.it\/?cat=52"},"img":{"alt_text":"","src":"","width":0,"height":0},"classes":[]},{"id":3519,"url":"http:\/\/www.robertosedda.it\/?p=3519","url_meta":{"origin":4568,"position":2},"title":"L&#8217;astronauta e lo scrittore (di festival &#8211; 1)","author":"Rufus","date":"17\/06\/2013","format":false,"excerpt":"Venerd\u00ec sera della settimana scorsa (il 7 giugno)\u00a0ho convinto Maria Bonaria ad andare a sentire Bruce Sterling al Bastione, all'interno di Leggendo metropolitano. Non sono un grandissimo amante di Sterling come scrittore cyberpunk, ma ho formato molte mie\u00a0idee su Giro di vite contro gli hacker, apprezzo il lavoro che Sterling\u2026","rel":"","context":"In &quot;Coordinate&quot;","block_context":{"text":"Coordinate","link":"http:\/\/www.robertosedda.it\/?cat=52"},"img":{"alt_text":"","src":"https:\/\/i0.wp.com\/www.robertosedda.it\/wp-content\/uploads\/2013\/06\/Bruce-Sterling-Possenti-Nespoli-5.jpg?fit=1200%2C900&resize=350%2C200","width":350,"height":200,"srcset":"https:\/\/i0.wp.com\/www.robertosedda.it\/wp-content\/uploads\/2013\/06\/Bruce-Sterling-Possenti-Nespoli-5.jpg?fit=1200%2C900&resize=350%2C200 1x, https:\/\/i0.wp.com\/www.robertosedda.it\/wp-content\/uploads\/2013\/06\/Bruce-Sterling-Possenti-Nespoli-5.jpg?fit=1200%2C900&resize=700%2C400 2x, https:\/\/i0.wp.com\/www.robertosedda.it\/wp-content\/uploads\/2013\/06\/Bruce-Sterling-Possenti-Nespoli-5.jpg?fit=1200%2C900&resize=1050%2C600 3x"},"classes":[]},{"id":19954,"url":"http:\/\/www.robertosedda.it\/?p=19954","url_meta":{"origin":4568,"position":3},"title":"Sfregi","author":"Rufus","date":"24\/02\/2023","format":false,"excerpt":"Repubblica equidistante Ho visto oggi en passant un certo stracciarsi le vesti (presumibilmente nere, sotto il doppiopetto gessato) per una manifestazione anarchica in favore di Cospito all'Altare della Patria. Il Tempo molto meno L'agitarsi di Crosetto e La Russa mi ha, come suol dirsi, sbloccato un ricordo, perch\u00e9 anch'io sono\u2026","rel":"","context":"In &quot;Coordinate&quot;","block_context":{"text":"Coordinate","link":"http:\/\/www.robertosedda.it\/?cat=52"},"img":{"alt_text":"","src":"https:\/\/i0.wp.com\/www.robertosedda.it\/wp-content\/uploads\/2023\/02\/Sfregio2.png?fit=802%2C656&resize=350%2C200","width":350,"height":200,"srcset":"https:\/\/i0.wp.com\/www.robertosedda.it\/wp-content\/uploads\/2023\/02\/Sfregio2.png?fit=802%2C656&resize=350%2C200 1x, https:\/\/i0.wp.com\/www.robertosedda.it\/wp-content\/uploads\/2023\/02\/Sfregio2.png?fit=802%2C656&resize=700%2C400 2x"},"classes":[]},{"id":13226,"url":"http:\/\/www.robertosedda.it\/?p=13226","url_meta":{"origin":4568,"position":4},"title":"Perch\u00e9 bisogna sempre ricordarsi del campo &#8220;carbon copy&#8221;","author":"Rufus","date":"09\/02\/2017","format":false,"excerpt":"Nota: i nomi e i particolari sono stati sfumati per proteggere gli innocenti. Vorrei raccontarvi una parabola tecnologica. Avviene dunque che un po' di tempo fa io contatti un certo Ente per chiedere la concessione di un certo beneficio a vantaggio dei\u00a0Fabbricastorie. E avviene che i miei interlocutori, preso atto\u2026","rel":"","context":"In &quot;Coordinate&quot;","block_context":{"text":"Coordinate","link":"http:\/\/www.robertosedda.it\/?cat=52"},"img":{"alt_text":"","src":"https:\/\/i0.wp.com\/www.robertosedda.it\/wp-content\/uploads\/2017\/02\/Carbon-copy.jpg?fit=904%2C333&resize=350%2C200","width":350,"height":200,"srcset":"https:\/\/i0.wp.com\/www.robertosedda.it\/wp-content\/uploads\/2017\/02\/Carbon-copy.jpg?fit=904%2C333&resize=350%2C200 1x, https:\/\/i0.wp.com\/www.robertosedda.it\/wp-content\/uploads\/2017\/02\/Carbon-copy.jpg?fit=904%2C333&resize=700%2C400 2x"},"classes":[]},{"id":13059,"url":"http:\/\/www.robertosedda.it\/?p=13059","url_meta":{"origin":4568,"position":5},"title":"L&#8217;ottimista e il pessimista","author":"Rufus","date":"09\/01\/2017","format":false,"excerpt":"Una delle letture pi\u00f9 stimolanti che potete fare in questo momento \u00e8 l'annuale dibattito fra Bruce Sterling e Jon Lebkowsky sullo \"stato del mondo\" 2017, ospitato da The Well. Lo so che lo consiglio ogni anno, ma quest'anno lo trovo particolarmente interessante e ho deciso di mettermi di buzzo buono\u2026","rel":"","context":"In &quot;Coordinate&quot;","block_context":{"text":"Coordinate","link":"http:\/\/www.robertosedda.it\/?cat=52"},"img":{"alt_text":"","src":"https:\/\/i0.wp.com\/www.robertosedda.it\/wp-content\/uploads\/2017\/01\/Bruce-Sterling.jpg?fit=1000%2C667&resize=350%2C200","width":350,"height":200,"srcset":"https:\/\/i0.wp.com\/www.robertosedda.it\/wp-content\/uploads\/2017\/01\/Bruce-Sterling.jpg?fit=1000%2C667&resize=350%2C200 1x, https:\/\/i0.wp.com\/www.robertosedda.it\/wp-content\/uploads\/2017\/01\/Bruce-Sterling.jpg?fit=1000%2C667&resize=700%2C400 2x"},"classes":[]}],"_links":{"self":[{"href":"http:\/\/www.robertosedda.it\/index.php?rest_route=\/wp\/v2\/posts\/4568"}],"collection":[{"href":"http:\/\/www.robertosedda.it\/index.php?rest_route=\/wp\/v2\/posts"}],"about":[{"href":"http:\/\/www.robertosedda.it\/index.php?rest_route=\/wp\/v2\/types\/post"}],"author":[{"embeddable":true,"href":"http:\/\/www.robertosedda.it\/index.php?rest_route=\/wp\/v2\/users\/1"}],"replies":[{"embeddable":true,"href":"http:\/\/www.robertosedda.it\/index.php?rest_route=%2Fwp%2Fv2%2Fcomments&post=4568"}],"version-history":[{"count":5,"href":"http:\/\/www.robertosedda.it\/index.php?rest_route=\/wp\/v2\/posts\/4568\/revisions"}],"predecessor-version":[{"id":8603,"href":"http:\/\/www.robertosedda.it\/index.php?rest_route=\/wp\/v2\/posts\/4568\/revisions\/8603"}],"wp:featuredmedia":[{"embeddable":true,"href":"http:\/\/www.robertosedda.it\/index.php?rest_route=\/wp\/v2\/media\/4569"}],"wp:attachment":[{"href":"http:\/\/www.robertosedda.it\/index.php?rest_route=%2Fwp%2Fv2%2Fmedia&parent=4568"}],"wp:term":[{"taxonomy":"category","embeddable":true,"href":"http:\/\/www.robertosedda.it\/index.php?rest_route=%2Fwp%2Fv2%2Fcategories&post=4568"},{"taxonomy":"post_tag","embeddable":true,"href":"http:\/\/www.robertosedda.it\/index.php?rest_route=%2Fwp%2Fv2%2Ftags&post=4568"}],"curies":[{"name":"wp","href":"https:\/\/api.w.org\/{rel}","templated":true}]}}