{"id":4546,"date":"2013-10-04T17:51:15","date_gmt":"2013-10-04T15:51:15","guid":{"rendered":"http:\/\/www.robertosedda.it\/?p=4546"},"modified":"2015-10-07T12:58:29","modified_gmt":"2015-10-07T10:58:29","slug":"definizioni","status":"publish","type":"post","link":"http:\/\/www.robertosedda.it\/?p=4546","title":{"rendered":"Definizioni"},"content":{"rendered":"<p><a href=\"https:\/\/i0.wp.com\/www.robertosedda.it\/wp-content\/uploads\/2013\/10\/Tutti-al-mare-Serra.jpg\"><img data-attachment-id=\"8552\" data-permalink=\"http:\/\/www.robertosedda.it\/?attachment_id=8552\" data-orig-file=\"https:\/\/i0.wp.com\/www.robertosedda.it\/wp-content\/uploads\/2013\/10\/Tutti-al-mare-Serra.jpg?fit=389%2C600\" data-orig-size=\"389,600\" data-comments-opened=\"1\" data-image-meta=\"{&quot;aperture&quot;:&quot;0&quot;,&quot;credit&quot;:&quot;&quot;,&quot;camera&quot;:&quot;&quot;,&quot;caption&quot;:&quot;&quot;,&quot;created_timestamp&quot;:&quot;0&quot;,&quot;copyright&quot;:&quot;&quot;,&quot;focal_length&quot;:&quot;0&quot;,&quot;iso&quot;:&quot;0&quot;,&quot;shutter_speed&quot;:&quot;0&quot;,&quot;title&quot;:&quot;&quot;,&quot;orientation&quot;:&quot;0&quot;}\" data-image-title=\"Tutti al mare Serra\" data-image-description=\"\" data-image-caption=\"\" data-medium-file=\"https:\/\/i0.wp.com\/www.robertosedda.it\/wp-content\/uploads\/2013\/10\/Tutti-al-mare-Serra.jpg?fit=194%2C300\" data-large-file=\"https:\/\/i0.wp.com\/www.robertosedda.it\/wp-content\/uploads\/2013\/10\/Tutti-al-mare-Serra.jpg?fit=389%2C600\" decoding=\"async\" loading=\"lazy\" class=\"alignleft size-medium wp-image-8552\" src=\"https:\/\/i0.wp.com\/www.robertosedda.it\/wp-content\/uploads\/2013\/10\/Tutti-al-mare-Serra.jpg?resize=194%2C300\" alt=\"Tutti al mare Serra\" width=\"194\" height=\"300\" srcset=\"https:\/\/i0.wp.com\/www.robertosedda.it\/wp-content\/uploads\/2013\/10\/Tutti-al-mare-Serra.jpg?resize=194%2C300 194w, https:\/\/i0.wp.com\/www.robertosedda.it\/wp-content\/uploads\/2013\/10\/Tutti-al-mare-Serra.jpg?resize=97%2C150 97w, https:\/\/i0.wp.com\/www.robertosedda.it\/wp-content\/uploads\/2013\/10\/Tutti-al-mare-Serra.jpg?resize=32%2C50 32w, https:\/\/i0.wp.com\/www.robertosedda.it\/wp-content\/uploads\/2013\/10\/Tutti-al-mare-Serra.jpg?w=389 389w\" sizes=\"(max-width: 194px) 100vw, 194px\" data-recalc-dims=\"1\" \/><\/a>Anni fa Michele Serra, allora giovane cronista in ascesa, fece ad agosto il giro delle coste italiane da Genova a Trieste su una\u00a0 valorosa e indistruttibile <em>Panda<\/em> <em>4&#215;4<\/em>. Le sue avventure, raccontate giorno per giorno sull&#8217;<em>Unit\u00e0<\/em>, sono state poi raccolte in un libro per <em>Feltrinelli<\/em>, intitolato <em>Tutti al mare<\/em>.<\/p>\n<p>Tra le altre cose Serra, arrivato alla Calabria, raccont\u00f2 dello scempio urbanistico sulle coste &#8211; non ricordo di quale zona, ma in Calabria c&#8217;\u00e8 purtroppo l&#8217;imbarazzo della scelta &#8211; e intervist\u00f2 alcune persone, fra le quali un pittore che oggi si definirebbe &#8220;ambientalista&#8221;, Gennaro Serra (nessuna parentela, direi), che defin\u00ec &#8220;piccolo intellettuale cattolico&#8221;.<\/p>\n<p>Apriti cielo. Serra (Gennaro), si offese moltissimo, tanto che Serra (Michele) nella raccolta per <em>Feltrinelli<\/em> dovette giustificarsi nella postfazione &#8211; un po&#8217; arrampicandosi sugli specchi.<\/p>\n<p>Ho ricontrollato da poco <em>Tutti al mare<\/em>: l&#8217;ho trovato grazioso ma invecchiato, parecchio, e ho recuperato questo episodio, di cui avevo un vago ricordo. E ho pensato che a me &#8220;piccolo intellettuale cattolico&#8221;, invece, \u00e8 una definizione che mi si attaglia benissimo.<\/p>\n<p>Sul cattolico non mi dilungo. Invece, anche pensando a qualche polemica attuale, trovo che non ci sia niente di male a essere &#8220;piccoli&#8221;. Niente. E molto poco nell&#8217;essere intellettuali. Piccoli, mi raccomando, piccoli.<\/p>\n","protected":false},"excerpt":{"rendered":"<p>Anni fa Michele Serra, allora giovane cronista in ascesa, fece ad agosto il giro delle coste italiane da Genova a<\/p>\n","protected":false},"author":1,"featured_media":4547,"comment_status":"open","ping_status":"open","sticky":false,"template":"","format":"standard","meta":{"_mi_skip_tracking":false,"_monsterinsights_sitenote_active":false,"_monsterinsights_sitenote_note":"","_monsterinsights_sitenote_category":0,"jetpack_post_was_ever_published":false,"_jetpack_newsletter_access":"","jetpack_publicize_message":"","jetpack_is_tweetstorm":false,"jetpack_publicize_feature_enabled":true,"jetpack_social_post_already_shared":false,"jetpack_social_options":{"image_generator_settings":{"template":"highway","enabled":false}}},"categories":[1],"tags":[],"jetpack_publicize_connections":[],"jetpack_featured_media_url":"https:\/\/i0.wp.com\/www.robertosedda.it\/wp-content\/uploads\/2013\/10\/Tutti-al-mare-Serra.jpg?fit=389%2C600","jetpack_sharing_enabled":true,"jetpack_shortlink":"https:\/\/wp.me\/p4jV2T-1bk","jetpack_likes_enabled":true,"jetpack-related-posts":[{"id":9367,"url":"http:\/\/www.robertosedda.it\/?p=9367","url_meta":{"origin":4546,"position":0},"title":"REBLOG: Il mio problema con Michele Serra","author":"Rufus","date":"12\/01\/2015","format":"link","excerpt":"Un articolo di un blog che non avevo mai visto e che condivido assai.","rel":"","context":"In &quot;Segnalazioni&quot;","block_context":{"text":"Segnalazioni","link":"http:\/\/www.robertosedda.it\/?cat=95"},"img":{"alt_text":"","src":"","width":0,"height":0},"classes":[]},{"id":7490,"url":"http:\/\/www.robertosedda.it\/?p=7490","url_meta":{"origin":4546,"position":1},"title":"Barbara Serra, il volto sardo di Al Jazeera: \u00abGli italiani non sono pigri. E la meritocrazia anglosassone ha un volto spietato\u00bb (un intervento di Massimiliano Perlato)","author":"Rufus","date":"22\/05\/2014","format":false,"excerpt":"Oltre che su questo blog, questo articolo viene pubblicato anche sui siti di\u00a0Fondazione Sardinia,\u00a0Aladinpensiero,\u00a0Tramas de Amistade,\u00a0Madrigopolis,\u00a0SardegnaSoprattutto,\u00a0Sportello Formaparis,\u00a0Tottusinpari\u00a0e sui blog\u00a0di\u00a0Enrico Lobina\u00a0e Vito Biolchini. Barbara Serra, il volto sardo di Al Jazeera: \u00abGli italiani non sono pigri. E la meritocrazia anglosassone ha un volto spietato\u00bb di Massimiliano Perlato Per me che faccio\u2026","rel":"","context":"In &quot;Biografie&quot;","block_context":{"text":"Biografie","link":"http:\/\/www.robertosedda.it\/?cat=83"},"img":{"alt_text":"","src":"https:\/\/i0.wp.com\/www.robertosedda.it\/wp-content\/uploads\/2014\/05\/Barbara-Serra-2.jpg?fit=485%2C300&resize=350%2C200","width":350,"height":200},"classes":[]},{"id":17519,"url":"http:\/\/www.robertosedda.it\/?p=17519","url_meta":{"origin":4546,"position":2},"title":"Il giardino delle sediette","author":"Rufus","date":"15\/11\/2019","format":false,"excerpt":"Ho visto ieri per la prima volta in teatro, dopo un inconsapevole ritardo di tutta una vita e con un vago senso di colpa che mi accompagnava dal 2016. L'allestimento era quello di Alessandro Serra (lo stesso regista della tragedia scozz... barbaricina), presentato al Teatro Massimo in prima nazionale (ma\u2026","rel":"","context":"In &quot;Coordinate&quot;","block_context":{"text":"Coordinate","link":"http:\/\/www.robertosedda.it\/?cat=52"},"img":{"alt_text":"","src":"https:\/\/i0.wp.com\/www.robertosedda.it\/wp-content\/uploads\/2019\/11\/Ilgiardinodeiciliegi_phASerra_3_.png?fit=1200%2C750&resize=350%2C200","width":350,"height":200,"srcset":"https:\/\/i0.wp.com\/www.robertosedda.it\/wp-content\/uploads\/2019\/11\/Ilgiardinodeiciliegi_phASerra_3_.png?fit=1200%2C750&resize=350%2C200 1x, https:\/\/i0.wp.com\/www.robertosedda.it\/wp-content\/uploads\/2019\/11\/Ilgiardinodeiciliegi_phASerra_3_.png?fit=1200%2C750&resize=700%2C400 2x, https:\/\/i0.wp.com\/www.robertosedda.it\/wp-content\/uploads\/2019\/11\/Ilgiardinodeiciliegi_phASerra_3_.png?fit=1200%2C750&resize=1050%2C600 3x"},"classes":[]},{"id":14766,"url":"http:\/\/www.robertosedda.it\/?p=14766","url_meta":{"origin":4546,"position":3},"title":"La tragedia barbaricina","author":"Rufus","date":"02\/03\/2018","format":false,"excerpt":"Visto che io sono riuscito a vederlo nella prima recita cagliaritana e lo spettacolo resta al Teatro Massimo fino a domenica, mi sembra opportuno invitare tutti ad andare a vedere\u00a0Macbettu, adattamento a cura di Alessandro Serra del Mac... ehm, della tragedia scozzese di Shakespeare: \u00e8 gi\u00e0 stato a Cagliari l'anno\u2026","rel":"","context":"In &quot;Coordinate&quot;","block_context":{"text":"Coordinate","link":"http:\/\/www.robertosedda.it\/?cat=52"},"img":{"alt_text":"","src":"https:\/\/i0.wp.com\/www.robertosedda.it\/wp-content\/uploads\/2018\/03\/Macbettu-3.jpg?fit=1200%2C750&resize=350%2C200","width":350,"height":200,"srcset":"https:\/\/i0.wp.com\/www.robertosedda.it\/wp-content\/uploads\/2018\/03\/Macbettu-3.jpg?fit=1200%2C750&resize=350%2C200 1x, https:\/\/i0.wp.com\/www.robertosedda.it\/wp-content\/uploads\/2018\/03\/Macbettu-3.jpg?fit=1200%2C750&resize=700%2C400 2x, https:\/\/i0.wp.com\/www.robertosedda.it\/wp-content\/uploads\/2018\/03\/Macbettu-3.jpg?fit=1200%2C750&resize=1050%2C600 3x"},"classes":[]},{"id":5773,"url":"http:\/\/www.robertosedda.it\/?p=5773","url_meta":{"origin":4546,"position":4},"title":"Forse non fa davvero","author":"Rufus","date":"07\/01\/2014","format":false,"excerpt":"Dopo aver finito di leggere Forse non fa (Celestino Tabasso, Carac\u00f3 2013) mi \u00e8 venuto da pensare che in molti casi in letteratura il piglio sfrenato fino all'impudenza pu\u00f2 sostituire molte altre cose e (quasi) salvare un libro. Forse non fa ha l'ambizione di raccontare Cagliari attraverso i tic dei\u2026","rel":"","context":"In &quot;Coordinate&quot;","block_context":{"text":"Coordinate","link":"http:\/\/www.robertosedda.it\/?cat=52"},"img":{"alt_text":"","src":"https:\/\/i0.wp.com\/www.robertosedda.it\/wp-content\/uploads\/2014\/01\/Forse-non-fa-Tabasso.jpg?fit=216%2C300&resize=350%2C200","width":350,"height":200},"classes":[]},{"id":11465,"url":"http:\/\/www.robertosedda.it\/?p=11465","url_meta":{"origin":4546,"position":5},"title":"Laney \u00e8 intelligente. Sii come Laney","author":"Rufus","date":"28\/01\/2016","format":false,"excerpt":"Laney\u00a0aveva una particolare affinit\u00e0 con le architetture di archiviazione dei dati e un deficit di attenzione clinicamente documentato che in determinate condizioni poteva trasformare in uno stato di iperfocalizzazione patologica. Questo lo rendeva [...] un ottimo ricercatore.\u00a0(William Gibson, Aidoru) Fra i tanti personaggi notevoli e indimenticabili di Gibson, Laney \u00e8\u2026","rel":"","context":"In &quot;Coordinate&quot;","block_context":{"text":"Coordinate","link":"http:\/\/www.robertosedda.it\/?cat=52"},"img":{"alt_text":"","src":"https:\/\/i0.wp.com\/www.robertosedda.it\/wp-content\/uploads\/2016\/01\/Gibson-quote.jpg?resize=350%2C200","width":350,"height":200},"classes":[]}],"_links":{"self":[{"href":"http:\/\/www.robertosedda.it\/index.php?rest_route=\/wp\/v2\/posts\/4546"}],"collection":[{"href":"http:\/\/www.robertosedda.it\/index.php?rest_route=\/wp\/v2\/posts"}],"about":[{"href":"http:\/\/www.robertosedda.it\/index.php?rest_route=\/wp\/v2\/types\/post"}],"author":[{"embeddable":true,"href":"http:\/\/www.robertosedda.it\/index.php?rest_route=\/wp\/v2\/users\/1"}],"replies":[{"embeddable":true,"href":"http:\/\/www.robertosedda.it\/index.php?rest_route=%2Fwp%2Fv2%2Fcomments&post=4546"}],"version-history":[{"count":3,"href":"http:\/\/www.robertosedda.it\/index.php?rest_route=\/wp\/v2\/posts\/4546\/revisions"}],"predecessor-version":[{"id":10964,"href":"http:\/\/www.robertosedda.it\/index.php?rest_route=\/wp\/v2\/posts\/4546\/revisions\/10964"}],"wp:featuredmedia":[{"embeddable":true,"href":"http:\/\/www.robertosedda.it\/index.php?rest_route=\/wp\/v2\/media\/4547"}],"wp:attachment":[{"href":"http:\/\/www.robertosedda.it\/index.php?rest_route=%2Fwp%2Fv2%2Fmedia&parent=4546"}],"wp:term":[{"taxonomy":"category","embeddable":true,"href":"http:\/\/www.robertosedda.it\/index.php?rest_route=%2Fwp%2Fv2%2Fcategories&post=4546"},{"taxonomy":"post_tag","embeddable":true,"href":"http:\/\/www.robertosedda.it\/index.php?rest_route=%2Fwp%2Fv2%2Ftags&post=4546"}],"curies":[{"name":"wp","href":"https:\/\/api.w.org\/{rel}","templated":true}]}}