{"id":4536,"date":"2013-09-28T09:05:49","date_gmt":"2013-09-28T07:05:49","guid":{"rendered":"http:\/\/www.robertosedda.it\/?p=4536"},"modified":"2013-12-08T19:31:28","modified_gmt":"2013-12-08T18:31:28","slug":"gli-illusionauti","status":"publish","type":"post","link":"http:\/\/www.robertosedda.it\/?p=4536","title":{"rendered":"Gli Illusionauti"},"content":{"rendered":"<p>Sono stato ieri sera a vedere <em>Gli Illusionauti<\/em>, spettacolo teatrale che al Lazzaretto di Sant&#8217;Elia conclude la navigazione estiva dei\u00a0<em>Teatridimare<\/em> della compagnia <em>\u00c7\u00e0jka<\/em>.<\/p>\n<p><a href=\"https:\/\/i0.wp.com\/www.robertosedda.it\/wp-content\/uploads\/2013\/09\/2013-09-27-22.26.04.jpg\"><img data-attachment-id=\"4538\" data-permalink=\"http:\/\/www.robertosedda.it\/?attachment_id=4538\" data-orig-file=\"https:\/\/i0.wp.com\/www.robertosedda.it\/wp-content\/uploads\/2013\/09\/2013-09-27-22.26.04.jpg?fit=2048%2C1536\" data-orig-size=\"2048,1536\" data-comments-opened=\"1\" data-image-meta=\"{&quot;aperture&quot;:&quot;2.6&quot;,&quot;credit&quot;:&quot;&quot;,&quot;camera&quot;:&quot;YP-G70&quot;,&quot;caption&quot;:&quot;&quot;,&quot;created_timestamp&quot;:&quot;1380320764&quot;,&quot;copyright&quot;:&quot;&quot;,&quot;focal_length&quot;:&quot;3.79&quot;,&quot;iso&quot;:&quot;400&quot;,&quot;shutter_speed&quot;:&quot;0.11111111111111&quot;,&quot;title&quot;:&quot;&quot;}\" data-image-title=\"2013-09-27 22.26.04\" data-image-description=\"\" data-image-caption=\"\" data-medium-file=\"https:\/\/i0.wp.com\/www.robertosedda.it\/wp-content\/uploads\/2013\/09\/2013-09-27-22.26.04.jpg?fit=300%2C225\" data-large-file=\"https:\/\/i0.wp.com\/www.robertosedda.it\/wp-content\/uploads\/2013\/09\/2013-09-27-22.26.04.jpg?fit=510%2C383\" decoding=\"async\" loading=\"lazy\" class=\" wp-image-4538 alignright\" alt=\"2013-09-27 22.26.04\" src=\"https:\/\/i0.wp.com\/www.robertosedda.it\/wp-content\/uploads\/2013\/09\/2013-09-27-22.26.04.jpg?resize=300%2C225\" width=\"300\" height=\"225\" srcset=\"https:\/\/i0.wp.com\/www.robertosedda.it\/wp-content\/uploads\/2013\/09\/2013-09-27-22.26.04.jpg?resize=300%2C225 300w, https:\/\/i0.wp.com\/www.robertosedda.it\/wp-content\/uploads\/2013\/09\/2013-09-27-22.26.04.jpg?resize=150%2C112 150w, https:\/\/i0.wp.com\/www.robertosedda.it\/wp-content\/uploads\/2013\/09\/2013-09-27-22.26.04.jpg?resize=1024%2C768 1024w, https:\/\/i0.wp.com\/www.robertosedda.it\/wp-content\/uploads\/2013\/09\/2013-09-27-22.26.04.jpg?resize=268%2C200 268w, https:\/\/i0.wp.com\/www.robertosedda.it\/wp-content\/uploads\/2013\/09\/2013-09-27-22.26.04.jpg?resize=700%2C525 700w, https:\/\/i0.wp.com\/www.robertosedda.it\/wp-content\/uploads\/2013\/09\/2013-09-27-22.26.04.jpg?w=2048 2048w, https:\/\/i0.wp.com\/www.robertosedda.it\/wp-content\/uploads\/2013\/09\/2013-09-27-22.26.04.jpg?w=1600 1600w\" sizes=\"(max-width: 300px) 100vw, 300px\" data-recalc-dims=\"1\" \/><\/a>Sono da tempo un estimatore dei lavori di Francesco Origo e della sua compagnia: ho trovato questo <em>Gli Illusionauti <\/em>pi\u00f9 ambizioso, forse troppo ambizioso, degli spettacoli precedenti: tenta di trarre un bilancio dell&#8217;esperienza dei teatri estivi raggiunti navigando a vela, come la compagnia fa ogni estate da molti anni, e vi mischia una riflessione sul senso dell&#8217;essere teatranti in un momento in cui ci si confronta con le nuove tecnologie &#8211; il rapporto messo in scena \u00e8 quello fra teatro e cinema muto all&#8217;inizio del &#8216;900 &#8211; ci sono anche alcuni intermezzi filmati gustosi. E naturalmente fa da sfondo a tutto questo il mare, politropo come Ulisse e custode di leggende e storie senza pari. Molta carne al fuoco, e uno sviluppo forse un po&#8217; tirato via che alla conclusione lascia lo spettatore un po&#8217; perplesso &#8211; <em>come? tutto qui?<\/em> &#8211; ma mi sono abbastanza divertito.<\/p>\n<p>Per chi \u00e8 interessato si replica oggi, al Lazzaretto alle 21. Il biglietto \u00e8 12 euro.<\/p>\n<p><a href=\"https:\/\/i0.wp.com\/www.robertosedda.it\/wp-content\/uploads\/2013\/09\/2013-09-27-21.31.11.jpg\"><img data-attachment-id=\"4537\" data-permalink=\"http:\/\/www.robertosedda.it\/?attachment_id=4537\" data-orig-file=\"https:\/\/i0.wp.com\/www.robertosedda.it\/wp-content\/uploads\/2013\/09\/2013-09-27-21.31.11.jpg?fit=2048%2C1536\" data-orig-size=\"2048,1536\" data-comments-opened=\"1\" data-image-meta=\"{&quot;aperture&quot;:&quot;2.6&quot;,&quot;credit&quot;:&quot;&quot;,&quot;camera&quot;:&quot;YP-G70&quot;,&quot;caption&quot;:&quot;&quot;,&quot;created_timestamp&quot;:&quot;1380317471&quot;,&quot;copyright&quot;:&quot;&quot;,&quot;focal_length&quot;:&quot;3.79&quot;,&quot;iso&quot;:&quot;400&quot;,&quot;shutter_speed&quot;:&quot;0.11111111111111&quot;,&quot;title&quot;:&quot;&quot;}\" data-image-title=\"2013-09-27 21.31.11\" data-image-description=\"\" data-image-caption=\"\" data-medium-file=\"https:\/\/i0.wp.com\/www.robertosedda.it\/wp-content\/uploads\/2013\/09\/2013-09-27-21.31.11.jpg?fit=300%2C225\" data-large-file=\"https:\/\/i0.wp.com\/www.robertosedda.it\/wp-content\/uploads\/2013\/09\/2013-09-27-21.31.11.jpg?fit=510%2C383\" decoding=\"async\" loading=\"lazy\" class=\"aligncenter size-large wp-image-4537\" alt=\"2013-09-27 21.31.11\" src=\"https:\/\/i0.wp.com\/www.robertosedda.it\/wp-content\/uploads\/2013\/09\/2013-09-27-21.31.11.jpg?resize=700%2C525\" width=\"700\" height=\"525\" srcset=\"https:\/\/i0.wp.com\/www.robertosedda.it\/wp-content\/uploads\/2013\/09\/2013-09-27-21.31.11.jpg?resize=1024%2C768 1024w, https:\/\/i0.wp.com\/www.robertosedda.it\/wp-content\/uploads\/2013\/09\/2013-09-27-21.31.11.jpg?resize=150%2C112 150w, https:\/\/i0.wp.com\/www.robertosedda.it\/wp-content\/uploads\/2013\/09\/2013-09-27-21.31.11.jpg?resize=300%2C225 300w, https:\/\/i0.wp.com\/www.robertosedda.it\/wp-content\/uploads\/2013\/09\/2013-09-27-21.31.11.jpg?resize=268%2C200 268w, https:\/\/i0.wp.com\/www.robertosedda.it\/wp-content\/uploads\/2013\/09\/2013-09-27-21.31.11.jpg?resize=700%2C525 700w, https:\/\/i0.wp.com\/www.robertosedda.it\/wp-content\/uploads\/2013\/09\/2013-09-27-21.31.11.jpg?w=2048 2048w, https:\/\/i0.wp.com\/www.robertosedda.it\/wp-content\/uploads\/2013\/09\/2013-09-27-21.31.11.jpg?w=1600 1600w\" sizes=\"(max-width: 700px) 100vw, 700px\" data-recalc-dims=\"1\" \/><\/a>Approfitto per una variazione gastronomica. Sono diventato un <em>fan<\/em> della compagnia <em>\u00c7\u00e0jka<\/em> quattro o cinque anni fa, quando vidi il loro spettacolo <em>Gastromachia<\/em>, durante il quale cucinavano in diretta per il pubblico la<\/p>\n<h2>Zuppa di lenticchie alla campidanese<\/h2>\n<p>e questo mi sembra un buon momento per condividere la ricetta, cos\u00ec come vene descritta nello spettacolo.<\/p>\n<p><strong>Ingredienti<\/strong> (per un pubblico di 400 persone &#8211; per meno scalare appropriatamente):<\/p>\n<ul>\n<li>olio d&#8217;oliva,<\/li>\n<li>un mazzo di sedano, tritato,<\/li>\n<li>una <em>scivedda<\/em> (chiamasi in sardo &#8220;scivedda&#8221; un&#8217;ampio ciotolone, come quello in cui si serve la pasta) di carote a rondelle,<\/li>\n<li>sei belle cipolle, tritate,<\/li>\n<li>una testa d&#8217;aglio, tritato,<\/li>\n<li>un guanciale o una pancetta, tagliato a dadini,<\/li>\n<li>due ampie <em>scivedde<\/em> di lenticchie (una di lenticchie decorticate arancioni e una di lenticchie non decorticate), precedentemente ammollate in acqua per dodici ore,<\/li>\n<li>sale, pepe, peperoncino,<\/li>\n<li>circa quindici litri d&#8217;acqua,<\/li>\n<li>mezza bottiglia di vino bianco.<\/li>\n<li>alcuni chili di <em>pistoccu<\/em> o altro pane casereccio per servire<\/li>\n<\/ul>\n<p>Far appassire in un tegame capace l&#8217;aglio e le cipolle nell&#8217;olio. Quando sono dorati, versare le carote e il sedano, senza mescolare, e quindi la pancetta a dadini (dice il cuoco, nello spettacolo: <em>fare un sontuoso letto con le cipolle, su cui si adagi leggera la carota per accogliere il suo signore, il lussurioso porco<\/em>).<\/p>\n<p>Alzare la fiamma, sfumare con met\u00e0 del vino e versare le lenticchie con sale, pepe e peperoncino.<\/p>\n<p>Mescolare bene e versare l&#8217;acqua. Quando arriva a bollitura versare il resto del vino.<\/p>\n<p>La ricetta \u00e8 finita qui, ma prevede a met\u00e0 della cottura (direi una mezz&#8217;ora di sobbollitura in totale per le lenticchie) l&#8217;aggiunta di sale e peperoncino per regolare il gusto a piacere.<\/p>\n<p>L&#8217;acqua deve essere abbondante, la zuppa alla fine resta quasi una minestra, molto brodosa, in cui si inzuppa piacevolmente il <em>pistoccu<\/em>. Occhio: non troppo allungata, altrimenti il brodo non ha sapore.<\/p>\n","protected":false},"excerpt":{"rendered":"<p>Sono stato ieri sera a vedere Gli Illusionauti, spettacolo teatrale che al Lazzaretto di Sant&#8217;Elia conclude la navigazione estiva dei\u00a0Teatridimare<\/p>\n","protected":false},"author":1,"featured_media":4537,"comment_status":"open","ping_status":"open","sticky":false,"template":"","format":"standard","meta":{"_mi_skip_tracking":false,"_monsterinsights_sitenote_active":false,"_monsterinsights_sitenote_note":"","_monsterinsights_sitenote_category":0,"jetpack_post_was_ever_published":false,"_jetpack_newsletter_access":"","jetpack_publicize_message":"","jetpack_is_tweetstorm":false,"jetpack_publicize_feature_enabled":true,"jetpack_social_post_already_shared":false,"jetpack_social_options":{"image_generator_settings":{"template":"highway","enabled":false}}},"categories":[52,49,56,82,12],"tags":[],"jetpack_publicize_connections":[],"jetpack_featured_media_url":"https:\/\/i0.wp.com\/www.robertosedda.it\/wp-content\/uploads\/2013\/09\/2013-09-27-21.31.11.jpg?fit=2048%2C1536","jetpack_sharing_enabled":true,"jetpack_shortlink":"https:\/\/wp.me\/p4jV2T-1ba","jetpack_likes_enabled":true,"jetpack-related-posts":[{"id":14686,"url":"http:\/\/www.robertosedda.it\/?p=14686","url_meta":{"origin":4536,"position":0},"title":"Come lacrime nella pioggia&#8230; (fate girare!!)","author":"Rufus","date":"15\/02\/2018","format":false,"excerpt":"Quella sera ero solo. Di solito a teatro andavo con il mio amico Alberto, a quell'epoca, ma quella sera, non so perch\u00e9, ero solo. Cio\u00e8, teatro. La cosa strana \u00e8 che al Bastione, dove era annunciato lo spettacolo, non c'era palco.\u00a0Nemmeno sedie, per la verit\u00e0, e quindi ero abbastanza perplesso.\u2026","rel":"","context":"In &quot;Famiglia&quot;","block_context":{"text":"Famiglia","link":"http:\/\/www.robertosedda.it\/?cat=86"},"img":{"alt_text":"","src":"https:\/\/i0.wp.com\/www.robertosedda.it\/wp-content\/uploads\/2018\/02\/Dimonis.jpg?fit=1024%2C659&resize=350%2C200","width":350,"height":200,"srcset":"https:\/\/i0.wp.com\/www.robertosedda.it\/wp-content\/uploads\/2018\/02\/Dimonis.jpg?fit=1024%2C659&resize=350%2C200 1x, https:\/\/i0.wp.com\/www.robertosedda.it\/wp-content\/uploads\/2018\/02\/Dimonis.jpg?fit=1024%2C659&resize=700%2C400 2x"},"classes":[]},{"id":12955,"url":"http:\/\/www.robertosedda.it\/?p=12955","url_meta":{"origin":4536,"position":1},"title":"Il provinciale va a teatro","author":"Rufus","date":"15\/12\/2016","format":false,"excerpt":"La settimana scorsa io e Maria Bonaria siamo stati a Roma per il ponte dell'Immacolata. Riflettevo, poi, che la nostra vacanza aveva un vago sapore austeniano (vedi alla voce: madamigelle in citt\u00e0 per la stagione), nel senso che le nostre attivit\u00e0 sono consistite\u00a0in cose che anche le signorine ottocentesche a\u2026","rel":"","context":"In &quot;Coordinate&quot;","block_context":{"text":"Coordinate","link":"http:\/\/www.robertosedda.it\/?cat=52"},"img":{"alt_text":"","src":"https:\/\/i0.wp.com\/www.robertosedda.it\/wp-content\/uploads\/2016\/12\/LehmanTrilogy_h.jpg?fit=1200%2C675&resize=350%2C200","width":350,"height":200,"srcset":"https:\/\/i0.wp.com\/www.robertosedda.it\/wp-content\/uploads\/2016\/12\/LehmanTrilogy_h.jpg?fit=1200%2C675&resize=350%2C200 1x, https:\/\/i0.wp.com\/www.robertosedda.it\/wp-content\/uploads\/2016\/12\/LehmanTrilogy_h.jpg?fit=1200%2C675&resize=700%2C400 2x, https:\/\/i0.wp.com\/www.robertosedda.it\/wp-content\/uploads\/2016\/12\/LehmanTrilogy_h.jpg?fit=1200%2C675&resize=1050%2C600 3x"},"classes":[]},{"id":8570,"url":"http:\/\/www.robertosedda.it\/?p=8570","url_meta":{"origin":4536,"position":2},"title":"Cose che capitano a teatro","author":"Rufus","date":"06\/10\/2014","format":false,"excerpt":"Venerd\u00ec sono andato a teatro con Maria Bonaria a vedere uno spettacolo gratuito, Canzoni senza terra di e con Enrico Bonavera. \u00c8 stato molto divertente, Bonavera molto bravo e il tutto mi ha ricordato un vecchissimo spettacolo con Maurizio Micheli, Mi voleva Strehler, che a suo tempo mi era piaciuto\u2026","rel":"","context":"In &quot;Coordinate&quot;","block_context":{"text":"Coordinate","link":"http:\/\/www.robertosedda.it\/?cat=52"},"img":{"alt_text":"","src":"https:\/\/i0.wp.com\/www.robertosedda.it\/wp-content\/uploads\/2014\/10\/cajka_teatri-di-mare.jpg?fit=436%2C230&resize=350%2C200","width":350,"height":200},"classes":[]},{"id":14766,"url":"http:\/\/www.robertosedda.it\/?p=14766","url_meta":{"origin":4536,"position":3},"title":"La tragedia barbaricina","author":"Rufus","date":"02\/03\/2018","format":false,"excerpt":"Visto che io sono riuscito a vederlo nella prima recita cagliaritana e lo spettacolo resta al Teatro Massimo fino a domenica, mi sembra opportuno invitare tutti ad andare a vedere\u00a0Macbettu, adattamento a cura di Alessandro Serra del Mac... ehm, della tragedia scozzese di Shakespeare: \u00e8 gi\u00e0 stato a Cagliari l'anno\u2026","rel":"","context":"In &quot;Coordinate&quot;","block_context":{"text":"Coordinate","link":"http:\/\/www.robertosedda.it\/?cat=52"},"img":{"alt_text":"","src":"https:\/\/i0.wp.com\/www.robertosedda.it\/wp-content\/uploads\/2018\/03\/Macbettu-3.jpg?fit=1200%2C750&resize=350%2C200","width":350,"height":200,"srcset":"https:\/\/i0.wp.com\/www.robertosedda.it\/wp-content\/uploads\/2018\/03\/Macbettu-3.jpg?fit=1200%2C750&resize=350%2C200 1x, https:\/\/i0.wp.com\/www.robertosedda.it\/wp-content\/uploads\/2018\/03\/Macbettu-3.jpg?fit=1200%2C750&resize=700%2C400 2x, https:\/\/i0.wp.com\/www.robertosedda.it\/wp-content\/uploads\/2018\/03\/Macbettu-3.jpg?fit=1200%2C750&resize=1050%2C600 3x"},"classes":[]},{"id":16944,"url":"http:\/\/www.robertosedda.it\/?p=16944","url_meta":{"origin":4536,"position":4},"title":"Teatro al cinema","author":"Rufus","date":"29\/07\/2019","format":false,"excerpt":"Ho visto la settimana scorsa, praticamente per caso, Il flauto magico di Piazza Vittorio, riproposizione del quasi omonimo spettacolo teatrale (e disco), tratto ovviamente dal Flauto magico di Mozart. https:\/\/www.youtube.com\/watch?v=pc8RlfTNk1U Ero con Maria Bonaria e il Subcomandante Marcos e ci siamo tutti e tre divertiti molto: consiglio la visione senza\u2026","rel":"","context":"In &quot;Coordinate&quot;","block_context":{"text":"Coordinate","link":"http:\/\/www.robertosedda.it\/?cat=52"},"img":{"alt_text":"","src":"https:\/\/i0.wp.com\/www.robertosedda.it\/wp-content\/uploads\/2019\/07\/Flauto-magico.jpg?fit=1200%2C675&resize=350%2C200","width":350,"height":200,"srcset":"https:\/\/i0.wp.com\/www.robertosedda.it\/wp-content\/uploads\/2019\/07\/Flauto-magico.jpg?fit=1200%2C675&resize=350%2C200 1x, https:\/\/i0.wp.com\/www.robertosedda.it\/wp-content\/uploads\/2019\/07\/Flauto-magico.jpg?fit=1200%2C675&resize=700%2C400 2x, https:\/\/i0.wp.com\/www.robertosedda.it\/wp-content\/uploads\/2019\/07\/Flauto-magico.jpg?fit=1200%2C675&resize=1050%2C600 3x"},"classes":[]},{"id":16231,"url":"http:\/\/www.robertosedda.it\/?p=16231","url_meta":{"origin":4536,"position":5},"title":"Repertori e cataloghi","author":"Rufus","date":"07\/02\/2019","format":false,"excerpt":"La settimana scorsa ho visto al teatro Argentina di Roma La\u00a0tragedia\u00a0del\u00a0vendicatore di Thomas Middleton, che contrariamente a quello che crede Google\u00a0non\u00a0\u00e8\u00a0un\u00a0parente\u00a0della\u00a0Duchessa\u00a0di Cambridge\u00a0ma\u00a0un autore di teatro pi\u00f9 o meno contemporaneo di Shakespeare. Parentesi: siccome Middleton \u00e8 stato attivo soprattutto dopo la morte della Regina Elisabetta non \u00e8 corretto definirlo un esponente\u2026","rel":"","context":"In &quot;Coordinate&quot;","block_context":{"text":"Coordinate","link":"http:\/\/www.robertosedda.it\/?cat=52"},"img":{"alt_text":"","src":"https:\/\/i0.wp.com\/www.robertosedda.it\/wp-content\/uploads\/2019\/02\/Middleton.jpg?fit=1200%2C900&resize=350%2C200","width":350,"height":200,"srcset":"https:\/\/i0.wp.com\/www.robertosedda.it\/wp-content\/uploads\/2019\/02\/Middleton.jpg?fit=1200%2C900&resize=350%2C200 1x, https:\/\/i0.wp.com\/www.robertosedda.it\/wp-content\/uploads\/2019\/02\/Middleton.jpg?fit=1200%2C900&resize=700%2C400 2x, https:\/\/i0.wp.com\/www.robertosedda.it\/wp-content\/uploads\/2019\/02\/Middleton.jpg?fit=1200%2C900&resize=1050%2C600 3x"},"classes":[]}],"_links":{"self":[{"href":"http:\/\/www.robertosedda.it\/index.php?rest_route=\/wp\/v2\/posts\/4536"}],"collection":[{"href":"http:\/\/www.robertosedda.it\/index.php?rest_route=\/wp\/v2\/posts"}],"about":[{"href":"http:\/\/www.robertosedda.it\/index.php?rest_route=\/wp\/v2\/types\/post"}],"author":[{"embeddable":true,"href":"http:\/\/www.robertosedda.it\/index.php?rest_route=\/wp\/v2\/users\/1"}],"replies":[{"embeddable":true,"href":"http:\/\/www.robertosedda.it\/index.php?rest_route=%2Fwp%2Fv2%2Fcomments&post=4536"}],"version-history":[{"count":4,"href":"http:\/\/www.robertosedda.it\/index.php?rest_route=\/wp\/v2\/posts\/4536\/revisions"}],"predecessor-version":[{"id":5348,"href":"http:\/\/www.robertosedda.it\/index.php?rest_route=\/wp\/v2\/posts\/4536\/revisions\/5348"}],"wp:featuredmedia":[{"embeddable":true,"href":"http:\/\/www.robertosedda.it\/index.php?rest_route=\/wp\/v2\/media\/4537"}],"wp:attachment":[{"href":"http:\/\/www.robertosedda.it\/index.php?rest_route=%2Fwp%2Fv2%2Fmedia&parent=4536"}],"wp:term":[{"taxonomy":"category","embeddable":true,"href":"http:\/\/www.robertosedda.it\/index.php?rest_route=%2Fwp%2Fv2%2Fcategories&post=4536"},{"taxonomy":"post_tag","embeddable":true,"href":"http:\/\/www.robertosedda.it\/index.php?rest_route=%2Fwp%2Fv2%2Ftags&post=4536"}],"curies":[{"name":"wp","href":"https:\/\/api.w.org\/{rel}","templated":true}]}}