{"id":4474,"date":"2013-09-18T18:06:33","date_gmt":"2013-09-18T16:06:33","guid":{"rendered":"http:\/\/www.robertosedda.it\/?p=4474"},"modified":"2013-09-18T18:10:32","modified_gmt":"2013-09-18T16:10:32","slug":"cambio-di-impostazione-allunione-sarda","status":"publish","type":"post","link":"http:\/\/www.robertosedda.it\/?p=4474","title":{"rendered":"Cambio di impostazione all&#8217;Unione Sarda"},"content":{"rendered":"<p>Come molti sanno mi piace assai andare in giro in bicicletta. Per un periodo l&#8217;ho usata religiosamente per andare al lavoro e in altri periodi non doveva essere difficile vedermi sfrecciare elegantemente (per modo di dire, ovviamente) per la citt\u00e0.<\/p>\n<p><a href=\"https:\/\/i0.wp.com\/www.robertosedda.it\/wp-content\/uploads\/2013\/09\/Roberto002.jpg\"><img data-attachment-id=\"4475\" data-permalink=\"http:\/\/www.robertosedda.it\/?attachment_id=4475\" data-orig-file=\"https:\/\/i0.wp.com\/www.robertosedda.it\/wp-content\/uploads\/2013\/09\/Roberto002.jpg?fit=492%2C752\" data-orig-size=\"492,752\" data-comments-opened=\"1\" data-image-meta=\"{&quot;aperture&quot;:&quot;0&quot;,&quot;credit&quot;:&quot;&quot;,&quot;camera&quot;:&quot;&quot;,&quot;caption&quot;:&quot;&quot;,&quot;created_timestamp&quot;:&quot;0&quot;,&quot;copyright&quot;:&quot;&quot;,&quot;focal_length&quot;:&quot;0&quot;,&quot;iso&quot;:&quot;0&quot;,&quot;shutter_speed&quot;:&quot;0&quot;,&quot;title&quot;:&quot;&quot;}\" data-image-title=\"Roberto002\" data-image-description=\"\" data-image-caption=\"\" data-medium-file=\"https:\/\/i0.wp.com\/www.robertosedda.it\/wp-content\/uploads\/2013\/09\/Roberto002.jpg?fit=196%2C300\" data-large-file=\"https:\/\/i0.wp.com\/www.robertosedda.it\/wp-content\/uploads\/2013\/09\/Roberto002.jpg?fit=492%2C752\" decoding=\"async\" loading=\"lazy\" class=\"alignleft size-medium wp-image-4475\" alt=\"Roberto002\" src=\"https:\/\/i0.wp.com\/www.robertosedda.it\/wp-content\/uploads\/2013\/09\/Roberto002-196x300.jpg?resize=196%2C300\" width=\"196\" height=\"300\" srcset=\"https:\/\/i0.wp.com\/www.robertosedda.it\/wp-content\/uploads\/2013\/09\/Roberto002.jpg?resize=196%2C300 196w, https:\/\/i0.wp.com\/www.robertosedda.it\/wp-content\/uploads\/2013\/09\/Roberto002.jpg?resize=98%2C150 98w, https:\/\/i0.wp.com\/www.robertosedda.it\/wp-content\/uploads\/2013\/09\/Roberto002.jpg?w=492 492w\" sizes=\"(max-width: 196px) 100vw, 196px\" data-recalc-dims=\"1\" \/><\/a>\u00c8 stato in quel periodo che mi hanno fotografato, una volta che piazza Repubblica era allagata per non so quale guasto alla rete idrica.<\/p>\n<p>Cos\u00ec, anche quando ho smesso di andare spesso in bicicletta sono puntualmente ricomparso sull&#8217;<em>Unione Sarda<\/em>, ogni volta che c&#8217;era bisogno della foto d&#8217;archivio di un ciclista.<\/p>\n<p>Anzi, per diversi anni non si poteva rompere un tubo dell&#8217;acqua in qualunque quartiere della citt\u00e0 senza che la mia foto tornasse alla ribalta, suscitando ogni volta la sconfinata ammirazione delle nipoti, le divertite segnalazioni di mia madre e mio suocero e i bonari sfott\u00f2 di amici e colleghi.<\/p>\n<p><a href=\"https:\/\/i0.wp.com\/www.robertosedda.it\/wp-content\/uploads\/2013\/09\/Roberto001.jpg\"><img data-attachment-id=\"4476\" data-permalink=\"http:\/\/www.robertosedda.it\/?attachment_id=4476\" data-orig-file=\"https:\/\/i0.wp.com\/www.robertosedda.it\/wp-content\/uploads\/2013\/09\/Roberto001.jpg?fit=563%2C409\" data-orig-size=\"563,409\" data-comments-opened=\"1\" data-image-meta=\"{&quot;aperture&quot;:&quot;0&quot;,&quot;credit&quot;:&quot;&quot;,&quot;camera&quot;:&quot;&quot;,&quot;caption&quot;:&quot;&quot;,&quot;created_timestamp&quot;:&quot;0&quot;,&quot;copyright&quot;:&quot;&quot;,&quot;focal_length&quot;:&quot;0&quot;,&quot;iso&quot;:&quot;0&quot;,&quot;shutter_speed&quot;:&quot;0&quot;,&quot;title&quot;:&quot;&quot;}\" data-image-title=\"Roberto001\" data-image-description=\"\" data-image-caption=\"\" data-medium-file=\"https:\/\/i0.wp.com\/www.robertosedda.it\/wp-content\/uploads\/2013\/09\/Roberto001.jpg?fit=300%2C217\" data-large-file=\"https:\/\/i0.wp.com\/www.robertosedda.it\/wp-content\/uploads\/2013\/09\/Roberto001.jpg?fit=510%2C370\" decoding=\"async\" loading=\"lazy\" class=\"alignright size-medium wp-image-4476\" alt=\"Roberto001\" src=\"https:\/\/i0.wp.com\/www.robertosedda.it\/wp-content\/uploads\/2013\/09\/Roberto001-300x217.jpg?resize=300%2C217\" width=\"300\" height=\"217\" srcset=\"https:\/\/i0.wp.com\/www.robertosedda.it\/wp-content\/uploads\/2013\/09\/Roberto001.jpg?resize=300%2C217 300w, https:\/\/i0.wp.com\/www.robertosedda.it\/wp-content\/uploads\/2013\/09\/Roberto001.jpg?resize=150%2C108 150w, https:\/\/i0.wp.com\/www.robertosedda.it\/wp-content\/uploads\/2013\/09\/Roberto001.jpg?w=563 563w\" sizes=\"(max-width: 300px) 100vw, 300px\" data-recalc-dims=\"1\" \/><\/a>Sono lieto di segnalarvi che quei giorni sono finiti per sempre. Non so se sia per l&#8217;influsso di un nuovo giovane e aggressivo direttore o per qualche altro motivo, ma la linea editoriale del giornale nei confronti dei miei sforzi ciclistici \u00e8 cambiata: domenica scorsa la mia immagine \u00e8 passata dall&#8217;illustrare i disservizi idrici a abbellire (con una foto di tre anni fa) le pi\u00f9 moderne ipotesi di mobilit\u00e0 sostenibile.<\/p>\n<p>Per\u00f2 sono sempre io: pare che ogni volta che un fotografo dell&#8217;<em>Unione Sarda<\/em> va in giro a procurarsi una foto da mettere in archivio alla voce &#8220;ciclisti&#8221; io sono l\u00ec in mezzo ai piedi. Coincidenze? Smodata voglia di apparire da parte mia? Oppure, forse, all&#8217;<em>unione Sarda <\/em> non pososno fare a meno di me.<\/p>\n","protected":false},"excerpt":{"rendered":"<p>Come molti sanno mi piace assai andare in giro in bicicletta. Per un periodo l&#8217;ho usata religiosamente per andare al<\/p>\n","protected":false},"author":1,"featured_media":4479,"comment_status":"open","ping_status":"open","sticky":false,"template":"","format":"standard","meta":{"_mi_skip_tracking":false,"_monsterinsights_sitenote_active":false,"_monsterinsights_sitenote_note":"","_monsterinsights_sitenote_category":0,"jetpack_post_was_ever_published":false,"_jetpack_newsletter_access":"","jetpack_publicize_message":"","jetpack_is_tweetstorm":false,"jetpack_publicize_feature_enabled":true,"jetpack_social_post_already_shared":false,"jetpack_social_options":{"image_generator_settings":{"template":"highway","enabled":false}}},"categories":[52,86,53,17,16],"tags":[],"jetpack_publicize_connections":[],"jetpack_featured_media_url":"https:\/\/i0.wp.com\/www.robertosedda.it\/wp-content\/uploads\/2013\/09\/Gonario.jpg?fit=2048%2C1536","jetpack_sharing_enabled":true,"jetpack_shortlink":"https:\/\/wp.me\/p4jV2T-1aa","jetpack_likes_enabled":true,"jetpack-related-posts":[{"id":4504,"url":"http:\/\/www.robertosedda.it\/?p=4504","url_meta":{"origin":4474,"position":0},"title":"La mia vita con il Papa &#8211; l&#8217;evento (1)","author":"Rufus","date":"25\/09\/2013","format":false,"excerpt":"Prima di tutto vi rassicuro: sono tornato a casa, per giunta senza problemi. Se non ho scritto negli scorsi due giorni non \u00e8 perch\u00e9 vagavo alla ricerca di una varco nelle transenne ma perch\u00e9 si sono accumulate un po' di cose familiari\u00a0di altro genere. A proposito, per quelli che lo\u2026","rel":"","context":"In &quot;Coordinate&quot;","block_context":{"text":"Coordinate","link":"http:\/\/www.robertosedda.it\/?cat=52"},"img":{"alt_text":"","src":"https:\/\/i0.wp.com\/www.robertosedda.it\/wp-content\/uploads\/2013\/09\/Papa-Francesco-Cagliari-foto-gruppo.jpg?fit=960%2C720&resize=350%2C200","width":350,"height":200,"srcset":"https:\/\/i0.wp.com\/www.robertosedda.it\/wp-content\/uploads\/2013\/09\/Papa-Francesco-Cagliari-foto-gruppo.jpg?fit=960%2C720&resize=350%2C200 1x, https:\/\/i0.wp.com\/www.robertosedda.it\/wp-content\/uploads\/2013\/09\/Papa-Francesco-Cagliari-foto-gruppo.jpg?fit=960%2C720&resize=700%2C400 2x"},"classes":[]},{"id":11152,"url":"http:\/\/www.robertosedda.it\/?p=11152","url_meta":{"origin":4474,"position":1},"title":"REBLOG: La donna sarda","author":"Rufus","date":"10\/11\/2015","format":"link","excerpt":"\u00c8 un po' (forse da sempre) che anch'io ho dei dubbi sull'appendice al femminile dell'Unione Sarda in versione digitale. Qui una disamina.","rel":"","context":"In &quot;Segnalazioni&quot;","block_context":{"text":"Segnalazioni","link":"http:\/\/www.robertosedda.it\/?cat=95"},"img":{"alt_text":"","src":"","width":0,"height":0},"classes":[]},{"id":16300,"url":"http:\/\/www.robertosedda.it\/?p=16300","url_meta":{"origin":4474,"position":2},"title":"Trova le somiglianze","author":"Rufus","date":"04\/03\/2019","format":false,"excerpt":"Anni fa stavo andando in aereo da qualche parte per Banca Etica e mi trovai in un aeroporto con un signore che aveva un elegante abito in velluto dal taglio molto tradizionale, una camicia bianca alla sarda, il bonnete e una folta barba bianca. Era cos\u00ec evidentemente e pienamente sardo\u2026","rel":"","context":"In &quot;Coordinate&quot;","block_context":{"text":"Coordinate","link":"http:\/\/www.robertosedda.it\/?cat=52"},"img":{"alt_text":"","src":"https:\/\/i0.wp.com\/www.robertosedda.it\/wp-content\/uploads\/2019\/03\/Rufus-velluto.jpg?fit=1200%2C913&resize=350%2C200","width":350,"height":200,"srcset":"https:\/\/i0.wp.com\/www.robertosedda.it\/wp-content\/uploads\/2019\/03\/Rufus-velluto.jpg?fit=1200%2C913&resize=350%2C200 1x, https:\/\/i0.wp.com\/www.robertosedda.it\/wp-content\/uploads\/2019\/03\/Rufus-velluto.jpg?fit=1200%2C913&resize=700%2C400 2x, https:\/\/i0.wp.com\/www.robertosedda.it\/wp-content\/uploads\/2019\/03\/Rufus-velluto.jpg?fit=1200%2C913&resize=1050%2C600 3x"},"classes":[]},{"id":6680,"url":"http:\/\/www.robertosedda.it\/?p=6680","url_meta":{"origin":4474,"position":3},"title":"Chi ha paura di Giorgio Mazzella? La crisi di Sardegna Uno simbolo dell\u2019informazione isolana in caduta libera. Un articolo di Vito Biolchini","author":"Rufus","date":"11\/03\/2014","format":false,"excerpt":"Oltre che su questo blog, questo articolo viene pubblicato anche sui siti di\u00a0Fondazione Sardinia,\u00a0Aladin Pensiero,\u00a0Tramas de Amistade,\u00a0Madrigopolis,\u00a0SardegnaSoprattutto,\u00a0Sportello Formaparis,\u00a0Tottusinpari\u00a0e sui blog\u00a0di Enrico Lobina e Vito Biolchini. Chi ha paura di Giorgio Mazzella? La crisi di Sardegna Uno simbolo dell\u2019informazione isolana in caduta libera di Vito Biolchini I lavoratori di Sardegna Uno\u2026","rel":"","context":"In &quot;Coordinate&quot;","block_context":{"text":"Coordinate","link":"http:\/\/www.robertosedda.it\/?cat=52"},"img":{"alt_text":"","src":"https:\/\/i0.wp.com\/www.robertosedda.it\/wp-content\/uploads\/2014\/03\/Striscione-Sardegna-Uno.jpg?fit=786%2C445&resize=350%2C200","width":350,"height":200,"srcset":"https:\/\/i0.wp.com\/www.robertosedda.it\/wp-content\/uploads\/2014\/03\/Striscione-Sardegna-Uno.jpg?fit=786%2C445&resize=350%2C200 1x, https:\/\/i0.wp.com\/www.robertosedda.it\/wp-content\/uploads\/2014\/03\/Striscione-Sardegna-Uno.jpg?fit=786%2C445&resize=700%2C400 2x"},"classes":[]},{"id":13951,"url":"http:\/\/www.robertosedda.it\/?p=13951","url_meta":{"origin":4474,"position":4},"title":"Cambi di ottica visuale per la Sardegna","author":"Rufus","date":"19\/07\/2017","format":false,"excerpt":"L'altro giorno leggevo un articolo interessante sulle differenze fra lo spagnolo parlato nella penisola iberica e quello della latinoamerica. Gi\u00e0 dall'inizio c'\u00e8 una lunga discussione sull'uso della seconda persona del pronome personale e dei vari casi nei quali bisogna usare\u00a0ustedes\u00a0invece di\u00a0vosotros: saltava all'occhio il collegamento con i due pronomi sardi\u00a0fustetti\u2026","rel":"","context":"In &quot;Coordinate&quot;","block_context":{"text":"Coordinate","link":"http:\/\/www.robertosedda.it\/?cat=52"},"img":{"alt_text":"","src":"https:\/\/i0.wp.com\/www.robertosedda.it\/wp-content\/uploads\/2017\/07\/Quattro-mori.jpg?fit=1024%2C467&resize=350%2C200","width":350,"height":200,"srcset":"https:\/\/i0.wp.com\/www.robertosedda.it\/wp-content\/uploads\/2017\/07\/Quattro-mori.jpg?fit=1024%2C467&resize=350%2C200 1x, https:\/\/i0.wp.com\/www.robertosedda.it\/wp-content\/uploads\/2017\/07\/Quattro-mori.jpg?fit=1024%2C467&resize=700%2C400 2x"},"classes":[]},{"id":8868,"url":"http:\/\/www.robertosedda.it\/?p=8868","url_meta":{"origin":4474,"position":5},"title":"Passeggiando passo passo","author":"Rufus","date":"18\/11\/2014","format":false,"excerpt":"O meglio:\u00a0passillendi passu passu. Anzi: con Passu Passu \u00c8 passato pi\u00f9 di\u00a0un mese da quando ho fatto una delle passeggiate esplorative in giro per Cagliari proposte da\u00a0Passu Passu: non sono mai riuscito sinora a trovare il tempo di mettere gi\u00f9 delle osservazioni su questa attivit\u00e0, ma nell'occasione ho imparato molto\u2026","rel":"","context":"In &quot;Coordinate&quot;","block_context":{"text":"Coordinate","link":"http:\/\/www.robertosedda.it\/?cat=52"},"img":{"alt_text":"","src":"https:\/\/i0.wp.com\/www.robertosedda.it\/wp-content\/uploads\/2014\/11\/Passupassu.png?fit=1037%2C546&resize=350%2C200","width":350,"height":200,"srcset":"https:\/\/i0.wp.com\/www.robertosedda.it\/wp-content\/uploads\/2014\/11\/Passupassu.png?fit=1037%2C546&resize=350%2C200 1x, https:\/\/i0.wp.com\/www.robertosedda.it\/wp-content\/uploads\/2014\/11\/Passupassu.png?fit=1037%2C546&resize=700%2C400 2x"},"classes":[]}],"_links":{"self":[{"href":"http:\/\/www.robertosedda.it\/index.php?rest_route=\/wp\/v2\/posts\/4474"}],"collection":[{"href":"http:\/\/www.robertosedda.it\/index.php?rest_route=\/wp\/v2\/posts"}],"about":[{"href":"http:\/\/www.robertosedda.it\/index.php?rest_route=\/wp\/v2\/types\/post"}],"author":[{"embeddable":true,"href":"http:\/\/www.robertosedda.it\/index.php?rest_route=\/wp\/v2\/users\/1"}],"replies":[{"embeddable":true,"href":"http:\/\/www.robertosedda.it\/index.php?rest_route=%2Fwp%2Fv2%2Fcomments&post=4474"}],"version-history":[{"count":1,"href":"http:\/\/www.robertosedda.it\/index.php?rest_route=\/wp\/v2\/posts\/4474\/revisions"}],"predecessor-version":[{"id":4477,"href":"http:\/\/www.robertosedda.it\/index.php?rest_route=\/wp\/v2\/posts\/4474\/revisions\/4477"}],"wp:featuredmedia":[{"embeddable":true,"href":"http:\/\/www.robertosedda.it\/index.php?rest_route=\/wp\/v2\/media\/4479"}],"wp:attachment":[{"href":"http:\/\/www.robertosedda.it\/index.php?rest_route=%2Fwp%2Fv2%2Fmedia&parent=4474"}],"wp:term":[{"taxonomy":"category","embeddable":true,"href":"http:\/\/www.robertosedda.it\/index.php?rest_route=%2Fwp%2Fv2%2Fcategories&post=4474"},{"taxonomy":"post_tag","embeddable":true,"href":"http:\/\/www.robertosedda.it\/index.php?rest_route=%2Fwp%2Fv2%2Ftags&post=4474"}],"curies":[{"name":"wp","href":"https:\/\/api.w.org\/{rel}","templated":true}]}}