{"id":4441,"date":"2013-09-15T13:25:15","date_gmt":"2013-09-15T11:25:15","guid":{"rendered":"http:\/\/www.robertosedda.it\/?p=4441"},"modified":"2014-10-06T22:47:31","modified_gmt":"2014-10-06T20:47:31","slug":"i-biscotti-e-i-traditori","status":"publish","type":"post","link":"http:\/\/www.robertosedda.it\/?p=4441","title":{"rendered":"I biscotti e i traditori"},"content":{"rendered":"<p><a href=\"https:\/\/i0.wp.com\/www.robertosedda.it\/wp-content\/uploads\/2013\/09\/Delitala.jpg\"><img data-attachment-id=\"4835\" data-permalink=\"http:\/\/www.robertosedda.it\/?attachment_id=4835\" data-orig-file=\"https:\/\/i0.wp.com\/www.robertosedda.it\/wp-content\/uploads\/2013\/09\/Delitala.jpg?fit=1600%2C1200\" data-orig-size=\"1600,1200\" data-comments-opened=\"1\" data-image-meta=\"{&quot;aperture&quot;:&quot;2.8&quot;,&quot;credit&quot;:&quot;&quot;,&quot;camera&quot;:&quot;L-300&quot;,&quot;caption&quot;:&quot;&quot;,&quot;created_timestamp&quot;:&quot;1082313342&quot;,&quot;copyright&quot;:&quot;&quot;,&quot;focal_length&quot;:&quot;5.6&quot;,&quot;iso&quot;:&quot;100&quot;,&quot;shutter_speed&quot;:&quot;0.3536&quot;,&quot;title&quot;:&quot;EPSON DSC picture&quot;}\" data-image-title=\"EPSON DSC picture\" data-image-description=\"\" data-image-caption=\"\" data-medium-file=\"https:\/\/i0.wp.com\/www.robertosedda.it\/wp-content\/uploads\/2013\/09\/Delitala.jpg?fit=300%2C225\" data-large-file=\"https:\/\/i0.wp.com\/www.robertosedda.it\/wp-content\/uploads\/2013\/09\/Delitala.jpg?fit=510%2C383\" decoding=\"async\" loading=\"lazy\" class=\"alignleft size-medium wp-image-4835\" src=\"https:\/\/i0.wp.com\/www.robertosedda.it\/wp-content\/uploads\/2013\/09\/Delitala.jpg?resize=300%2C225\" alt=\"EPSON DSC picture\" width=\"300\" height=\"225\" srcset=\"https:\/\/i0.wp.com\/www.robertosedda.it\/wp-content\/uploads\/2013\/09\/Delitala.jpg?resize=300%2C225 300w, https:\/\/i0.wp.com\/www.robertosedda.it\/wp-content\/uploads\/2013\/09\/Delitala.jpg?resize=150%2C112 150w, https:\/\/i0.wp.com\/www.robertosedda.it\/wp-content\/uploads\/2013\/09\/Delitala.jpg?resize=1024%2C768 1024w, https:\/\/i0.wp.com\/www.robertosedda.it\/wp-content\/uploads\/2013\/09\/Delitala.jpg?resize=268%2C200 268w, https:\/\/i0.wp.com\/www.robertosedda.it\/wp-content\/uploads\/2013\/09\/Delitala.jpg?resize=700%2C525 700w, https:\/\/i0.wp.com\/www.robertosedda.it\/wp-content\/uploads\/2013\/09\/Delitala.jpg?w=1600 1600w\" sizes=\"(max-width: 300px) 100vw, 300px\" data-recalc-dims=\"1\" \/><\/a>Diversi anni fa a Orani andai con Maria Bonaria a prendere il caff\u00e9 da una anziana comare, <em>tzia<\/em> Caterina. Col caff\u00e9 ci offr\u00ec i famosi biscotti di Orani, che hanno riempito di gioia la mia infanzia con la loro glassa arzigogolata, e ci rivel\u00f2 un segreto.<\/p>\n<p>\u00abQuesti sono quelli che chiamano &#8220;biscotti di Fonni&#8221;\u00bb, ci disse. \u00abMa non sono &#8220;di Fonni&#8221;, propriamente sono stati inventati a Orani\u00bb.<\/p>\n<p>\u00abLe cose andarono cos\u00ec\u00bb, continu\u00f2 <em>tzia<\/em> Caterina. \u00abC&#8217;era una donna di Orani la quale era rimasta incinta di uno di Fonni, senza essere sposata, e si era stabilita in quel paese. Siccome era molto povera, perch\u00e9 il suo uomo non si curava di lei, per tirare avanti si mise a fare i biscotti nostri di Orani e a venderli. Ha avuto fortuna, si sono venduti dappertutto in Sardegna e la gente adesso li chiama &#8220;biscotti di Fonni&#8221;. Ma non sono di Fonni, sono di Orani\u00bb.<\/p>\n<p><em>Tzia<\/em> Caterina era di una ospitalit\u00e0 senza pari e aveva una fede robusta, sincera e infallibile: le serate da lei, davanti a un caminetto sapientemente alimentato, erano sempre piacevoli e io e Maria Bonaria andando a Orani non mancavamo mai di visitarla. Per\u00f2 quella ci parve una rivendicazione un po&#8217; ingenua, e qualche volta abbiamo sorriso ricordandocela. Oltretutto i biscotti di Orani <em>non<\/em> ci sembravano uguali a quelli di Fonni, e soprattutto sono molto pi\u00f9 buoni.<\/p>\n<p>Poi nell&#8217;estate del 2012 Maria Bonaria e il mitico Pino, a Tonara, si sono trovati un pomeriggio a casa di amici di amici e per accompagnare il classico liquorino sono stati offerti dei biscotti di Or&#8230; di Fonni. E la padrona di casa, con la massima seriet\u00e0, ha spiegato loro che sono noti come biscotti di Fonni, ma pi\u00f9 propriamente si dovrebbero chiamare biscotti di Tonara, in quanto la ricetta della loro fabbricazione era stata definita a Tonara. Purtroppo c&#8217;era stato un tempo a Tonara uno, che aveva uno dei primi biscottifici della Sardegna, e costui follemente rivel\u00f2 il segreto della ricetta a dei nuoresi che la passarono poi a gente di Fonni, dove si cominci\u00f2 quindi a fabbricarli, con le conseguenze che sappiamo.<\/p>\n<p>Quest&#8217;ultima estate, in visita ad amici della nostra padrona di casa a Tiana ci \u00e8 stato raccontato che un\u00a0 tempo c&#8217;era una donna di Tiana la quale era rimasta incinta di uno di Fonni, senza essere sposata, e si era stabilita in quel paese. Siccome era molto povera, perch\u00e9 il suo uomo non si curava di lei, per tirare avanti si mise a fare i biscotti tipici di Tiana e a venderli. Ha avuto fortuna, si sono venduti dappertutto e la gente adesso li chiama &#8220;biscotti di Fonni&#8221;. Ma non sono di Fonni (n\u00e9 di Orani n\u00e9 di Tonara), sono di Tiana.<\/p>\n<p>Mia zia Enrica, che di <em>folklore<\/em> ne sa un sacco, per un certo periodo si \u00e8 interessata di leggende urbane e mi ha spiegato che spesso servono a esorcizzare paure oppure a spiegare una deficienza o una sconfitta della comunit\u00e0, scaricandone la colpa su un soggetto esterno (gli zingari che rubano i bambini, gli ambientalisti che paracadutano le vipere dove prima non ce n&#8217;erano, i giochi di ruolo o i <em>videogames<\/em> che fanno suicidare gli adolescenti).<\/p>\n<p>Qui il capro espiatorio \u00e8 tipico: un imprenditore pazzo, una donna povera, miserabile e incinta di non si sa chi, ma la storia dei biscotti di Fonni che non sono di Fonni mi colpisce perch\u00e9 non avevo mai sentito raccontare una leggenda urbana <em>rurale<\/em>, e oltretutto legata a un fatto della sfera domestica e femminile, come fabbricare i biscotti, e non alla sfera maschile (ci sono certe storie di caccia che si avvicinano alle leggende urbane).<\/p>\n<p>A questo punto per\u00f2 mi sono incuriosito: c&#8217;\u00e8 qualcun altro che sa che i biscotti di Fonni in realt\u00e0 si facevano originariamente nel suo paese? Se \u00e8 cos\u00ec, scrivetelo qui sotto!<\/p>\n","protected":false},"excerpt":{"rendered":"<p>Diversi anni fa a Orani andai con Maria Bonaria a prendere il caff\u00e9 da una anziana comare, tzia Caterina. Col<\/p>\n","protected":false},"author":1,"featured_media":4443,"comment_status":"open","ping_status":"open","sticky":false,"template":"","format":"standard","meta":{"_mi_skip_tracking":false,"_monsterinsights_sitenote_active":false,"_monsterinsights_sitenote_note":"","_monsterinsights_sitenote_category":0,"jetpack_post_was_ever_published":false,"_jetpack_newsletter_access":"","jetpack_publicize_message":"","jetpack_is_tweetstorm":false,"jetpack_publicize_feature_enabled":true,"jetpack_social_post_already_shared":false,"jetpack_social_options":{"image_generator_settings":{"template":"highway","enabled":false}}},"categories":[52,60,57,17,16],"tags":[],"jetpack_publicize_connections":[],"jetpack_featured_media_url":"https:\/\/i0.wp.com\/www.robertosedda.it\/wp-content\/uploads\/2013\/09\/Delitala.jpg?fit=1600%2C1200","jetpack_sharing_enabled":true,"jetpack_shortlink":"https:\/\/wp.me\/p4jV2T-19D","jetpack_likes_enabled":true,"jetpack-related-posts":[{"id":17237,"url":"http:\/\/www.robertosedda.it\/?p=17237","url_meta":{"origin":4441,"position":0},"title":"Ma lei \u00e8 quello&#8230;","author":"Rufus","date":"13\/09\/2019","format":false,"excerpt":"Il 21 e 22 settembre apriamo casa ad Orani!","rel":"","context":"In &quot;Coordinate&quot;","block_context":{"text":"Coordinate","link":"http:\/\/www.robertosedda.it\/?cat=52"},"img":{"alt_text":"","src":"https:\/\/i0.wp.com\/www.robertosedda.it\/wp-content\/uploads\/2019\/09\/Orani-Cortes-Apertas.png?fit=552%2C804&resize=350%2C200","width":350,"height":200},"classes":[]},{"id":9475,"url":"http:\/\/www.robertosedda.it\/?p=9475","url_meta":{"origin":4441,"position":1},"title":"REBLOG: Lo sguardo di Gaetan Crivaro su Orani","author":"Rufus","date":"28\/01\/2015","format":"link","excerpt":"Un bel lavoro di Gaetan su Orani e i suoi artigiani, della cui esistenza (e di questa nuova intersezione tra me e lui) ho scoperto davvero casualmente. Vedi alle volte!","rel":"","context":"In &quot;Segnalazioni&quot;","block_context":{"text":"Segnalazioni","link":"http:\/\/www.robertosedda.it\/?cat=95"},"img":{"alt_text":"","src":"","width":0,"height":0},"classes":[]},{"id":10123,"url":"http:\/\/www.robertosedda.it\/?p=10123","url_meta":{"origin":4441,"position":2},"title":"Nuove foto Delitala (e poi basta, prometto)","author":"Rufus","date":"27\/04\/2015","format":"gallery","excerpt":"Frugando nella memoria della macchina fotografica per pubblicare le foto del raduno Delitala di Orani mi sono imbattuto in una cartella risalente ai primi di marzo, nella quale c'erano foto scattate il giorno che siamo andati a provare il ristorante dove poi domenica scorsa abbiamo mangiato (provare preventivamente la qualit\u00e0\u2026","rel":"","context":"In &quot;Coordinate&quot;","block_context":{"text":"Coordinate","link":"http:\/\/www.robertosedda.it\/?cat=52"},"img":{"alt_text":"","src":"https:\/\/i0.wp.com\/www.robertosedda.it\/wp-content\/uploads\/2015\/04\/2015-03-01-13.25.42.jpg?fit=1024%2C768&resize=350%2C200","width":350,"height":200,"srcset":"https:\/\/i0.wp.com\/www.robertosedda.it\/wp-content\/uploads\/2015\/04\/2015-03-01-13.25.42.jpg?fit=1024%2C768&resize=350%2C200 1x, https:\/\/i0.wp.com\/www.robertosedda.it\/wp-content\/uploads\/2015\/04\/2015-03-01-13.25.42.jpg?fit=1024%2C768&resize=700%2C400 2x"},"classes":[]},{"id":9372,"url":"http:\/\/www.robertosedda.it\/?p=9372","url_meta":{"origin":4441,"position":3},"title":"Due libri su Orani","author":"Rufus","date":"12\/01\/2015","format":false,"excerpt":"Invidio molto mia mamma alla quale \u00e8 stato appena regalato\u00a0Costantino Nivola. Ritorno a Itaca di Carlo Bavagnoli. Si tratta di un bellissimo libro fotografico che si giova oltretutto del fatto che documenta un momento davvero particolare della vita della Sardegna e in particolare di Orani. Le foto di Bavagnoli, in\u2026","rel":"","context":"In &quot;Coordinate&quot;","block_context":{"text":"Coordinate","link":"http:\/\/www.robertosedda.it\/?cat=52"},"img":{"alt_text":"","src":"https:\/\/i0.wp.com\/www.robertosedda.it\/wp-content\/uploads\/2015\/01\/Bavagnoli-Nivola-5.png?fit=482%2C480&resize=350%2C200","width":350,"height":200},"classes":[]},{"id":6715,"url":"http:\/\/www.robertosedda.it\/?p=6715","url_meta":{"origin":4441,"position":4},"title":"Cosa c&#8217;entra la noviolenza col Museo Nivola di Orani?","author":"Rufus","date":"17\/03\/2014","format":false,"excerpt":"Un'ascendenza fortemente sentita Non so se ho mai raccontato qui sul blog di essere mezzo oranese - Delitala da parte di madre, e fierissimo di questa ascendenza - e quindi dotato di solidissime radici barbaricine. Se Cagliari \u00e8 la mia citt\u00e0 del cuore, senza merito perch\u00e9 vi sono nato e\u2026","rel":"","context":"In &quot;Coordinate&quot;","block_context":{"text":"Coordinate","link":"http:\/\/www.robertosedda.it\/?cat=52"},"img":{"alt_text":"","src":"https:\/\/i0.wp.com\/www.robertosedda.it\/wp-content\/uploads\/2014\/03\/Davanti-Sa-Itria-a-Orani.jpg?fit=960%2C720&resize=350%2C200","width":350,"height":200,"srcset":"https:\/\/i0.wp.com\/www.robertosedda.it\/wp-content\/uploads\/2014\/03\/Davanti-Sa-Itria-a-Orani.jpg?fit=960%2C720&resize=350%2C200 1x, https:\/\/i0.wp.com\/www.robertosedda.it\/wp-content\/uploads\/2014\/03\/Davanti-Sa-Itria-a-Orani.jpg?fit=960%2C720&resize=700%2C400 2x"},"classes":[]},{"id":15801,"url":"http:\/\/www.robertosedda.it\/?p=15801","url_meta":{"origin":4441,"position":5},"title":"Mostre per cui comb&#8230; fare una bella gita","author":"Rufus","date":"05\/11\/2018","format":false,"excerpt":"Vorrei consigliare di non lasciarsi scappare la mostra\u00a0What are we fighting for, al\u00a0Museo Nivola di Orani fino al 9 dicembre. Il titolo della mostra prende spunto da quello della canzone dedicata alla guerra del Vietnam da Country Joe McDonald, Per cosa combattiamo?, domanda di senso diventata frase chiave della contestazione\u2026","rel":"","context":"In &quot;Coordinate&quot;","block_context":{"text":"Coordinate","link":"http:\/\/www.robertosedda.it\/?cat=52"},"img":{"alt_text":"","src":"https:\/\/i0.wp.com\/www.robertosedda.it\/wp-content\/uploads\/2018\/11\/What-are-we-fighing-for.png?fit=600%2C416&resize=350%2C200","width":350,"height":200},"classes":[]}],"_links":{"self":[{"href":"http:\/\/www.robertosedda.it\/index.php?rest_route=\/wp\/v2\/posts\/4441"}],"collection":[{"href":"http:\/\/www.robertosedda.it\/index.php?rest_route=\/wp\/v2\/posts"}],"about":[{"href":"http:\/\/www.robertosedda.it\/index.php?rest_route=\/wp\/v2\/types\/post"}],"author":[{"embeddable":true,"href":"http:\/\/www.robertosedda.it\/index.php?rest_route=\/wp\/v2\/users\/1"}],"replies":[{"embeddable":true,"href":"http:\/\/www.robertosedda.it\/index.php?rest_route=%2Fwp%2Fv2%2Fcomments&post=4441"}],"version-history":[{"count":9,"href":"http:\/\/www.robertosedda.it\/index.php?rest_route=\/wp\/v2\/posts\/4441\/revisions"}],"predecessor-version":[{"id":8588,"href":"http:\/\/www.robertosedda.it\/index.php?rest_route=\/wp\/v2\/posts\/4441\/revisions\/8588"}],"wp:featuredmedia":[{"embeddable":true,"href":"http:\/\/www.robertosedda.it\/index.php?rest_route=\/wp\/v2\/media\/4443"}],"wp:attachment":[{"href":"http:\/\/www.robertosedda.it\/index.php?rest_route=%2Fwp%2Fv2%2Fmedia&parent=4441"}],"wp:term":[{"taxonomy":"category","embeddable":true,"href":"http:\/\/www.robertosedda.it\/index.php?rest_route=%2Fwp%2Fv2%2Fcategories&post=4441"},{"taxonomy":"post_tag","embeddable":true,"href":"http:\/\/www.robertosedda.it\/index.php?rest_route=%2Fwp%2Fv2%2Ftags&post=4441"}],"curies":[{"name":"wp","href":"https:\/\/api.w.org\/{rel}","templated":true}]}}