{"id":4423,"date":"2013-09-10T17:01:23","date_gmt":"2013-09-10T15:01:23","guid":{"rendered":"http:\/\/www.robertosedda.it\/?p=4423"},"modified":"2015-09-10T10:00:23","modified_gmt":"2015-09-10T08:00:23","slug":"pizza-e-ichnusa","status":"publish","type":"post","link":"http:\/\/www.robertosedda.it\/?p=4423","title":{"rendered":"Pizza e Ichnusa"},"content":{"rendered":"<p>L&#8217;altro giorno, cercando materiale sullo storico Terence Ranger per l&#8217;<a title=\"Divagazioni sul \u201cPrigioniero di Zenda\u201d\" href=\"http:\/\/www.robertosedda.it\/?p=4361\">articolo sul <em>Prigioniero di Zenda<\/em><\/a>\u00a0mi sono imbattuto inn una cosa chiamata <a href=\"http:\/\/en.wikipedia.org\/wiki\/Pizza_effect\"><em>effetto pizza<\/em><\/a>.<\/p>\n<p>Non \u00e8 quel meccanismo per cui la notte dopo la pizza coi peperoni ti devi alzare parecchie volte per bere; \u00e8 piuttosto una teoria storico-antropologica, che sostiene che le comunit\u00e0 che presentano fenomeni di emigrazione acquisiscono, al ritorno degli emigrati, degli elementi nuovi che vengono rapidamente incorporati nella societ\u00e0 originaria e diventano <em>tradizionali<\/em>.<\/p>\n<p>Confusi? La pizza spiega tutto. La teoria sostiene che prima dell&#8217;ondata di migrazioni dell&#8217;800 la pizza non fosse\u00a0un alimento tradizionale in Italia: c&#8217;erano vari tipi di focacce ma sono stati i nostri compatrioti in America a sviluppare la ricetta di quella che \u00e8 <em>oggi<\/em> la pizza. In seguito, tornando in Italia, l&#8217;hanno introdotta nei territori di partenza e da l\u00ec si \u00e8 diffusa ed \u00e8 stata accettata in maniera cos\u00ec forte che poche generazioni dopo ogni italiano crede che la pizza&#8230; ci sia sempre stata.<\/p>\n<p>Non conosco abbastanza la storia alimentare d&#8217;Italia per validare o confutare la teoria per quanto riguarda specificamente la pizza (non tutto mi torna): ma il meccanismo \u00e8 identico a quello del <em>kebab<\/em>, che <em>non<\/em> \u00e8 un cibo tradizionale arabo (nel senso di &#8220;panino col <em>kebab<\/em>&#8220;, in contrapposizione con carni grigliate, spiedini e polpette da sempre diffusi in tutto il Vicino e Medio Oriente), quanto piuttosto il tipo di alimento utilizzato dagli emigrati turchi in Germania. Il successo e la diffusione, soprattutto agli occhi degli stranieri, ha comportato la progressiva sostituzione della nuova ricetta agli altri modi di preparare le carni, fino a\u00a0farla percepire come <em>tipica<\/em> e <em>tradizionale<\/em> &#8211; soprattutto perch\u00e9 vendibile in Occidente.<\/p>\n<p>L&#8217;<em>effetto pizza<\/em>, insomma, comporta il fatto che una comunit\u00e0 si guardi, per il tramite degli emigrati, con gli occhi di un altro popolo e, in qualche modo, faccia proprio quello sguardo fino a crederlo quello <em>vero<\/em>: a parte la pizza la teoria \u00e8 citata per esempio per spiegare perch\u00e9 il <em>Bhagavad Gita<\/em> si sia affermato in India rispetto ad altri testi poetico-letterari e religiosi,\u00a0<em>successivamente<\/em> al\u00a0riconoscimento avuto in Occidente o\u00a0analogamente\u00a0perch\u00e9 si sia affermata una scuola <em>yoga<\/em> rispetto a un&#8217;altra.<\/p>\n<p><a href=\"https:\/\/i0.wp.com\/www.robertosedda.it\/wp-content\/uploads\/2013\/09\/Maria-Bonaria-Ichnusa.jpg\"><img data-attachment-id=\"4424\" data-permalink=\"http:\/\/www.robertosedda.it\/?attachment_id=4424\" data-orig-file=\"https:\/\/i0.wp.com\/www.robertosedda.it\/wp-content\/uploads\/2013\/09\/Maria-Bonaria-Ichnusa.jpg?fit=453%2C604\" data-orig-size=\"453,604\" data-comments-opened=\"1\" data-image-meta=\"{&quot;aperture&quot;:&quot;0&quot;,&quot;credit&quot;:&quot;&quot;,&quot;camera&quot;:&quot;&quot;,&quot;caption&quot;:&quot;&quot;,&quot;created_timestamp&quot;:&quot;0&quot;,&quot;copyright&quot;:&quot;&quot;,&quot;focal_length&quot;:&quot;0&quot;,&quot;iso&quot;:&quot;0&quot;,&quot;shutter_speed&quot;:&quot;0&quot;,&quot;title&quot;:&quot;&quot;}\" data-image-title=\"Maria Bonaria Ichnusa\" data-image-description=\"\" data-image-caption=\"\" data-medium-file=\"https:\/\/i0.wp.com\/www.robertosedda.it\/wp-content\/uploads\/2013\/09\/Maria-Bonaria-Ichnusa.jpg?fit=225%2C300\" data-large-file=\"https:\/\/i0.wp.com\/www.robertosedda.it\/wp-content\/uploads\/2013\/09\/Maria-Bonaria-Ichnusa.jpg?fit=453%2C604\" decoding=\"async\" loading=\"lazy\" class=\"alignleft size-medium wp-image-4424\" src=\"https:\/\/i0.wp.com\/www.robertosedda.it\/wp-content\/uploads\/2013\/09\/Maria-Bonaria-Ichnusa.jpg?resize=225%2C300\" alt=\"Maria Bonaria Ichnusa\" width=\"225\" height=\"300\" srcset=\"https:\/\/i0.wp.com\/www.robertosedda.it\/wp-content\/uploads\/2013\/09\/Maria-Bonaria-Ichnusa.jpg?resize=225%2C300 225w, https:\/\/i0.wp.com\/www.robertosedda.it\/wp-content\/uploads\/2013\/09\/Maria-Bonaria-Ichnusa.jpg?resize=112%2C150 112w, https:\/\/i0.wp.com\/www.robertosedda.it\/wp-content\/uploads\/2013\/09\/Maria-Bonaria-Ichnusa.jpg?w=453 453w\" sizes=\"(max-width: 225px) 100vw, 225px\" data-recalc-dims=\"1\" \/><\/a>Mentre leggevo questo tipo di definizioni improvvisamente mi \u00e8 venuto in mente che l&#8217;<em>effetto pizza<\/em> spiega benissimo il successo dell&#8217;<em>Ichnusa<\/em>.<\/p>\n<p>Tutti sanno che negli ultimi anni la birra <em>Ichnusa<\/em> si \u00e8 affermata come la birra <em>tradizionale<\/em> sarda. L&#8217;azienda \u00e8 da sempre localizzata nei pressi di Cagliari, ma paradossalmente questo tipo di identit\u00e0 si \u00e8 affermata con pi\u00f9 forza da quando \u00e8 stata acquisita da una multinazionale olandese: del resto dal punto di vista della cultura popolare non \u00e8 l&#8217;<em>Ichnusa<\/em> ad avere le migliori testimonianze, casomai \u00e8 la <em>Dreher<\/em> (allo stadio da ragazzi cantavamo: \u00aba Macomer si fa la <em>Dreher<\/em>, si fa la <em>Dreher<\/em> a Ma-co-mer!\u00bb). Ora la mia teoria sarebbe questa: sono stati i turisti a garantire il successo dell&#8217;<em>Ichnusa<\/em>, loro che si sono visti servire una birra con i quattro mori sull&#8217;etichetta e che hanno trasferito sulla birra tutti quei sentimenti positivi, fino alla mitizzazione, suscitati da una vacanza in Sardegna: \u00abche buona questa vostra birra\u00bb, \u00absono in Sardegna e perci\u00f2 bevo <em>Ichnusa<\/em>\u00bb, \u00abnon vedo l&#8217;ora di tornare in Sardegna per farmi una buona <em>Ichnusa<\/em>\u00bb. Se \u00e8 vera la mia idea dell&#8217;<em>effetto pizza<\/em> non \u00e8 perch\u00e9 la <em>Dreher<\/em> ha abbandonato il campo che l&#8217;<em>Ichnusa<\/em> si \u00e8 affermata come la &#8220;birra sarda&#8221;, e nemmeno perch\u00e9 le birre artigianali sono troppo poco diffuse o troppo care, ma perch\u00e9 l&#8217;<em>Ichnusa<\/em> \u00e8 la birra che i turisti hanno a disposizione e che percepiscono come locale. E i sardi l&#8217;hanno fatta propria perch\u00e9 hanno guardato la birra con gli occhi degli stranieri, e vi hanno trovato riflesso un contenuto che, anche per motivi materiali (disponibilit\u00e0, prezzo concorrenziale), ha fatto s\u00ec che fosse percepit\u00e0 come <em>la <\/em>birra della Sardegna.<\/p>\n<h3>Una parola di avviso<\/h3>\n<p>Sull&#8217;<em>Ichnusa<\/em> e il suo legame con la Sardegna ci sono da tempo posizioni differenti: con la mia ipotesi dell&#8217;<em>effetto pizza<\/em> non intendo entrare nella questione, o meglio, non voglio n\u00e9 confermare n\u00e9 smentire la <a href=\"http:\/\/www.conchidortos.org\/articoli\/attualita\/ichnusa_nono_gratzias\">teoria per la quale la narrazione pubblicitaria dell&#8217;<em>Ichnusa<\/em> sarebbe espressione di un colonialismo culturale<\/a>. Piuttosto suggerirei che porre la questione in questi termini (e nel suo opposto, che \u00e8 la posizione di quelli che siccome ci sono i quattro mori sull&#8217;etichetta allora va bevuta perch\u00e9 <em>deu seu<\/em> <em>sardu<\/em>) mi pare singolarmente povero, perch\u00e9 suppone che l&#8217;identit\u00e0 sia un qualcosa di immutabile che \u00e8 dato per sempre; casomai\u00a0il\u00a0<em>pizz<\/em>&#8230; ehm<em> Ichnusa effect<\/em> ci ricorda che ci si pu\u00f2 definire solo nell&#8217;interazione e nello specchiarsi negli occhi degli altri: sono le relazioni che fanno le identit\u00e0, non viceversa.<\/p>\n","protected":false},"excerpt":{"rendered":"<p>L&#8217;altro giorno, cercando materiale sullo storico Terence Ranger per l&#8217;articolo sul Prigioniero di Zenda\u00a0mi sono imbattuto inn una cosa chiamata<\/p>\n","protected":false},"author":1,"featured_media":4424,"comment_status":"open","ping_status":"open","sticky":false,"template":"","format":"standard","meta":{"_mi_skip_tracking":false,"_monsterinsights_sitenote_active":false,"_monsterinsights_sitenote_note":"","_monsterinsights_sitenote_category":0,"jetpack_post_was_ever_published":false,"_jetpack_newsletter_access":"","jetpack_publicize_message":"","jetpack_is_tweetstorm":false,"jetpack_publicize_feature_enabled":true,"jetpack_social_post_already_shared":false,"jetpack_social_options":{"image_generator_settings":{"template":"highway","enabled":false}}},"categories":[52,60,57,17,16],"tags":[],"jetpack_publicize_connections":[],"jetpack_featured_media_url":"https:\/\/i0.wp.com\/www.robertosedda.it\/wp-content\/uploads\/2013\/09\/Maria-Bonaria-Ichnusa.jpg?fit=453%2C604","jetpack_sharing_enabled":true,"jetpack_shortlink":"https:\/\/wp.me\/p4jV2T-19l","jetpack_likes_enabled":true,"jetpack-related-posts":[{"id":10854,"url":"http:\/\/www.robertosedda.it\/?p=10854","url_meta":{"origin":4423,"position":0},"title":"Birrerie e dichiarazioni di intenti","author":"Rufus","date":"21\/09\/2015","format":false,"excerpt":"Cari amici della pizzeria\u00a0Levante di Cagliari la vostra pizza \u00e8 fra le migliori che io abbia mai assaggiato e la vostra birra \u00e8 da sempre fra le mie preferite. Ma se io arrivo alle otto di sera di un venerd\u00ec, titubante perch\u00e9 vi abbiamo chiamato tutta la sera senza risposta,\u2026","rel":"","context":"In &quot;Coordinate&quot;","block_context":{"text":"Coordinate","link":"http:\/\/www.robertosedda.it\/?cat=52"},"img":{"alt_text":"","src":"https:\/\/i0.wp.com\/www.robertosedda.it\/wp-content\/uploads\/2015\/09\/Cattura2.jpg?fit=486%2C574&resize=350%2C200","width":350,"height":200},"classes":[]},{"id":13870,"url":"http:\/\/www.robertosedda.it\/?p=13870","url_meta":{"origin":4423,"position":1},"title":"Nuove regole di galateo per gli appuntamenti amorosi","author":"Rufus","date":"20\/06\/2017","format":false,"excerpt":"Qualche sera fa ero a una pizzata familiare in un locale piuttosto\u00a0trendy e quindi con una clientela molto\u00a0gggiovane, compreso un buon numero di abbienti sessantenni impegnatissimi a non perdere l'abitudine. Eravamo seduti non lontani dall'ingresso, con una visuale perfetta su tutti quelli che entravano e uscivano. Mentre consideravo il men\u00f9\u2026","rel":"","context":"In &quot;Coordinate&quot;","block_context":{"text":"Coordinate","link":"http:\/\/www.robertosedda.it\/?cat=52"},"img":{"alt_text":"","src":"https:\/\/i0.wp.com\/www.robertosedda.it\/wp-content\/uploads\/2017\/06\/Easley-with-this-ring.jpg?fit=1024%2C768&resize=350%2C200","width":350,"height":200,"srcset":"https:\/\/i0.wp.com\/www.robertosedda.it\/wp-content\/uploads\/2017\/06\/Easley-with-this-ring.jpg?fit=1024%2C768&resize=350%2C200 1x, https:\/\/i0.wp.com\/www.robertosedda.it\/wp-content\/uploads\/2017\/06\/Easley-with-this-ring.jpg?fit=1024%2C768&resize=700%2C400 2x"},"classes":[]},{"id":6789,"url":"http:\/\/www.robertosedda.it\/?p=6789","url_meta":{"origin":4423,"position":2},"title":"Lo stesso spettacolo","author":"Rufus","date":"20\/03\/2014","format":false,"excerpt":"Ieri, festa di San Giuseppe, siamo andati a mangiarci una pizza a casa del mitico Pino (una pizza di Lollove Pizza con casizzolu, salsiccia al cannonau e funghi, roba seria). Siccome era casa del mitico Pino, abbiamo guardato la televisione (tutti sanno che a casa di Maria Bonaria e mia\u2026","rel":"","context":"In &quot;Coordinate&quot;","block_context":{"text":"Coordinate","link":"http:\/\/www.robertosedda.it\/?cat=52"},"img":{"alt_text":"","src":"https:\/\/i0.wp.com\/www.robertosedda.it\/wp-content\/uploads\/2013\/10\/Rufus-clown.jpg?fit=604%2C415&resize=350%2C200","width":350,"height":200},"classes":[]},{"id":2209,"url":"http:\/\/www.robertosedda.it\/?p=2209","url_meta":{"origin":4423,"position":3},"title":"La puntata su Harry Potter","author":"Rufus","date":"12\/02\/2013","format":false,"excerpt":"Ho caricato oggi la puntata di Oggi parliamo di libri dedicata ad Harry Potter (andata in onda il 3 gennaio 2013)\u00a0. Non sono io quello pi\u00f9 in grado, ovviamente, di valutare la qualit\u00e0 della puntata, per\u00f2 devo dire che mi sono molto divertito a farla (una della volte che mi\u2026","rel":"","context":"In &quot;Coordinate&quot;","block_context":{"text":"Coordinate","link":"http:\/\/www.robertosedda.it\/?cat=52"},"img":{"alt_text":"","src":"https:\/\/i0.wp.com\/www.robertosedda.it\/wp-content\/uploads\/2018\/03\/Harry-Potter.jpg?fit=1200%2C824&resize=350%2C200","width":350,"height":200,"srcset":"https:\/\/i0.wp.com\/www.robertosedda.it\/wp-content\/uploads\/2018\/03\/Harry-Potter.jpg?fit=1200%2C824&resize=350%2C200 1x, https:\/\/i0.wp.com\/www.robertosedda.it\/wp-content\/uploads\/2018\/03\/Harry-Potter.jpg?fit=1200%2C824&resize=700%2C400 2x, https:\/\/i0.wp.com\/www.robertosedda.it\/wp-content\/uploads\/2018\/03\/Harry-Potter.jpg?fit=1200%2C824&resize=1050%2C600 3x"},"classes":[]},{"id":9225,"url":"http:\/\/www.robertosedda.it\/?p=9225","url_meta":{"origin":4423,"position":4},"title":"Quegli strani commenti che appaiono sul sito","author":"Rufus","date":"28\/12\/2014","format":"aside","excerpt":"Non ho capito bene perch\u00e9, ma dopo averli bloccati per molto tempo il sito permette di nuovo i pingback. Trattasi di quelle segnalazioni che appaiono sotto gli articoli, in forma di commenti, per segnalare che quel post \u00e8 stato citato da qualche altra parte (di solito in un mio articolo\u2026","rel":"","context":"Articolo simile","block_context":{"text":"Articolo simile","link":""},"img":{"alt_text":"","src":"","width":0,"height":0},"classes":[]},{"id":10319,"url":"http:\/\/www.robertosedda.it\/?p=10319","url_meta":{"origin":4423,"position":5},"title":"Don Sciortino e il naso di Cyrano","author":"Rufus","date":"06\/06\/2015","format":false,"excerpt":"Sono stato ieri al Seminario Diocesano a sentire don Sciortino, direttore di Famiglia Cristiana, che presentava il messaggio del Papa per la Giornata delle Comunicazioni Sociali, dal titolo Comunicare la famiglia: ambiente privilegiato dell\u2019incontro nella gratuit\u00e0 dell\u2019amore. Devo confessare che, profondamente annoiato, sono scappato prima della conclusione della relazione e\u2026","rel":"","context":"In &quot;Coordinate&quot;","block_context":{"text":"Coordinate","link":"http:\/\/www.robertosedda.it\/?cat=52"},"img":{"alt_text":"","src":"https:\/\/i0.wp.com\/www.robertosedda.it\/wp-content\/uploads\/2015\/06\/Locandina-Sciortino-Cagliari.jpg?fit=849%2C1200&resize=350%2C200","width":350,"height":200,"srcset":"https:\/\/i0.wp.com\/www.robertosedda.it\/wp-content\/uploads\/2015\/06\/Locandina-Sciortino-Cagliari.jpg?fit=849%2C1200&resize=350%2C200 1x, https:\/\/i0.wp.com\/www.robertosedda.it\/wp-content\/uploads\/2015\/06\/Locandina-Sciortino-Cagliari.jpg?fit=849%2C1200&resize=700%2C400 2x"},"classes":[]}],"_links":{"self":[{"href":"http:\/\/www.robertosedda.it\/index.php?rest_route=\/wp\/v2\/posts\/4423"}],"collection":[{"href":"http:\/\/www.robertosedda.it\/index.php?rest_route=\/wp\/v2\/posts"}],"about":[{"href":"http:\/\/www.robertosedda.it\/index.php?rest_route=\/wp\/v2\/types\/post"}],"author":[{"embeddable":true,"href":"http:\/\/www.robertosedda.it\/index.php?rest_route=\/wp\/v2\/users\/1"}],"replies":[{"embeddable":true,"href":"http:\/\/www.robertosedda.it\/index.php?rest_route=%2Fwp%2Fv2%2Fcomments&post=4423"}],"version-history":[{"count":13,"href":"http:\/\/www.robertosedda.it\/index.php?rest_route=\/wp\/v2\/posts\/4423\/revisions"}],"predecessor-version":[{"id":10809,"href":"http:\/\/www.robertosedda.it\/index.php?rest_route=\/wp\/v2\/posts\/4423\/revisions\/10809"}],"wp:featuredmedia":[{"embeddable":true,"href":"http:\/\/www.robertosedda.it\/index.php?rest_route=\/wp\/v2\/media\/4424"}],"wp:attachment":[{"href":"http:\/\/www.robertosedda.it\/index.php?rest_route=%2Fwp%2Fv2%2Fmedia&parent=4423"}],"wp:term":[{"taxonomy":"category","embeddable":true,"href":"http:\/\/www.robertosedda.it\/index.php?rest_route=%2Fwp%2Fv2%2Fcategories&post=4423"},{"taxonomy":"post_tag","embeddable":true,"href":"http:\/\/www.robertosedda.it\/index.php?rest_route=%2Fwp%2Fv2%2Ftags&post=4423"}],"curies":[{"name":"wp","href":"https:\/\/api.w.org\/{rel}","templated":true}]}}