{"id":4407,"date":"2013-09-05T18:24:02","date_gmt":"2013-09-05T16:24:02","guid":{"rendered":"http:\/\/www.robertosedda.it\/?p=4407"},"modified":"2014-03-05T13:10:00","modified_gmt":"2014-03-05T12:10:00","slug":"non-ho-piu-tempo","status":"publish","type":"post","link":"http:\/\/www.robertosedda.it\/?p=4407","title":{"rendered":"Non ho pi\u00f9 tempo"},"content":{"rendered":"<p>Io sono nato nel 1964. Ricordo benissimo che quando avevo dieci anni, ero in quinta elementare\u00a0e non capivo niente, un pomeriggio entrai in cucina. Mia mamma stava dando da mangiare a uno dei passerotti caduti dal nido che avevamo salvato. Aveva una faccia agghiacciata e mi disse: \u00abSai che a Brescia oggi hanno messo una bomba dove gli operai stavano facendo una manifestazione e sono morte tante persone?\u00bb. Era il giorno della strage di piazza della Loggia.<\/p>\n<p>Avevo tredici anni e stavo in terza media il giorno di marzo che ci fecero uscire tutti da scuola a met\u00e0 mattina e ci mandarono a casa. Avevano rapito Moro e ucciso gli uomini della scorta. Mio nonno comprava <em>Il Giorno\u00a0<\/em>e io ci leggevo\u00a0<em>Modesty Blaise<\/em>. Per mesi trascurai i fumetti e lessi tutto quel che riguardava il sequestro, su quello e sugli altri giornali che passavano in famiglia. Non capivo ancora granch\u00e9, ma leggevo, leggevo, leggevo: questo \u00e8 quasi tutto quel che ricordo di quel tempo. Leggevo quotidiani che parlavano di morti ammazzati.<\/p>\n<p>Mi ricordo invece benissimo\u00a0tutto quel che dissi e feci il giorno della strage di Bologna. Avevo compiuto sedici anni da poco e ormai capivo benissimo. E a Ustica da poco era caduto un aereo.<\/p>\n<p>Potrei facilmente raccontare la storia del mio paese durante i miei primi sedici anni di vita come la storia di un paese stretto fra bombe, ammazzamenti per strada, violenza politica e trame di Stato. Ma tutta la gente che avevo attorno era convinta che le cose sarebbero migliorate, che andando avanti il paese sarebbe diventato pi\u00f9 democratico, pi\u00f9 giusto, pi\u00f9 libero.<\/p>\n<p>Intanto erano cominciati gli anni &#8217;80. Li facemmo\u00a0come in una bolla di gomma: \u00abNon moriremo democristiani\u00bb, aveva un bel dire Luigi Pintor, ma\u00a0l&#8217;agonia del\u00a0sistema democristiano e dei partiti della prima Repubblica appariva intollerabile, e su noi cattolici pesava anche il dogma dell&#8217;unit\u00e0 politica richiesta da Giovanni Paolo II. E se c&#8217;era meno violenza politica c&#8217;erano ancora stragi, questa volta di mafia, e ancora e sempre trame di Stato. Ci sono stati momenti in cui nessuno pi\u00f9 vicino a me pensava che ci fosse la possibilit\u00e0 che l&#8217;Italia diventasse un paese pi\u00f9 giusto, pi\u00f9 democratico, pi\u00f9 libero.<\/p>\n<p>Poi venne il crollo del Muro e dell&#8217;Unione Sovietica, la fine della Guerra Fredda, e qui da noi il <em>referendum<\/em> sulla preferenza unica e\u00a0<em>Mani Pulite<\/em>: finiva finalmente il sistema dei partiti. Finiva in mezzo ai contorcimenti delle stragi di mafia del &#8217;92-&#8217;93, ma almeno finiva. Di colpo attorno a me la gente era di nuovo convinta che si poteva avere un&#8217;Italia dopotutto pi\u00f9 libera, pi\u00f9 democratica, pi\u00f9 giusta. La mia generazione se l&#8217;era meritato:\u00a0perch\u00e9 i primi sedici anni non erano andati bene, e compivo trent&#8217;anni pensando che i successivi erano stati pure peggio.<\/p>\n<p>E poi c&#8217;\u00e8 stato un ventennio, sostanzialmente,\u00a0di Berlusconi. Si \u00e8 sparato forse meno in patria, ma il mio paese ha fatto tre guerre (Kossovo, Afghanistan e Iraq). L&#8217;esperienza berlusconiana poteva dirsi fallita gi\u00e0 a inizio degli anni 2000, ma ci sono voluti altri dieci anni di agonia e convulsioni prima di giungere a poter mettere un punto a capo. E in questi vent&#8217;anni l&#8217;Italia certamente non \u00e8 diventata pi\u00f9 democratica, libera e giusta, casomai tutto il contrario.<\/p>\n<p><a href=\"https:\/\/i0.wp.com\/www.robertosedda.it\/wp-content\/uploads\/2013\/07\/Scacchi2.jpg\"><img decoding=\"async\" loading=\"lazy\" class=\"alignleft\" alt=\"Scacchi2\" src=\"https:\/\/i0.wp.com\/www.robertosedda.it\/wp-content\/uploads\/2013\/07\/Scacchi2.jpg?resize=300%2C198\" width=\"300\" height=\"198\" data-recalc-dims=\"1\" \/><\/a>L&#8217;anno prossimo compio cinquant&#8217;anni e improvvisamente mi rendo conto che non ho pi\u00f9 tempo. Il ciclo che comincia ora durer\u00e0 altri vent&#8217;anni: e se sar\u00e0 sbagliato alla prossima occasione ne avr\u00f2 settanta\u00a0e presumibilmente a quell&#8217;et\u00e0 star\u00f2 pensando ad altro e sar\u00f2 meno interessato a verificare se finalmente l&#8217;Italia potr\u00e0 diventare un paese come si deve.<\/p>\n<p>No, il momento \u00e8 questo. Egoisticamente, non mi posso permettere di sprecare altri vent&#8217;anni. \u00c8 per questo che reagisco con rabbia verso le proposte politiche inadeguate che affollano il panorama: perch\u00e9 non basta non essere complici dello sfascio precedente, avere la fedina penale pulita, essere <em>diversi<\/em>, evocare alternative. A me (e all&#8217;Italia, permettemi) serve gente che oltre a questo sia\u00a0<em>capace<\/em> di cambiare il paese, e non cialtroni, demagoghi, populisti, improvvisatori, arruffapopoli, venditori di sogni, criptofascisti (in Sardegna aggiungerei i nazionalisti) o semplicemente benintenzionati.<\/p>\n<p>Insomma: ci sarebbe da rendere pi\u00f9 giusto, pi\u00f9\u00a0democratico e pi\u00f9 libero un paese. Per\u00f2 astenersi perditempo: per me \u00e8 l&#8217;ultima occasione.<\/p>\n","protected":false},"excerpt":{"rendered":"<p>Io sono nato nel 1964. Ricordo benissimo che quando avevo dieci anni, ero in quinta elementare\u00a0e non capivo niente, un<\/p>\n","protected":false},"author":1,"featured_media":3802,"comment_status":"open","ping_status":"open","sticky":false,"template":"","format":"standard","meta":{"_mi_skip_tracking":false,"_monsterinsights_sitenote_active":false,"_monsterinsights_sitenote_note":"","_monsterinsights_sitenote_category":0,"jetpack_post_was_ever_published":false,"_jetpack_newsletter_access":"","jetpack_publicize_message":"","jetpack_is_tweetstorm":false,"jetpack_publicize_feature_enabled":true,"jetpack_social_post_already_shared":false,"jetpack_social_options":{"image_generator_settings":{"template":"highway","enabled":false}}},"categories":[52,57,17,59,16],"tags":[],"jetpack_publicize_connections":[],"jetpack_featured_media_url":"https:\/\/i0.wp.com\/www.robertosedda.it\/wp-content\/uploads\/2013\/07\/Scacchi2.jpg?fit=720%2C476","jetpack_sharing_enabled":true,"jetpack_shortlink":"https:\/\/wp.me\/p4jV2T-195","jetpack_likes_enabled":true,"jetpack-related-posts":[{"id":14058,"url":"http:\/\/www.robertosedda.it\/?p=14058","url_meta":{"origin":4407,"position":0},"title":"Si riprende!","author":"Rufus","date":"21\/08\/2017","format":false,"excerpt":"Vedo che l'ultimo articolo su questo blog l'ho scritto il 3 agosto. Il 6 sono andato in vacanza e non ho pi\u00f9 scritto: rispetto agli anni scorsi la vacanza era pi\u00f9 intensa, il tempo minore, la connessione wi-fi dell'albergo meno efficiente, e insomma non ho scritto. Facebook era molto preoccupato.\u2026","rel":"","context":"In &quot;Coordinate&quot;","block_context":{"text":"Coordinate","link":"http:\/\/www.robertosedda.it\/?cat=52"},"img":{"alt_text":"","src":"https:\/\/i0.wp.com\/www.robertosedda.it\/wp-content\/uploads\/2017\/08\/ALIM4919.jpg?fit=1200%2C900&resize=350%2C200","width":350,"height":200,"srcset":"https:\/\/i0.wp.com\/www.robertosedda.it\/wp-content\/uploads\/2017\/08\/ALIM4919.jpg?fit=1200%2C900&resize=350%2C200 1x, https:\/\/i0.wp.com\/www.robertosedda.it\/wp-content\/uploads\/2017\/08\/ALIM4919.jpg?fit=1200%2C900&resize=700%2C400 2x, https:\/\/i0.wp.com\/www.robertosedda.it\/wp-content\/uploads\/2017\/08\/ALIM4919.jpg?fit=1200%2C900&resize=1050%2C600 3x"},"classes":[]},{"id":10781,"url":"http:\/\/www.robertosedda.it\/?p=10781","url_meta":{"origin":4407,"position":1},"title":"Sta arrivando&#8230;","author":"Rufus","date":"04\/09\/2015","format":false,"excerpt":"I soci cagliaritani pi\u00f9 attivi della Banca Etica lo sanno gi\u00e0, ma per tutti gli altri mi lascer\u00f2 sfuggire un'indiscrezione. Presto, prestissimo, a Cagliari aprir\u00e0 l'ufficio del nuovo banchiere ambulante della Sardegna meridionale. Due giorni fa il nuovo banchiere ambulante (anzi: la nuova banchiera ambulante, perch\u00e9 \u00e8 una ragazza) ha\u2026","rel":"","context":"In &quot;Banche e finanza&quot;","block_context":{"text":"Banche e finanza","link":"http:\/\/www.robertosedda.it\/?cat=72"},"img":{"alt_text":"","src":"https:\/\/i0.wp.com\/www.robertosedda.it\/wp-content\/uploads\/2015\/09\/Banca-Etica-skyline-Cagliari.png?fit=807%2C298&resize=350%2C200","width":350,"height":200,"srcset":"https:\/\/i0.wp.com\/www.robertosedda.it\/wp-content\/uploads\/2015\/09\/Banca-Etica-skyline-Cagliari.png?fit=807%2C298&resize=350%2C200 1x, https:\/\/i0.wp.com\/www.robertosedda.it\/wp-content\/uploads\/2015\/09\/Banca-Etica-skyline-Cagliari.png?fit=807%2C298&resize=700%2C400 2x"},"classes":[]},{"id":14116,"url":"http:\/\/www.robertosedda.it\/?p=14116","url_meta":{"origin":4407,"position":2},"title":"Cinque anni da festeggiare","author":"Rufus","date":"06\/09\/2017","format":false,"excerpt":"Ieri Facebook mi ha proposto un ricordo di cinque anni fa, che io ho prontamente ripostato: \u00c8, insomma, l'esordio ufficiale del nuovo\u00a0blog, che dopo essere rimasto fermo diversi anni ripartiva. In realt\u00e0 il primo articolo assoluto \u00e8 del 27 luglio 2012, poi per\u00f2 ho usato agosto per riportare qui cose\u2026","rel":"","context":"In &quot;Coordinate&quot;","block_context":{"text":"Coordinate","link":"http:\/\/www.robertosedda.it\/?cat=52"},"img":{"alt_text":"","src":"https:\/\/i0.wp.com\/www.robertosedda.it\/wp-content\/uploads\/2017\/09\/Statistiche-5-anni.jpg?fit=1159%2C706&resize=350%2C200","width":350,"height":200,"srcset":"https:\/\/i0.wp.com\/www.robertosedda.it\/wp-content\/uploads\/2017\/09\/Statistiche-5-anni.jpg?fit=1159%2C706&resize=350%2C200 1x, https:\/\/i0.wp.com\/www.robertosedda.it\/wp-content\/uploads\/2017\/09\/Statistiche-5-anni.jpg?fit=1159%2C706&resize=700%2C400 2x, https:\/\/i0.wp.com\/www.robertosedda.it\/wp-content\/uploads\/2017\/09\/Statistiche-5-anni.jpg?fit=1159%2C706&resize=1050%2C600 3x"},"classes":[]},{"id":16587,"url":"http:\/\/www.robertosedda.it\/?p=16587","url_meta":{"origin":4407,"position":3},"title":"Pioggia di primavera","author":"Rufus","date":"11\/04\/2019","format":false,"excerpt":"Controllando delle altre cose su Facebook mi sono accorto che c'\u00e8 stato un tempo (fra il 2008 e il 2009) nel quale pubblicavo una poesia al giorno. Cio\u00e8: che pubblicassi poesie me lo ricordavo. Quello che non ricordavo era di essere durato cos\u00ec tanto: almeno sei mesi interi, giorno dopo\u2026","rel":"","context":"In &quot;Coordinate&quot;","block_context":{"text":"Coordinate","link":"http:\/\/www.robertosedda.it\/?cat=52"},"img":{"alt_text":"","src":"https:\/\/i0.wp.com\/www.robertosedda.it\/wp-content\/uploads\/2013\/02\/Nazim_Hikmet.jpg?fit=240%2C268&resize=350%2C200","width":350,"height":200},"classes":[]},{"id":6640,"url":"http:\/\/www.robertosedda.it\/?p=6640","url_meta":{"origin":4407,"position":4},"title":"Cominciate a segnarvi queste due date&#8230;","author":"Rufus","date":"04\/03\/2014","format":false,"excerpt":"Festeggiamenti! Festeggiamenti! In questo stesso momento in cui scrivo alla Sala delle Colonne della Camera dei Deputati viene presentata la ricerca sull'impatto sociale di Banca Etica nei suoi primi quindici anni di vita\u00a0(e no, questa volta non sono potuto andare). Con questa presentazione iniziano di fatto i quindici giorni di\u2026","rel":"","context":"In &quot;Banche e finanza&quot;","block_context":{"text":"Banche e finanza","link":"http:\/\/www.robertosedda.it\/?cat=72"},"img":{"alt_text":"","src":"https:\/\/i0.wp.com\/www.robertosedda.it\/wp-content\/uploads\/2014\/02\/Banca-Etica-15-anni.jpg?fit=510%2C250&resize=350%2C200","width":350,"height":200},"classes":[]},{"id":15584,"url":"http:\/\/www.robertosedda.it\/?p=15584","url_meta":{"origin":4407,"position":5},"title":"Ripiegamenti","author":"Rufus","date":"20\/08\/2018","format":false,"excerpt":"In questi ultimi giorni ero in ferie e non ho scritto granch\u00e9 ma l'altro giorno, mentre passeggiavo intorno al lago di Resia, pensavo che una delle cose pi\u00f9 tristi dei caotici tempi politici che stiamo vivendo \u00e8 il modo col quale, in reazione a questa o quella uscita dei\u00a05Stelle, l'opinione\u2026","rel":"","context":"In &quot;Coordinate&quot;","block_context":{"text":"Coordinate","link":"http:\/\/www.robertosedda.it\/?cat=52"},"img":{"alt_text":"","src":"https:\/\/i0.wp.com\/www.robertosedda.it\/wp-content\/uploads\/2018\/08\/IMG_20180811_122019.jpg?fit=1200%2C472&resize=350%2C200","width":350,"height":200,"srcset":"https:\/\/i0.wp.com\/www.robertosedda.it\/wp-content\/uploads\/2018\/08\/IMG_20180811_122019.jpg?fit=1200%2C472&resize=350%2C200 1x, https:\/\/i0.wp.com\/www.robertosedda.it\/wp-content\/uploads\/2018\/08\/IMG_20180811_122019.jpg?fit=1200%2C472&resize=700%2C400 2x, https:\/\/i0.wp.com\/www.robertosedda.it\/wp-content\/uploads\/2018\/08\/IMG_20180811_122019.jpg?fit=1200%2C472&resize=1050%2C600 3x"},"classes":[]}],"_links":{"self":[{"href":"http:\/\/www.robertosedda.it\/index.php?rest_route=\/wp\/v2\/posts\/4407"}],"collection":[{"href":"http:\/\/www.robertosedda.it\/index.php?rest_route=\/wp\/v2\/posts"}],"about":[{"href":"http:\/\/www.robertosedda.it\/index.php?rest_route=\/wp\/v2\/types\/post"}],"author":[{"embeddable":true,"href":"http:\/\/www.robertosedda.it\/index.php?rest_route=\/wp\/v2\/users\/1"}],"replies":[{"embeddable":true,"href":"http:\/\/www.robertosedda.it\/index.php?rest_route=%2Fwp%2Fv2%2Fcomments&post=4407"}],"version-history":[{"count":6,"href":"http:\/\/www.robertosedda.it\/index.php?rest_route=\/wp\/v2\/posts\/4407\/revisions"}],"predecessor-version":[{"id":6647,"href":"http:\/\/www.robertosedda.it\/index.php?rest_route=\/wp\/v2\/posts\/4407\/revisions\/6647"}],"wp:featuredmedia":[{"embeddable":true,"href":"http:\/\/www.robertosedda.it\/index.php?rest_route=\/wp\/v2\/media\/3802"}],"wp:attachment":[{"href":"http:\/\/www.robertosedda.it\/index.php?rest_route=%2Fwp%2Fv2%2Fmedia&parent=4407"}],"wp:term":[{"taxonomy":"category","embeddable":true,"href":"http:\/\/www.robertosedda.it\/index.php?rest_route=%2Fwp%2Fv2%2Fcategories&post=4407"},{"taxonomy":"post_tag","embeddable":true,"href":"http:\/\/www.robertosedda.it\/index.php?rest_route=%2Fwp%2Fv2%2Ftags&post=4407"}],"curies":[{"name":"wp","href":"https:\/\/api.w.org\/{rel}","templated":true}]}}