{"id":4325,"date":"2013-08-22T17:36:51","date_gmt":"2013-08-22T15:36:51","guid":{"rendered":"http:\/\/www.robertosedda.it\/?p=4325"},"modified":"2019-09-29T08:33:04","modified_gmt":"2019-09-29T06:33:04","slug":"gita-ad-atzara","status":"publish","type":"post","link":"http:\/\/www.robertosedda.it\/?p=4325","title":{"rendered":"Gita ad Atzara"},"content":{"rendered":"<h2>Vigne sulla strada per Atzara<\/h2>\n<p><a href=\"https:\/\/i0.wp.com\/www.robertosedda.it\/wp-content\/uploads\/2013\/08\/ALIM3007.jpg\"><img data-attachment-id=\"4328\" data-permalink=\"http:\/\/www.robertosedda.it\/?attachment_id=4328\" data-orig-file=\"https:\/\/i0.wp.com\/www.robertosedda.it\/wp-content\/uploads\/2013\/08\/ALIM3007.jpg?fit=1616%2C2154\" data-orig-size=\"1616,2154\" data-comments-opened=\"1\" data-image-meta=\"{&quot;aperture&quot;:&quot;3.6&quot;,&quot;credit&quot;:&quot;&quot;,&quot;camera&quot;:&quot;F8035&quot;,&quot;caption&quot;:&quot;&quot;,&quot;created_timestamp&quot;:&quot;1376738240&quot;,&quot;copyright&quot;:&quot;&quot;,&quot;focal_length&quot;:&quot;8.8&quot;,&quot;iso&quot;:&quot;80&quot;,&quot;shutter_speed&quot;:&quot;0.003734&quot;,&quot;title&quot;:&quot;YASHICA Digital Camera&quot;}\" data-image-title=\"YASHICA Digital Camera\" data-image-description=\"\" data-image-caption=\"\" data-medium-file=\"https:\/\/i0.wp.com\/www.robertosedda.it\/wp-content\/uploads\/2013\/08\/ALIM3007.jpg?fit=225%2C300\" data-large-file=\"https:\/\/i0.wp.com\/www.robertosedda.it\/wp-content\/uploads\/2013\/08\/ALIM3007.jpg?fit=510%2C680\" decoding=\"async\" loading=\"lazy\" class=\"alignleft size-medium wp-image-4328\" src=\"https:\/\/i0.wp.com\/www.robertosedda.it\/wp-content\/uploads\/2013\/08\/ALIM3007.jpg?resize=225%2C300\" alt=\"YASHICA Digital Camera\" width=\"225\" height=\"300\" srcset=\"https:\/\/i0.wp.com\/www.robertosedda.it\/wp-content\/uploads\/2013\/08\/ALIM3007.jpg?resize=225%2C300 225w, https:\/\/i0.wp.com\/www.robertosedda.it\/wp-content\/uploads\/2013\/08\/ALIM3007.jpg?resize=768%2C1024 768w, https:\/\/i0.wp.com\/www.robertosedda.it\/wp-content\/uploads\/2013\/08\/ALIM3007.jpg?resize=700%2C933 700w, https:\/\/i0.wp.com\/www.robertosedda.it\/wp-content\/uploads\/2013\/08\/ALIM3007.jpg?w=1616 1616w\" sizes=\"(max-width: 225px) 100vw, 225px\" data-recalc-dims=\"1\" \/><\/a>L&#8217;altro giorno da Tonara siamo scesi in gita verso Atzara.<\/p>\n<p>Ognuno nella compagnia aveva i suoi interessi. Maria Bonaria voleva vedere il laboratorio de <a href=\"http:\/\/www.larobbia.it\/\"><em>La Robbia<\/em><\/a> di Maurizio Savoldo, che tinge la lana con colori naturali e fa delle cose davvero belle. Mio suocero Pino, meglio noto come <em>il mitico Pino,<\/em> ammirava la campagna. Io guidavo.<\/p>\n<p>A un certo punto Pino mi ha ricordato che ad Atzara si fa un ottimo vino. Attorno a noi si stendevano molte vigne, sulle quali lui lasciava vagare uno sguardo critico: \u00abQuesta \u00e8 proprio una bella vigna&#8230; questa \u00e8 tenuta male&#8230; aaah, questa \u00e8 perfetta\u00bb. Il mitico Pino dedica maggiore attenzione solo agli uliveti, il cui stile di potatura \u00e8 sottoposto a uno scrutinio addirittura feroce.<\/p>\n<p>Del resto il mitico Pino con una sola occhiata a distanza \u00e8 capace di stabilire se la vigna fa uva nera o chiara: ha tentato di spiegarmi pi\u00f9 volte come si fa a capirlo, ma io nutro il radicato sospetto che lui, sapendo che tanto io non sono in grado di smentirlo, si limiti a inventare la risposta. Solo non oso provare a dirglielo perch\u00e9 in altri campi ho avuto brutte esperienze: ha per esempio il vezzo, quando vede un gregge, di dire al volo di quante pecore \u00e8 composto. Una volta l&#8217;ho sfidato, e le ho contate. Aveva ragione lui. Due, tre volte. Non vorrei che adesso, se sollevo dubbi, mi faccia parcheggiare e esibisca, sorridendo, un grappolo del colore giusto.<\/p>\n<h2>Informazioni incomplete al bar<\/h2>\n<p>Comunque divago. Atzara \u00e8 poco oltre Sorgono, da Tonara \u00e8 quasi una passeggiata. All&#8217;arrivo notiamo un cartello con l&#8217;indicazione di un\u00a0museo del vino e siccome tanto discorrere di\u00a0vigne ci ha messo sull&#8217;attenzione, magari decidiamo di andarci, anche se il laboratorio\u00a0fosse dall&#8217;altra parte del paese. Ma io ho visto anche l&#8217;insegna della sartoria Serra, che \u00e8 famosa,\u00a0e penso che passando potrei comprarmi magari una camicia, cos\u00ec adesso tutta la famiglia ha un obiettivo.<\/p>\n<p>Al bar, gentilissimi, ci indicano la direzione per il museo del vino, che \u00e8 vicino e quindi diventa il nostro primo obiettivo.<\/p>\n<p><a href=\"https:\/\/i0.wp.com\/www.robertosedda.it\/wp-content\/uploads\/2013\/08\/ALIM3005.jpg\"><img data-attachment-id=\"4329\" data-permalink=\"http:\/\/www.robertosedda.it\/?attachment_id=4329\" data-orig-file=\"https:\/\/i0.wp.com\/www.robertosedda.it\/wp-content\/uploads\/2013\/08\/ALIM3005.jpg?fit=2154%2C1616\" data-orig-size=\"2154,1616\" data-comments-opened=\"1\" data-image-meta=\"{&quot;aperture&quot;:&quot;5.5&quot;,&quot;credit&quot;:&quot;&quot;,&quot;camera&quot;:&quot;F8035&quot;,&quot;caption&quot;:&quot;&quot;,&quot;created_timestamp&quot;:&quot;1376738023&quot;,&quot;copyright&quot;:&quot;&quot;,&quot;focal_length&quot;:&quot;5.7&quot;,&quot;iso&quot;:&quot;80&quot;,&quot;shutter_speed&quot;:&quot;0.001956&quot;,&quot;title&quot;:&quot;YASHICA Digital Camera&quot;}\" data-image-title=\"YASHICA Digital Camera\" data-image-description=\"\" data-image-caption=\"\" data-medium-file=\"https:\/\/i0.wp.com\/www.robertosedda.it\/wp-content\/uploads\/2013\/08\/ALIM3005.jpg?fit=300%2C225\" data-large-file=\"https:\/\/i0.wp.com\/www.robertosedda.it\/wp-content\/uploads\/2013\/08\/ALIM3005.jpg?fit=510%2C383\" decoding=\"async\" loading=\"lazy\" class=\"alignright size-medium wp-image-4329\" src=\"https:\/\/i0.wp.com\/www.robertosedda.it\/wp-content\/uploads\/2013\/08\/ALIM3005.jpg?resize=300%2C225\" alt=\"YASHICA Digital Camera\" width=\"300\" height=\"225\" srcset=\"https:\/\/i0.wp.com\/www.robertosedda.it\/wp-content\/uploads\/2013\/08\/ALIM3005.jpg?resize=300%2C225 300w, https:\/\/i0.wp.com\/www.robertosedda.it\/wp-content\/uploads\/2013\/08\/ALIM3005.jpg?resize=1024%2C768 1024w, https:\/\/i0.wp.com\/www.robertosedda.it\/wp-content\/uploads\/2013\/08\/ALIM3005.jpg?resize=268%2C200 268w, https:\/\/i0.wp.com\/www.robertosedda.it\/wp-content\/uploads\/2013\/08\/ALIM3005.jpg?resize=700%2C525 700w, https:\/\/i0.wp.com\/www.robertosedda.it\/wp-content\/uploads\/2013\/08\/ALIM3005.jpg?w=1600 1600w\" sizes=\"(max-width: 300px) 100vw, 300px\" data-recalc-dims=\"1\" \/><\/a>Atzara ha un centro storico carino, che \u00e8 stato ben conservato, con case con cascate di fiori e pergolati. Il Comune ha impiantato qui e l\u00e0 grandi cartelli su cui sono stampate gigantografie di vecchie foto del paese, esattamente negli stessi punti in cui sono state scattate: cos\u00ec davanti alla chiesa, per esempio, si vede come doveva apparire ai primi del &#8216;900. \u00c8 una cosa semplice, magari vista anche in altri paesi, ma molto simpatica.<\/p>\n<p>Giriamo avanti e indietro, ma il museo del vino non si trova. Nella nostra ricerca arriviamo fino alla chiesa, che ha una bella facciata aragonese, ma \u00e8 chiusa.<\/p>\n<p><a href=\"https:\/\/i0.wp.com\/www.robertosedda.it\/wp-content\/uploads\/2013\/08\/ALIM3003.jpg\"><img data-attachment-id=\"4331\" data-permalink=\"http:\/\/www.robertosedda.it\/?attachment_id=4331\" data-orig-file=\"https:\/\/i0.wp.com\/www.robertosedda.it\/wp-content\/uploads\/2013\/08\/ALIM3003.jpg?fit=2154%2C1616\" data-orig-size=\"2154,1616\" data-comments-opened=\"1\" data-image-meta=\"{&quot;aperture&quot;:&quot;2.8&quot;,&quot;credit&quot;:&quot;&quot;,&quot;camera&quot;:&quot;F8035&quot;,&quot;caption&quot;:&quot;&quot;,&quot;created_timestamp&quot;:&quot;1376737314&quot;,&quot;copyright&quot;:&quot;&quot;,&quot;focal_length&quot;:&quot;5.7&quot;,&quot;iso&quot;:&quot;80&quot;,&quot;shutter_speed&quot;:&quot;0.002124&quot;,&quot;title&quot;:&quot;YASHICA Digital Camera&quot;}\" data-image-title=\"YASHICA Digital Camera\" data-image-description=\"\" data-image-caption=\"\" data-medium-file=\"https:\/\/i0.wp.com\/www.robertosedda.it\/wp-content\/uploads\/2013\/08\/ALIM3003.jpg?fit=300%2C225\" data-large-file=\"https:\/\/i0.wp.com\/www.robertosedda.it\/wp-content\/uploads\/2013\/08\/ALIM3003.jpg?fit=510%2C383\" decoding=\"async\" loading=\"lazy\" class=\"alignleft size-medium wp-image-4331\" src=\"https:\/\/i0.wp.com\/www.robertosedda.it\/wp-content\/uploads\/2013\/08\/ALIM3003.jpg?resize=300%2C225\" alt=\"YASHICA Digital Camera\" width=\"300\" height=\"225\" srcset=\"https:\/\/i0.wp.com\/www.robertosedda.it\/wp-content\/uploads\/2013\/08\/ALIM3003.jpg?resize=300%2C225 300w, https:\/\/i0.wp.com\/www.robertosedda.it\/wp-content\/uploads\/2013\/08\/ALIM3003.jpg?resize=1024%2C768 1024w, https:\/\/i0.wp.com\/www.robertosedda.it\/wp-content\/uploads\/2013\/08\/ALIM3003.jpg?resize=268%2C200 268w, https:\/\/i0.wp.com\/www.robertosedda.it\/wp-content\/uploads\/2013\/08\/ALIM3003.jpg?resize=700%2C525 700w, https:\/\/i0.wp.com\/www.robertosedda.it\/wp-content\/uploads\/2013\/08\/ALIM3003.jpg?w=1600 1600w\" sizes=\"(max-width: 300px) 100vw, 300px\" data-recalc-dims=\"1\" \/><\/a>Poco oltre troviamo un salone parrocchiale con dentro le panche di chiesa e un altare di fortuna. Per rendere il locale pi\u00f9 facilmente agibile sono state ricavate delle porte di sicurezza nel fianco del fabbricato, solo che nessuno si \u00e8 preso la briga di ritinteggiare o dare un senso unitario alla facciata, che sembra davvero squarciata brutalmente. Passa un signore anziano e chiediamo: \u00abMa non \u00e8 quella l\u00e0 la parrocchia? E questa cos&#8217;\u00e8?\u00bb. Ci spiega che nella chiesa ci piove dentro ormai pi\u00f9 di tre anni, l&#8217;hanno chiusa e chiss\u00e0 quando riaprir\u00e0. \u00abAdesso sono tre mesi che hanno detto che ci sono i soldi per rifare il tetto, ma ancora non si vede niente\u00bb. Poi, forse per recuperare, ci chiede: \u00abSiete di qui? Posso regalarvi zucchine?\u00bb. Viene direttamente dall&#8217;orto, ha delle zucchine <em>enormi<\/em>.<\/p>\n<p>Tornando indietro alla fine chiediamo alla parrucchiera dove sia questo famoso museo del vino. Ci indica il grande portone in legno di una vecchia casa padronale. Ma, ci spiega, non c&#8217;\u00e8 niente dentro: hanno solo aggiustato la casa, ma il museo non \u00e8 ancora attrezzato. Maria Bonaria \u00e8 offesa con quelli del bar che ci hanno dato le indicazioni ma <em>non<\/em> ci hanno detto che il museo era chiuso. Io sono pi\u00f9 interessato al mistero del perch\u00e9 abbiano messo i cartelli indicatori, con tanto di indicazione della certificazione di qualit\u00e0 rurale. Si vede che al Comune avevano i soldi di qualche progetto e li dovevano spendere, ci ridicono al bar.<\/p>\n<p>Dopo questa esperienza il mitico Pino, che \u00e8 ancora convalescente, \u00e8 un po&#8217; affaticato: dopotutto l&#8217;abbiamo fatto andare avanti e indietro col caldo.<\/p>\n<h2>Il Museo <em>Antonio Ortiz Echag\u00fce<\/em><\/h2>\n<p>Mentre siamo l\u00ec sulla panchina a riposarci, notiamo un altro cartello: <em>Museo Antonio Ortiz Echag\u00fce<\/em>. Di nuovo al bar ci dicono che \u00e8 un museo di arte moderna e contemporanea. Ora, io vengo da Orani, dove c&#8217;\u00e8 il museo di Nivola, quindi la cosa non dovrebbe stupirmi. Solo che non ne ho mai sentito parlare, lo ammetto, e a costo di fare la figura dell&#8217;ignorante la cosa mi pare\u00a0un po&#8217; strana.<\/p>\n<p>Il mitico Pino \u00e8 rimasto un po&#8217; scottato dalla prima esperienza, e il panorama e i fiori inviterebbero a restarsene sulla panchina, ma alla fine prevale lo spirito avventuroso delle generazioni pi\u00f9 giovani. Per\u00f2 al museo ci andiamo in macchina, per evitare altri vagabondaggi. E prima controlliamo che sia aperto, che con questi del bar non si sa mai. Ecco.<\/p>\n<p>Il museo \u00e8 stato una rivelazione. Soprattutto per la storia che c&#8217;\u00e8 dietro la sua fondazione, che io vi racconto cos\u00ec come\u00a0racconterei una favola, scusandomi se non riesco a renderla affascinante come mi \u00e8 sembrata.<\/p>\n<h3>La storia di <em>tziu<\/em> Arzolu e del pittore spagnolo<\/h3>\n<p><em>Tziu Arzolu<\/em> saebbe stato, per la verit\u00e0, il <em>cavalier <\/em>Bartolomeo Demurtas, ma tutti in paese, ad Atzara, lo chiamavano cos\u00ec, <em>tziu Arzolu<\/em>. Era un <em>printzipale<\/em>, uno dei possidenti del paese.<\/p>\n<p><em>Tziu Arzolu<\/em> era un buon cristiano e, nell&#8217;anno del Signore 1900, anno del Grande Giubileo, condusse a Roma una nutrita delegazione atzarese.<\/p>\n<figure id=\"attachment_4333\" aria-describedby=\"caption-attachment-4333\" style=\"width: 265px\" class=\"wp-caption alignright\"><a href=\"https:\/\/i0.wp.com\/www.robertosedda.it\/wp-content\/uploads\/2013\/08\/autorretratoeduardochic.jpg\"><img data-attachment-id=\"4333\" data-permalink=\"http:\/\/www.robertosedda.it\/?attachment_id=4333\" data-orig-file=\"https:\/\/i0.wp.com\/www.robertosedda.it\/wp-content\/uploads\/2013\/08\/autorretratoeduardochic.jpg?fit=711%2C804\" data-orig-size=\"711,804\" data-comments-opened=\"1\" data-image-meta=\"{&quot;aperture&quot;:&quot;0&quot;,&quot;credit&quot;:&quot;&quot;,&quot;camera&quot;:&quot;&quot;,&quot;caption&quot;:&quot;&quot;,&quot;created_timestamp&quot;:&quot;0&quot;,&quot;copyright&quot;:&quot;&quot;,&quot;focal_length&quot;:&quot;0&quot;,&quot;iso&quot;:&quot;0&quot;,&quot;shutter_speed&quot;:&quot;0&quot;,&quot;title&quot;:&quot;&quot;}\" data-image-title=\"autorretratoeduardochic\" data-image-description=\"\" data-image-caption=\"\" data-medium-file=\"https:\/\/i0.wp.com\/www.robertosedda.it\/wp-content\/uploads\/2013\/08\/autorretratoeduardochic.jpg?fit=265%2C300\" data-large-file=\"https:\/\/i0.wp.com\/www.robertosedda.it\/wp-content\/uploads\/2013\/08\/autorretratoeduardochic.jpg?fit=510%2C577\" decoding=\"async\" loading=\"lazy\" class=\"size-medium wp-image-4333\" src=\"https:\/\/i0.wp.com\/www.robertosedda.it\/wp-content\/uploads\/2013\/08\/autorretratoeduardochic.jpg?resize=265%2C300\" alt=\"autorretratoeduardochic\" width=\"265\" height=\"300\" srcset=\"https:\/\/i0.wp.com\/www.robertosedda.it\/wp-content\/uploads\/2013\/08\/autorretratoeduardochic.jpg?resize=265%2C300 265w, https:\/\/i0.wp.com\/www.robertosedda.it\/wp-content\/uploads\/2013\/08\/autorretratoeduardochic.jpg?resize=700%2C791 700w, https:\/\/i0.wp.com\/www.robertosedda.it\/wp-content\/uploads\/2013\/08\/autorretratoeduardochic.jpg?w=711 711w\" sizes=\"(max-width: 265px) 100vw, 265px\" data-recalc-dims=\"1\" \/><\/a><figcaption id=\"caption-attachment-4333\" class=\"wp-caption-text\">Autoritratto di Eduardo Chicharro<\/figcaption><\/figure>\n<p>Fu l\u00ec che in piazza San Pietro il gruppo di Atzara, rigorosamente in costume, venne abbordato da un compito giovane spagnolo, il pittore <a href=\"http:\/\/es.wikipedia.org\/wiki\/Eduardo_Chicharro_y_Ag%C3%BCera\">Eduardo Chicharro<\/a>, esponente della corrente del <em>costumbrismo<\/em>.<\/p>\n<p>Fermi tutti. <em>Costumbrismo<\/em>? Roba da mangiare?!<\/p>\n<p>Siamo noi che siamo ignoranti, perch\u00e9 il <em>costumbrismo<\/em> \u00e8 una importante corrente artistica spagnola, di taglio verista e interessata a documentare usi e costumi popolari. Ho dato un&#8217;occhiata sul <em>web<\/em> e ho trovato che si divide in una scuola sivigliana e una scuola madrilena, ma a noi interessa la corrente romana, che faceva capo all&#8217;Accademia spagnola di Belle Arti, dove studiava Chicharro. Al quale, con gli interessi culturali che professava, la delegazione di Atzara abbigliata nei suoi splendidi costumi dovette fare una grande impressione.<\/p>\n<p>Forse <em>tziu<\/em> <em>Arzolu<\/em> non capiva proprio proprio tutto, del <em>costumbrismo. <\/em>O forse come tanti <em>printzipales\u00a0<\/em>dell&#8217;interno\u00a0aveva risorse culturali a prima vista inaspettate. Certo reag\u00ec come le famiglie importanti dei paesi sardi si erano sempre comportate negli anni, attente ad allargare la cerchia delle proprie relazioni: invit\u00f2 il pittore a casa sua, ad Atzara.<\/p>\n<p>E quindi abbiamo il colto Chicharro che dalla natia Madrid, via Roma, si trasferisce ad Atzara. Il viaggio in Sardegna non gli port\u00f2 fortuna: si prese la malaria e dopo quattro mesi dovette tornare a casa, ma un ponte era stato gettato.<\/p>\n<figure id=\"attachment_4334\" aria-describedby=\"caption-attachment-4334\" style=\"width: 221px\" class=\"wp-caption alignleft\"><a href=\"https:\/\/i0.wp.com\/www.robertosedda.it\/wp-content\/uploads\/2013\/08\/Bernaldo-de-Quiros-Ritratto-Ballero.jpg\"><img data-attachment-id=\"4334\" data-permalink=\"http:\/\/www.robertosedda.it\/?attachment_id=4334\" data-orig-file=\"https:\/\/i0.wp.com\/www.robertosedda.it\/wp-content\/uploads\/2013\/08\/Bernaldo-de-Quiros-Ritratto-Ballero.jpg?fit=755%2C1024\" data-orig-size=\"755,1024\" data-comments-opened=\"1\" data-image-meta=\"{&quot;aperture&quot;:&quot;0&quot;,&quot;credit&quot;:&quot;&quot;,&quot;camera&quot;:&quot;&quot;,&quot;caption&quot;:&quot;&quot;,&quot;created_timestamp&quot;:&quot;0&quot;,&quot;copyright&quot;:&quot;&quot;,&quot;focal_length&quot;:&quot;0&quot;,&quot;iso&quot;:&quot;0&quot;,&quot;shutter_speed&quot;:&quot;0&quot;,&quot;title&quot;:&quot;&quot;}\" data-image-title=\"Bernaldo-de-Quiros-Ritratto Ballero\" data-image-description=\"\" data-image-caption=\"\" data-medium-file=\"https:\/\/i0.wp.com\/www.robertosedda.it\/wp-content\/uploads\/2013\/08\/Bernaldo-de-Quiros-Ritratto-Ballero.jpg?fit=221%2C300\" data-large-file=\"https:\/\/i0.wp.com\/www.robertosedda.it\/wp-content\/uploads\/2013\/08\/Bernaldo-de-Quiros-Ritratto-Ballero.jpg?fit=510%2C692\" decoding=\"async\" loading=\"lazy\" class=\"size-medium wp-image-4334\" src=\"https:\/\/i0.wp.com\/www.robertosedda.it\/wp-content\/uploads\/2013\/08\/Bernaldo-de-Quiros-Ritratto-Ballero.jpg?resize=221%2C300\" alt=\"Bernaldo-de-Quiros-Ritratto Ballero\" width=\"221\" height=\"300\" srcset=\"https:\/\/i0.wp.com\/www.robertosedda.it\/wp-content\/uploads\/2013\/08\/Bernaldo-de-Quiros-Ritratto-Ballero.jpg?resize=221%2C300 221w, https:\/\/i0.wp.com\/www.robertosedda.it\/wp-content\/uploads\/2013\/08\/Bernaldo-de-Quiros-Ritratto-Ballero.jpg?resize=700%2C949 700w, https:\/\/i0.wp.com\/www.robertosedda.it\/wp-content\/uploads\/2013\/08\/Bernaldo-de-Quiros-Ritratto-Ballero.jpg?w=755 755w\" sizes=\"(max-width: 221px) 100vw, 221px\" data-recalc-dims=\"1\" \/><\/a><figcaption id=\"caption-attachment-4334\" class=\"wp-caption-text\">Ritratto di Antonio Ballero ad opera del pittore spagnolo Bernaldo de Quiros<\/figcaption><\/figure>\n<p>Grazie alle relazioni stabilite con la famiglia Demurtas altri pittori <em>costumbristi<\/em> si recarono ad Atzara, fra i quali appunto l&#8217;<a href=\"http:\/\/web.archive.org\/web\/20130329210712\/http:\/\/www.euskonews.com\/0461zbk\/gaia46101es.html\">Antonio Ortiz<\/a> che d\u00e0 il nome al museo. La presenza ricorrente di importanti pittori spagnoli ebbe un effetto trainante sul movimento artistico sardo, aprendolo a nuovi linguaggi culturali, e dalla possibilit\u00e0 di confronto data dall&#8217;ambiente di Atzara furono attirati frequentemente anche i migliori pittori sardi dell&#8217;epoca, anche di altra scuola, Ballero,\u00a0Biasi, Delitala, Carmelo Floris, Stanis Dessy. Un pittore tedesco, anche lui di passaggio, Richard Scheurlen, inizi\u00f2 alla pittura Antonio Corriga, che \u00e8 appunto di Atzara.<\/p>\n<p>Insomma, per almeno un quarto di secolo e oltre Atzara fu\u00a0un cenacolo di pittori di diverse tendenze e provenienze, una piccola accademia\u00a0immersa nel centro del Mandrolisai.<\/p>\n<p>Coincidenze: anche Galep, il disegnatore di <em>Tex<\/em>, durante la guerra fu sfollato ad Atzara. Quando si dice che i suoi primi panorami <em>western<\/em> erano ispirati alla Sardegna per forza si intende Atzara.<\/p>\n<p><a href=\"https:\/\/i0.wp.com\/www.robertosedda.it\/wp-content\/uploads\/2013\/08\/Ortiz.jpg\"><img data-attachment-id=\"4335\" data-permalink=\"http:\/\/www.robertosedda.it\/?attachment_id=4335\" data-orig-file=\"https:\/\/i0.wp.com\/www.robertosedda.it\/wp-content\/uploads\/2013\/08\/Ortiz.jpg?fit=397%2C424\" data-orig-size=\"397,424\" data-comments-opened=\"1\" data-image-meta=\"{&quot;aperture&quot;:&quot;0&quot;,&quot;credit&quot;:&quot;&quot;,&quot;camera&quot;:&quot;&quot;,&quot;caption&quot;:&quot;&quot;,&quot;created_timestamp&quot;:&quot;0&quot;,&quot;copyright&quot;:&quot;&quot;,&quot;focal_length&quot;:&quot;0&quot;,&quot;iso&quot;:&quot;0&quot;,&quot;shutter_speed&quot;:&quot;0&quot;,&quot;title&quot;:&quot;&quot;}\" data-image-title=\"Ortiz\" data-image-description=\"\" data-image-caption=\"\" data-medium-file=\"https:\/\/i0.wp.com\/www.robertosedda.it\/wp-content\/uploads\/2013\/08\/Ortiz.jpg?fit=280%2C300\" data-large-file=\"https:\/\/i0.wp.com\/www.robertosedda.it\/wp-content\/uploads\/2013\/08\/Ortiz.jpg?fit=397%2C424\" decoding=\"async\" loading=\"lazy\" class=\"size-full wp-image-4335 alignright\" src=\"https:\/\/i0.wp.com\/www.robertosedda.it\/wp-content\/uploads\/2013\/08\/Ortiz.jpg?resize=397%2C424\" alt=\"Ortiz\" width=\"397\" height=\"424\" srcset=\"https:\/\/i0.wp.com\/www.robertosedda.it\/wp-content\/uploads\/2013\/08\/Ortiz.jpg?w=397 397w, https:\/\/i0.wp.com\/www.robertosedda.it\/wp-content\/uploads\/2013\/08\/Ortiz.jpg?resize=280%2C300 280w\" sizes=\"(max-width: 397px) 100vw, 397px\" data-recalc-dims=\"1\" \/><\/a>Il museo sorge per ricordare quell&#8217;esperienza straordinaria. Contiene opere regalate o prestate dal maggior numero possibile di pittori che fecero parte di quella cerchia: c&#8217;\u00e8\u00a0Delitala, Valerio Pisano, Ballero, Figari, diversi di Corriga, ovviamente, e molti altri. In pi\u00f9 gli stranieri, come il quadro di Ortiz che vedete qui a fianco e che ritrae, se non sbaglio, donne di Mamoiada. Fra gli altri pittori sardi pi\u00f9 recenti ho riconosciuto con un po&#8217; di emozione Franco Bussu, che fu mio professore di disegno alla scuola media.<\/p>\n<p>Non c&#8217;\u00e8 nessuna tavola originale di <em>Tex<\/em>, ma forse sarebbe stata un po&#8217; fuori tema.<\/p>\n<p>Il museo, fedele alla sua vocazione, oltre a custodire la memoria di quella confraternita di artisti del secolo scorso promuove corsi di pittura e animazione alla conoscenza dell&#8217;arte per i ragazzi, estemporanee e gare di pittura. Quando siamo arrivati venivano smontati i quadri dell&#8217;ultima manifestazione.<\/p>\n<p>La storia di <em>tziu Arzolu<\/em> e del pittore spagnolo mi \u00e8 sembrata straordinaria, e l&#8217;esistenza del museo un piccolo miracolo. Ma faceva caldo, eravamo all&#8217;ultimo piano e al momento di andarcene ci si \u00e8 guastato l&#8217;ascensore. E faceva caldo, l&#8217;ho gi\u00e0 detto? Il mitico Pino, che un po&#8217; era stanco e per giunta convalescente, non ne \u00e8 rimasto per niente contento.<\/p>\n<p>Mi ero ricordato che Atzara \u00e8 nota anche per i salumi. Un po&#8217; mi ero immaginato un proseguimento meno culturale, a base di vino nero e salsiccia secca. Non c&#8217;\u00e8 stato niente da fare,\u00a0siamo andati via alla fine un po&#8217; in fretta. Niente tintura della lana e niente camicia. E niente vino con la salsiccia.<\/p>\n<p>Oh! Ho pranzato coi famosi <em>coccoi &#8216;e casu<\/em> di Tonara, quindi proprio proprio male non mi \u00e8 andata.<\/p>\n<h2>Domande finali e benedizioni pasquali<\/h2>\n<p>Sono stato veramente contento di essere andato ad Atzara e contentissimo di avere scoperto il museo, ma risalendo verso Sorgono e Tonara mi facevo delle domande.<\/p>\n<p><a href=\"https:\/\/i0.wp.com\/www.robertosedda.it\/wp-content\/uploads\/2013\/08\/ALIM3004.jpg\"><img data-attachment-id=\"4336\" data-permalink=\"http:\/\/www.robertosedda.it\/?attachment_id=4336\" data-orig-file=\"https:\/\/i0.wp.com\/www.robertosedda.it\/wp-content\/uploads\/2013\/08\/ALIM3004.jpg?fit=3264%2C2448\" data-orig-size=\"3264,2448\" data-comments-opened=\"1\" data-image-meta=\"{&quot;aperture&quot;:&quot;5.5&quot;,&quot;credit&quot;:&quot;&quot;,&quot;camera&quot;:&quot;F8035&quot;,&quot;caption&quot;:&quot;&quot;,&quot;created_timestamp&quot;:&quot;1376737478&quot;,&quot;copyright&quot;:&quot;&quot;,&quot;focal_length&quot;:&quot;5.7&quot;,&quot;iso&quot;:&quot;80&quot;,&quot;shutter_speed&quot;:&quot;0.002827&quot;,&quot;title&quot;:&quot;YASHICA Digital Camera&quot;}\" data-image-title=\"YASHICA Digital Camera\" data-image-description=\"\" data-image-caption=\"\" data-medium-file=\"https:\/\/i0.wp.com\/www.robertosedda.it\/wp-content\/uploads\/2013\/08\/ALIM3004.jpg?fit=300%2C225\" data-large-file=\"https:\/\/i0.wp.com\/www.robertosedda.it\/wp-content\/uploads\/2013\/08\/ALIM3004.jpg?fit=510%2C383\" decoding=\"async\" loading=\"lazy\" class=\"alignright size-medium wp-image-4336\" src=\"https:\/\/i0.wp.com\/www.robertosedda.it\/wp-content\/uploads\/2013\/08\/ALIM3004.jpg?resize=300%2C225\" alt=\"YASHICA Digital Camera\" width=\"300\" height=\"225\" srcset=\"https:\/\/i0.wp.com\/www.robertosedda.it\/wp-content\/uploads\/2013\/08\/ALIM3004.jpg?resize=300%2C225 300w, https:\/\/i0.wp.com\/www.robertosedda.it\/wp-content\/uploads\/2013\/08\/ALIM3004.jpg?resize=1024%2C768 1024w, https:\/\/i0.wp.com\/www.robertosedda.it\/wp-content\/uploads\/2013\/08\/ALIM3004.jpg?resize=268%2C200 268w, https:\/\/i0.wp.com\/www.robertosedda.it\/wp-content\/uploads\/2013\/08\/ALIM3004.jpg?resize=700%2C525 700w, https:\/\/i0.wp.com\/www.robertosedda.it\/wp-content\/uploads\/2013\/08\/ALIM3004.jpg?w=1600 1600w, https:\/\/i0.wp.com\/www.robertosedda.it\/wp-content\/uploads\/2013\/08\/ALIM3004.jpg?w=2400 2400w\" sizes=\"(max-width: 300px) 100vw, 300px\" data-recalc-dims=\"1\" \/><\/a>Prendiamo Atzara, un paese benedetto da un vino inimitabile e dalla possibilit\u00e0 di accompagnarlo con della buona salsiccia. Un paese che ha conservato la propria identit\u00e0 e salvato il centro storico. Che ha belle case padronali e bei giardini. Un museo d&#8217;arte con dietro una gran bella storia e la capacit\u00e0 di continuare a fare cultura.<\/p>\n<p>Eppure non \u00e8 un paese ricco. Voglio dire: auguro di cuore agli atzaresi di stare tutti bene, ma palesemente il paese non \u00e8 <em>opulento<\/em>: mancano i soldi per riparare il tetto della chiesa, non si sa bene cosa fare del museo del vino&#8230; Con tutte le benedizioni che il Signore gli ha dato, Atzara rimane un paese <em>normale<\/em>, n\u00e9 pi\u00f9 n\u00e9 meno, come tanti altri paesi. Non \u00e8 che ha <em>sfondato<\/em>.<\/p>\n<p>E mi sono ricordato della preghiera che i pii israeliti recitano durante il <em>seder<\/em> pasquale:<\/p>\n<blockquote><p>Quante benevolenze il Signore ci ha concesso!<br \/>\nSe ci avesse fatto uscire dall&#8217;Egitto, ma non avesse fatto giustizia degli egiziani:<br \/>\nci sarebbe bastato!<br \/>\nSe avesse fatto giustizia degli egiziani, ma non dei loro dei:<br \/>\nci sarebbe bastato!<br \/>\nSe avesse fatto giustizia dei loro dei, ma non avesse ucciso i loro primogeniti:<br \/>\nci sarebbe bastato!<br \/>\nSe avesse ucciso i loro primogeniti, ma non ci avesse dato le loro ricchezze:<br \/>\nci sarebbe bastato!<br \/>\nSe ci avesse dato le loro ricchezze, ma non avesse diviso per noi il mar Rosso:<br \/>\nci sarebbe bastato!<br \/>\nSe avesse diviso per noi il mar Rosso, ma non ce lo avesse fatto attraversare all&#8217;asciutto:<br \/>\nci sarebbe bastato!<br \/>\nSe ce lo avesse fatto attraversare all&#8217;asciutto, ma non vi avesse affondato i nostri persecutori:<br \/>\nci sarebbe bastato!<br \/>\nSe vi avesse affondato i nostri persecutori, ma non avesse provveduto ai nostri bisogni nel deserto per quarant&#8217;anni:<br \/>\nci sarebbe bastato!<br \/>\nSe avesse provveduto ai nostri bisogni nel deserto per quarant&#8217;anni, ma non ci avesse alimentato con la manna:<br \/>\nci sarebbe bastato!<br \/>\nSe ci avesse alimentato con la manna, ma non ci avesse dato lo Shabbat:<br \/>\nci sarebbe bastato!<br \/>\nSe ci avesse dato lo Shabbat, ma non ci avesse avvicinato al monte Sinai:<br \/>\nci sarebbe bastato!<br \/>\nSe ci avesse avvicinato al monte Sinai, ma non ci avesse dato la Tor\u00e0:<br \/>\nci sarebbe bastato!<br \/>\nSe ci avesse dato la Tor\u00e0, ma non ci avesse fatto entrare in Erez Israel:<br \/>\nci sarebbe bastato!<br \/>\nSe ci avesse fatto entrare in Erez Israel, ma non ci avesse costruito il Tempio:<br \/>\nci sarebbe bastato!<\/p><\/blockquote>\n<p>Ecco, qui mi sono perso nei dubbi.<\/p>\n<figure id=\"attachment_4337\" aria-describedby=\"caption-attachment-4337\" style=\"width: 300px\" class=\"wp-caption alignleft\"><a href=\"https:\/\/i0.wp.com\/www.robertosedda.it\/wp-content\/uploads\/2013\/08\/ALIM3009.jpg\"><img data-attachment-id=\"4337\" data-permalink=\"http:\/\/www.robertosedda.it\/?attachment_id=4337\" data-orig-file=\"https:\/\/i0.wp.com\/www.robertosedda.it\/wp-content\/uploads\/2013\/08\/ALIM3009.jpg?fit=3264%2C2448\" data-orig-size=\"3264,2448\" data-comments-opened=\"1\" data-image-meta=\"{&quot;aperture&quot;:&quot;4.6&quot;,&quot;credit&quot;:&quot;&quot;,&quot;camera&quot;:&quot;F8035&quot;,&quot;caption&quot;:&quot;&quot;,&quot;created_timestamp&quot;:&quot;1376833964&quot;,&quot;copyright&quot;:&quot;&quot;,&quot;focal_length&quot;:&quot;13.7&quot;,&quot;iso&quot;:&quot;125&quot;,&quot;shutter_speed&quot;:&quot;0.01003&quot;,&quot;title&quot;:&quot;YASHICA Digital Camera&quot;}\" data-image-title=\"YASHICA Digital Camera\" data-image-description=\"\" data-image-caption=\"\" data-medium-file=\"https:\/\/i0.wp.com\/www.robertosedda.it\/wp-content\/uploads\/2013\/08\/ALIM3009.jpg?fit=300%2C225\" data-large-file=\"https:\/\/i0.wp.com\/www.robertosedda.it\/wp-content\/uploads\/2013\/08\/ALIM3009.jpg?fit=510%2C383\" decoding=\"async\" loading=\"lazy\" class=\"size-medium wp-image-4337\" src=\"https:\/\/i0.wp.com\/www.robertosedda.it\/wp-content\/uploads\/2013\/08\/ALIM3009.jpg?resize=300%2C225\" alt=\"YASHICA Digital Camera\" width=\"300\" height=\"225\" srcset=\"https:\/\/i0.wp.com\/www.robertosedda.it\/wp-content\/uploads\/2013\/08\/ALIM3009.jpg?resize=300%2C225 300w, https:\/\/i0.wp.com\/www.robertosedda.it\/wp-content\/uploads\/2013\/08\/ALIM3009.jpg?resize=1024%2C768 1024w, https:\/\/i0.wp.com\/www.robertosedda.it\/wp-content\/uploads\/2013\/08\/ALIM3009.jpg?resize=268%2C200 268w, https:\/\/i0.wp.com\/www.robertosedda.it\/wp-content\/uploads\/2013\/08\/ALIM3009.jpg?resize=700%2C525 700w, https:\/\/i0.wp.com\/www.robertosedda.it\/wp-content\/uploads\/2013\/08\/ALIM3009.jpg?w=1600 1600w, https:\/\/i0.wp.com\/www.robertosedda.it\/wp-content\/uploads\/2013\/08\/ALIM3009.jpg?w=2400 2400w\" sizes=\"(max-width: 300px) 100vw, 300px\" data-recalc-dims=\"1\" \/><\/a><figcaption id=\"caption-attachment-4337\" class=\"wp-caption-text\">I famosi coccoi di Tonara<\/figcaption><\/figure>\n<p>Non sono di Atzara, ma mi veniva in mente che se fossi di l\u00ec potrei ritenermi soddisfatto delle ricchezza che il paese ha, anche se ancora qualcosa manca: <em>se ci avesse dato il vino, ma non il tetto della chiesa, ci sarebbe bastato<\/em> (spero che nessun pio israelita si risenta).<\/p>\n<p>Per\u00f2 \u00e8 un po&#8217; comodo: tutti hanno diritto ad avere di pi\u00f9 &#8211; o, sicuramente, almeno la chiesa aragonese riparata. Non so: sono pensieri un po&#8217; in libert\u00e0.<\/p>\n<p>Il fatto \u00e8 che in fondo, per quanto mi piaccia la storia di <em>tziu Arzolu<\/em>, Atzara non \u00e8 eccezionale:\u00a0tutti o quasi tutti i nostri paesi hanno ricevuto altrettante benedizioni &#8211;\u00a0chi ha il nuraghe importante, chi un&#8217;eccellenza agroalimentare, chi una spiaggia inimitabile, chi la montagna, chi \u00e8 patria di un artista. Tutti sono benedetti: c&#8217;\u00e8 chi le benedizioni le sfrutta e le valorizza, chi meno. Atzara mi pare che onestamente ci lavori: le foto, i pergolati, il museo. Ma appunto, non \u00e8 che \u00e8 diventato il\u00a0paese di Bengodi.\u00a0Mi pare un posto dove i tuoi figli possono diventare artisti, dove puoi raccontare ai forestieri una storia straordinaria di pittori e amicizia mentre offri loro un buon bicchiere di vino. Un posto di cui essere orgoglioso. Poi ti alzi e devi continuare a tirare la vita con fatica, com&#8217;\u00e8 normale.<\/p>\n<p>Ho l&#8217;impressione, anche pensando alle prossime elezioni,\u00a0che quando parliamo della Sardegna, delle sue ricchezze, delle sue eccellenze, un po&#8217; scambiamo spesso i piani: e che all&#8217;idea, buona e giusta, che ogni paese della Sardegna deve godere e valorizzare le benedizioni che il Signore gli ha dato, per essere un posto di cui raccontare con orgoglio la storia, si sommi l&#8217;idea, molto pi\u00f9 peregrina, che quest&#8217;opera di valorizzazione, se portata avanti nel modo corretto, ci far\u00e0 diventare tutti ricchi. Ricchissimi. Non sono mica convinto, il che, naturalmente, non \u00e8 un buon motivo perch\u00e9 non si cerchi di valorizzare queste benedizioni per la ricchezza sociale, culturale, ambientale che possono portare.<\/p>\n<p>Solo, non credo che ci si possa fare un grande <em>sviluppo<\/em>, ma siccome sulla Sardegna per questo mese ho gi\u00e0 sentenziato abbastanza ve lo lascio l\u00ec come un dubbio e basta.<\/p>\n<h2>Avvertenza turistica<\/h2>\n<p><a href=\"http:\/\/www.comune.atzara.nu.it\/\">Il Comune di Atzara ha un ottimo sito<\/a>, dove ci sono fra l&#8217;altro <a href=\"http:\/\/www.comune.atzara.nu.it\/atzara\/opencms\/www\/Sinistra\/ScopriAtzara\/VetrinaAziende\/index.jsp\">i riferimenti agli artigiani<\/a> e agli altri acquisti che vi possono venire in mente e <a href=\"http:\/\/www.comune.atzara.nu.it\/www\/Sinistra\/ScopriAtzara\/Atzara_Cultura\/Il_museo\/index.html\">una buona presentazione del museo<\/a>. Quindi se siete da quelle parti avete tutti gli strumenti per organizzarvi una visita, che consiglio caldamente.<\/p>\n<p>Non dimenticate, voi che potete, di farvi un bicchiere di vino e un piatto di salsiccia alla mia salute. Anzi, lasciatene uno pagato anche per me!<\/p>\n","protected":false},"excerpt":{"rendered":"<p>Vigne sulla strada per Atzara L&#8217;altro giorno da Tonara siamo scesi in gita verso Atzara. Ognuno nella compagnia aveva i<\/p>\n","protected":false},"author":1,"featured_media":4331,"comment_status":"open","ping_status":"open","sticky":false,"template":"","format":"standard","meta":{"_mi_skip_tracking":false,"_monsterinsights_sitenote_active":false,"_monsterinsights_sitenote_note":"","_monsterinsights_sitenote_category":0,"jetpack_post_was_ever_published":false,"_jetpack_newsletter_access":"","jetpack_publicize_message":"","jetpack_is_tweetstorm":false,"jetpack_publicize_feature_enabled":true,"jetpack_social_post_already_shared":false,"jetpack_social_options":{"image_generator_settings":{"template":"highway","enabled":false}}},"categories":[52,55,77,17,16],"tags":[186,181,179,185,182,183,184,189,190,180,187,188],"jetpack_publicize_connections":[],"jetpack_featured_media_url":"https:\/\/i0.wp.com\/www.robertosedda.it\/wp-content\/uploads\/2013\/08\/ALIM3003.jpg?fit=2154%2C1616","jetpack_sharing_enabled":true,"jetpack_shortlink":"https:\/\/wp.me\/p4jV2T-17L","jetpack_likes_enabled":true,"jetpack-related-posts":[{"id":8463,"url":"http:\/\/www.robertosedda.it\/?p=8463","url_meta":{"origin":4325,"position":0},"title":"Diceva Pino&#8230;","author":"Rufus","date":"19\/09\/2014","format":false,"excerpt":"Quando il Mitico Pino ha compiuto novant'anni ha scritto per le sue nipoti una specie di autobiografia. Se l'\u00e8 scritta da solo, lavorando con segretezza al\u00a0computer:\u00a0ho rivisto da poco le bozze, mettendo ordine nel suo PC: erano intitolate\u00a0Lavori del condominio\u00a0 in modo che a nessuno venisse in mente di aprirle\u2026","rel":"","context":"In &quot;Coordinate&quot;","block_context":{"text":"Coordinate","link":"http:\/\/www.robertosedda.it\/?cat=52"},"img":{"alt_text":"","src":"https:\/\/i0.wp.com\/www.robertosedda.it\/wp-content\/uploads\/2014\/09\/tonara-2010-119.jpg?fit=1200%2C900&resize=350%2C200","width":350,"height":200,"srcset":"https:\/\/i0.wp.com\/www.robertosedda.it\/wp-content\/uploads\/2014\/09\/tonara-2010-119.jpg?fit=1200%2C900&resize=350%2C200 1x, https:\/\/i0.wp.com\/www.robertosedda.it\/wp-content\/uploads\/2014\/09\/tonara-2010-119.jpg?fit=1200%2C900&resize=700%2C400 2x, https:\/\/i0.wp.com\/www.robertosedda.it\/wp-content\/uploads\/2014\/09\/tonara-2010-119.jpg?fit=1200%2C900&resize=1050%2C600 3x"},"classes":[]},{"id":6789,"url":"http:\/\/www.robertosedda.it\/?p=6789","url_meta":{"origin":4325,"position":1},"title":"Lo stesso spettacolo","author":"Rufus","date":"20\/03\/2014","format":false,"excerpt":"Ieri, festa di San Giuseppe, siamo andati a mangiarci una pizza a casa del mitico Pino (una pizza di Lollove Pizza con casizzolu, salsiccia al cannonau e funghi, roba seria). Siccome era casa del mitico Pino, abbiamo guardato la televisione (tutti sanno che a casa di Maria Bonaria e mia\u2026","rel":"","context":"In &quot;Coordinate&quot;","block_context":{"text":"Coordinate","link":"http:\/\/www.robertosedda.it\/?cat=52"},"img":{"alt_text":"","src":"https:\/\/i0.wp.com\/www.robertosedda.it\/wp-content\/uploads\/2013\/10\/Rufus-clown.jpg?fit=604%2C415&resize=350%2C200","width":350,"height":200},"classes":[]},{"id":5018,"url":"http:\/\/www.robertosedda.it\/?p=5018","url_meta":{"origin":4325,"position":2},"title":"Di film visti in posti improbabili","author":"Rufus","date":"14\/11\/2013","format":"video","excerpt":"Come forse ho gi\u00e0 detto o fatto capire, qualche settimana fa il mitico Pino si \u00e8 rotto una gamba e adesso sta recuperando\u00a0e facendo terapia in una residenza sanitaria assistenziale (in gergo: RSA). Per quelli di voi che non sanno cosa sia una RSA, diciamo che \u00e8 una struttura che\u2026","rel":"","context":"In &quot;Coordinate&quot;","block_context":{"text":"Coordinate","link":"http:\/\/www.robertosedda.it\/?cat=52"},"img":{"alt_text":"","src":"https:\/\/i0.wp.com\/www.robertosedda.it\/wp-content\/uploads\/2013\/11\/8010927090741.jpg?fit=200%2C282&resize=350%2C200","width":350,"height":200},"classes":[]},{"id":9324,"url":"http:\/\/www.robertosedda.it\/?p=9324","url_meta":{"origin":4325,"position":3},"title":"Carabinieri batte Finanza un Thun a zero","author":"Rufus","date":"07\/01\/2015","format":false,"excerpt":"Ieri, a cena da amici, la padrona di casa a un certo punto esibisce delle statuette di Thun. Non so se le avete presenti: quegli oggettini d'arredamento dall'aria altoatesina, teneri e pucciosi (fatti in Oriente, peraltro, ma questo \u00e8 un altro discorso). Una decorazione per albero di Natale a forma\u2026","rel":"","context":"In &quot;Coordinate&quot;","block_context":{"text":"Coordinate","link":"http:\/\/www.robertosedda.it\/?cat=52"},"img":{"alt_text":"","src":"https:\/\/i0.wp.com\/www.robertosedda.it\/wp-content\/uploads\/2015\/01\/Thun-Finanza.jpg?resize=350%2C200","width":350,"height":200},"classes":[]},{"id":4441,"url":"http:\/\/www.robertosedda.it\/?p=4441","url_meta":{"origin":4325,"position":4},"title":"I biscotti e i traditori","author":"Rufus","date":"15\/09\/2013","format":false,"excerpt":"Diversi anni fa a Orani andai con Maria Bonaria a prendere il caff\u00e9 da una anziana comare, tzia Caterina. Col caff\u00e9 ci offr\u00ec i famosi biscotti di Orani, che hanno riempito di gioia la mia infanzia con la loro glassa arzigogolata, e ci rivel\u00f2 un segreto. \u00abQuesti sono quelli che\u2026","rel":"","context":"In &quot;Coordinate&quot;","block_context":{"text":"Coordinate","link":"http:\/\/www.robertosedda.it\/?cat=52"},"img":{"alt_text":"","src":"https:\/\/i0.wp.com\/www.robertosedda.it\/wp-content\/uploads\/2013\/09\/Delitala.jpg?fit=1200%2C900&resize=350%2C200","width":350,"height":200,"srcset":"https:\/\/i0.wp.com\/www.robertosedda.it\/wp-content\/uploads\/2013\/09\/Delitala.jpg?fit=1200%2C900&resize=350%2C200 1x, https:\/\/i0.wp.com\/www.robertosedda.it\/wp-content\/uploads\/2013\/09\/Delitala.jpg?fit=1200%2C900&resize=700%2C400 2x, https:\/\/i0.wp.com\/www.robertosedda.it\/wp-content\/uploads\/2013\/09\/Delitala.jpg?fit=1200%2C900&resize=1050%2C600 3x"},"classes":[]},{"id":18364,"url":"http:\/\/www.robertosedda.it\/?p=18364","url_meta":{"origin":4325,"position":5},"title":"Inganni dell&#8217;identit\u00e0","author":"Rufus","date":"27\/11\/2020","format":false,"excerpt":"Fra le scoperte spotifaiane di questo periodo c'\u00e8 questa Song of the old communist di Leen Rosselson, una canzone che mi piace molto (anche se secondo me \u00e8 pi\u00f9 bella World turned upside down). https:\/\/www.youtube.com\/watch?v=A5ecU2yGDpM Ora, mentre la riascoltavo riflettevo che, in realt\u00e0, tutta la comunanza che sento con il\u2026","rel":"","context":"In &quot;Antropologia&quot;","block_context":{"text":"Antropologia","link":"http:\/\/www.robertosedda.it\/?cat=97"},"img":{"alt_text":"","src":"https:\/\/i0.wp.com\/www.robertosedda.it\/wp-content\/uploads\/2014\/03\/Rufus-e-Pino.jpg?fit=604%2C453&resize=350%2C200","width":350,"height":200},"classes":[]}],"_links":{"self":[{"href":"http:\/\/www.robertosedda.it\/index.php?rest_route=\/wp\/v2\/posts\/4325"}],"collection":[{"href":"http:\/\/www.robertosedda.it\/index.php?rest_route=\/wp\/v2\/posts"}],"about":[{"href":"http:\/\/www.robertosedda.it\/index.php?rest_route=\/wp\/v2\/types\/post"}],"author":[{"embeddable":true,"href":"http:\/\/www.robertosedda.it\/index.php?rest_route=\/wp\/v2\/users\/1"}],"replies":[{"embeddable":true,"href":"http:\/\/www.robertosedda.it\/index.php?rest_route=%2Fwp%2Fv2%2Fcomments&post=4325"}],"version-history":[{"count":16,"href":"http:\/\/www.robertosedda.it\/index.php?rest_route=\/wp\/v2\/posts\/4325\/revisions"}],"predecessor-version":[{"id":17376,"href":"http:\/\/www.robertosedda.it\/index.php?rest_route=\/wp\/v2\/posts\/4325\/revisions\/17376"}],"wp:featuredmedia":[{"embeddable":true,"href":"http:\/\/www.robertosedda.it\/index.php?rest_route=\/wp\/v2\/media\/4331"}],"wp:attachment":[{"href":"http:\/\/www.robertosedda.it\/index.php?rest_route=%2Fwp%2Fv2%2Fmedia&parent=4325"}],"wp:term":[{"taxonomy":"category","embeddable":true,"href":"http:\/\/www.robertosedda.it\/index.php?rest_route=%2Fwp%2Fv2%2Fcategories&post=4325"},{"taxonomy":"post_tag","embeddable":true,"href":"http:\/\/www.robertosedda.it\/index.php?rest_route=%2Fwp%2Fv2%2Ftags&post=4325"}],"curies":[{"name":"wp","href":"https:\/\/api.w.org\/{rel}","templated":true}]}}