{"id":4262,"date":"2013-08-15T16:19:22","date_gmt":"2013-08-15T14:19:22","guid":{"rendered":"http:\/\/www.robertosedda.it\/?p=4262"},"modified":"2014-02-26T10:38:05","modified_gmt":"2014-02-26T09:38:05","slug":"una-sola-occhiata-alle-cose","status":"publish","type":"post","link":"http:\/\/www.robertosedda.it\/?p=4262","title":{"rendered":"Una sola occhiata alle cose&#8230;"},"content":{"rendered":"<p><em>&#8230; vale pi\u00f9 di mille supposizioni<\/em>, dice un antico proverbio cinese. \u00c8 per questo che ho sempre avuto un debole per le mappe e per le rappresentazioni grafiche dei fenomeni.<\/p>\n<h2>Mappe ed altre infografiche<\/h2>\n<p>Per esempio uno dei miei siti di riferimento \u00e8 <a href=\"http:\/\/www.worldmapper.org\/index.html\"><em>Worldmapper<\/em><\/a>, un progetto legato all&#8217;Universit\u00e0 di Sheffield\u00a0 che, grazie a un algoritmo innovativo, rappresenta vari fenomeni mondiali espandendo o restringendo in proporzione i territori degli stati interessati. Si fa pi\u00f9 presto a farlo vedere che a spiegarlo: quella qui sotto per esempio\u00a0\u00e8 la mappa del mondo come sarebbe se ogni paese occupasse\u00a0una porzione del\u00a0territorio emerso sulla terra in proporzione alla quantit\u00e0 (sul totale mondiale di pi\u00f9 di sette milioni annui) di bambini che muoiono entro il primo anno di vita nel paese stesso:<\/p>\n<p><a href=\"https:\/\/i0.wp.com\/www.robertosedda.it\/wp-content\/uploads\/2013\/08\/mortalit\u00e0-infantile.png\"><img data-attachment-id=\"4266\" data-permalink=\"http:\/\/www.robertosedda.it\/?attachment_id=4266\" data-orig-file=\"https:\/\/i0.wp.com\/www.robertosedda.it\/wp-content\/uploads\/2013\/08\/mortalit\u00e0-infantile.png?fit=1024%2C504\" data-orig-size=\"1024,504\" data-comments-opened=\"1\" data-image-meta=\"{&quot;aperture&quot;:&quot;0&quot;,&quot;credit&quot;:&quot;&quot;,&quot;camera&quot;:&quot;&quot;,&quot;caption&quot;:&quot;&quot;,&quot;created_timestamp&quot;:&quot;0&quot;,&quot;copyright&quot;:&quot;&quot;,&quot;focal_length&quot;:&quot;0&quot;,&quot;iso&quot;:&quot;0&quot;,&quot;shutter_speed&quot;:&quot;0&quot;,&quot;title&quot;:&quot;&quot;}\" data-image-title=\"mortalit\u00e0 infantile\" data-image-description=\"\" data-image-caption=\"\" data-medium-file=\"https:\/\/i0.wp.com\/www.robertosedda.it\/wp-content\/uploads\/2013\/08\/mortalit\u00e0-infantile.png?fit=300%2C147\" data-large-file=\"https:\/\/i0.wp.com\/www.robertosedda.it\/wp-content\/uploads\/2013\/08\/mortalit\u00e0-infantile.png?fit=510%2C251\" decoding=\"async\" loading=\"lazy\" class=\"aligncenter size-full wp-image-4266\" alt=\"mortalit\u00e0 infantile\" src=\"https:\/\/i0.wp.com\/www.robertosedda.it\/wp-content\/uploads\/2013\/08\/mortalit\u00e0-infantile.png?resize=800%2C394\" width=\"800\" height=\"394\" srcset=\"https:\/\/i0.wp.com\/www.robertosedda.it\/wp-content\/uploads\/2013\/08\/mortalit\u00e0-infantile.png?w=1024 1024w, https:\/\/i0.wp.com\/www.robertosedda.it\/wp-content\/uploads\/2013\/08\/mortalit\u00e0-infantile.png?resize=300%2C147 300w, https:\/\/i0.wp.com\/www.robertosedda.it\/wp-content\/uploads\/2013\/08\/mortalit\u00e0-infantile.png?resize=700%2C344 700w\" sizes=\"(max-width: 800px) 100vw, 800px\" data-recalc-dims=\"1\" \/><\/a>Questa invece \u00e8 una rappesentazione del traffico di <em>container<\/em> nei porti nazionali:<\/p>\n<p><a href=\"https:\/\/i0.wp.com\/www.robertosedda.it\/wp-content\/uploads\/2013\/08\/containers.png\"><img data-attachment-id=\"4267\" data-permalink=\"http:\/\/www.robertosedda.it\/?attachment_id=4267\" data-orig-file=\"https:\/\/i0.wp.com\/www.robertosedda.it\/wp-content\/uploads\/2013\/08\/containers.png?fit=1024%2C504\" data-orig-size=\"1024,504\" data-comments-opened=\"1\" data-image-meta=\"{&quot;aperture&quot;:&quot;0&quot;,&quot;credit&quot;:&quot;&quot;,&quot;camera&quot;:&quot;&quot;,&quot;caption&quot;:&quot;&quot;,&quot;created_timestamp&quot;:&quot;0&quot;,&quot;copyright&quot;:&quot;&quot;,&quot;focal_length&quot;:&quot;0&quot;,&quot;iso&quot;:&quot;0&quot;,&quot;shutter_speed&quot;:&quot;0&quot;,&quot;title&quot;:&quot;&quot;}\" data-image-title=\"containers\" data-image-description=\"\" data-image-caption=\"\" data-medium-file=\"https:\/\/i0.wp.com\/www.robertosedda.it\/wp-content\/uploads\/2013\/08\/containers.png?fit=300%2C147\" data-large-file=\"https:\/\/i0.wp.com\/www.robertosedda.it\/wp-content\/uploads\/2013\/08\/containers.png?fit=510%2C251\" decoding=\"async\" loading=\"lazy\" class=\"aligncenter size-full wp-image-4267\" alt=\"containers\" src=\"https:\/\/i0.wp.com\/www.robertosedda.it\/wp-content\/uploads\/2013\/08\/containers.png?resize=800%2C394\" width=\"800\" height=\"394\" srcset=\"https:\/\/i0.wp.com\/www.robertosedda.it\/wp-content\/uploads\/2013\/08\/containers.png?w=1024 1024w, https:\/\/i0.wp.com\/www.robertosedda.it\/wp-content\/uploads\/2013\/08\/containers.png?resize=300%2C147 300w, https:\/\/i0.wp.com\/www.robertosedda.it\/wp-content\/uploads\/2013\/08\/containers.png?resize=700%2C344 700w\" sizes=\"(max-width: 800px) 100vw, 800px\" data-recalc-dims=\"1\" \/><\/a>Purtroppo il progetto non \u00e8 pi\u00f9 finanziato (i dati di queste mappe sono vecchiotti, del 2004 circa) ma ci sono tanti altri progetti simili. Pochi giorni fa su <a href=\"http:\/\/twistedsifter.com\"><em>Twisted Sifter<\/em><\/a>\u00a0ho trovato un <a href=\"http:\/\/twistedsifter.com\/2013\/08\/maps-that-will-help-you-make-sense-of-the-world\/\">articolo che mostra quaranta mappe che miglioreranno la vostra comprensione del mondo<\/a>: l&#8217;articolo vale in s\u00e9 e anche perch\u00e9 rimanda a molti altri siti ricchi di mappe e rappresentazioni grafiche, cos\u00ec che la cosa diventa un po&#8217; una caccia al tesoro.<\/p>\n<p>La mia mappa preferita? Mi ha colpito molto quella che elenca i dipendenti pubblici pi\u00f9 pagati di ogni stato USA: giudici della Corte Suprema? Governatori? Manager pubblici? Non proprio&#8230;<img data-attachment-id=\"4268\" data-permalink=\"http:\/\/www.robertosedda.it\/?attachment_id=4268\" data-orig-file=\"https:\/\/i0.wp.com\/www.robertosedda.it\/wp-content\/uploads\/2013\/08\/funzionari-pubblici-pi\u00f9-pagati-per-stato-USA.jpg?fit=800%2C450\" data-orig-size=\"800,450\" data-comments-opened=\"1\" data-image-meta=\"{&quot;aperture&quot;:&quot;0&quot;,&quot;credit&quot;:&quot;&quot;,&quot;camera&quot;:&quot;&quot;,&quot;caption&quot;:&quot;&quot;,&quot;created_timestamp&quot;:&quot;0&quot;,&quot;copyright&quot;:&quot;&quot;,&quot;focal_length&quot;:&quot;0&quot;,&quot;iso&quot;:&quot;0&quot;,&quot;shutter_speed&quot;:&quot;0&quot;,&quot;title&quot;:&quot;&quot;}\" data-image-title=\"funzionari pubblici pi\u00f9 pagati per stato USA\" data-image-description=\"\" data-image-caption=\"\" data-medium-file=\"https:\/\/i0.wp.com\/www.robertosedda.it\/wp-content\/uploads\/2013\/08\/funzionari-pubblici-pi\u00f9-pagati-per-stato-USA.jpg?fit=300%2C168\" data-large-file=\"https:\/\/i0.wp.com\/www.robertosedda.it\/wp-content\/uploads\/2013\/08\/funzionari-pubblici-pi\u00f9-pagati-per-stato-USA.jpg?fit=510%2C287\" decoding=\"async\" loading=\"lazy\" class=\"aligncenter size-full wp-image-4268\" alt=\"funzionari pubblici pi\u00f9 pagati per stato USA\" src=\"https:\/\/i0.wp.com\/www.robertosedda.it\/wp-content\/uploads\/2013\/08\/funzionari-pubblici-pi\u00f9-pagati-per-stato-USA.jpg?resize=800%2C450\" width=\"800\" height=\"450\" srcset=\"https:\/\/i0.wp.com\/www.robertosedda.it\/wp-content\/uploads\/2013\/08\/funzionari-pubblici-pi\u00f9-pagati-per-stato-USA.jpg?w=800 800w, https:\/\/i0.wp.com\/www.robertosedda.it\/wp-content\/uploads\/2013\/08\/funzionari-pubblici-pi\u00f9-pagati-per-stato-USA.jpg?resize=300%2C168 300w, https:\/\/i0.wp.com\/www.robertosedda.it\/wp-content\/uploads\/2013\/08\/funzionari-pubblici-pi\u00f9-pagati-per-stato-USA.jpg?resize=700%2C393 700w\" sizes=\"(max-width: 800px) 100vw, 800px\" data-recalc-dims=\"1\" \/><\/p>\n<p>Insomma, una buona mappa \u00e8 un vero aiuto, spesso indispensabile. Ne sa qualcosa questo signore che si \u00e8 fatto tatuare sulle spalle il mondo\u00a0e colora man mano i paesi che visita:<a href=\"https:\/\/i0.wp.com\/www.robertosedda.it\/wp-content\/uploads\/2013\/08\/tattoo-of-world-with-countries-visited-colored-in.jpg\"><img data-attachment-id=\"4269\" data-permalink=\"http:\/\/www.robertosedda.it\/?attachment_id=4269\" data-orig-file=\"https:\/\/i0.wp.com\/www.robertosedda.it\/wp-content\/uploads\/2013\/08\/tattoo-of-world-with-countries-visited-colored-in.jpg?fit=800%2C600\" data-orig-size=\"800,600\" data-comments-opened=\"1\" data-image-meta=\"{&quot;aperture&quot;:&quot;0&quot;,&quot;credit&quot;:&quot;&quot;,&quot;camera&quot;:&quot;&quot;,&quot;caption&quot;:&quot;&quot;,&quot;created_timestamp&quot;:&quot;0&quot;,&quot;copyright&quot;:&quot;&quot;,&quot;focal_length&quot;:&quot;0&quot;,&quot;iso&quot;:&quot;0&quot;,&quot;shutter_speed&quot;:&quot;0&quot;,&quot;title&quot;:&quot;&quot;}\" data-image-title=\"tattoo-of-world-with-countries-visited-colored-in\" data-image-description=\"\" data-image-caption=\"\" data-medium-file=\"https:\/\/i0.wp.com\/www.robertosedda.it\/wp-content\/uploads\/2013\/08\/tattoo-of-world-with-countries-visited-colored-in.jpg?fit=300%2C225\" data-large-file=\"https:\/\/i0.wp.com\/www.robertosedda.it\/wp-content\/uploads\/2013\/08\/tattoo-of-world-with-countries-visited-colored-in.jpg?fit=510%2C383\" decoding=\"async\" loading=\"lazy\" class=\"aligncenter size-full wp-image-4269\" alt=\"tattoo-of-world-with-countries-visited-colored-in\" src=\"https:\/\/i0.wp.com\/www.robertosedda.it\/wp-content\/uploads\/2013\/08\/tattoo-of-world-with-countries-visited-colored-in.jpg?resize=800%2C600\" width=\"800\" height=\"600\" srcset=\"https:\/\/i0.wp.com\/www.robertosedda.it\/wp-content\/uploads\/2013\/08\/tattoo-of-world-with-countries-visited-colored-in.jpg?w=800 800w, https:\/\/i0.wp.com\/www.robertosedda.it\/wp-content\/uploads\/2013\/08\/tattoo-of-world-with-countries-visited-colored-in.jpg?resize=300%2C225 300w, https:\/\/i0.wp.com\/www.robertosedda.it\/wp-content\/uploads\/2013\/08\/tattoo-of-world-with-countries-visited-colored-in.jpg?resize=268%2C200 268w, https:\/\/i0.wp.com\/www.robertosedda.it\/wp-content\/uploads\/2013\/08\/tattoo-of-world-with-countries-visited-colored-in.jpg?resize=700%2C525 700w\" sizes=\"(max-width: 800px) 100vw, 800px\" data-recalc-dims=\"1\" \/><\/a><\/p>\n","protected":false},"excerpt":{"rendered":"<p>&#8230; vale pi\u00f9 di mille supposizioni, dice un antico proverbio cinese. \u00c8 per questo che ho sempre avuto un debole<\/p>\n","protected":false},"author":1,"featured_media":4268,"comment_status":"open","ping_status":"open","sticky":false,"template":"","format":"standard","meta":{"_mi_skip_tracking":false,"_monsterinsights_sitenote_active":false,"_monsterinsights_sitenote_note":"","_monsterinsights_sitenote_category":0,"jetpack_post_was_ever_published":false,"_jetpack_newsletter_access":"","jetpack_publicize_message":"","jetpack_is_tweetstorm":false,"jetpack_publicize_feature_enabled":true,"jetpack_social_post_already_shared":false,"jetpack_social_options":{"image_generator_settings":{"template":"highway","enabled":false}}},"categories":[52,55,56,17,82,16],"tags":[],"jetpack_publicize_connections":[],"jetpack_featured_media_url":"https:\/\/i0.wp.com\/www.robertosedda.it\/wp-content\/uploads\/2013\/08\/funzionari-pubblici-pi\u00f9-pagati-per-stato-USA.jpg?fit=800%2C450","jetpack_sharing_enabled":true,"jetpack_shortlink":"https:\/\/wp.me\/p4jV2T-16K","jetpack_likes_enabled":true,"jetpack-related-posts":[{"id":9389,"url":"http:\/\/www.robertosedda.it\/?p=9389","url_meta":{"origin":4262,"position":0},"title":"Quanto \u00e8 grande l&#8217;Africa?","author":"Rufus","date":"14\/01\/2015","format":false,"excerpt":"Come avrete visto in altre occasioni mi piacciono molto le mappe e le rappresentazioni grafiche dei fenomeni (sar\u00e0 un lascito di Pippo Puggioni e della sua statistica). Ora il mio amico Aramesh Fereidouni mi segnala su Facebook un tentativo di far comprendere in maniera immediata quanto \u00e8 grande l'Africa. C'\u00e8\u2026","rel":"","context":"In &quot;Coordinate&quot;","block_context":{"text":"Coordinate","link":"http:\/\/www.robertosedda.it\/?cat=52"},"img":{"alt_text":"","src":"https:\/\/i0.wp.com\/www.robertosedda.it\/wp-content\/uploads\/2015\/01\/Africa1.jpg?fit=1200%2C849&resize=350%2C200","width":350,"height":200,"srcset":"https:\/\/i0.wp.com\/www.robertosedda.it\/wp-content\/uploads\/2015\/01\/Africa1.jpg?fit=1200%2C849&resize=350%2C200 1x, https:\/\/i0.wp.com\/www.robertosedda.it\/wp-content\/uploads\/2015\/01\/Africa1.jpg?fit=1200%2C849&resize=700%2C400 2x, https:\/\/i0.wp.com\/www.robertosedda.it\/wp-content\/uploads\/2015\/01\/Africa1.jpg?fit=1200%2C849&resize=1050%2C600 3x"},"classes":[]},{"id":17106,"url":"http:\/\/www.robertosedda.it\/?p=17106","url_meta":{"origin":4262,"position":1},"title":"Le mappe della conquista","author":"Rufus","date":"30\/08\/2019","format":false,"excerpt":"Al Blanton Museum of Art di Austin, in Texas, si \u00e8 appena chiusa la mostra Mapping Memory: Space and History in 16th-century Mexico. Dato che n\u00e9 io n\u00e9 voi passiamo frequentemente per il Texas meridionale la cosa potrebbe anche passare sotto silenzio, se non fosse che sulla rete c'\u00e8 un\u2026","rel":"","context":"In &quot;Coordinate&quot;","block_context":{"text":"Coordinate","link":"http:\/\/www.robertosedda.it\/?cat=52"},"img":{"alt_text":"","src":"https:\/\/i0.wp.com\/www.robertosedda.it\/wp-content\/uploads\/2019\/08\/Mappa-latino-america-2.jpg?fit=500%2C662&resize=350%2C200","width":350,"height":200},"classes":[]},{"id":14001,"url":"http:\/\/www.robertosedda.it\/?p=14001","url_meta":{"origin":4262,"position":2},"title":"Trucchi grafici poco puliti","author":"Rufus","date":"02\/03\/2020","format":false,"excerpt":"Con le statistiche sul COVID-19 che impazzano in giro mi \u00e8 venuta voglia di recuperare un vecchio articolo che non ho mai finito di scrivere e che raccoglieva tutti quei modi che vengono utilizzati, spesso intenzionalmente, per dare informazioni sbagliate tramite le rappresentazioni grafiche (diagrammi, torte, barre e cos\u00ec via).\u2026","rel":"","context":"In &quot;Coordinate&quot;","block_context":{"text":"Coordinate","link":"http:\/\/www.robertosedda.it\/?cat=52"},"img":{"alt_text":"","src":"https:\/\/i0.wp.com\/www.robertosedda.it\/wp-content\/uploads\/2020\/03\/enhanced-buzz-27907-1412273086-15.jpg?fit=604%2C756&resize=350%2C200","width":350,"height":200},"classes":[]},{"id":1754,"url":"http:\/\/www.robertosedda.it\/?p=1754","url_meta":{"origin":4262,"position":3},"title":"Don&#8217;t cry for me Argentina","author":"Rufus","date":"06\/02\/2013","format":false,"excerpt":"\u00c8 da un po' che raccolgo qualche link sulla situazione argentina, un paese a cui sono legato essendo l'unico posto al mondo fuori dell'Europa dove sono stato (per la Giornata Mondiale della Giovent\u00f9 del 1987 e... ma questa \u00e8 un'altra storia e sar\u00e0 raccontata un'altra volta) e che, per la\u2026","rel":"","context":"In &quot;Coordinate&quot;","block_context":{"text":"Coordinate","link":"http:\/\/www.robertosedda.it\/?cat=52"},"img":{"alt_text":"","src":"","width":0,"height":0},"classes":[]},{"id":2982,"url":"http:\/\/www.robertosedda.it\/?p=2982","url_meta":{"origin":4262,"position":4},"title":"Se non sapete chi sono gli One Direction, non leggete neppure","author":"Rufus","date":"24\/04\/2013","format":false,"excerpt":"Oggi un post breve solo per segnalare che nello spazio di pochissimi giorni ho visto spuntare qui e l\u00e0 pi\u00f9 di un articolo che, partendo dalla presenza online dei vari gruppi di fan degli One Direction, Justin Bieber eccetera, indaga su strategie di presenza sulla rete, meccaniche cooperative su Twitter,\u2026","rel":"","context":"In &quot;Coordinate&quot;","block_context":{"text":"Coordinate","link":"http:\/\/www.robertosedda.it\/?cat=52"},"img":{"alt_text":"","src":"","width":0,"height":0},"classes":[]},{"id":8868,"url":"http:\/\/www.robertosedda.it\/?p=8868","url_meta":{"origin":4262,"position":5},"title":"Passeggiando passo passo","author":"Rufus","date":"18\/11\/2014","format":false,"excerpt":"O meglio:\u00a0passillendi passu passu. Anzi: con Passu Passu \u00c8 passato pi\u00f9 di\u00a0un mese da quando ho fatto una delle passeggiate esplorative in giro per Cagliari proposte da\u00a0Passu Passu: non sono mai riuscito sinora a trovare il tempo di mettere gi\u00f9 delle osservazioni su questa attivit\u00e0, ma nell'occasione ho imparato molto\u2026","rel":"","context":"In &quot;Coordinate&quot;","block_context":{"text":"Coordinate","link":"http:\/\/www.robertosedda.it\/?cat=52"},"img":{"alt_text":"","src":"https:\/\/i0.wp.com\/www.robertosedda.it\/wp-content\/uploads\/2014\/11\/Passupassu.png?fit=1037%2C546&resize=350%2C200","width":350,"height":200,"srcset":"https:\/\/i0.wp.com\/www.robertosedda.it\/wp-content\/uploads\/2014\/11\/Passupassu.png?fit=1037%2C546&resize=350%2C200 1x, https:\/\/i0.wp.com\/www.robertosedda.it\/wp-content\/uploads\/2014\/11\/Passupassu.png?fit=1037%2C546&resize=700%2C400 2x"},"classes":[]}],"_links":{"self":[{"href":"http:\/\/www.robertosedda.it\/index.php?rest_route=\/wp\/v2\/posts\/4262"}],"collection":[{"href":"http:\/\/www.robertosedda.it\/index.php?rest_route=\/wp\/v2\/posts"}],"about":[{"href":"http:\/\/www.robertosedda.it\/index.php?rest_route=\/wp\/v2\/types\/post"}],"author":[{"embeddable":true,"href":"http:\/\/www.robertosedda.it\/index.php?rest_route=\/wp\/v2\/users\/1"}],"replies":[{"embeddable":true,"href":"http:\/\/www.robertosedda.it\/index.php?rest_route=%2Fwp%2Fv2%2Fcomments&post=4262"}],"version-history":[{"count":7,"href":"http:\/\/www.robertosedda.it\/index.php?rest_route=\/wp\/v2\/posts\/4262\/revisions"}],"predecessor-version":[{"id":6598,"href":"http:\/\/www.robertosedda.it\/index.php?rest_route=\/wp\/v2\/posts\/4262\/revisions\/6598"}],"wp:featuredmedia":[{"embeddable":true,"href":"http:\/\/www.robertosedda.it\/index.php?rest_route=\/wp\/v2\/media\/4268"}],"wp:attachment":[{"href":"http:\/\/www.robertosedda.it\/index.php?rest_route=%2Fwp%2Fv2%2Fmedia&parent=4262"}],"wp:term":[{"taxonomy":"category","embeddable":true,"href":"http:\/\/www.robertosedda.it\/index.php?rest_route=%2Fwp%2Fv2%2Fcategories&post=4262"},{"taxonomy":"post_tag","embeddable":true,"href":"http:\/\/www.robertosedda.it\/index.php?rest_route=%2Fwp%2Fv2%2Ftags&post=4262"}],"curies":[{"name":"wp","href":"https:\/\/api.w.org\/{rel}","templated":true}]}}