{"id":4133,"date":"2013-07-29T12:13:54","date_gmt":"2013-07-29T10:13:54","guid":{"rendered":"http:\/\/www.robertosedda.it\/?p=4133"},"modified":"2014-07-29T15:49:49","modified_gmt":"2014-07-29T13:49:49","slug":"e-cosi-fini-oggi-parliamo-di-libri","status":"publish","type":"post","link":"http:\/\/www.robertosedda.it\/?p=4133","title":{"rendered":"E cos\u00ec fin\u00ec &#8220;Oggi parliamo di libri&#8221;"},"content":{"rendered":"<p>Ho messo ieri in linea l&#8217;ultima puntata della stagione 2012\/2013 di <em>Oggi parliamo di libri<\/em>: la ventottesima puntata complessiva.<\/p>\n<p>Come <a title=\"Anabattisti e globalizzazione: di che libro star\u00f2 parlando?\" href=\"http:\/\/www.robertosedda.it\/?p=3942\">ho raccontato da altre parti<\/a>\u00a0l&#8217;eperienza radiofonica, che non avevo mai provato, \u00e8 stata molto bella: un ambiente di lavoro amichevole, un clima sempre piacevole\u00a0e un\u00a0sacco\u00a0di episodi divertenti (che naturalmente sono tutti fuori onda).<\/p>\n<p>Ho trovato anche molto stimolante l&#8217;idea di parlare di libri in questo modo, un&#8217;idea che non mi avrebbe mai attraversato la mente se don Giulio Madeddu non mi fosse venuto a cercare. Non perch\u00e9 non abbia mai discusso di libri, per esempio nella <a href=\"https:\/\/www.facebook.com\/#!\/groups\/49564598831\"><em>Locanda delle Arti Fantastiche<\/em><\/a>, ma perch\u00e9 organizzare una sequenza logica di puntate &#8211; in modo da sviluppare un discorso unitario &#8211; e all&#8217;interno di ognuna una scaletta specifica era una cosa che non avevo mai fatto e che mi ha fatto fare scoperte interessanti sui vari generi e sui singoli romanzi. A parte i ringraziamenti che ho fatto in trasmissione, insomma, \u00e8 proprio di tutta l&#8217;opportunit\u00e0 di aver fatto questa esperienza che sono grato.<\/p>\n<p>Poi \u00e8 chiaro che si tratta di trasmissioncine in cui mi sono dato molta importanza (<em>puff! puff! gonfiamoci<\/em>, disse il pesce palla) ma che rimangono poco pi\u00f9 che delle prove amatoriali: ma in fondo anche per questo devo ringraziare &#8211; anche il pubblico della pazienza.<\/p>\n<h2><em>Cuore di tenebra<\/em> (Joseph Conrad, 1902)<\/h2>\n<div class=\"jetpack-video-wrapper\"><span class=\"embed-youtube\" style=\"text-align:center; display: block;\"><iframe class=\"youtube-player\" width=\"800\" height=\"450\" src=\"https:\/\/www.youtube.com\/embed\/xJUNew0HkT8?version=3&#038;rel=1&#038;showsearch=0&#038;showinfo=1&#038;iv_load_policy=1&#038;fs=1&#038;hl=it-IT&#038;autohide=2&#038;wmode=transparent\" allowfullscreen=\"true\" style=\"border:0;\" sandbox=\"allow-scripts allow-same-origin allow-popups allow-presentation\"><\/iframe><\/span><\/div>\n<p>Conrad \u00e8 uno dei miei autori preferiti e, oltretutto, il maestro indiscusso dei racconti di mare, quindi l&#8217;avrei certamente incluso in ogni caso in un ciclo di trasmissioni dedicato alle varie sfaccettature dei romanzi di avventura.<\/p>\n<p>Ho deciso per\u00f2 di lasciarlo alla fine perch\u00e9 mi sembrava che con lui potessi concludere opportunamente il discorso &#8211; iniziato con <em>Huckleberry Finn<\/em> &#8211; di uno sguardo pi\u00f9 problematico, pi\u00f9 adulto, meno ingenuo sull&#8217;avventura. Le motivazioni sono quelle che ho spiegato nella puntata che, una volta tanto, \u00e8 uscita <em>esattamente<\/em> come desideravo e sulla quale non ho tanto da aggiungere.<\/p>\n<h3>Altri libri da leggere<\/h3>\n<p>In realt\u00e0 per parlare del &#8220;cuore nero dell&#8217;avventura&#8221; &#8211; come fra me avevo deciso di battezzare questa puntata &#8211; c&#8217;era un altro candidato molto forte, ed era <em>Moby Dick<\/em> di Melville: avevo in testa Achab come il Colonnello Kurtz, persone che dietro il mito dell&#8217;avventura hanno perso il senno e forse qualcos&#8217;altro. Del resto, come mi \u00e8 venuto in mente preparandomi, se uno non \u00e8 Ulisse non pu\u00f2 vivere per sempre per sempre cos\u00ec, all&#8217;avventura, e quel che rende Ulisse straordinario \u00e8 che nonostante persegua testardamente la ricerca di molte Moby Dick, molte balene bianche, pure non impazzisce, che sia per speciale grazia degli dei o per il testardo desiderio di casa; o forse Calipso e gli anni di sosta da lei sono il simbolo del fatto che anche Ulisse \u00e8 impazzito e ci ha messo un po&#8217; a tornare in s\u00e9. Ma insomma: gli antichi sapevano che l&#8217;avventura corrompe, e avrei potuto fare anche un riferimento a <em>Corto Maltese<\/em>, perch\u00e9 Pratt e gli altri scrittori dell&#8217;avventura contemporanei danno per scontato che invece si possono impunemente solcare mille mari e mille terre cos\u00ec, all&#8217;infinito, senza conseguenze.<\/p>\n<p>Potevo parlare di <em>Moby Dick<\/em> e fare questi ragionamenti ma\u00a0il romanzo di Melville \u00e8 troppo complesso per infilarcisi dentro senza riletture recenti e sufficiente preparazione, quindi prudentemente mi sono astenuto. Il che non vuol dire che <em>Moby Dick<\/em> e l&#8217;<em>Odissea<\/em> non siano passati in alto nella lista delle riletture e che non ve li consigli (<a title=\"Corto Maltese e i suoi valori\" href=\"http:\/\/www.robertosedda.it\/?p=4046\"><em>Corto Maltese<\/em> l&#8217;ho gi\u00e0 consigliato<\/a>).<\/p>\n<p>L&#8217;altro consiglio di lettura legato a questa puntata \u00e8, ovviamente, quello di leggere l&#8217;intero <em>corpus<\/em> conradiano: quanto meno i racconti e i romanzi brevi: non solo quelli di mare, peraltro, considerato <a title=\"Vive l\u2019Empereur!\" href=\"http:\/\/www.robertosedda.it\/?p=3072\">che ho gi\u00e0 detto quanto sia bello <em>I duellanti<\/em><\/a>.<\/p>\n<h3>Il brano musicale<\/h3>\n<p>Come ho detto in trasmissione c&#8217;era un brano musicale che mi sembrava molto conradiano e perfetto per la puntata, <em>La linea d&#8217;ombra<\/em> di Jovanotti,e questo abbiamo usato.<\/p>\n<div class=\"jetpack-video-wrapper\"><span class=\"embed-youtube\" style=\"text-align:center; display: block;\"><iframe class=\"youtube-player\" width=\"800\" height=\"450\" src=\"https:\/\/www.youtube.com\/embed\/8vvkhAVskE8?version=3&#038;rel=1&#038;showsearch=0&#038;showinfo=1&#038;iv_load_policy=1&#038;fs=1&#038;hl=it-IT&#038;autohide=2&#038;wmode=transparent\" allowfullscreen=\"true\" style=\"border:0;\" sandbox=\"allow-scripts allow-same-origin allow-popups allow-presentation\"><\/iframe><\/span><\/div>\n","protected":false},"excerpt":{"rendered":"<p>Ho messo ieri in linea l&#8217;ultima puntata della stagione 2012\/2013 di Oggi parliamo di libri: la ventottesima puntata complessiva. Come<\/p>\n","protected":false},"author":1,"featured_media":0,"comment_status":"open","ping_status":"open","sticky":false,"template":"","format":"video","meta":{"_mi_skip_tracking":false,"_monsterinsights_sitenote_active":false,"_monsterinsights_sitenote_note":"","_monsterinsights_sitenote_category":0,"jetpack_post_was_ever_published":false,"_jetpack_newsletter_access":"","jetpack_publicize_message":"","jetpack_is_tweetstorm":false,"jetpack_publicize_feature_enabled":true,"jetpack_social_post_already_shared":false,"jetpack_social_options":{"image_generator_settings":{"template":"highway","enabled":false}}},"categories":[70,52,56,13,12],"tags":[],"jetpack_publicize_connections":[],"jetpack_featured_media_url":"","jetpack_sharing_enabled":true,"jetpack_shortlink":"https:\/\/wp.me\/p4jV2T-14F","jetpack_likes_enabled":true,"jetpack-related-posts":[{"id":12472,"url":"http:\/\/www.robertosedda.it\/?p=12472","url_meta":{"origin":4133,"position":0},"title":"Cos\u00ec fin\u00ec Oggi parliamo di libri","author":"Rufus","date":"06\/09\/2016","format":false,"excerpt":"Trovate qui sotto l'ultima puntata della stagione 2015\/2016 di\u00a0Oggi parliamo di libri, dedicata a\u00a0Liol\u00e0\u00a0di Pirandello: si tratta anche dell'ultima puntata in generale della trasmissione, perch\u00e9 per l'anno prossimo mi piacerebbe molto che venisse accettata la mia proposta di parlare di giochi\u00a0(se si parte si parte ad ottobre, ma mi pare\u2026","rel":"","context":"In &quot;Coordinate&quot;","block_context":{"text":"Coordinate","link":"http:\/\/www.robertosedda.it\/?cat=52"},"img":{"alt_text":"","src":"https:\/\/i0.wp.com\/www.robertosedda.it\/wp-content\/uploads\/2016\/09\/Oggi-parliamo-di-libri-1.jpg?fit=480%2C360&resize=350%2C200","width":350,"height":200},"classes":[]},{"id":9332,"url":"http:\/\/www.robertosedda.it\/?p=9332","url_meta":{"origin":4133,"position":1},"title":"L&#8217;amore nella &#8220;casa dell&#8217;attimo&#8221;","author":"Rufus","date":"07\/01\/2015","format":"video","excerpt":"Ho messo poco fa in linea la nona puntata di quest'anno di Oggi parliamo di libri, dedicata a Maison Ikkoku di Rumiko Takahashi. Ho scelto questa storia, dapprima, perch\u00e9 volevo inserire nel ciclo di puntate sulle grandi storie d'amore una che fosse stata raccontata a fumetti: e dopo essermi scervellato\u2026","rel":"","context":"In &quot;Coordinate&quot;","block_context":{"text":"Coordinate","link":"http:\/\/www.robertosedda.it\/?cat=52"},"img":{"alt_text":"","src":"https:\/\/i0.wp.com\/img.youtube.com\/vi\/pjbGPK5TzMk\/0.jpg?resize=350%2C200","width":350,"height":200},"classes":[]},{"id":2512,"url":"http:\/\/www.robertosedda.it\/?p=2512","url_meta":{"origin":4133,"position":2},"title":"La storia infinita a &#8220;Oggi parliamo di libri&#8221;","author":"Rufus","date":"10\/03\/2013","format":"video","excerpt":"Ho pubblicato oggi la puntata di Oggi parliamo di libri dedicata a La storia infinita. Questa era la puntata del 21 febbraio, quindi ho quasi smaltito l'arretrato: presto sar\u00f2 in grado di pubblicare le puntate volta per volta (e voi non sarete pi\u00f9 subissati di post con le registrazioni). Sono\u2026","rel":"","context":"In &quot;Coordinate&quot;","block_context":{"text":"Coordinate","link":"http:\/\/www.robertosedda.it\/?cat=52"},"img":{"alt_text":"","src":"https:\/\/i0.wp.com\/img.youtube.com\/vi\/JBrr-FbFUew\/0.jpg?resize=350%2C200","width":350,"height":200},"classes":[]},{"id":11590,"url":"http:\/\/www.robertosedda.it\/?p=11590","url_meta":{"origin":4133,"position":3},"title":"La commedia dell&#8217;arte a Oggi parliamo di libri","author":"Rufus","date":"23\/02\/2016","format":false,"excerpt":"http:\/\/www.radiokalaritana.it\/audio\/LIB-S04E16-La_commedia_de_arte-20160114.mp3 La commedia dell'arte \u00c8 un po' che non riepilogo qui sul\u00a0blog le varie puntate di Oggi parliamo di libri. Dopo il ciclo dedicato a Shakespeare\u00a0avevo previsto di presentare Gozzi e Goldoni, ma nel preparare le puntate mi sono reso conto che affrontare direttamente questi due non si poteva: mi\u2026","rel":"","context":"In &quot;Coordinate&quot;","block_context":{"text":"Coordinate","link":"http:\/\/www.robertosedda.it\/?cat=52"},"img":{"alt_text":"","src":"https:\/\/i0.wp.com\/www.robertosedda.it\/wp-content\/uploads\/2016\/02\/Enrico-Bonavera.jpg?fit=848%2C1200&resize=350%2C200","width":350,"height":200,"srcset":"https:\/\/i0.wp.com\/www.robertosedda.it\/wp-content\/uploads\/2016\/02\/Enrico-Bonavera.jpg?fit=848%2C1200&resize=350%2C200 1x, https:\/\/i0.wp.com\/www.robertosedda.it\/wp-content\/uploads\/2016\/02\/Enrico-Bonavera.jpg?fit=848%2C1200&resize=700%2C400 2x"},"classes":[]},{"id":7487,"url":"http:\/\/www.robertosedda.it\/?p=7487","url_meta":{"origin":4133,"position":4},"title":"Cose che si scoprono facendosi consigliare libri","author":"Rufus","date":"20\/05\/2014","format":"video","excerpt":"Io non ho paura\u00a0(Niccol\u00f2 Ammaniti, Einaudi 2001) a\u00a0Oggi parliamo di libri Con\u00a0Io non ho paura, come avrete sentito, ho avviato un nuovo ciclo di puntate di\u00a0Oggi parliamo di libri, in cui presento di volta in volta il \"libro del cuore\" di diversi colleghi collaboratori della radio. \u00c8 un ciclo di\u2026","rel":"","context":"In &quot;Coordinate&quot;","block_context":{"text":"Coordinate","link":"http:\/\/www.robertosedda.it\/?cat=52"},"img":{"alt_text":"","src":"https:\/\/i0.wp.com\/img.youtube.com\/vi\/6K9kX454kQA\/0.jpg?resize=350%2C200","width":350,"height":200},"classes":[]},{"id":10009,"url":"http:\/\/www.robertosedda.it\/?p=10009","url_meta":{"origin":4133,"position":5},"title":"Di nuovo sulla &#8220;Gerusalemme liberata&#8221;","author":"Rufus","date":"21\/04\/2015","format":"video","excerpt":"Della\u00a0Gerusalemme liberata ho gi\u00e0 parlato pi\u00f9 o meno un anno e mezzo fa, quindi oggi mi limito a segnalare che ho messo in linea la puntata che ho dedicato al poema su\u00a0Oggi parliamo di libri e a invitarvi all'ascolto, oltre che della puntata, della pausa musicale con la strepitosa Mahalia\u2026","rel":"","context":"In &quot;Coordinate&quot;","block_context":{"text":"Coordinate","link":"http:\/\/www.robertosedda.it\/?cat=52"},"img":{"alt_text":"","src":"https:\/\/i0.wp.com\/img.youtube.com\/vi\/gPZuWzZvoYQ\/0.jpg?resize=350%2C200","width":350,"height":200},"classes":[]}],"_links":{"self":[{"href":"http:\/\/www.robertosedda.it\/index.php?rest_route=\/wp\/v2\/posts\/4133"}],"collection":[{"href":"http:\/\/www.robertosedda.it\/index.php?rest_route=\/wp\/v2\/posts"}],"about":[{"href":"http:\/\/www.robertosedda.it\/index.php?rest_route=\/wp\/v2\/types\/post"}],"author":[{"embeddable":true,"href":"http:\/\/www.robertosedda.it\/index.php?rest_route=\/wp\/v2\/users\/1"}],"replies":[{"embeddable":true,"href":"http:\/\/www.robertosedda.it\/index.php?rest_route=%2Fwp%2Fv2%2Fcomments&post=4133"}],"version-history":[{"count":10,"href":"http:\/\/www.robertosedda.it\/index.php?rest_route=\/wp\/v2\/posts\/4133\/revisions"}],"predecessor-version":[{"id":8082,"href":"http:\/\/www.robertosedda.it\/index.php?rest_route=\/wp\/v2\/posts\/4133\/revisions\/8082"}],"wp:attachment":[{"href":"http:\/\/www.robertosedda.it\/index.php?rest_route=%2Fwp%2Fv2%2Fmedia&parent=4133"}],"wp:term":[{"taxonomy":"category","embeddable":true,"href":"http:\/\/www.robertosedda.it\/index.php?rest_route=%2Fwp%2Fv2%2Fcategories&post=4133"},{"taxonomy":"post_tag","embeddable":true,"href":"http:\/\/www.robertosedda.it\/index.php?rest_route=%2Fwp%2Fv2%2Ftags&post=4133"}],"curies":[{"name":"wp","href":"https:\/\/api.w.org\/{rel}","templated":true}]}}