{"id":4046,"date":"2013-07-17T16:49:58","date_gmt":"2013-07-17T14:49:58","guid":{"rendered":"http:\/\/www.robertosedda.it\/?p=4046"},"modified":"2014-02-13T14:07:00","modified_gmt":"2014-02-13T13:07:00","slug":"corto-maltese-e-i-suoi-valori","status":"publish","type":"post","link":"http:\/\/www.robertosedda.it\/?p=4046","title":{"rendered":"Corto Maltese e i suoi valori"},"content":{"rendered":"<div class=\"jetpack-video-wrapper\"><span class=\"embed-youtube\" style=\"text-align:center; display: block;\"><iframe class=\"youtube-player\" width=\"800\" height=\"450\" src=\"https:\/\/www.youtube.com\/embed\/llOp1pyA3NA?version=3&#038;rel=1&#038;showsearch=0&#038;showinfo=1&#038;iv_load_policy=1&#038;fs=1&#038;hl=it-IT&#038;autohide=2&#038;wmode=transparent\" allowfullscreen=\"true\" style=\"border:0;\" sandbox=\"allow-scripts allow-same-origin allow-popups allow-presentation\"><\/iframe><\/span><\/div>\n<p>Non sono convintissimo della puntata: la premessa, in cui parlo del progressivo &#8220;esaurimento&#8221; del genere avventuroso fino al rischio della sua sclerotizzazione (diciamo la parte fino alla pausa musicale) \u00e8 uscita pi\u00f9 o meno come volevo, ma la seconda parte, cio\u00e8 esattamente quella che riguardava Corto, \u00e8 andata molto meno bene.<\/p>\n<p>L&#8217;osservazione che volevo fare era in fondo questa: che la salvezza dell&#8217;Avventura (notate la &#8220;A&#8221; maiuscola) \u00e8 stata esattamente il suo diventare &#8220;genere&#8221;, il che ha permesso ai luoghi comuni dell&#8217;avventura &#8211; quelli messi in scena per la prima volta dai grandi maestri ottocenteschi, Dumas, Stevenson, Kipling, Verne&#8230; &#8211; di non apparire bolsi e ripetitivi, ma di costituire il linguaggio e lo sfondo condiviso fra autori e lettori, liberi ognuno di concentrarsi su altro.<\/p>\n<p>L&#8217;operazione non \u00e8 stata indolore, perch\u00e9 ha richiesto l&#8217;adesione a convenzioni narrative via via pi\u00f9 stringenti (i sottogeneri: bellico, <em>fantasy<\/em>, fantascienza,\u00a0<em>western<\/em>) oppure ha comportato, pi\u00f9 o meno, il cambio del <em>media<\/em> di comunicazione: progressivamente l&#8217;avventura ha lasciato il campo della letteratura e ha dovuto migrare altrove, il cinema, il fumetto, conoscendo qui in realt\u00e0 nuove et\u00e0 dell&#8217;oro &#8211; ma senza essere mai pi\u00f9 &#8220;nuova&#8221; e meravigliosa allo stesso modo di come lo era stata al suo emergere (o meglio, per essere nuova ha dovuto avere bisogno di un apporto ulteriore: cinema e fumetto, dopotutto, sono arti visuali).<\/p>\n<p>Sono un po&#8217; questi i motivi che spiegano la collocazione di questa puntata: verso la chiusura del ciclo, quando ho parlato di romanzi che violavano le convenzioni del genere avventuroso o lo stravolgevano in qualche modo. Qui non \u00e8 proprio uno stravolgimento, ma certo una modificazione dell&#8217;impostazione che era stata propria dei &#8220;fondatori&#8221; del genere.<\/p>\n<p>Nessuno era pi\u00f9 adatto di <em>Corto Maltese<\/em> e di un gigante come Hugo Pratt per rappresentare questa nuova pagina dell&#8217;immaginario avventuroso: l&#8217;unica alternativa era prendere in blocco i fumetti <em>Bonelli<\/em> ma insomma, diventava veramente complicato.<\/p>\n<p>Queste insomma erano le idee con cui sono entrato in trasmissione: non credo di essere riuscito l\u00ec a spiegarmi bene, ho provato a riproporle adesso, sperando di essere stato pi\u00f9 chiaro.<\/p>\n<p>E poi c&#8217;\u00e8 un&#8217;altra cosa, di cui non mi ero accorto e che mi \u00e8 venuta in mente scrivendo il commento alla <a title=\"Anabattisti e globalizzazione: di che libro star\u00f2 parlando?\" href=\"http:\/\/www.robertosedda.it\/?p=3942\">puntata su <em>Q<\/em><\/a>.<\/p>\n<p>Riguarda l&#8217;impostazione etica di Corto, che \u00e8 molto evidente.<\/p>\n<p>Rispetto agli eroi di Verne o Stevenson o Dumas, che non avevano bisogno di andarsi a cercare l&#8217;avventura, vivendo in tempi difficili in cui puoi imbatterti &#8220;normalmente&#8221; in pirati o moschettieri o selvaggi cannibali anche senza volere, solo per la tua professione (va bene, se sei moschettiere o esploratore o soldato o cacciatore di pellicce non hai proprio una professione normale, ma ci capiamo) ambientare un&#8217;avventura nel &#8216;900 richiede delle ipotesi sulle motivazioni del tuo protagonista: la pi\u00f9 semplice \u00e8 che la sua professione sia quella di&#8230; avventuriero, come Corto, appunto. Ma questo vuol dire spostare la domanda solo un po&#8217; pi\u00f9 in l\u00e0: perch\u00e9 ha scelto di fare l&#8217;avventuriero? Spesso la risposta dell&#8217;autore \u00e8 quella di dotare il suo personaggio di una vena anarchica e anticonvenzionale, di un amore per la solitudine, per il mare o i grandi spazi. Questa, anche se non sembra, \u00e8 gi\u00e0 una scelta etica: un giudizio su s\u00e9 e sull&#8217;umanit\u00e0 e su come va il mondo senza il quale il personaggio &#8211; in Corto \u00e8 evidentissimo, ma vale pari pari per mille altri, il primo esempio che mi viene in mente \u00e8 <em>Mister No<\/em> &#8211; semplicemente non funzionerebbe. Ma un un personaggio che ha dato un giudizio su s\u00e9, l&#8217;umanit\u00e0 e il mondo \u00e8 un personaggio che continuer\u00e0 a dare questi giudizi sulle vicende che man mano gli capitano, prender\u00e0 posizione, si schierer\u00e0, la sue storie saranno quindi facilmente mosse da un &#8220;movente ideale&#8221;, da dei valori, in una parola.<\/p>\n<p>Mi viene in mente adesso l&#8217;operazione contraria operata da\u00a0<em><\/em>Magnus con <em>Lo sconosciuto<\/em>: Unknow \u00e8 un maestro del cinismo ma anche lui non riesce a sottrarsi continuamente alla necessit\u00e0 di fare i conti con questa dimensione valoriale.<\/p>\n<p>Sono convinto che \u00e8 questo sottofondo ideale che permette, alla fine, operazioni di utilizzo &#8220;politico&#8221; delle storie di avventura come quelle di <em>Q<\/em>.<\/p>\n<div class=\"jetpack-video-wrapper\"><span class=\"embed-youtube\" style=\"text-align:center; display: block;\"><iframe class=\"youtube-player\" width=\"800\" height=\"450\" src=\"https:\/\/www.youtube.com\/embed\/2uj4pUD7YwI?version=3&#038;rel=1&#038;showsearch=0&#038;showinfo=1&#038;iv_load_policy=1&#038;fs=1&#038;hl=it-IT&#038;autohide=2&#038;wmode=transparent\" allowfullscreen=\"true\" style=\"border:0;\" sandbox=\"allow-scripts allow-same-origin allow-popups allow-presentation\"><\/iframe><\/span><\/div>\n<p>&nbsp;<\/p>\n","protected":false},"excerpt":{"rendered":"<p>Non sono convintissimo della puntata: la premessa, in cui parlo del progressivo &#8220;esaurimento&#8221; del genere avventuroso fino al rischio della<\/p>\n","protected":false},"author":1,"featured_media":0,"comment_status":"open","ping_status":"open","sticky":false,"template":"","format":"video","meta":{"_mi_skip_tracking":false,"_monsterinsights_sitenote_active":false,"_monsterinsights_sitenote_note":"","_monsterinsights_sitenote_category":0,"jetpack_post_was_ever_published":false,"_jetpack_newsletter_access":"","jetpack_publicize_message":"","jetpack_is_tweetstorm":false,"jetpack_publicize_feature_enabled":true,"jetpack_social_post_already_shared":false,"jetpack_social_options":{"image_generator_settings":{"template":"highway","enabled":false}}},"categories":[70,52,20,56,12],"tags":[],"jetpack_publicize_connections":[],"jetpack_featured_media_url":"","jetpack_sharing_enabled":true,"jetpack_shortlink":"https:\/\/wp.me\/p4jV2T-13g","jetpack_likes_enabled":true,"jetpack-related-posts":[{"id":4133,"url":"http:\/\/www.robertosedda.it\/?p=4133","url_meta":{"origin":4046,"position":0},"title":"E cos\u00ec fin\u00ec &#8220;Oggi parliamo di libri&#8221;","author":"Rufus","date":"29\/07\/2013","format":"video","excerpt":"Ho messo ieri in linea l'ultima puntata della stagione 2012\/2013 di Oggi parliamo di libri: la ventottesima puntata complessiva. Come ho raccontato da altre parti\u00a0l'eperienza radiofonica, che non avevo mai provato, \u00e8 stata molto bella: un ambiente di lavoro amichevole, un clima sempre piacevole\u00a0e un\u00a0sacco\u00a0di episodi divertenti (che naturalmente sono\u2026","rel":"","context":"In &quot;Cappe e spade&quot;","block_context":{"text":"Cappe e spade","link":"http:\/\/www.robertosedda.it\/?cat=70"},"img":{"alt_text":"","src":"https:\/\/i0.wp.com\/img.youtube.com\/vi\/xJUNew0HkT8\/0.jpg?resize=350%2C200","width":350,"height":200},"classes":[]},{"id":19999,"url":"http:\/\/www.robertosedda.it\/?p=19999","url_meta":{"origin":4046,"position":1},"title":"Racconti che sono recensioni","author":"Rufus","date":"28\/03\/2023","format":false,"excerpt":"Avevo sempre desiderato leggere Gli Scorpioni del Deserto di Hugo Pratt e dopo la visita alla bella mostra di Cagliari dedicata al grande fumettista, dove erano esposte alcune tavole originali, mi sono deciso e ho comprato l'edizione integrale (Lizard, \u20ac 29,00, anche se io l'ho trovato con un piccolo sconto).\u2026","rel":"","context":"In &quot;Cappe e spade&quot;","block_context":{"text":"Cappe e spade","link":"http:\/\/www.robertosedda.it\/?cat=70"},"img":{"alt_text":"","src":"https:\/\/i0.wp.com\/www.robertosedda.it\/wp-content\/uploads\/2023\/03\/Cover-Scorpioni-del-deserto.jpg?fit=323%2C445&resize=350%2C200","width":350,"height":200},"classes":[]},{"id":9735,"url":"http:\/\/www.robertosedda.it\/?p=9735","url_meta":{"origin":4046,"position":2},"title":"Il romanzo di Rut","author":"Rufus","date":"05\/03\/2015","format":"video","excerpt":"Ho gi\u00e0 accennato al fatto\u00a0che ho dedicato una puntata recente di\u00a0Oggi parliamo di libri al Libro di Rut, uno dei testi\u00a0minori dell'Antico Testamento. Pu\u00f2 stupirsi\u00a0della sua inclusione in un ciclo di puntate dedicate alle grandi storie d'amore solo chi non conosce l'enorme variet\u00e0 di registri narrativi e di generi letterari\u2026","rel":"","context":"In &quot;Coordinate&quot;","block_context":{"text":"Coordinate","link":"http:\/\/www.robertosedda.it\/?cat=52"},"img":{"alt_text":"","src":"https:\/\/i0.wp.com\/img.youtube.com\/vi\/iX3b0-kQaT4\/0.jpg?resize=350%2C200","width":350,"height":200},"classes":[]},{"id":13904,"url":"http:\/\/www.robertosedda.it\/?p=13904","url_meta":{"origin":4046,"position":3},"title":"Avventure, avventure&#8230; per bambine","author":"Rufus","date":"04\/07\/2017","format":false,"excerpt":"L'altro giorno ero al mare, beatamente seduto sotto l'ombrellone con\u00a0Skorpio e Lanciostory\u00a0e mia nipote Agnese mi ha chiesto: \u00abChe leggi, zio?\u00bb. Stavo leggendo in quel momento\u00a0Aria, e ho risposto: \u00abLa storia di una ragazza che ha nella sua memoria i ricordi di un grande bardo dell'antichit\u00e0 e che con questi\u2026","rel":"","context":"In &quot;Cappe e spade&quot;","block_context":{"text":"Cappe e spade","link":"http:\/\/www.robertosedda.it\/?cat=70"},"img":{"alt_text":"","src":"https:\/\/i0.wp.com\/www.robertosedda.it\/wp-content\/uploads\/2017\/07\/Lanciostory.jpg?fit=497%2C709&resize=350%2C200","width":350,"height":200},"classes":[]},{"id":17185,"url":"http:\/\/www.robertosedda.it\/?p=17185","url_meta":{"origin":4046,"position":4},"title":"Oltre il confine","author":"Rufus","date":"06\/09\/2019","format":false,"excerpt":"Volevo segnalare da un po' che il sito di notizie Ozy ha in corso una serie interessante di articoli dal titolo Beyond the border e dedicato a storie che riguardano i migranti appunto \"oltre il confine\", cio\u00e8 nei loro paesi di origine (con tipico egocentrismo americano, stanno nella categoria dei\u2026","rel":"","context":"In &quot;Coordinate&quot;","block_context":{"text":"Coordinate","link":"http:\/\/www.robertosedda.it\/?cat=52"},"img":{"alt_text":"","src":"https:\/\/i0.wp.com\/www.robertosedda.it\/wp-content\/uploads\/2019\/09\/Beyond-the-border.jpg?fit=1200%2C675&resize=350%2C200","width":350,"height":200,"srcset":"https:\/\/i0.wp.com\/www.robertosedda.it\/wp-content\/uploads\/2019\/09\/Beyond-the-border.jpg?fit=1200%2C675&resize=350%2C200 1x, https:\/\/i0.wp.com\/www.robertosedda.it\/wp-content\/uploads\/2019\/09\/Beyond-the-border.jpg?fit=1200%2C675&resize=700%2C400 2x, https:\/\/i0.wp.com\/www.robertosedda.it\/wp-content\/uploads\/2019\/09\/Beyond-the-border.jpg?fit=1200%2C675&resize=1050%2C600 3x"},"classes":[]},{"id":16141,"url":"http:\/\/www.robertosedda.it\/?p=16141","url_meta":{"origin":4046,"position":5},"title":"Osservatori non partecipanti","author":"Rufus","date":"14\/01\/2019","format":false,"excerpt":"Ho letto da poco l'ultimo numero di Medea, cio\u00e8 Medea \u00e8\u00a0la rivista\u00a0internazionale di studi interculturali\u00a0peer-reviewed e open access del Laboratorio \"Xenoi: pratiche, immagini, parole\" dell'Universit\u00e0 di Cagliari e del Laboratorio \"Valdrada\" dell'Universit\u00e0 di Perugia, una rivista che \u00e8 interessante non solo per i contenuti (con una costante riflessione sul tema\u2026","rel":"","context":"In &quot;Coordinate&quot;","block_context":{"text":"Coordinate","link":"http:\/\/www.robertosedda.it\/?cat=52"},"img":{"alt_text":"","src":"","width":0,"height":0},"classes":[]}],"_links":{"self":[{"href":"http:\/\/www.robertosedda.it\/index.php?rest_route=\/wp\/v2\/posts\/4046"}],"collection":[{"href":"http:\/\/www.robertosedda.it\/index.php?rest_route=\/wp\/v2\/posts"}],"about":[{"href":"http:\/\/www.robertosedda.it\/index.php?rest_route=\/wp\/v2\/types\/post"}],"author":[{"embeddable":true,"href":"http:\/\/www.robertosedda.it\/index.php?rest_route=\/wp\/v2\/users\/1"}],"replies":[{"embeddable":true,"href":"http:\/\/www.robertosedda.it\/index.php?rest_route=%2Fwp%2Fv2%2Fcomments&post=4046"}],"version-history":[{"count":5,"href":"http:\/\/www.robertosedda.it\/index.php?rest_route=\/wp\/v2\/posts\/4046\/revisions"}],"predecessor-version":[{"id":6402,"href":"http:\/\/www.robertosedda.it\/index.php?rest_route=\/wp\/v2\/posts\/4046\/revisions\/6402"}],"wp:attachment":[{"href":"http:\/\/www.robertosedda.it\/index.php?rest_route=%2Fwp%2Fv2%2Fmedia&parent=4046"}],"wp:term":[{"taxonomy":"category","embeddable":true,"href":"http:\/\/www.robertosedda.it\/index.php?rest_route=%2Fwp%2Fv2%2Fcategories&post=4046"},{"taxonomy":"post_tag","embeddable":true,"href":"http:\/\/www.robertosedda.it\/index.php?rest_route=%2Fwp%2Fv2%2Ftags&post=4046"}],"curies":[{"name":"wp","href":"https:\/\/api.w.org\/{rel}","templated":true}]}}