{"id":3922,"date":"2013-07-09T14:16:30","date_gmt":"2013-07-09T12:16:30","guid":{"rendered":"http:\/\/www.robertosedda.it\/?p=3922"},"modified":"2021-08-26T11:54:45","modified_gmt":"2021-08-26T09:54:45","slug":"il-monello","status":"publish","type":"post","link":"http:\/\/www.robertosedda.it\/?p=3922","title":{"rendered":"Il monello"},"content":{"rendered":"<p>Ho messo oggi in linea la venticinquesima puntata di <em>Oggi parliamo di libri<\/em>, quella dedicata all&#8217;<em>Huckleberry Finn<\/em> di Mark Twain: dopo la conclusione delle puntate e la pausa estiva mi sono un po&#8217; rilassato e ho tardato a mettere su <em>YouTube<\/em> le ultime.<\/p>\n<div class=\"jetpack-video-wrapper\"><span class=\"embed-youtube\" style=\"text-align:center; display: block;\"><iframe loading=\"lazy\" class=\"youtube-player\" width=\"800\" height=\"450\" src=\"https:\/\/www.youtube.com\/embed\/Nno7I6lj_oY?version=3&#038;rel=1&#038;showsearch=0&#038;showinfo=1&#038;iv_load_policy=1&#038;fs=1&#038;hl=it-IT&#038;autohide=2&#038;wmode=transparent\" allowfullscreen=\"true\" style=\"border:0;\" sandbox=\"allow-scripts allow-same-origin allow-popups allow-presentation\"><\/iframe><\/span><\/div>\n<p>A proposito delle cose che ho detto in trasmissione non ho molto da aggiungere. Sto rileggendo adesso il romanzo e rimango convinto di una certa intenzione eversiva di Twain rispetto alla letteratura avventurosa &#8211; e per ragazzi &#8211; della sua epoca. Casomai man mano che leggo trovo che il romanzo \u00e8 molto pi\u00f9 complesso anche di quanto mi ricordassi, e certo ho semplificato, per la fretta,&nbsp;parecchie cose riguardo allo sguardo che Twain rivolge sull&#8217;America rurale e sulla societ\u00e0 del Sud anteguerra, ma non c&#8217;era molto di pi\u00f9 che fosse possibile fare, dati i tempi.<\/p>\n<p>Mi sono invece guardato bene dal dire perch\u00e9 avessi scelto <em>Huckleberry Finn<\/em> invece del pi\u00f9 noto <em>Le avventure di Tom Sawyer<\/em>. Non avevo, infatti, molte spiegazioni, se non che il primo mi piace molto di pi\u00f9: scegliere l&#8217;uno piuttosto che l&#8217;altro sono i privilegi di chi ha il microfono in mano.<\/p>\n<h3>Bambini lasciati a se stessi<\/h3>\n<p>In realt\u00e0 il confronto fra i due romanzi suggerisce invece il tema che \u00e8 rimasto del tutto fuori della puntata.<\/p>\n<p>Il mio amico Beniamino Sidoti, che era a Cagliari proprio nei giorni in cui registravo la puntata e con cui ne parlavo, mi suggeriva sdi scegliere <em>Tom Sawyer<\/em> perch\u00e9 \u00e8 una delle maggiori espressioni dei romanzi in cui il bambino &#8220;si educa da s\u00e9&#8221;.<\/p>\n<p>\u00c8 vero; in parte ho sfiorato il tema con <em><a title=\"Kim e il grande gioco a \u201cOggi parliamo di libri\u201d\" href=\"http:\/\/www.robertosedda.it\/?p=2965\">Kim<\/a><\/em>, ma molto alla lontana. Alla fine ho scelto <em>Huck<\/em> per il motivo che ho detto e anche perch\u00e9 secondo me serviva meglio a far vedere, nel contrasto con London &#8211; che pure \u00e8 successivo &#8211;&nbsp;e non solo, modi imprevisti di utilizzare gli stilemi tipici e gi\u00e0 consolidati del romanzo d&#8217;avventura. \u00c8 rimasto per\u00f2 cos\u00ec fuori del ciclo di puntate sull&#8217;avventura tutto quel filone di romanzi in cui i ragazzi sono protagonisti assoluti e, direi, in cui la prospettiva narrativa, l&#8217;occhio di chi guarda e di chi racconta, \u00e8 del tutto infantile. Sarebbe stato molto interessante proporre un percorso di lettura di questo genere, toccando per esempio <em>La guerra dei bottoni<\/em> di Pergaud, <em>I ragazzi della via P\u00e1l<\/em> di Moln\u00e1r e qualche altro, magari fino a <em>Pinocchio<\/em>. Non ci &#8220;stava&#8221; nel ciclo di puntate, ma lo segnalo per chi si vuole organizzare magari le letture estive.<\/p>\n<h3>Il commento musicale<\/h3>\n<p>Il commento musicale della puntata \u00e8 affidato a Bruce Springsteen: il testo della canzone non c&#8217;entra niente, ma le assonanze con l&#8217;America profonda ci sono, e penso che il vecchio Mark&nbsp;avrebbe apprezzato anche lui il <em>boss<\/em>.<\/p>\n<div class=\"jetpack-video-wrapper\"><span class=\"embed-youtube\" style=\"text-align:center; display: block;\"><iframe loading=\"lazy\" class=\"youtube-player\" width=\"800\" height=\"450\" src=\"https:\/\/www.youtube.com\/embed\/dEOiV5eadQk?version=3&#038;rel=1&#038;showsearch=0&#038;showinfo=1&#038;iv_load_policy=1&#038;fs=1&#038;hl=it-IT&#038;autohide=2&#038;wmode=transparent\" allowfullscreen=\"true\" style=\"border:0;\" sandbox=\"allow-scripts allow-same-origin allow-popups allow-presentation\"><\/iframe><\/span><\/div>\n","protected":false},"excerpt":{"rendered":"<p>Ho messo oggi in linea la venticinquesima puntata di Oggi parliamo di libri, quella dedicata all&#8217;Huckleberry Finn di Mark Twain:<\/p>\n","protected":false},"author":1,"featured_media":18917,"comment_status":"open","ping_status":"open","sticky":false,"template":"","format":"video","meta":{"_mi_skip_tracking":false,"_monsterinsights_sitenote_active":false,"_monsterinsights_sitenote_note":"","_monsterinsights_sitenote_category":0,"jetpack_post_was_ever_published":false,"_jetpack_newsletter_access":"","jetpack_publicize_message":"","jetpack_is_tweetstorm":false,"jetpack_publicize_feature_enabled":true,"jetpack_social_post_already_shared":false,"jetpack_social_options":{"image_generator_settings":{"template":"highway","enabled":false}}},"categories":[70,52,56,13,12],"tags":[],"jetpack_publicize_connections":[],"jetpack_featured_media_url":"https:\/\/i0.wp.com\/www.robertosedda.it\/wp-content\/uploads\/2013\/07\/Huck-Finn.png?fit=768%2C454","jetpack_sharing_enabled":true,"jetpack_shortlink":"https:\/\/wp.me\/p4jV2T-11g","jetpack_likes_enabled":true,"jetpack-related-posts":[{"id":2910,"url":"http:\/\/www.robertosedda.it\/?p=2910","url_meta":{"origin":3922,"position":0},"title":"L&#8217;isola del tesoro","author":"Rufus","date":"19\/04\/2013","format":"video","excerpt":"Ho messo stamattina in linea la puntata di Oggi parliamo di libri dedicata a L'isola del tesoro di Stevenson. Una puntata che, lo dico a scanso di equivoci, non potete non ascoltare perch\u00e9 mia mamma dice che sono stato molto \"bravo\" e \"colto\", e quindi evidentemente \u00e8 una puntata che\u2026","rel":"","context":"In &quot;Cappe e spade&quot;","block_context":{"text":"Cappe e spade","link":"http:\/\/www.robertosedda.it\/?cat=70"},"img":{"alt_text":"","src":"https:\/\/i0.wp.com\/www.robertosedda.it\/wp-content\/uploads\/2013\/04\/lisola-del-tesoro-di-rlstevenson.jpg?fit=440%2C322&resize=350%2C200","width":350,"height":200},"classes":[]},{"id":7911,"url":"http:\/\/www.robertosedda.it\/?p=7911","url_meta":{"origin":3922,"position":1},"title":"La fantasy rassicurante di tanto tempo fa","author":"Rufus","date":"07\/07\/2014","format":false,"excerpt":"Ho riletto nel fine settimana\u00a0D'Shai, un libro fantasy che avevo molto apprezzato pi\u00f9 o meno vent'anni fa. L'autore \u00e8 Joel Rosenberg,\u00a0un canadese stabilitosi e morto nel Minnesota, lo stesso stato di John Sandford e di Steven Brust e del suo gruppo di scrittori - si vede che l'aria della prateria\u2026","rel":"","context":"In &quot;Coordinate&quot;","block_context":{"text":"Coordinate","link":"http:\/\/www.robertosedda.it\/?cat=52"},"img":{"alt_text":"","src":"https:\/\/i0.wp.com\/www.robertosedda.it\/wp-content\/uploads\/2014\/07\/Rosenberg-DShai.jpg?fit=248%2C403&resize=350%2C200","width":350,"height":200},"classes":[]},{"id":7487,"url":"http:\/\/www.robertosedda.it\/?p=7487","url_meta":{"origin":3922,"position":2},"title":"Cose che si scoprono facendosi consigliare libri","author":"Rufus","date":"20\/05\/2014","format":"video","excerpt":"Io non ho paura\u00a0(Niccol\u00f2 Ammaniti, Einaudi 2001) a\u00a0Oggi parliamo di libri Con\u00a0Io non ho paura, come avrete sentito, ho avviato un nuovo ciclo di puntate di\u00a0Oggi parliamo di libri, in cui presento di volta in volta il \"libro del cuore\" di diversi colleghi collaboratori della radio. \u00c8 un ciclo di\u2026","rel":"","context":"In &quot;Coordinate&quot;","block_context":{"text":"Coordinate","link":"http:\/\/www.robertosedda.it\/?cat=52"},"img":{"alt_text":"","src":"https:\/\/i0.wp.com\/img.youtube.com\/vi\/6K9kX454kQA\/0.jpg?resize=350%2C200","width":350,"height":200},"classes":[]},{"id":12472,"url":"http:\/\/www.robertosedda.it\/?p=12472","url_meta":{"origin":3922,"position":3},"title":"Cos\u00ec fin\u00ec Oggi parliamo di libri","author":"Rufus","date":"06\/09\/2016","format":false,"excerpt":"Trovate qui sotto l'ultima puntata della stagione 2015\/2016 di\u00a0Oggi parliamo di libri, dedicata a\u00a0Liol\u00e0\u00a0di Pirandello: si tratta anche dell'ultima puntata in generale della trasmissione, perch\u00e9 per l'anno prossimo mi piacerebbe molto che venisse accettata la mia proposta di parlare di giochi\u00a0(se si parte si parte ad ottobre, ma mi pare\u2026","rel":"","context":"In &quot;Coordinate&quot;","block_context":{"text":"Coordinate","link":"http:\/\/www.robertosedda.it\/?cat=52"},"img":{"alt_text":"","src":"https:\/\/i0.wp.com\/www.robertosedda.it\/wp-content\/uploads\/2016\/09\/Oggi-parliamo-di-libri-1.jpg?fit=480%2C360&resize=350%2C200","width":350,"height":200},"classes":[]},{"id":10175,"url":"http:\/\/www.robertosedda.it\/?p=10175","url_meta":{"origin":3922,"position":4},"title":"Camera con vista &#8211; Il romanzo","author":"Rufus","date":"05\/05\/2015","format":"video","excerpt":"Camera con vista \u00e8 da sempre uno dei film preferiti mio e di Maria Bonaria, l'avremo visto insieme una quantit\u00e0 di volte. Sino alla puntata di Oggi parliamo di libri, invece,\u00a0al contrario di Bonaria avevo frequentato molto meno il romanzo di Forster, e quindi ho affrontato la rilettura che ne\u2026","rel":"","context":"In &quot;Coordinate&quot;","block_context":{"text":"Coordinate","link":"http:\/\/www.robertosedda.it\/?cat=52"},"img":{"alt_text":"","src":"https:\/\/i0.wp.com\/img.youtube.com\/vi\/wqs7sGPV2TU\/0.jpg?resize=350%2C200","width":350,"height":200},"classes":[]},{"id":3408,"url":"http:\/\/www.robertosedda.it\/?p=3408","url_meta":{"origin":3922,"position":5},"title":"I tre moschettieri in linea","author":"Rufus","date":"04\/06\/2013","format":"video","excerpt":"Ho aggiunto oggi la puntata (la ventiduesima, come passa il tempo) di Oggi parliamo di libri\u00a0dedicata al cappa e spada: per parlarne ho scelto I tre moschettieri, ed era una scelta quasi obbligata. Durante la puntata sono riuscito a dire pi\u00f9 o meno quasi tutto quel che volevo dire, quindi\u2026","rel":"","context":"In &quot;Cappe e spade&quot;","block_context":{"text":"Cappe e spade","link":"http:\/\/www.robertosedda.it\/?cat=70"},"img":{"alt_text":"","src":"https:\/\/i0.wp.com\/www.robertosedda.it\/wp-content\/uploads\/2013\/06\/Tre-moschettieri.png?fit=767%2C448&resize=350%2C200","width":350,"height":200,"srcset":"https:\/\/i0.wp.com\/www.robertosedda.it\/wp-content\/uploads\/2013\/06\/Tre-moschettieri.png?fit=767%2C448&resize=350%2C200 1x, https:\/\/i0.wp.com\/www.robertosedda.it\/wp-content\/uploads\/2013\/06\/Tre-moschettieri.png?fit=767%2C448&resize=700%2C400 2x"},"classes":[]}],"_links":{"self":[{"href":"http:\/\/www.robertosedda.it\/index.php?rest_route=\/wp\/v2\/posts\/3922"}],"collection":[{"href":"http:\/\/www.robertosedda.it\/index.php?rest_route=\/wp\/v2\/posts"}],"about":[{"href":"http:\/\/www.robertosedda.it\/index.php?rest_route=\/wp\/v2\/types\/post"}],"author":[{"embeddable":true,"href":"http:\/\/www.robertosedda.it\/index.php?rest_route=\/wp\/v2\/users\/1"}],"replies":[{"embeddable":true,"href":"http:\/\/www.robertosedda.it\/index.php?rest_route=%2Fwp%2Fv2%2Fcomments&post=3922"}],"version-history":[{"count":7,"href":"http:\/\/www.robertosedda.it\/index.php?rest_route=\/wp\/v2\/posts\/3922\/revisions"}],"predecessor-version":[{"id":18918,"href":"http:\/\/www.robertosedda.it\/index.php?rest_route=\/wp\/v2\/posts\/3922\/revisions\/18918"}],"wp:featuredmedia":[{"embeddable":true,"href":"http:\/\/www.robertosedda.it\/index.php?rest_route=\/wp\/v2\/media\/18917"}],"wp:attachment":[{"href":"http:\/\/www.robertosedda.it\/index.php?rest_route=%2Fwp%2Fv2%2Fmedia&parent=3922"}],"wp:term":[{"taxonomy":"category","embeddable":true,"href":"http:\/\/www.robertosedda.it\/index.php?rest_route=%2Fwp%2Fv2%2Fcategories&post=3922"},{"taxonomy":"post_tag","embeddable":true,"href":"http:\/\/www.robertosedda.it\/index.php?rest_route=%2Fwp%2Fv2%2Ftags&post=3922"}],"curies":[{"name":"wp","href":"https:\/\/api.w.org\/{rel}","templated":true}]}}