{"id":39,"date":"2012-07-26T18:46:13","date_gmt":"2012-07-26T16:46:13","guid":{"rendered":"http:\/\/www.robertosedda.it\/?p=39"},"modified":"2023-08-01T17:19:08","modified_gmt":"2023-08-01T15:19:08","slug":"set-di-film-immaginari","status":"publish","type":"post","link":"http:\/\/www.robertosedda.it\/?p=39","title":{"rendered":"Sul set di film immaginari &#8211; 1"},"content":{"rendered":"<p>Hmmmm. Sono a Fiumicino. Sala d&#8217;attesa. Un signore a fianco a\u00a0 me tossisce. Una tosse cavernosa profonda, catarrosa. Sinora non mi sono preoccupato. Per\u00f2 adesso mi guardo intorno, e vedo un bambino insopportabile con una madre giovane. La cassiera turca dell&#8217;Autogrill parla al telefono con un amante lontano. Tenera. Le due ragazze del <em>MacDonald<\/em> fanno progetti per quando smontano. E il tipo col portatile aperto di fronte a me ha la mascella quadra e il corpo segnato di chi non ha fatto sempre il manager in vita sua.<\/p>\n<p>E, <em>orrore!<\/em>, due rappresentanti si stanno mostrando sul cellulare le foto dei rispettivi figli. Questo \u00e8 un segnale: da qualche parte devo avere passato il confine e adesso sono dentro una <em>storia<\/em>.<\/p>\n<p>E so, so con profonda certezza che adesso il tizio con la tosse si alzer\u00e0, far\u00e0 due passi, barcoller\u00e0 incerto e croller\u00e0 al suolo. Il bambino insopportabile lo scuoter\u00e0, \u00abSignore? Signore?!\u00bb e poi sua madre, sporgendosi sopra di lui, grider\u00e0. E il tizio di mezza et\u00e0 dallo sguardo saggio che adesso legge il giornale lo toccher\u00e0 sotto la gola e dir\u00e0: \u00abQuest&#8217;uomo \u00e8 morto\u00bb, e lo dir\u00e0 con la desolata certezza di chi ha visto un&#8217;epidemia come questa, vent&#8217;anni fa, quando sua moglie e morta e lui non ha potuto salvarla e da allora si consuma nel dolore e nel rimpianto.<\/p>\n<p><a href=\"https:\/\/i0.wp.com\/www.robertosedda.it\/wp-content\/uploads\/2012\/07\/uomo-tuta-258x258.jpg\"><img data-attachment-id=\"82\" data-permalink=\"http:\/\/www.robertosedda.it\/?attachment_id=82\" data-orig-file=\"https:\/\/i0.wp.com\/www.robertosedda.it\/wp-content\/uploads\/2012\/07\/uomo-tuta-258x258.jpg?fit=258%2C258\" data-orig-size=\"258,258\" data-comments-opened=\"1\" data-image-meta=\"{&quot;aperture&quot;:&quot;0&quot;,&quot;credit&quot;:&quot;&quot;,&quot;camera&quot;:&quot;&quot;,&quot;caption&quot;:&quot;&quot;,&quot;created_timestamp&quot;:&quot;0&quot;,&quot;copyright&quot;:&quot;&quot;,&quot;focal_length&quot;:&quot;0&quot;,&quot;iso&quot;:&quot;0&quot;,&quot;shutter_speed&quot;:&quot;0&quot;,&quot;title&quot;:&quot;&quot;}\" data-image-title=\"uomo-tuta-258&#215;258\" data-image-description=\"\" data-image-caption=\"\" data-medium-file=\"https:\/\/i0.wp.com\/www.robertosedda.it\/wp-content\/uploads\/2012\/07\/uomo-tuta-258x258.jpg?fit=258%2C258\" data-large-file=\"https:\/\/i0.wp.com\/www.robertosedda.it\/wp-content\/uploads\/2012\/07\/uomo-tuta-258x258.jpg?fit=258%2C258\" decoding=\"async\" loading=\"lazy\" class=\"alignright size-full wp-image-82\" title=\"uomo-tuta-258x258\" src=\"https:\/\/i0.wp.com\/www.robertosedda.it\/wp-content\/uploads\/2012\/07\/uomo-tuta-258x258.jpg?resize=258%2C258\" alt=\"\" width=\"258\" height=\"258\" srcset=\"https:\/\/i0.wp.com\/www.robertosedda.it\/wp-content\/uploads\/2012\/07\/uomo-tuta-258x258.jpg?resize=258%2C258 258w, https:\/\/i0.wp.com\/www.robertosedda.it\/wp-content\/uploads\/2012\/07\/uomo-tuta-258x258.jpg?resize=150%2C150 150w\" sizes=\"(max-width: 258px) 100vw, 258px\" data-recalc-dims=\"1\" \/><\/a>E uomini in tuta bianca e maschere appariranno da ogni parte e sigilleranno gli ingressi.<\/p>\n<p>Dal retro del <em>MacDonald<\/em> apparir\u00e0 un ragazzo, non l&#8217;ho ancora visto ma c&#8217;\u00e8 sempre un ragazzo che corre verso l&#8217;uscita gridando, e gli uomini in tuta bianca lo abbatteranno cinicamente, freddamente, ma bisogner\u00e0 farlo per salvare l&#8217;umanit\u00e0 dall&#8217;epidemia.<\/p>\n<p>E l&#8217;uomo del portatile, che \u00e8 un reduce di, boh,\u00a0l&#8217;Iraq penso, dir\u00e0: \u00abDobbiamo organizzarci\u00bb. E l\u00e0 fuori, da qualche parte, la figlia dell&#8217;uomo dallo sguardo saggio, che \u00e8 una ricercatrice come sua madre che \u00e8 morta in quell&#8217;altra epidemia e da allora non parla pi\u00f9 con suo padre, si batter\u00e0 contro il tempo e contro l&#8217;ottusit\u00e0 dei militari per scoprire perch\u00e9 \u00e8 morto l&#8217;uomo con la tosse cavernosa e come tirarci fuori di qui.<\/p>\n<p>AIUTO! FATEMI USCIRE DI QUI!!<\/p>\n","protected":false},"excerpt":{"rendered":"<p>Hmmmm. Sono a Fiumicino. Sala d&#8217;attesa. Un signore a fianco a\u00a0 me tossisce. Una tosse cavernosa profonda, catarrosa. Sinora non<\/p>\n","protected":false},"author":1,"featured_media":82,"comment_status":"open","ping_status":"open","sticky":false,"template":"","format":"standard","meta":{"_mi_skip_tracking":false,"_monsterinsights_sitenote_active":false,"_monsterinsights_sitenote_note":"","_monsterinsights_sitenote_category":0,"jetpack_post_was_ever_published":false,"_jetpack_newsletter_access":"","jetpack_publicize_message":"","jetpack_is_tweetstorm":false,"jetpack_publicize_feature_enabled":true,"jetpack_social_post_already_shared":false,"jetpack_social_options":{"image_generator_settings":{"template":"highway","enabled":false}}},"categories":[52,56,18,61,16],"tags":[103,102],"jetpack_publicize_connections":[],"jetpack_featured_media_url":"https:\/\/i0.wp.com\/www.robertosedda.it\/wp-content\/uploads\/2012\/07\/uomo-tuta-258x258.jpg?fit=258%2C258","jetpack_sharing_enabled":true,"jetpack_shortlink":"https:\/\/wp.me\/p4jV2T-D","jetpack_likes_enabled":true,"jetpack-related-posts":[{"id":1920,"url":"http:\/\/www.robertosedda.it\/?p=1920","url_meta":{"origin":39,"position":0},"title":"Politici in treno","author":"Rufus","date":"09\/01\/2013","format":false,"excerpt":"Ieri ero a Roma per una riunione di Banca Etica. Sul treno che di mattina presto da Fiumicino porta a Termini ho due tizi seduti vicino. Uno chiama la moglie per sapere se \u00e8 riuscita a smontare, alla fine. Quella evidentemente c'era riuscita, perch\u00e9 stava gi\u00e0 dormendo: ma lui le\u2026","rel":"","context":"In &quot;Coordinate&quot;","block_context":{"text":"Coordinate","link":"http:\/\/www.robertosedda.it\/?cat=52"},"img":{"alt_text":"","src":"","width":0,"height":0},"classes":[]},{"id":11242,"url":"http:\/\/www.robertosedda.it\/?p=11242","url_meta":{"origin":39,"position":1},"title":"Cittadini normali","author":"Rufus","date":"03\/12\/2015","format":false,"excerpt":"Ieri di mattina abbastanza presto ero sul trenino che porta da Fiumicino a Termini. Mi ero alzato alle quattro e quindi mi\u00a0ero\u00a0appisolato: mi ha svegliato\u00a0l'arrivo\u00a0del controllore (una ragazza) che entrava nel vagone. Solo che poi non arrivava mai. Mi devo essere riappisolato di nuovo perch\u00e9 solo dopo un attimo ho\u2026","rel":"","context":"In &quot;Coordinate&quot;","block_context":{"text":"Coordinate","link":"http:\/\/www.robertosedda.it\/?cat=52"},"img":{"alt_text":"","src":"https:\/\/i0.wp.com\/www.robertosedda.it\/wp-content\/uploads\/2015\/12\/Leonardo-Express.gif?fit=640%2C427&resize=350%2C200","width":350,"height":200},"classes":[]},{"id":1047,"url":"http:\/\/www.robertosedda.it\/?p=1047","url_meta":{"origin":39,"position":2},"title":"Il blues dell&#8217;aeroporto","author":"Rufus","date":"16\/10\/2012","format":false,"excerpt":"Mi aggiro per Fiumicino. A un certo punto entro in un negozio che vende accessori per iPhone, cellulari, tablet: custodie, caricabatterie eccetera. Cartelle da viaggio, custodie per computer, cose cos\u00ec. Ci sono un padre e un figlio che esaminano con aria critica i prezzi della roba per iPhone. Il figlio,\u2026","rel":"","context":"In &quot;Coordinate&quot;","block_context":{"text":"Coordinate","link":"http:\/\/www.robertosedda.it\/?cat=52"},"img":{"alt_text":"","src":"","width":0,"height":0},"classes":[]},{"id":3274,"url":"http:\/\/www.robertosedda.it\/?p=3274","url_meta":{"origin":39,"position":3},"title":"Personale viaggiante","author":"Rufus","date":"27\/05\/2013","format":false,"excerpt":"Sabato sono andato a Bologna (e poi a Roma) per questioni varie di Banca Etica, fra le quali un invito del C.R.E.S.E.R. (Coordinamento Regionale per l'Economia Solidale Emilia-Romagna) a fare un intervento a una tavola rotonda in occasione di Terra Equa, dove erano tutti pi\u00f9 importanti di me e dove\u2026","rel":"","context":"In &quot;Coordinate&quot;","block_context":{"text":"Coordinate","link":"http:\/\/www.robertosedda.it\/?cat=52"},"img":{"alt_text":"","src":"https:\/\/i0.wp.com\/www.robertosedda.it\/wp-content\/uploads\/2013\/05\/2012-04-05_Stazione_VVFF_Roma_Ostiense-scaled.jpg?fit=1200%2C899&resize=350%2C200","width":350,"height":200,"srcset":"https:\/\/i0.wp.com\/www.robertosedda.it\/wp-content\/uploads\/2013\/05\/2012-04-05_Stazione_VVFF_Roma_Ostiense-scaled.jpg?fit=1200%2C899&resize=350%2C200 1x, https:\/\/i0.wp.com\/www.robertosedda.it\/wp-content\/uploads\/2013\/05\/2012-04-05_Stazione_VVFF_Roma_Ostiense-scaled.jpg?fit=1200%2C899&resize=700%2C400 2x, https:\/\/i0.wp.com\/www.robertosedda.it\/wp-content\/uploads\/2013\/05\/2012-04-05_Stazione_VVFF_Roma_Ostiense-scaled.jpg?fit=1200%2C899&resize=1050%2C600 3x"},"classes":[]},{"id":12306,"url":"http:\/\/www.robertosedda.it\/?p=12306","url_meta":{"origin":39,"position":4},"title":"Gettare la maschera","author":"Rufus","date":"06\/08\/2016","format":false,"excerpt":"La settimana scorsa ero in treno verso Fiumicino, di ritorno da un impegno di Banca Etica. L'orario era insolito, e la carrozza quasi deserta: solo un signore ben vestito, due file avanti a me sull'altro lato. Io ero distratto ma il signore parlava al telefono a voce alta con un\u2026","rel":"","context":"In &quot;Coordinate&quot;","block_context":{"text":"Coordinate","link":"http:\/\/www.robertosedda.it\/?cat=52"},"img":{"alt_text":"","src":"https:\/\/i0.wp.com\/www.robertosedda.it\/wp-content\/uploads\/2016\/08\/Fermate-Orte-Fiumicino1.jpg?fit=1200%2C367&resize=350%2C200","width":350,"height":200,"srcset":"https:\/\/i0.wp.com\/www.robertosedda.it\/wp-content\/uploads\/2016\/08\/Fermate-Orte-Fiumicino1.jpg?fit=1200%2C367&resize=350%2C200 1x, https:\/\/i0.wp.com\/www.robertosedda.it\/wp-content\/uploads\/2016\/08\/Fermate-Orte-Fiumicino1.jpg?fit=1200%2C367&resize=700%2C400 2x, https:\/\/i0.wp.com\/www.robertosedda.it\/wp-content\/uploads\/2016\/08\/Fermate-Orte-Fiumicino1.jpg?fit=1200%2C367&resize=1050%2C600 3x"},"classes":[]},{"id":9007,"url":"http:\/\/www.robertosedda.it\/?p=9007","url_meta":{"origin":39,"position":5},"title":"Virt\u00f9 terapeutiche di Al Bano","author":"Rufus","date":"05\/12\/2014","format":"video","excerpt":"Sabato ero a Linate, di ritorno dall'incontro di rete di Banca Etica. Dopo il check-in e i controlli di sicurezza ho notato un capannello di persone: c'era della gente che aveva incontrato Al Bano, di passaggio anche lui, e si stava facendo\u00a0fotografare con la celebrit\u00e0. Non sarei l'amichevole Rufus che\u2026","rel":"","context":"In &quot;Coordinate&quot;","block_context":{"text":"Coordinate","link":"http:\/\/www.robertosedda.it\/?cat=52"},"img":{"alt_text":"","src":"https:\/\/i0.wp.com\/img.youtube.com\/vi\/r6OkkEdDLV0\/0.jpg?resize=350%2C200","width":350,"height":200},"classes":[]}],"_links":{"self":[{"href":"http:\/\/www.robertosedda.it\/index.php?rest_route=\/wp\/v2\/posts\/39"}],"collection":[{"href":"http:\/\/www.robertosedda.it\/index.php?rest_route=\/wp\/v2\/posts"}],"about":[{"href":"http:\/\/www.robertosedda.it\/index.php?rest_route=\/wp\/v2\/types\/post"}],"author":[{"embeddable":true,"href":"http:\/\/www.robertosedda.it\/index.php?rest_route=\/wp\/v2\/users\/1"}],"replies":[{"embeddable":true,"href":"http:\/\/www.robertosedda.it\/index.php?rest_route=%2Fwp%2Fv2%2Fcomments&post=39"}],"version-history":[{"count":14,"href":"http:\/\/www.robertosedda.it\/index.php?rest_route=\/wp\/v2\/posts\/39\/revisions"}],"predecessor-version":[{"id":456,"href":"http:\/\/www.robertosedda.it\/index.php?rest_route=\/wp\/v2\/posts\/39\/revisions\/456"}],"wp:featuredmedia":[{"embeddable":true,"href":"http:\/\/www.robertosedda.it\/index.php?rest_route=\/wp\/v2\/media\/82"}],"wp:attachment":[{"href":"http:\/\/www.robertosedda.it\/index.php?rest_route=%2Fwp%2Fv2%2Fmedia&parent=39"}],"wp:term":[{"taxonomy":"category","embeddable":true,"href":"http:\/\/www.robertosedda.it\/index.php?rest_route=%2Fwp%2Fv2%2Fcategories&post=39"},{"taxonomy":"post_tag","embeddable":true,"href":"http:\/\/www.robertosedda.it\/index.php?rest_route=%2Fwp%2Fv2%2Ftags&post=39"}],"curies":[{"name":"wp","href":"https:\/\/api.w.org\/{rel}","templated":true}]}}