{"id":3872,"date":"2013-07-06T09:12:52","date_gmt":"2013-07-06T07:12:52","guid":{"rendered":"http:\/\/www.robertosedda.it\/?p=3872"},"modified":"2022-07-14T15:05:21","modified_gmt":"2022-07-14T13:05:21","slug":"una-famiglia-perfetta","status":"publish","type":"post","link":"http:\/\/www.robertosedda.it\/?p=3872","title":{"rendered":"Una famiglia perfetta"},"content":{"rendered":"<p>Ho visto ieri nella benemerita <a href=\"http:\/\/www.spaziodissea.it\/\">rassegna estiva di Villa Muscas<\/a> <em>Una famiglia perfetta<\/em> di Paolo Genovese.<\/p>\n<p>Il gruppo &#8220;La Pira&#8221; in questo periodo sta facendo un lavoro sulle relazioni familiari e quindi la visione del film si prestava, o cos\u00ec pensavo, a fare un po&#8217; da sponda a temi di cui stiamo discutendo, e cos\u00ec con questa scusa seriosa per una serata all&#8217;aria aperta io e Maria Bonaria, con panini (insalata e <em>hummus<\/em>, insalata, ricotta e pepe e il sempiterno pane, olio e pomodoro, per chi fosse curioso) e due bottiglie di <em>Guinness<\/em> ci siamo predisposti alla visione.<\/p>\n<p>In realt\u00e0 <em>Una famiglia perfetta<\/em> \u00e8 un film solo marginalmente sul tema della famiglia, mentre \u00e8 invece parecchio un film sul teatro, i teatranti e il rapporto fra finzione e realt\u00e0, con una robusta riflessione, casomai, sulle solitudini e sulle direzioni impreviste che la vita pu\u00f2 prendere.<\/p>\n<p>Non dico di pi\u00f9 per non rivelare la trama perch\u00e9 gi\u00e0 la prima scena contiene una sorpresa, anche se un&#8217;occhiata all&#8217;intervista agli attori qui sotto potrebbe darvi un&#8217;idea:<\/p>\n<div class=\"jetpack-video-wrapper\"><span class=\"embed-youtube\" style=\"text-align:center; display: block;\"><iframe class=\"youtube-player\" width=\"800\" height=\"450\" src=\"https:\/\/www.youtube.com\/embed\/PgHi-OoL-II?version=3&#038;rel=1&#038;showsearch=0&#038;showinfo=1&#038;iv_load_policy=1&#038;fs=1&#038;hl=it-IT&#038;autohide=2&#038;wmode=transparent\" allowfullscreen=\"true\" style=\"border:0;\" sandbox=\"allow-scripts allow-same-origin allow-popups allow-presentation\"><\/iframe><\/span><\/div>\n<p>Dico per\u00f2 che \u00e8 una commedia a orologeria quasi perfetta (c&#8217;\u00e8 appena appena qualche lunghezza qui e l\u00e0) in cui si ride molto e non ci si annoia mai, grazie anche a un buon <em>cast<\/em> di attori. Certo avrei preferito che Genovese spingesse appena appena di pi\u00f9 sul pedale dell&#8217;acceleratore (guardate la scena dell&#8217;entrata in scena del Professionista e pensate se il film fosse stato tutto cos\u00ec) invece poi piano piano scade su una regia attenta al servizio della storia ma meno inventiva.Scopro con sorpresa che \u00e8 un <em>remake<\/em> di un film spagnolo del 1996,&nbsp;<em>Familia<\/em>, e credo quindi che il merito dell&#8217;invenzione (l\u00ec era una festa di compleanno, qui siamo a Natale) e dell&#8217;ottimo congegno che \u00e8 la sceneggiatura sia di <a href=\"http:\/\/www.imdb.com\/name\/nm0508208\/?ref_=tt_ov_dr\">Fernando Le\u00f3n de Aranoa<\/a>. A Villa Muscas le proiezioni sono finite, cercate di recuperarlo in <em>homevideo<\/em>: \u00e8 un film molto adatto per una ripresa casalinga, in famiglia, appunto (senza bambini, magari&#8230;).<\/p>\n","protected":false},"excerpt":{"rendered":"<p>Ho visto ieri nella benemerita rassegna estiva di Villa Muscas Una famiglia perfetta di Paolo Genovese. Il gruppo &#8220;La Pira&#8221;<\/p>\n","protected":false},"author":1,"featured_media":19791,"comment_status":"open","ping_status":"open","sticky":false,"template":"","format":"video","meta":{"_mi_skip_tracking":false,"_monsterinsights_sitenote_active":false,"_monsterinsights_sitenote_note":"","_monsterinsights_sitenote_category":0,"jetpack_post_was_ever_published":false,"_jetpack_newsletter_access":"","jetpack_publicize_message":"","jetpack_is_tweetstorm":false,"jetpack_publicize_feature_enabled":true,"jetpack_social_post_already_shared":false,"jetpack_social_options":{"image_generator_settings":{"template":"highway","enabled":false}}},"categories":[52,14,56,12,61],"tags":[],"jetpack_publicize_connections":[],"jetpack_featured_media_url":"https:\/\/i0.wp.com\/www.robertosedda.it\/wp-content\/uploads\/2013\/07\/Famiglia-perfetta.jpg?fit=1024%2C619","jetpack_sharing_enabled":true,"jetpack_shortlink":"https:\/\/wp.me\/p4jV2T-10s","jetpack_likes_enabled":true,"jetpack-related-posts":[{"id":15837,"url":"http:\/\/www.robertosedda.it\/?p=15837","url_meta":{"origin":3872,"position":0},"title":"La mediocre ottima sceneggiatura","author":"Rufus","date":"13\/11\/2018","format":"video","excerpt":"Tutti lo sanno (Asghar Farhadi, Spagna, Francia Italia 2018) Ai bei tempi, il critico cinematografico di\u00a0Famiglia Cristiana era uso accompagnare le sue recensioni con due parole riassuntive, che contenevano anche una sorta di avvertimento morale per le famiglie perbene: che so, un film della serie de\u00a0Il Monnezza era probabilmente etichettato\u2026","rel":"","context":"In &quot;Coordinate&quot;","block_context":{"text":"Coordinate","link":"http:\/\/www.robertosedda.it\/?cat=52"},"img":{"alt_text":"","src":"https:\/\/i0.wp.com\/www.robertosedda.it\/wp-content\/uploads\/2018\/11\/Tutti-lo-sanno.jpg?fit=677%2C381&resize=350%2C200","width":350,"height":200},"classes":[]},{"id":9929,"url":"http:\/\/www.robertosedda.it\/?p=9929","url_meta":{"origin":3872,"position":1},"title":"Chi fermer\u00e0 la musica?","author":"Rufus","date":"09\/04\/2015","format":"video","excerpt":"La famiglia Belier (\u00c9ric Lartigau, Francia 2014) Ho visto subito dopo\u00a0Pasqua questa divertente commedia francese, piena di invenzioni e di buoni sentimenti. Forse troppo piena: perch\u00e9 la storia di Paula, unica dotata della voce - e che voce! - in una famiglia di sordi (pap\u00e0, mamma e fratellino) \u00e8 certamente\u2026","rel":"","context":"In &quot;Coordinate&quot;","block_context":{"text":"Coordinate","link":"http:\/\/www.robertosedda.it\/?cat=52"},"img":{"alt_text":"","src":"https:\/\/i0.wp.com\/img.youtube.com\/vi\/UOHtcFR4nfw\/0.jpg?resize=350%2C200","width":350,"height":200},"classes":[]},{"id":1093,"url":"http:\/\/www.robertosedda.it\/?p=1093","url_meta":{"origin":3872,"position":2},"title":"Il Reality di Garrone","author":"Rufus","date":"22\/10\/2012","format":"video","excerpt":"Ai matrimoni\u00a0o alle altre ricorrenze di famiglia\u00a0Luciano si traveste, si maschera da vecchietta o da drag queen per far ridere i parenti. Poi, mentre gli altri ospiti escono dagli abiti della festa (in\u00a0 una scena con un bellissimo piano sequenza) lui si toglie il cerone, si strucca e torna alla\u2026","rel":"","context":"In &quot;Coordinate&quot;","block_context":{"text":"Coordinate","link":"http:\/\/www.robertosedda.it\/?cat=52"},"img":{"alt_text":"","src":"https:\/\/i0.wp.com\/img.youtube.com\/vi\/LzNbwEoBHfQ\/0.jpg?resize=350%2C200","width":350,"height":200},"classes":[]},{"id":4840,"url":"http:\/\/www.robertosedda.it\/?p=4840","url_meta":{"origin":3872,"position":3},"title":"Ender&#8217;s game, che film!! Che film?!","author":"Rufus","date":"31\/10\/2013","format":"video","excerpt":"Il gioco di Ender \u00e8 uno dei miei libri di fantascienza preferiti, di cui ho anche parlato l'anno scorso in radio. \u00c8 anche uno dei classici del genere degli anni '80, vincitore dell'Hugo e del Nebula e ha consacrato durevolmente Orson Scott Card di fronte agli appassionati\u00a0con un\u00a0rispetto\u00a0che ha retto\u2026","rel":"","context":"In &quot;Coordinate&quot;","block_context":{"text":"Coordinate","link":"http:\/\/www.robertosedda.it\/?cat=52"},"img":{"alt_text":"","src":"https:\/\/i0.wp.com\/www.robertosedda.it\/wp-content\/uploads\/2013\/10\/Enders-Game-300x200.jpg?resize=350%2C200","width":350,"height":200},"classes":[]},{"id":1172,"url":"http:\/\/www.robertosedda.it\/?p=1172","url_meta":{"origin":3872,"position":4},"title":"Cate che avr\u00e0 vent&#8217;anni nel 2020","author":"Rufus","date":"27\/10\/2012","format":"video","excerpt":"Bellas mariposas (Salvatore Mereu, 2012) Caterina ha dodici anni e vive in una famiglia disfunzionale, in un condominio disfunzionale abitato da altre famiglie disfunzionali, in un quartiere disfunzionale, periferia di una citt\u00e0 bellissima che fa finta che quel quartiere - e i suoi abitanti - non esista. Quando dico disfunzionale,\u2026","rel":"","context":"In &quot;Coordinate&quot;","block_context":{"text":"Coordinate","link":"http:\/\/www.robertosedda.it\/?cat=52"},"img":{"alt_text":"","src":"https:\/\/i0.wp.com\/www.robertosedda.it\/wp-content\/uploads\/2012\/10\/bellasmari.jpg_415368877.jpg?resize=350%2C200","width":350,"height":200},"classes":[]},{"id":3092,"url":"http:\/\/www.robertosedda.it\/?p=3092","url_meta":{"origin":3872,"position":5},"title":"Miele","author":"Rufus","date":"14\/05\/2013","format":"video","excerpt":"ATTENZIONE: contiene anticipazioni sulla trama. Siete avvisati. Se in Italia ci fosse giustizia, e un sistema industriale cinematografico adeguato, Jasmine Trinca farebbe un remake locale di Nikita. O interpreterebbe un bel thriller spionistico, una roba di silenzi e parole accennate, di posizioni ambigue e figure che dicono tutto meno che\u2026","rel":"","context":"In &quot;Coordinate&quot;","block_context":{"text":"Coordinate","link":"http:\/\/www.robertosedda.it\/?cat=52"},"img":{"alt_text":"","src":"https:\/\/i0.wp.com\/img.youtube.com\/vi\/_pBwiXZ5gN4\/0.jpg?resize=350%2C200","width":350,"height":200},"classes":[]}],"_links":{"self":[{"href":"http:\/\/www.robertosedda.it\/index.php?rest_route=\/wp\/v2\/posts\/3872"}],"collection":[{"href":"http:\/\/www.robertosedda.it\/index.php?rest_route=\/wp\/v2\/posts"}],"about":[{"href":"http:\/\/www.robertosedda.it\/index.php?rest_route=\/wp\/v2\/types\/post"}],"author":[{"embeddable":true,"href":"http:\/\/www.robertosedda.it\/index.php?rest_route=\/wp\/v2\/users\/1"}],"replies":[{"embeddable":true,"href":"http:\/\/www.robertosedda.it\/index.php?rest_route=%2Fwp%2Fv2%2Fcomments&post=3872"}],"version-history":[{"count":10,"href":"http:\/\/www.robertosedda.it\/index.php?rest_route=\/wp\/v2\/posts\/3872\/revisions"}],"predecessor-version":[{"id":19792,"href":"http:\/\/www.robertosedda.it\/index.php?rest_route=\/wp\/v2\/posts\/3872\/revisions\/19792"}],"wp:featuredmedia":[{"embeddable":true,"href":"http:\/\/www.robertosedda.it\/index.php?rest_route=\/wp\/v2\/media\/19791"}],"wp:attachment":[{"href":"http:\/\/www.robertosedda.it\/index.php?rest_route=%2Fwp%2Fv2%2Fmedia&parent=3872"}],"wp:term":[{"taxonomy":"category","embeddable":true,"href":"http:\/\/www.robertosedda.it\/index.php?rest_route=%2Fwp%2Fv2%2Fcategories&post=3872"},{"taxonomy":"post_tag","embeddable":true,"href":"http:\/\/www.robertosedda.it\/index.php?rest_route=%2Fwp%2Fv2%2Ftags&post=3872"}],"curies":[{"name":"wp","href":"https:\/\/api.w.org\/{rel}","templated":true}]}}