{"id":3858,"date":"2013-07-04T16:12:24","date_gmt":"2013-07-04T14:12:24","guid":{"rendered":"http:\/\/www.robertosedda.it\/?p=3858"},"modified":"2023-07-11T13:16:42","modified_gmt":"2023-07-11T11:16:42","slug":"e-in-linea-lintervista-su-banca-etica-a-radio-x","status":"publish","type":"post","link":"http:\/\/www.robertosedda.it\/?p=3858","title":{"rendered":"\u00c8 in linea l&#8217;intervista su Banca Etica a Radio X"},"content":{"rendered":"<p>Ho visto che su <em>Radio X<\/em> <a href=\"http:\/\/www.radiox.it\/content\/cagliari-social-radio-3-luglio\">\u00e8 stata messa <em>on line<\/em> la puntata di ieri di <em>Extralive!<\/em> in cui sono stato intervistato da Vito Biolchini <\/a>su Banca Etica.<\/p>\n<p>In sala c&#8217;eravamo io, Maria Bonaria (grazie alle sue arti promozionali e a quelle di Viviana siamo stati invitati) e Gaetano, i quali mi hanno coraggiosamente scaricato la patata bollente. Grazie amici!<\/p>\n<p>Mentre aspettavamo mi guardavo intorno, considerandomi ormai un veterano della radio (ho comunque risparmiato a Gaetano e Bonaria cose tipo: \u00abVedete? questo\u00a0si chiama\u00a0microfono! Eh?! Meraviglioso, non vi pare?\u00bb. Posso dire comunque che i locali\u00a0e le attrezzature di <em>Radio X<\/em> sono molto pi\u00f9 sgarruppati di quelli di <em>Radio Kalaritana<\/em> in cui registro <em>Oggi parliamo di libri<\/em>; in compenso loro vanno in onda in diretta molto pi\u00f9 di noi e hanno pi\u00f9 produzioni locali, acc&#8230;! Ma ci rifaremo, prima o poi (secondo un certo modo di interpretare il principio di causalit\u00e0 potremmo devastare i locali del seminario per ottenere una programmazione pi\u00f9 ampia, ma forse non \u00e8 una buona idea).<a href=\"https:\/\/i0.wp.com\/www.robertosedda.it\/wp-content\/uploads\/2013\/07\/20130703_190126.jpg\"><img data-attachment-id=\"3862\" data-permalink=\"http:\/\/www.robertosedda.it\/?attachment_id=3862\" data-orig-file=\"https:\/\/i0.wp.com\/www.robertosedda.it\/wp-content\/uploads\/2013\/07\/20130703_190126.jpg?fit=1600%2C1200\" data-orig-size=\"1600,1200\" data-comments-opened=\"1\" data-image-meta=\"{&quot;aperture&quot;:&quot;2.8&quot;,&quot;credit&quot;:&quot;&quot;,&quot;camera&quot;:&quot;GT-B5330&quot;,&quot;caption&quot;:&quot;&quot;,&quot;created_timestamp&quot;:&quot;1372878085&quot;,&quot;copyright&quot;:&quot;&quot;,&quot;focal_length&quot;:&quot;2.7&quot;,&quot;iso&quot;:&quot;400&quot;,&quot;shutter_speed&quot;:&quot;0.12&quot;,&quot;title&quot;:&quot;&quot;}\" data-image-title=\"20130703_190126\" data-image-description=\"\" data-image-caption=\"\" data-medium-file=\"https:\/\/i0.wp.com\/www.robertosedda.it\/wp-content\/uploads\/2013\/07\/20130703_190126.jpg?fit=300%2C225\" data-large-file=\"https:\/\/i0.wp.com\/www.robertosedda.it\/wp-content\/uploads\/2013\/07\/20130703_190126.jpg?fit=510%2C383\" decoding=\"async\" loading=\"lazy\" class=\"aligncenter size-large wp-image-3862\" alt=\"20130703_190126\" src=\"https:\/\/i0.wp.com\/www.robertosedda.it\/wp-content\/uploads\/2013\/07\/20130703_190126.jpg?resize=700%2C525\" width=\"700\" height=\"525\" srcset=\"https:\/\/i0.wp.com\/www.robertosedda.it\/wp-content\/uploads\/2013\/07\/20130703_190126.jpg?resize=1024%2C768 1024w, https:\/\/i0.wp.com\/www.robertosedda.it\/wp-content\/uploads\/2013\/07\/20130703_190126.jpg?resize=300%2C225 300w, https:\/\/i0.wp.com\/www.robertosedda.it\/wp-content\/uploads\/2013\/07\/20130703_190126.jpg?resize=268%2C200 268w, https:\/\/i0.wp.com\/www.robertosedda.it\/wp-content\/uploads\/2013\/07\/20130703_190126.jpg?resize=700%2C525 700w, https:\/\/i0.wp.com\/www.robertosedda.it\/wp-content\/uploads\/2013\/07\/20130703_190126.jpg?w=1600 1600w\" sizes=\"(max-width: 700px) 100vw, 700px\" data-recalc-dims=\"1\" \/><\/a><\/p>\n<p>L&#8217;intervista \u00e8 abbastanza ben fatta, anche se non ero particolarmente in forma, e infatti verso la fine ho avuto un\u00a0 blocco mentale, quando Biolchini mi ha chiesto una storia, un episodio memorabile, e io mi sono trovato totalmente privo di idee, il che, ne converrete, non \u00e8 bello.<\/p>\n<p>Dopo l&#8217;intervista Maria Bonaria mi ha fatto notare che potevo raccontare di Riace, dove oltretutto\u00a0abbiamo trascorso il nostro viaggio di nozze (e a me non era venuto in mente, <em>ooops<\/em>), e come sempre ovviamente ha ragione. Potrei recuperare adesso, ma di Riace magari vi racconter\u00f2 un altro giorno: merita che metta in ordine le idee, direi.<\/p>\n<p>Vi raccomando invece di ascoltare tutta la puntata, perch\u00e9 l&#8217;intervento dell&#8217;Associazione Ocra e la presentazione del <a href=\"http:\/\/www.festivaldelleterre.it\/\"><em>Festival delle Terre<\/em><\/a> sono tutte e due molto interessanti.<\/p>\n","protected":false},"excerpt":{"rendered":"<p>Ho visto che su Radio X \u00e8 stata messa on line la puntata di ieri di Extralive! in cui sono<\/p>\n","protected":false},"author":1,"featured_media":3862,"comment_status":"open","ping_status":"open","sticky":false,"template":"","format":"standard","meta":{"_mi_skip_tracking":false,"_monsterinsights_sitenote_active":false,"_monsterinsights_sitenote_note":"","_monsterinsights_sitenote_category":0,"jetpack_post_was_ever_published":false,"_jetpack_newsletter_access":"","jetpack_publicize_message":"","jetpack_is_tweetstorm":false,"jetpack_publicize_feature_enabled":true,"jetpack_social_post_already_shared":false,"jetpack_social_options":{"image_generator_settings":{"template":"highway","enabled":false}}},"categories":[72,52,55,17,16],"tags":[],"jetpack_publicize_connections":[],"jetpack_featured_media_url":"https:\/\/i0.wp.com\/www.robertosedda.it\/wp-content\/uploads\/2013\/07\/20130703_190126.jpg?fit=1600%2C1200","jetpack_sharing_enabled":true,"jetpack_shortlink":"https:\/\/wp.me\/p4jV2T-10e","jetpack_likes_enabled":true,"jetpack-related-posts":[{"id":13088,"url":"http:\/\/www.robertosedda.it\/?p=13088","url_meta":{"origin":3858,"position":0},"title":"E nessuno chiudeva la porta","author":"Rufus","date":"16\/01\/2017","format":false,"excerpt":"Questo pomeriggio, come sempre dopo pranzo, a casa era accesa la radio e ascoltavamo Radio3, per la precisione Fahrenheit. Si parlava del rapporto Oxfam diffuso oggi, l'articolo di inquadramento della loro campagna Un'economia umana per il 99%, dove il 99% sarebbero le persone normali e l'1% quella minoranza di super-ricchi\u2026","rel":"","context":"In &quot;Coordinate&quot;","block_context":{"text":"Coordinate","link":"http:\/\/www.robertosedda.it\/?cat=52"},"img":{"alt_text":"","src":"https:\/\/i0.wp.com\/www.robertosedda.it\/wp-content\/uploads\/2017\/01\/Oxfam.jpg?fit=457%2C457&resize=350%2C200","width":350,"height":200},"classes":[]},{"id":12353,"url":"http:\/\/www.robertosedda.it\/?p=12353","url_meta":{"origin":3858,"position":1},"title":"Lo dico sinceramente&#8230;","author":"Rufus","date":"25\/08\/2016","format":false,"excerpt":"\u00c8 stato pubblicato oggi\u00a0sul sito di Banca Etica l'annuncio ufficiale del fatto\u00a0che il 23 settembre inauguriamo ufficialmente la nuova sede del banchiere ambulante a Cagliari. E quindi ciao, arrivederci, \u00e8 stato bello conoscervi: fino al 23 io non esisto pi\u00f9,\u00a0kaputt, c'\u00e8 un monte impressionante di cose da fare, perch\u00e9 ci\u2026","rel":"","context":"In &quot;Banche e finanza&quot;","block_context":{"text":"Banche e finanza","link":"http:\/\/www.robertosedda.it\/?cat=72"},"img":{"alt_text":"","src":"https:\/\/i0.wp.com\/www.robertosedda.it\/wp-content\/uploads\/2016\/08\/Banca-Etica-Cagliari.jpg?fit=962%2C726&resize=350%2C200","width":350,"height":200,"srcset":"https:\/\/i0.wp.com\/www.robertosedda.it\/wp-content\/uploads\/2016\/08\/Banca-Etica-Cagliari.jpg?fit=962%2C726&resize=350%2C200 1x, https:\/\/i0.wp.com\/www.robertosedda.it\/wp-content\/uploads\/2016\/08\/Banca-Etica-Cagliari.jpg?fit=962%2C726&resize=700%2C400 2x"},"classes":[]},{"id":4744,"url":"http:\/\/www.robertosedda.it\/?p=4744","url_meta":{"origin":3858,"position":2},"title":"Sabato la finanza etica era a Olbia","author":"Rufus","date":"21\/10\/2013","format":"video","excerpt":"Il 19 ottobre sono intervenuto con Carlo Usai al convegno La finanza etica ti toglie un peso. C'era anche Gaetano Lauta, responsabile dei soci di Banca Etica di Cagliari, e sia gli organizzatori che il pubblico erano largamente presenti persone legate al Movimento Cinque Stelle. \u00c8 stato un dibattito molto\u2026","rel":"","context":"In &quot;Banche e finanza&quot;","block_context":{"text":"Banche e finanza","link":"http:\/\/www.robertosedda.it\/?cat=72"},"img":{"alt_text":"","src":"https:\/\/i0.wp.com\/www.robertosedda.it\/wp-content\/uploads\/2013\/10\/Finanza-etica-Olbia-219x300.jpeg?resize=350%2C200","width":350,"height":200},"classes":[]},{"id":7459,"url":"http:\/\/www.robertosedda.it\/?p=7459","url_meta":{"origin":3858,"position":3},"title":"Il banchiere dei poveri a &#8220;Oggi parliamo di libri&#8221;","author":"Rufus","date":"17\/05\/2014","format":"video","excerpt":"Il 13 marzo, in piena festa della finanza etica sono andato in onda su Oggi parliamo di libri e ho aggiunto il mio piccolo contributo ai festeggiamenti presentando Il banchiere dei poveri di Muhammad Yunus, il fondatore della Grameen Bank del Bangladesh, considerato l'inventore del moderno microcredito. La puntata \u00e8\u2026","rel":"","context":"In &quot;Biografie&quot;","block_context":{"text":"Biografie","link":"http:\/\/www.robertosedda.it\/?cat=83"},"img":{"alt_text":"","src":"https:\/\/i0.wp.com\/www.robertosedda.it\/wp-content\/uploads\/2014\/05\/Finanza-per-indignati.jpg?fit=282%2C420&resize=350%2C200","width":350,"height":200},"classes":[]},{"id":16971,"url":"http:\/\/www.robertosedda.it\/?p=16971","url_meta":{"origin":3858,"position":4},"title":"Racconti di genere","author":"Rufus","date":"08\/08\/2019","format":false,"excerpt":"Segnalo, con colpevole ritardo, la bella intervista che Femme FM ha dedicato alla mia amica e compagna di Banca Etica Elena Piseddu. Nell'intervista Elena, per quanto sorprendentemente emozionata, fa il meritato figurone. Ho anche dato un'occhiata al resto delle puntate (casualmente non avevo mai avuto di ascoltarle): trovo la trasmissione\u2026","rel":"","context":"In &quot;Biografie&quot;","block_context":{"text":"Biografie","link":"http:\/\/www.robertosedda.it\/?cat=83"},"img":{"alt_text":"","src":"https:\/\/i0.wp.com\/www.robertosedda.it\/wp-content\/uploads\/2019\/08\/elenapis-femmefm-620x350.jpg?fit=620%2C350&resize=350%2C200","width":350,"height":200},"classes":[]},{"id":14970,"url":"http:\/\/www.robertosedda.it\/?p=14970","url_meta":{"origin":3858,"position":5},"title":"La mattina, quando mi alzo&#8230;","author":"Rufus","date":"06\/04\/2018","format":false,"excerpt":"Cagliari Inedei \u00e8 un programma su\u00a0Radio X\u00a0inventato e curato da Cristina Marras che cerca di raccontare la nostra citt\u00e0 e la sua vita attraverso delle piccolissime pillole di racconti della giornata tipo dei suoi abitanti, fatti dalla loro stessa voce raccolta in maniera molto spontanea. Cos'\u00e8 una citt\u00e0 se non\u2026","rel":"","context":"In &quot;Coordinate&quot;","block_context":{"text":"Coordinate","link":"http:\/\/www.robertosedda.it\/?cat=52"},"img":{"alt_text":"","src":"https:\/\/i0.wp.com\/www.robertosedda.it\/wp-content\/uploads\/2018\/04\/cagliari-inedeilogo-620x350.jpg?fit=620%2C350&resize=350%2C200","width":350,"height":200},"classes":[]}],"_links":{"self":[{"href":"http:\/\/www.robertosedda.it\/index.php?rest_route=\/wp\/v2\/posts\/3858"}],"collection":[{"href":"http:\/\/www.robertosedda.it\/index.php?rest_route=\/wp\/v2\/posts"}],"about":[{"href":"http:\/\/www.robertosedda.it\/index.php?rest_route=\/wp\/v2\/types\/post"}],"author":[{"embeddable":true,"href":"http:\/\/www.robertosedda.it\/index.php?rest_route=\/wp\/v2\/users\/1"}],"replies":[{"embeddable":true,"href":"http:\/\/www.robertosedda.it\/index.php?rest_route=%2Fwp%2Fv2%2Fcomments&post=3858"}],"version-history":[{"count":5,"href":"http:\/\/www.robertosedda.it\/index.php?rest_route=\/wp\/v2\/posts\/3858\/revisions"}],"predecessor-version":[{"id":3867,"href":"http:\/\/www.robertosedda.it\/index.php?rest_route=\/wp\/v2\/posts\/3858\/revisions\/3867"}],"wp:featuredmedia":[{"embeddable":true,"href":"http:\/\/www.robertosedda.it\/index.php?rest_route=\/wp\/v2\/media\/3862"}],"wp:attachment":[{"href":"http:\/\/www.robertosedda.it\/index.php?rest_route=%2Fwp%2Fv2%2Fmedia&parent=3858"}],"wp:term":[{"taxonomy":"category","embeddable":true,"href":"http:\/\/www.robertosedda.it\/index.php?rest_route=%2Fwp%2Fv2%2Fcategories&post=3858"},{"taxonomy":"post_tag","embeddable":true,"href":"http:\/\/www.robertosedda.it\/index.php?rest_route=%2Fwp%2Fv2%2Ftags&post=3858"}],"curies":[{"name":"wp","href":"https:\/\/api.w.org\/{rel}","templated":true}]}}