{"id":3702,"date":"2013-06-27T11:55:57","date_gmt":"2013-06-27T09:55:57","guid":{"rendered":"http:\/\/www.robertosedda.it\/?p=3702"},"modified":"2023-07-04T16:36:58","modified_gmt":"2023-07-04T14:36:58","slug":"un-antico-gemellaggio","status":"publish","type":"post","link":"http:\/\/www.robertosedda.it\/?p=3702","title":{"rendered":"Un antico gemellaggio"},"content":{"rendered":"<p>Preparando gli inviti per <a href=\"http:\/\/www.robertosedda.it\/?attachment_id=3671\">l&#8217;incontro con Ugo Biggeri domani alla MEM (17.30, non mancate!!)<\/a>\u00a0\u00e8 saltata fuori una mia vecchia mail ai soci dell&#8217;Area Centro a proposito di un gemellaggio con i soci francesi della NEF (<em>Nouvelle Economie fraternelle<\/em>, la banca etica francese). La ripropongo cos\u00ec, perch\u00e9 ci sono cose divertenti: \u00e8 pi\u00f9 o meno del 2009 (il che spiega i <a href=\"http:\/\/www.repubblica.it\/2006\/c\/sezioni\/politica\/versoelezioni36\/berlulascio\/berlulascio.html\">giuramenti sulla testa dei figli<\/a>, cosa della quale forse ci siamo dimenticati), nel frattempo un pezzo di Banca Etica europea <a title=\"Proverbi e cantautori all\u2019Assemblea di Banca Etica (e altro\u2026)\" href=\"http:\/\/www.robertosedda.it\/?p=3179\">si \u00e8 fatta con gli spagnoli<\/a> e coi francesi no, ma il gemellaggio mi ricorda che&#8230; ci sono anche loro.<\/p>\n<blockquote><p><a href=\"https:\/\/i0.wp.com\/www.robertosedda.it\/wp-content\/uploads\/2013\/06\/Villaggio-Carovana-2.jpg\"><img data-attachment-id=\"3711\" data-permalink=\"http:\/\/www.robertosedda.it\/?attachment_id=3711\" data-orig-file=\"https:\/\/i0.wp.com\/www.robertosedda.it\/wp-content\/uploads\/2013\/06\/Villaggio-Carovana-2.jpg?fit=453%2C604\" data-orig-size=\"453,604\" data-comments-opened=\"1\" data-image-meta=\"{&quot;aperture&quot;:&quot;0&quot;,&quot;credit&quot;:&quot;&quot;,&quot;camera&quot;:&quot;&quot;,&quot;caption&quot;:&quot;&quot;,&quot;created_timestamp&quot;:&quot;0&quot;,&quot;copyright&quot;:&quot;&quot;,&quot;focal_length&quot;:&quot;0&quot;,&quot;iso&quot;:&quot;0&quot;,&quot;shutter_speed&quot;:&quot;0&quot;,&quot;title&quot;:&quot;&quot;}\" data-image-title=\"Villaggio Carovana 2\" data-image-description=\"\" data-image-caption=\"\" data-medium-file=\"https:\/\/i0.wp.com\/www.robertosedda.it\/wp-content\/uploads\/2013\/06\/Villaggio-Carovana-2.jpg?fit=225%2C300\" data-large-file=\"https:\/\/i0.wp.com\/www.robertosedda.it\/wp-content\/uploads\/2013\/06\/Villaggio-Carovana-2.jpg?fit=453%2C604\" decoding=\"async\" loading=\"lazy\" class=\"alignleft size-medium wp-image-3711\" alt=\"Villaggio Carovana 2\" src=\"https:\/\/i0.wp.com\/www.robertosedda.it\/wp-content\/uploads\/2013\/06\/Villaggio-Carovana-2.jpg?resize=225%2C300\" width=\"225\" height=\"300\" srcset=\"https:\/\/i0.wp.com\/www.robertosedda.it\/wp-content\/uploads\/2013\/06\/Villaggio-Carovana-2.jpg?resize=225%2C300 225w, https:\/\/i0.wp.com\/www.robertosedda.it\/wp-content\/uploads\/2013\/06\/Villaggio-Carovana-2.jpg?w=453 453w\" sizes=\"(max-width: 225px) 100vw, 225px\" data-recalc-dims=\"1\" \/><\/a>Cari tutti<\/p>\n<p>vi scrivo per raccontarvi della visita che abbiamo ricevuto in Sardegna di un gruppo di soci francesi della NEF (una roba nota nel dialetto locale come &#8220;gemellaggio&#8221; e nel gergo della mia famiglia &#8220;il massacro&#8221;). Mi \u00e8 sembrato opportuno raccontarvela sia perch\u00e9 la nostra esperienza pu\u00f2 essere utile per altri gemellaggi transfrontalieri, transalpini o finanche transatlantici (che vi consiglio fortemente di organizzare anche voi), sia perch\u00e9 per me \u00e8 stata l&#8217;occasione per riflettere su alcuni temi della vita della Banca a cui non avevo forse mai dato troppa attenzione.<\/p>\n<p>Ho voluto tenere il tono di questa relazione, come dire? &#8220;creativo&#8221;. Le due bottiglie di Bordeaux portate dai nostri ospiti e che fino a ieri stavano nella mia cantina non c&#8217;entrano per nulla. Lo giuro. Lo giuro sulla testa dei miei figli.<\/p>\n<h3>L&#8217;occasione<\/h3>\n<p>Fino a dicembre scorso tutto quello che sapevo del socio medio della NEF era una definizione di Mario Cavani: &#8220;Della gente con un cuore grande cos\u00ec&#8221;. Ci sono probabilmente complimenti migliori, ma adesso non me ne vengono in mente tanti, e perci\u00f2 diciamo che sono sempre stato ben disposto verso la NEF: il fatto che vivano dove si produce il Bordeaux, il Bourgogne e il Beaujolais (che poi mi chiedo: perch\u00e9 tutti con la &#8220;B&#8221;?) era un fatto puramente accessorio. Lo giuro.<\/p>\n<p><a href=\"https:\/\/i0.wp.com\/www.robertosedda.it\/wp-content\/uploads\/2013\/06\/Gemellaggio-a-Parigi.jpg\"><img data-attachment-id=\"3712\" data-permalink=\"http:\/\/www.robertosedda.it\/?attachment_id=3712\" data-orig-file=\"https:\/\/i0.wp.com\/www.robertosedda.it\/wp-content\/uploads\/2013\/06\/Gemellaggio-a-Parigi.jpg?fit=604%2C453\" data-orig-size=\"604,453\" data-comments-opened=\"1\" data-image-meta=\"{&quot;aperture&quot;:&quot;0&quot;,&quot;credit&quot;:&quot;&quot;,&quot;camera&quot;:&quot;&quot;,&quot;caption&quot;:&quot;&quot;,&quot;created_timestamp&quot;:&quot;0&quot;,&quot;copyright&quot;:&quot;&quot;,&quot;focal_length&quot;:&quot;0&quot;,&quot;iso&quot;:&quot;0&quot;,&quot;shutter_speed&quot;:&quot;0&quot;,&quot;title&quot;:&quot;&quot;}\" data-image-title=\"Gemellaggio a Parigi\" data-image-description=\"\" data-image-caption=\"\" data-medium-file=\"https:\/\/i0.wp.com\/www.robertosedda.it\/wp-content\/uploads\/2013\/06\/Gemellaggio-a-Parigi.jpg?fit=300%2C225\" data-large-file=\"https:\/\/i0.wp.com\/www.robertosedda.it\/wp-content\/uploads\/2013\/06\/Gemellaggio-a-Parigi.jpg?fit=510%2C383\" decoding=\"async\" loading=\"lazy\" class=\"alignright size-medium wp-image-3712\" alt=\"Gemellaggio a Parigi\" src=\"https:\/\/i0.wp.com\/www.robertosedda.it\/wp-content\/uploads\/2013\/06\/Gemellaggio-a-Parigi.jpg?resize=300%2C225\" width=\"300\" height=\"225\" srcset=\"https:\/\/i0.wp.com\/www.robertosedda.it\/wp-content\/uploads\/2013\/06\/Gemellaggio-a-Parigi.jpg?resize=300%2C225 300w, https:\/\/i0.wp.com\/www.robertosedda.it\/wp-content\/uploads\/2013\/06\/Gemellaggio-a-Parigi.jpg?resize=268%2C200 268w, https:\/\/i0.wp.com\/www.robertosedda.it\/wp-content\/uploads\/2013\/06\/Gemellaggio-a-Parigi.jpg?w=604 604w\" sizes=\"(max-width: 300px) 100vw, 300px\" data-recalc-dims=\"1\" \/><\/a>Non so se sapete che a Cagliari stiamo sperimentando la possibilit\u00e0 di attivit\u00e0 di microcredito\/microfinanza che usino la metodologia dei Club di risparmiatori etico-solidali &#8220;CIGALES&#8221;, un&#8217;esperienza che in Francia ha ormai trent&#8217;anni. Lavorando quindi con un francese delle Cigales, ci \u00e8 venuto in mente di chiedergli se conoscesse soci della NEF della sua citt\u00e0 (che, incidentalmente, era Parigi) e di proporre uno scambio di visite: noi a Parigi e loro a Cagliari.<\/p>\n<p>Il tutto proposto con molta umilt\u00e0, no? perch\u00e9 Parigi \u00e8 sempre Parigi e Cagliari una citt\u00e0 provinciale di una regione priva di grandi attrattive artistiche e culturali, giusto? Hmmmm, magari non avevamo considerato il mare, i nuraghi, il mare, il porcetto, il mare&#8230;<\/p>\n<p>Mah, prima di andare avanti a raccontarvi come \u00e8 andata finire, \u00e8 tempo della prima importante<\/p>\n<p><strong>Regola di Sedda sui gemellaggi<\/strong><br \/>\n&#8220;Se nasce, nasce in maniera casuale&#8221;<\/p>\n<p>voglio dire, se siamo riusciti a organizzare il gemellaggio noi, che siamo separati dalla Francia non solo dalle Alpi ma anche dal mare, possono farlo tutti, no? Non ci sar\u00e0 nella vostra citt\u00e0 un contatto con la Francia apparentemente estemporaneo (tramite l&#8217;Universit\u00e0, un progetto europeo che aveva partner francesi, una realt\u00e0 dell&#8217;economia sociale che si \u00e8 affacciata oltre confine nel passato, una relazione politica, un parente, un amico, un importatore di vini&#8230;)? Se c&#8217;\u00e8, probabilmente sarete in grado di organizzare il gemellaggio. Per mia esperienza, il contatto attivato otterr\u00e0 risposte entusiastiche. Anche se non avete il mare.<\/p>\n<p>Certo, non mi sembra impossibile che per esempio l&#8217;area socio-culturale di Banca Etica e un qualche ufficio soci della NEF metta su un database di circoscrizioni francesi e italiane disposte a scambiarsi visite (anzi, per certi aspetti mi domando se non ci si \u00e8 gi\u00e0 pensato e se sono io l&#8217;ignorante); oppure, alla pre-Assemblea dei coordinatori a Roma con Salviato si era proposto, come ricorderete, di far partecipare i soci alle famose commissioni miste di lavoro in vista della Banca Etica Europea &#8211; bene, una di queste potrebbe proporsi proprio questo tipo di lavoro, fra gli altri&#8230;<\/p>\n<p>&#8230; ma io suggerirei che uno degli aspetti qualificanti di qualunque gemellaggio \u00e8 la relazione\u00a0 diretta fra due realt\u00e0 di base, per cui direi che anche se l&#8217;input venisse da una commissione o ufficio centrale, poi sarebbe bene che il gemellaggio camminasse con le sue gambe.<\/p>\n<h3>L&#8217;accordo<\/h3>\n<p><a href=\"https:\/\/i0.wp.com\/www.robertosedda.it\/wp-content\/uploads\/2013\/06\/Gemellaggio-Nancy.jpg\"><img data-attachment-id=\"3713\" data-permalink=\"http:\/\/www.robertosedda.it\/?attachment_id=3713\" data-orig-file=\"https:\/\/i0.wp.com\/www.robertosedda.it\/wp-content\/uploads\/2013\/06\/Gemellaggio-Nancy.jpg?fit=604%2C453\" data-orig-size=\"604,453\" data-comments-opened=\"1\" data-image-meta=\"{&quot;aperture&quot;:&quot;0&quot;,&quot;credit&quot;:&quot;&quot;,&quot;camera&quot;:&quot;&quot;,&quot;caption&quot;:&quot;&quot;,&quot;created_timestamp&quot;:&quot;0&quot;,&quot;copyright&quot;:&quot;&quot;,&quot;focal_length&quot;:&quot;0&quot;,&quot;iso&quot;:&quot;0&quot;,&quot;shutter_speed&quot;:&quot;0&quot;,&quot;title&quot;:&quot;&quot;}\" data-image-title=\"Gemellaggio Nancy\" data-image-description=\"\" data-image-caption=\"\" data-medium-file=\"https:\/\/i0.wp.com\/www.robertosedda.it\/wp-content\/uploads\/2013\/06\/Gemellaggio-Nancy.jpg?fit=300%2C225\" data-large-file=\"https:\/\/i0.wp.com\/www.robertosedda.it\/wp-content\/uploads\/2013\/06\/Gemellaggio-Nancy.jpg?fit=510%2C383\" decoding=\"async\" loading=\"lazy\" class=\"alignleft size-medium wp-image-3713\" alt=\"Gemellaggio Nancy\" src=\"https:\/\/i0.wp.com\/www.robertosedda.it\/wp-content\/uploads\/2013\/06\/Gemellaggio-Nancy.jpg?resize=300%2C225\" width=\"300\" height=\"225\" srcset=\"https:\/\/i0.wp.com\/www.robertosedda.it\/wp-content\/uploads\/2013\/06\/Gemellaggio-Nancy.jpg?resize=300%2C225 300w, https:\/\/i0.wp.com\/www.robertosedda.it\/wp-content\/uploads\/2013\/06\/Gemellaggio-Nancy.jpg?resize=268%2C200 268w, https:\/\/i0.wp.com\/www.robertosedda.it\/wp-content\/uploads\/2013\/06\/Gemellaggio-Nancy.jpg?w=604 604w\" sizes=\"(max-width: 300px) 100vw, 300px\" data-recalc-dims=\"1\" \/><\/a>I contenuti del gemellaggio, dal punto di vista organizzativo, erano abbastanza semplici: alloggio degli ospiti presso famiglie dei soci; trasporto locale a carico di chi ospita, viaggio a carico di chi \u00e8 ospitato; pasti a carico di chi ospita se si mangia a casa; se invece si va da qualche parte, ognuno si paga il suo. \u00c8 un accordo che ha funzionato perfettamente. Se qualche incallito materialista \u00e8 interessato ai costi effettivi, complessivamente direi che, avendo fatto i biglietti con largo anticipo con RyanAir, i nostri ospiti hanno speso una ottantina di euro per il viaggio (andata e ritorno), diciotto euro per un pranzo in una struttura ricettiva al mare gestita da nostri soci e clienti e una decina di euro per un pranzo al mare ai chioschetti della spiaggia il giorno successivo. I costi del GIT sono stati praticamente nulli, quelli di chi ha ospitato minimi &#8211; un piatto di minestra per cena, un po&#8217; di pane raffermo per colazione (non proprio, come potete immaginare!!).<\/p>\n<p>Dal punto di vista culturale e politico, invece, fin dai primi contatti ci siamo assicurati reciprocamente di condividere l&#8217;idea che la futura Banca Etica Europa sar\u00e0, prima di tutto, una banca delle persone; e perci\u00f2 la cornice comune era quella di volersi incontrare e condividere i nostri vissuti e le nostre realt\u00e0 per dare sostanza all&#8217;idea della Banca, altrimenti solo &#8220;tecnica&#8221; o &#8220;economica&#8221;.<\/p>\n<p>In realt\u00e0, se questa era l&#8217;idea comune enunciata in peno accordo, la percezione di che cosa questo volesse dire in concreto era abbastanza diversa fra le due parti, come racconter\u00f2 dopo. Qui per\u00f2 basti dire che ci siamo resi conto abbastanza presto che ciascuno dei due gruppi intendeva delle cose diverse&#8230; e abbiamo deciso di fregarcene. Anzi, \u00e8 il momento di enunciare una nuova regola<\/p>\n<p><strong>Regola dei documenti preparatori<\/strong><br \/>\n&#8220;Se fossimo uguali, che senso avrebbe incontrarci?&#8221;<\/p>\n<p>Sapete quelle volte che uno vi dice qualcosa, voi non capite, lui ve lo rispiega e voi continuate a non capire? Qualcosa del genere \u00e8 successo abbastanza preso nella enunciazione degli obiettivi del gemellaggio che ricevevamo dalla Francia &#8211; la sensazione di non afferrare del tutto tutte le aspettative, le idee, gli obiettivi dell&#8217;altra parte. Piuttosto che chiedere ulteriori spiegazioni, o mettere i puntini sulle &#8220;i&#8221;, abbiamo preferito andare avanti, pensando che si trattasse di problemi di linguaggio o di esperienze diverse e che quando ci fossimo incontrati faccia a faccia tutto sarebbe andato a posto; altrimenti, abbiamo avuto la percezione che avremmo passato il tempo a discutere, senza fare. Col senno di poi, posso dire che abbiamo avuto ragione a giocare la scommessa in questo modo.<\/p>\n<p>Non voglio dire che non sia importante condividere gli obiettivi: voglio dire che, essendo le siutuazioni di partenza differenti, rimarr\u00e0 sempre un grado di indeterminatezza. Pazienza&#8230; ci sono cose peggiori nella vita.<\/p>\n<h3>La preparazione<\/h3>\n<p>Decidere la data \u00e8 stata la cosa pi\u00f9 difficile &#8211; in assoluto. Va bene, la prima data proposta era il giorno del matrimonio di mia sorella. Capita, che sfortuna.<\/p>\n<p>La seconda data proposta \u00e8 stata ritirata direttamente dai francesi per problemi loro. La terza, la quarta e la quinta per varie coincidenze. Alla fine, come si pu\u00f2 immaginare, la data definitiva si \u00e8 rivelata pi\u00f9 scomoda e scelta peggio di diverse delle altre che erano state scartate.<\/p>\n<p>Anche la logistica dei posti letto si \u00e8 rivelata abbastanza impegnativa: il gruppo previsto degli ospiti non era numerossisimo (tredici persone, sette di Nancy e sei di Parigi), ma diversi soci anziani vivono in case piccole e non possono ospitare, diversi soci giovani vivono coi genitori e non possono ospitare, le socie donne non volevano ospitare uomini, diversi soci vivono in periferia e utilizzare le loro case faceva aumentare i tempi di spostamento, qualche socio non era a Cagliari quei giorni, qualcuno si sposava&#8230; c&#8217;\u00e8 stato un momento in cui abbiamo avuto chiaramente l&#8217;idea di avere presunto troppo dalle nostre forze. In particolare, suggerisco caldamente di indicare in anticipo un numero massimo di persone che potete ospitare. In ogni caso, abbiamo mantenuto fino alla fine la scelta di ospitare solo nelle case dei soci, senza ricorrere a parenti, amici o altro.<\/p>\n<p>Per il resto, la preparazione ha comportato, per noi, semplicemente la redazione di un calendario di attivit\u00e0, che comprendeva tre tipi di momenti:<br \/>\n. visita a realt\u00e0 socie e finanziate da Banca Etica<br \/>\n. momenti assembleari di discussione e confronto<br \/>\n. momenti turistici, mare e cos\u00ec via<\/p>\n<p>I francesi in realt\u00e0 hanno fatto un cammino preparatorio molto pi\u00f9 &#8220;serio&#8221;, con studio di documenti sulla Banca Etica europea, riunioni preparatorie e cos\u00ec via, ed \u00e8 stato l\u00ec che ci siamo resi conto della differenza di impostazione.<\/p>\n<p>Se per noi, infatti, si trattava di dare la possibilit\u00e0 ai nostri ospiti di conoscere noi e la nostra realt\u00e0 &#8211; sotto tutti i punti di vista, compreso il funzionamento concreto di Banca Etica nel nostro territorio, per\u00f2 rimanendo elgati sempre al livello locale, per loro invece si trattava, oltre a questo, di discutere concretamente di tutte le scelte, politiche, operative, della futura Banca Etica Europa, come in un esercizio di &#8220;democrazia dal basso&#8221;.<\/p>\n<p>Pochi giorni prima della visita, esasperato, ho detto al nostro corrispondente francese: \u00abSenti, se volete discutere di questo, andate a Padova e parlate con Salviato!\u00bb. \u00c8 chiaro che alcune cose erano completamente fuori della esperienza (e anche dell&#8217;interesse) del socio medio locale di Cagliari; \u00e8 chiaro che non si poteva decidere a Cagliari, con un gruppo di soci totalmente casuale, se si deve fare la Banca Etica Europa oppure no&#8230; in realt\u00e0 per\u00f2 trovo che in realt\u00e0 l&#8217;atteggiamento dei francesi aveva la sua motivazione e che era perfettamente legittimo&#8230; e che anzi forse segnalava un deficit di volont\u00e0\u00a0 di partecipazione da parte nostra: perch\u00e9, vivaddio, se non si decide (avete letto bene, ho detto &#8220;decide&#8221;, non &#8220;discute&#8221;) delle scelte della Banca fra soci, dove altro?<\/p>\n<p>In ogni caso, ho avuto la sensazione, perlomeno dal lato francese, che questo tipo di esercizio di democrazia, o di autorganizzazione dei soci, che prendono, partono, si incontrano e discutono della Banca Etica Europa come piace a loro non sia del tutto indolore rispetto alle strutture dirigenziali, che possono sentirsi scavalcate. Lo dico anche per il fatto che, per esempio, poich\u00e9 i soci del gruppo di Nancy si sono portati dietro il marito di una che non \u00e8 socio NEF ma solo simpatizzante, mi \u00e8 stato chiesto di mettere per iscritto che da parte italiana autorizzavamo la sua partecipazione; cosa che ho doverosamente fatto, con una mail lunga e articolata, trovando per\u00f2 tutto il fatto abbastanza curioso&#8230; diciamo che ho avuto la sensazione che il gemellaggio abbia fatto inarcare qualche sopracciglio, ma poich\u00e9 \u00e8 solo una sensazione non ne parler\u00f2 affatto (sono una volpe, io!).<\/p>\n<h3>I lavori<\/h3>\n<p>Due del gruppo di Parigi hanno perso l&#8217;aereo e non sono arrivati. Con gli altri siamo stati insieme, la scorsa settimana, venerd\u00ec pomeriggio, tutto il sabato e la domenica (qualcuno del gruppo di Parigi \u00e8 partito domenica pomeriggio, tutti gli altri luned\u00ec mattina).<\/p>\n<p>Venerd\u00ec abbiamo fatto una passeggiata per Cagliari, per fargli vedere la citt\u00e0. Durante il percorso abbiamo visitato brevemente o indicato alcune realt\u00e0 finanziate dalla Banca; a met\u00e0 del percorso abbiamo praticamente requisito un bar e incontrato l&#8217;amministratore delegato di una societ\u00e0 socia e cliente della Banca che si occupa di fotovoltaico in maniera molto interessante. Per cena, festa con i soci e gli ospiti nella mia terrazza &#8211; luogo di cui tutti parlano come un luogo di delizie e che anche ai francesi \u00e8 piaciuta molto.<\/p>\n<p><a href=\"https:\/\/i0.wp.com\/www.robertosedda.it\/wp-content\/uploads\/2013\/06\/Villaggio-Carovana.jpg\"><img data-attachment-id=\"3714\" data-permalink=\"http:\/\/www.robertosedda.it\/?attachment_id=3714\" data-orig-file=\"https:\/\/i0.wp.com\/www.robertosedda.it\/wp-content\/uploads\/2013\/06\/Villaggio-Carovana.jpg?fit=604%2C453\" data-orig-size=\"604,453\" data-comments-opened=\"1\" data-image-meta=\"{&quot;aperture&quot;:&quot;0&quot;,&quot;credit&quot;:&quot;&quot;,&quot;camera&quot;:&quot;&quot;,&quot;caption&quot;:&quot;&quot;,&quot;created_timestamp&quot;:&quot;0&quot;,&quot;copyright&quot;:&quot;&quot;,&quot;focal_length&quot;:&quot;0&quot;,&quot;iso&quot;:&quot;0&quot;,&quot;shutter_speed&quot;:&quot;0&quot;,&quot;title&quot;:&quot;&quot;}\" data-image-title=\"Villaggio Carovana\" data-image-description=\"\" data-image-caption=\"\" data-medium-file=\"https:\/\/i0.wp.com\/www.robertosedda.it\/wp-content\/uploads\/2013\/06\/Villaggio-Carovana.jpg?fit=300%2C225\" data-large-file=\"https:\/\/i0.wp.com\/www.robertosedda.it\/wp-content\/uploads\/2013\/06\/Villaggio-Carovana.jpg?fit=510%2C383\" decoding=\"async\" loading=\"lazy\" class=\"alignright size-medium wp-image-3714\" alt=\"Villaggio Carovana\" src=\"https:\/\/i0.wp.com\/www.robertosedda.it\/wp-content\/uploads\/2013\/06\/Villaggio-Carovana.jpg?resize=300%2C225\" width=\"300\" height=\"225\" srcset=\"https:\/\/i0.wp.com\/www.robertosedda.it\/wp-content\/uploads\/2013\/06\/Villaggio-Carovana.jpg?resize=300%2C225 300w, https:\/\/i0.wp.com\/www.robertosedda.it\/wp-content\/uploads\/2013\/06\/Villaggio-Carovana.jpg?resize=268%2C200 268w, https:\/\/i0.wp.com\/www.robertosedda.it\/wp-content\/uploads\/2013\/06\/Villaggio-Carovana.jpg?w=604 604w\" sizes=\"(max-width: 300px) 100vw, 300px\" data-recalc-dims=\"1\" \/><\/a>Sabato siamo andati a cinquanta chilometri da Cagliari, al Villaggio Carovana, una struttura ricettiva in una localit\u00e0 turistica al mare che si occupa di turismo responsabile e in particolare di attivit\u00e0 turistiche &#8220;accessibili&#8221;, nostra socia e a cui abbiamo finanziato un impianto fotovoltaico. L&#8217;incontro coi responsabili della cooperativa ci ha dato l&#8217;occasione di parlare di Banca Etica e delle reti di turismo responsabile locali, mentre il resto della giornata \u00e8 stato dedicato all&#8217;incontro col Banchiere ambulante della Sardegna, un incontro che ci era stato chiesto insistentemente.<\/p>\n<p>Castiadas ha una delle spiagge pi\u00f9 belle della Sardegna, e ci saremmo sentiti mortificati se non fossimo riusciti a portare il gruppo dei francesi al mare, ma devo dire che \u00e8 stata una bella lotta fra la spiaggia e il banchiere ambulante&#8230; vinta dalla spiaggia ai tempi supplementari, il che ha voluto dire un ritorno a Cagliari in piena notte, troppo stanchi anche per la prevista pizzata comune.<\/p>\n<p>Domenica abbiamo visitato un asilo biologico finanziato dalla Banca, un incontro molto interessante e inaspettatamente controverso (sapevate che in Francia i letti dei bambini devono essere alti almeno 25 cm? E come ci permettiamo in Italia di farli pi\u00f9 bassi?!). Accovacciati fra uno scivolo e una sedietta per bambini, abbiamo discusso della governance della futura Banca Etica Europa. Al termine, autobus per la spiaggia di Cagliari, occupazione napoleonica di un chioschetto a bordo mare, pranzo e rilassamento in spiaggia. A sera, era previsto un bis nella mia terrazza, ma il freddo maestrale ci ha ricacciato all&#8217;interno, dove la mia ricetta segreta di pasta alle zucchine e bottarga ha sugellato degnamente la visita. A mia mamma, capitata per caso, non \u00e8 parso vero di poter sfoggiare il suo francese, con tanta maestria da essere invitata immediatamente a venire anche lei a Parigi alla visita di ritorno.<\/p>\n<h3>Alcune considerazioni finali<\/h3>\n<p><a href=\"https:\/\/i0.wp.com\/www.robertosedda.it\/wp-content\/uploads\/2013\/06\/Jos\u00e9-Grajales.jpg\"><img data-attachment-id=\"3715\" data-permalink=\"http:\/\/www.robertosedda.it\/?attachment_id=3715\" data-orig-file=\"https:\/\/i0.wp.com\/www.robertosedda.it\/wp-content\/uploads\/2013\/06\/Jos\u00e9-Grajales.jpg?fit=453%2C604\" data-orig-size=\"453,604\" data-comments-opened=\"1\" data-image-meta=\"{&quot;aperture&quot;:&quot;0&quot;,&quot;credit&quot;:&quot;&quot;,&quot;camera&quot;:&quot;&quot;,&quot;caption&quot;:&quot;&quot;,&quot;created_timestamp&quot;:&quot;0&quot;,&quot;copyright&quot;:&quot;&quot;,&quot;focal_length&quot;:&quot;0&quot;,&quot;iso&quot;:&quot;0&quot;,&quot;shutter_speed&quot;:&quot;0&quot;,&quot;title&quot;:&quot;&quot;}\" data-image-title=\"Jos\u00e9 Grajales\" data-image-description=\"\" data-image-caption=\"\" data-medium-file=\"https:\/\/i0.wp.com\/www.robertosedda.it\/wp-content\/uploads\/2013\/06\/Jos\u00e9-Grajales.jpg?fit=225%2C300\" data-large-file=\"https:\/\/i0.wp.com\/www.robertosedda.it\/wp-content\/uploads\/2013\/06\/Jos\u00e9-Grajales.jpg?fit=453%2C604\" decoding=\"async\" loading=\"lazy\" class=\"alignleft size-medium wp-image-3715\" alt=\"Jos\u00e9 Grajales\" src=\"https:\/\/i0.wp.com\/www.robertosedda.it\/wp-content\/uploads\/2013\/06\/Jos\u00e9-Grajales.jpg?resize=225%2C300\" width=\"225\" height=\"300\" srcset=\"https:\/\/i0.wp.com\/www.robertosedda.it\/wp-content\/uploads\/2013\/06\/Jos\u00e9-Grajales.jpg?resize=225%2C300 225w, https:\/\/i0.wp.com\/www.robertosedda.it\/wp-content\/uploads\/2013\/06\/Jos\u00e9-Grajales.jpg?w=453 453w\" sizes=\"(max-width: 225px) 100vw, 225px\" data-recalc-dims=\"1\" \/><\/a>Beh, naturalmente qualunque incontro con l&#8217;altro comporta la capacit\u00e0 e la necessit\u00e0 di riconsiderare i propri parametri e i propri pregiudizi. Anche banalmente: l&#8217;omone di Nancy, dai fluenti capelli bianchi tenuti indietro da un codino, coi tatuaggi sbiaditi e la maglietta anarchica, non \u00e8 un ex milite della Legione Straniera n\u00e9 il cugino di Jean Gabin: tu non l&#8217;avresti immaginato mai, ma lavorava in Banca e si \u00e8 iscritto alla NEF per protestare contro la prima guerra del Golfo. Insomma, il gemellaggio \u00e8 prima di tutto un esercizio di ginnastica mentale che tiene giovani e svegli.<\/p>\n<p>Va su questa linea l&#8217;aver capito certe cose del vissuto dei nostri amici francesi che non avevamo mai immaginato: per esempio il senso di disagio, direi di lutto, per il fatto che col nuovo nome della Banca Etica Europa si perda quel tema della &#8220;fraternit\u00e0&#8221; che \u00e8 parte integrante del loro nome e della loro identit\u00e0 attuale; una sofferenza vera, autentica e inaspettata. In qualche modo la sensazione che sia la punta di un iceberg, e che ci sia in qualche modo il timore di essere &#8220;conquistati&#8221; &#8211; lo dico in altro modo: io avevo sempre pensato che Banca Etica Europa fosse una &#8220;espansione&#8221; di Banca Etica &#8211; poi si poteva essere d&#8217;accordo o meno, ma non mi ero mai messo nei panni di coloro che si trovano a essere &#8220;oggetto&#8221; dell&#8217;espansione. Per questo capisco certe asprezze emerse soprattutto nella discussione della domenica, come: &#8220;Voi italiani dite&#8230;&#8221;, &#8220;Voi italiani volete che&#8230;&#8221; rimproverando ai soci di Cagliari cose immagino dette in ben altri contesti dalla dirigenza della Banca Etica durante le varie\u00a0 trattative.<\/p>\n<p>L&#8217;altra idea che mi sono fatto, per la nostra piccolissima esperienza, \u00e8 che mentre in Italia il dibattito sulla Banca Etica Europa mi pare sostanzialmente fermo, in Francia \u00e8 attualissimo \u00e8 anche molto acceso. Per questo i gemellaggi mi sembrano interessanti: perch\u00e9 mi sono reso conto che coi nostri poveri mezzi (la mia terrazza e le zucchine, il mare, la grinta dei ragazzi dell&#8217;asilo o l&#8217;allegro casino del Villaggio Carovana, la dedizione del Banchiere ambulante) abbiamo allisciato pi\u00f9 di una penna arruffata; se questo sforzo fosse moltiplicato, io credo che ci sarebbero molti benefici nel dibattito in Francia e in Italia si avrebbe l&#8217;occasione di tornare sul progetto Banca Etica Europa da una prospettiva diversa.<\/p>\n<p>Infine, ho riflettuto molto in questi giorni sul tema della &#8220;gratificazione&#8221; che la vita della Banca pu\u00f2 dare a soci e clienti. Ho cominciato a pensarci quando mia moglie (che di solito, come sapete, \u00e8 quella in famiglia che di Banca Etica ci capisce veramente) alla fine della giornata di sabato mi ha detto: &#8220;Oggi \u00e8 stata una giornata indimenticabile&#8221; &#8211; io ero stato tutto il giorno troppo in tensione per godermela a sufficienza, ma guardando i soci e le persone delle varie realt\u00e0 finanziate mi sono reso conto che ciascuno sentiva di godere di un privilegio: compreso il fatto di potere spiegare il proprio progetto imprenditoriale a persone competenti venute da cos\u00ec lontano e sinceramente interessate. Oppure la possibilit\u00e0 di andare in Francia e incontrare altri che fanno cose simili alle tue &#8211; nel biologico, nel turismo responsabile, nelle energie rinnovabili, \u00e8 un &#8220;benefit&#8221; che nessuna altra Banca pu\u00f2 offrire, e che da senso a termini che usiamo spesso come &#8220;coprogettazione&#8221;. \u00c8 per questo che stiamo\u00a0 pensando, oltre ai posti ovviamente riservati per chi ha messo a disposizione la casa, di portare in Francia soprattutto i nuovi soci e le realt\u00e0 che sono diventate socie in quanto clienti.<\/p>\n<p>Insomma, \u00e8 stata una bellissima esperienza, che ripeterei volentieri &#8211; dopo almeno una settimana di sonno ininterrotto!<\/p><\/blockquote>\n","protected":false},"excerpt":{"rendered":"<p>Preparando gli inviti per l&#8217;incontro con Ugo Biggeri domani alla MEM (17.30, non mancate!!)\u00a0\u00e8 saltata fuori una mia vecchia mail<\/p>\n","protected":false},"author":1,"featured_media":3715,"comment_status":"open","ping_status":"open","sticky":false,"template":"","format":"standard","meta":{"_mi_skip_tracking":false,"_monsterinsights_sitenote_active":false,"_monsterinsights_sitenote_note":"","_monsterinsights_sitenote_category":0,"jetpack_post_was_ever_published":false,"_jetpack_newsletter_access":"","jetpack_publicize_message":"","jetpack_is_tweetstorm":false,"jetpack_publicize_feature_enabled":true,"jetpack_social_post_already_shared":false,"jetpack_social_options":{"image_generator_settings":{"template":"highway","enabled":false}}},"categories":[72,52,49,55,12],"tags":[],"jetpack_publicize_connections":[],"jetpack_featured_media_url":"https:\/\/i0.wp.com\/www.robertosedda.it\/wp-content\/uploads\/2013\/06\/Jos\u00e9-Grajales.jpg?fit=453%2C604","jetpack_sharing_enabled":true,"jetpack_shortlink":"https:\/\/wp.me\/p4jV2T-XI","jetpack_likes_enabled":true,"jetpack-related-posts":[{"id":12353,"url":"http:\/\/www.robertosedda.it\/?p=12353","url_meta":{"origin":3702,"position":0},"title":"Lo dico sinceramente&#8230;","author":"Rufus","date":"25\/08\/2016","format":false,"excerpt":"\u00c8 stato pubblicato oggi\u00a0sul sito di Banca Etica l'annuncio ufficiale del fatto\u00a0che il 23 settembre inauguriamo ufficialmente la nuova sede del banchiere ambulante a Cagliari. E quindi ciao, arrivederci, \u00e8 stato bello conoscervi: fino al 23 io non esisto pi\u00f9,\u00a0kaputt, c'\u00e8 un monte impressionante di cose da fare, perch\u00e9 ci\u2026","rel":"","context":"In &quot;Banche e finanza&quot;","block_context":{"text":"Banche e finanza","link":"http:\/\/www.robertosedda.it\/?cat=72"},"img":{"alt_text":"","src":"https:\/\/i0.wp.com\/www.robertosedda.it\/wp-content\/uploads\/2016\/08\/Banca-Etica-Cagliari.jpg?fit=962%2C726&resize=350%2C200","width":350,"height":200,"srcset":"https:\/\/i0.wp.com\/www.robertosedda.it\/wp-content\/uploads\/2016\/08\/Banca-Etica-Cagliari.jpg?fit=962%2C726&resize=350%2C200 1x, https:\/\/i0.wp.com\/www.robertosedda.it\/wp-content\/uploads\/2016\/08\/Banca-Etica-Cagliari.jpg?fit=962%2C726&resize=700%2C400 2x"},"classes":[]},{"id":6796,"url":"http:\/\/www.robertosedda.it\/?p=6796","url_meta":{"origin":3702,"position":1},"title":"Quel che ho detto alla festa dei quindici anni di Banca Etica a Sassari","author":"Rufus","date":"21\/03\/2014","format":false,"excerpt":"Ieri con Gaetano e Claudio siamo andati in trasferta (piuttosto stancante, devo dire, si vede che non ho pi\u00f9 l'et\u00e0) a Sassari per festeggiare anche l\u00ec i quindici anni di Banca Etica, insieme ai soci della Sardegna Settentrionale in un incontro davvero molto partecipato all'Universit\u00e0. Nell'occasione\u00a0mi hanno chiesto un saluto\u2026","rel":"","context":"In &quot;Banche e finanza&quot;","block_context":{"text":"Banche e finanza","link":"http:\/\/www.robertosedda.it\/?cat=72"},"img":{"alt_text":"","src":"https:\/\/i0.wp.com\/www.robertosedda.it\/wp-content\/uploads\/2014\/03\/Rufus-a-Cinque-su-quindici.jpg?fit=600%2C800&resize=350%2C200","width":350,"height":200},"classes":[]},{"id":4744,"url":"http:\/\/www.robertosedda.it\/?p=4744","url_meta":{"origin":3702,"position":2},"title":"Sabato la finanza etica era a Olbia","author":"Rufus","date":"21\/10\/2013","format":"video","excerpt":"Il 19 ottobre sono intervenuto con Carlo Usai al convegno La finanza etica ti toglie un peso. C'era anche Gaetano Lauta, responsabile dei soci di Banca Etica di Cagliari, e sia gli organizzatori che il pubblico erano largamente presenti persone legate al Movimento Cinque Stelle. \u00c8 stato un dibattito molto\u2026","rel":"","context":"In &quot;Banche e finanza&quot;","block_context":{"text":"Banche e finanza","link":"http:\/\/www.robertosedda.it\/?cat=72"},"img":{"alt_text":"","src":"https:\/\/i0.wp.com\/www.robertosedda.it\/wp-content\/uploads\/2013\/10\/Finanza-etica-Olbia-219x300.jpeg?resize=350%2C200","width":350,"height":200},"classes":[]},{"id":657,"url":"http:\/\/www.robertosedda.it\/?p=657","url_meta":{"origin":3702,"position":3},"title":"Non poteva funzionare","author":"Rufus","date":"23\/08\/2012","format":false,"excerpt":"Credo di avere sentito parlare per la prima volta di Banca Popolare Etica nell\u2019ottobre del 1995; un amico trasferitosi a Viterbo per studiare era entrato a far parte del GIT locale e ci segnal\u00f2 una presentazione pubblica che si doveva tenere a Cagliari. Mia moglie, che l\u2019ha sempre saputa molto\u2026","rel":"","context":"In &quot;Banche e finanza&quot;","block_context":{"text":"Banche e finanza","link":"http:\/\/www.robertosedda.it\/?cat=72"},"img":{"alt_text":"","src":"https:\/\/i0.wp.com\/www.robertosedda.it\/wp-content\/uploads\/2012\/08\/8930_1166680499070_1260200_n.jpg?fit=604%2C453&resize=350%2C200","width":350,"height":200},"classes":[]},{"id":10205,"url":"http:\/\/www.robertosedda.it\/?p=10205","url_meta":{"origin":3702,"position":4},"title":"Articoli dimenticati","author":"Rufus","date":"08\/05\/2015","format":false,"excerpt":"Mi sono accorto oggi che non avevo riportato sul\u00a0blog l'articolo che ho pubblicato sul supplemento diocesano di\u00a0Avvenire\u00a0del 19 aprile 2015, dedicato a Banca Etica. Lo riposto qui: \u00e8 un articolo brevissimo e anche piuttosto anonimo (me lo dico da solo...), nel senso che occorreva prima di tutto presentare la Banca\u2026","rel":"","context":"In &quot;Banche e finanza&quot;","block_context":{"text":"Banche e finanza","link":"http:\/\/www.robertosedda.it\/?cat=72"},"img":{"alt_text":"","src":"https:\/\/i0.wp.com\/www.robertosedda.it\/wp-content\/uploads\/2015\/05\/Avvenire-Cagliari-testata.jpg?fit=648%2C218&resize=350%2C200","width":350,"height":200},"classes":[]},{"id":12635,"url":"http:\/\/www.robertosedda.it\/?p=12635","url_meta":{"origin":3702,"position":5},"title":"I soci comandano","author":"Rufus","date":"11\/10\/2016","format":false,"excerpt":"I soci\u00a0comandano?! Durante una recente riunione in Banca Etica mi \u00e8 capitato di usare l'espressione: \u00abI soci comandano\u00bb. Mi sono reso conto da qualche altra chiacchierata successiva che nell'occasione non mi sono spiegato proprio bene e che l'espressione, anzi, pu\u00f2 portare a malintesi: se qualcuno comanda qualcun altro per forza\u2026","rel":"","context":"In &quot;Banche e finanza&quot;","block_context":{"text":"Banche e finanza","link":"http:\/\/www.robertosedda.it\/?cat=72"},"img":{"alt_text":"","src":"https:\/\/i0.wp.com\/www.robertosedda.it\/wp-content\/uploads\/2016\/10\/20160923_183812.jpg?fit=1200%2C720&resize=350%2C200","width":350,"height":200,"srcset":"https:\/\/i0.wp.com\/www.robertosedda.it\/wp-content\/uploads\/2016\/10\/20160923_183812.jpg?fit=1200%2C720&resize=350%2C200 1x, https:\/\/i0.wp.com\/www.robertosedda.it\/wp-content\/uploads\/2016\/10\/20160923_183812.jpg?fit=1200%2C720&resize=700%2C400 2x, https:\/\/i0.wp.com\/www.robertosedda.it\/wp-content\/uploads\/2016\/10\/20160923_183812.jpg?fit=1200%2C720&resize=1050%2C600 3x"},"classes":[]}],"_links":{"self":[{"href":"http:\/\/www.robertosedda.it\/index.php?rest_route=\/wp\/v2\/posts\/3702"}],"collection":[{"href":"http:\/\/www.robertosedda.it\/index.php?rest_route=\/wp\/v2\/posts"}],"about":[{"href":"http:\/\/www.robertosedda.it\/index.php?rest_route=\/wp\/v2\/types\/post"}],"author":[{"embeddable":true,"href":"http:\/\/www.robertosedda.it\/index.php?rest_route=\/wp\/v2\/users\/1"}],"replies":[{"embeddable":true,"href":"http:\/\/www.robertosedda.it\/index.php?rest_route=%2Fwp%2Fv2%2Fcomments&post=3702"}],"version-history":[{"count":9,"href":"http:\/\/www.robertosedda.it\/index.php?rest_route=\/wp\/v2\/posts\/3702\/revisions"}],"predecessor-version":[{"id":3717,"href":"http:\/\/www.robertosedda.it\/index.php?rest_route=\/wp\/v2\/posts\/3702\/revisions\/3717"}],"wp:featuredmedia":[{"embeddable":true,"href":"http:\/\/www.robertosedda.it\/index.php?rest_route=\/wp\/v2\/media\/3715"}],"wp:attachment":[{"href":"http:\/\/www.robertosedda.it\/index.php?rest_route=%2Fwp%2Fv2%2Fmedia&parent=3702"}],"wp:term":[{"taxonomy":"category","embeddable":true,"href":"http:\/\/www.robertosedda.it\/index.php?rest_route=%2Fwp%2Fv2%2Fcategories&post=3702"},{"taxonomy":"post_tag","embeddable":true,"href":"http:\/\/www.robertosedda.it\/index.php?rest_route=%2Fwp%2Fv2%2Ftags&post=3702"}],"curies":[{"name":"wp","href":"https:\/\/api.w.org\/{rel}","templated":true}]}}