{"id":3519,"date":"2013-06-17T17:47:01","date_gmt":"2013-06-17T15:47:01","guid":{"rendered":"http:\/\/www.robertosedda.it\/?p=3519"},"modified":"2021-06-18T11:49:48","modified_gmt":"2021-06-18T09:49:48","slug":"lastronauta-e-lo-scrittore-di-festival-1","status":"publish","type":"post","link":"http:\/\/www.robertosedda.it\/?p=3519","title":{"rendered":"L&#8217;astronauta e lo scrittore (di festival &#8211; 1)"},"content":{"rendered":"<p><a href=\"https:\/\/i0.wp.com\/www.robertosedda.it\/wp-content\/uploads\/2013\/06\/Bastione-St.-Remy-illuminato-5.jpg\"><img data-attachment-id=\"3591\" data-permalink=\"http:\/\/www.robertosedda.it\/?attachment_id=3591\" data-orig-file=\"https:\/\/i0.wp.com\/www.robertosedda.it\/wp-content\/uploads\/2013\/06\/Bastione-St.-Remy-illuminato-5.jpg?fit=3264%2C2448\" data-orig-size=\"3264,2448\" data-comments-opened=\"1\" data-image-meta=\"{&quot;aperture&quot;:&quot;2.8&quot;,&quot;credit&quot;:&quot;&quot;,&quot;camera&quot;:&quot;F8035&quot;,&quot;caption&quot;:&quot;&quot;,&quot;created_timestamp&quot;:&quot;1370640929&quot;,&quot;copyright&quot;:&quot;&quot;,&quot;focal_length&quot;:&quot;5.7&quot;,&quot;iso&quot;:&quot;320&quot;,&quot;shutter_speed&quot;:&quot;0.125&quot;,&quot;title&quot;:&quot;YASHICA Digital Camera&quot;}\" data-image-title=\"YASHICA Digital Camera\" data-image-description=\"\" data-image-caption=\"\" data-medium-file=\"https:\/\/i0.wp.com\/www.robertosedda.it\/wp-content\/uploads\/2013\/06\/Bastione-St.-Remy-illuminato-5.jpg?fit=300%2C225\" data-large-file=\"https:\/\/i0.wp.com\/www.robertosedda.it\/wp-content\/uploads\/2013\/06\/Bastione-St.-Remy-illuminato-5.jpg?fit=510%2C383\" decoding=\"async\" loading=\"lazy\" class=\"alignleft size-medium wp-image-3591\" src=\"https:\/\/i0.wp.com\/www.robertosedda.it\/wp-content\/uploads\/2013\/06\/Bastione-St.-Remy-illuminato-5.jpg?resize=300%2C225\" alt=\"YASHICA Digital Camera\" width=\"300\" height=\"225\" srcset=\"https:\/\/i0.wp.com\/www.robertosedda.it\/wp-content\/uploads\/2013\/06\/Bastione-St.-Remy-illuminato-5.jpg?resize=300%2C225 300w, https:\/\/i0.wp.com\/www.robertosedda.it\/wp-content\/uploads\/2013\/06\/Bastione-St.-Remy-illuminato-5.jpg?resize=1024%2C768 1024w, https:\/\/i0.wp.com\/www.robertosedda.it\/wp-content\/uploads\/2013\/06\/Bastione-St.-Remy-illuminato-5.jpg?resize=268%2C200 268w, https:\/\/i0.wp.com\/www.robertosedda.it\/wp-content\/uploads\/2013\/06\/Bastione-St.-Remy-illuminato-5.jpg?resize=700%2C525 700w, https:\/\/i0.wp.com\/www.robertosedda.it\/wp-content\/uploads\/2013\/06\/Bastione-St.-Remy-illuminato-5.jpg?w=1600 1600w, https:\/\/i0.wp.com\/www.robertosedda.it\/wp-content\/uploads\/2013\/06\/Bastione-St.-Remy-illuminato-5.jpg?w=2400 2400w\" sizes=\"(max-width: 300px) 100vw, 300px\" data-recalc-dims=\"1\" \/><\/a>Venerd\u00ec sera della settimana scorsa (il 7 giugno)\u00a0ho convinto Maria Bonaria ad andare a sentire <a href=\"http:\/\/it.wikipedia.org\/wiki\/Bruce_Sterling\">Bruce Sterling<\/a> al Bastione, all&#8217;interno di <em>Leggendo metropolitano<\/em>.<\/p>\n<p>Non sono un grandissimo amante di Sterling come scrittore <em>cyberpunk<\/em>, ma ho formato molte mie\u00a0idee su <em>Giro di vite contro gli hacker<\/em>, apprezzo il lavoro che Sterling fa sul futuro (e sul presente) su <a href=\"http:\/\/www.wired.com\/beyond_the_beyond\/\"><em>Wired<\/em><\/a> e non mi perdo una delle sue conversazioni annuali sullo stato del mondo\u00a0ospitate da\u00a0<a href=\"http:\/\/www.well.com\/\"><em>The Well<\/em><\/a>. La maggior parte delle volte penso che il vecchio Bruce sia un maestro nel far credere di capirne moltissimo mentre in realt\u00e0 sfarfalla, ma le sue acrobazie di pensiero sono sempre stimolanti; un esempio \u00e8 questa opinione sull&#8217;Italia (dalla conversazione sullo stato del mondo 2013, Sterling vive a Torino dal 2007):<\/p>\n<blockquote><p>Gli italiani non sono secondi a nessuno in materia di <em>capitale sociale<\/em>, il che \u00e8 il motivo per il quale il loro governo \u00e8 cos\u00ec disfunzionale. L&#8217;Italia in realt\u00e0 non \u00e8 una &#8220;nazione&#8221; con un &#8220;governo&#8221;, \u00e8 un insieme di citt\u00e0-stato estremamente civilizzate alle quali \u00e8 stato imposto uno stile di vita nazionalistico nel decennio 1860. Se i predatori locali di Francia e Austria non avessero inventato il governo nazionale centralizzato non credo che gli italiani sarebbero mai riusciti ad arrivarci da soli. Adesso che al mix stanno aggiungendo i <em>social network<\/em>, davvero mi interrrogo. Non \u00e8 governo, o societ\u00e0 civile, o capitale sociale&#8230; la gente li adora, palesemente, ma ti devi chiedere cosa ne verr\u00e0 fuori alla lunga, fra venti o quarant&#8217;anni.<\/p><\/blockquote>\n<p>Insomma: ti sembra una cavolata e ti metti l\u00ec a pensare come smontare l&#8217;americano presuntuoso. Pensa che ti ripensa ti sono venute in mente delle cose interessanti, hai fatto delle scoperte\u00a0e a quel punto non ti interessa pi\u00f9 <em>davvero<\/em> smontare Sterling. Sei <em>oltre<\/em>, hai visto cose, mondi&#8230; <em>hmmm<\/em>, chiss\u00e0 se lui troverebbe lusinghiero essere paragonato a un alteratore di stati di coscienza. Probabilmente si.<\/p>\n<p><a href=\"https:\/\/i0.wp.com\/www.robertosedda.it\/wp-content\/uploads\/2013\/06\/Bastione-St.-Remy-illuminato-4.jpg\"><img data-attachment-id=\"3593\" data-permalink=\"http:\/\/www.robertosedda.it\/?attachment_id=3593\" data-orig-file=\"https:\/\/i0.wp.com\/www.robertosedda.it\/wp-content\/uploads\/2013\/06\/Bastione-St.-Remy-illuminato-4.jpg?fit=3264%2C2448\" data-orig-size=\"3264,2448\" data-comments-opened=\"1\" data-image-meta=\"{&quot;aperture&quot;:&quot;2.8&quot;,&quot;credit&quot;:&quot;&quot;,&quot;camera&quot;:&quot;F8035&quot;,&quot;caption&quot;:&quot;&quot;,&quot;created_timestamp&quot;:&quot;1370640919&quot;,&quot;copyright&quot;:&quot;&quot;,&quot;focal_length&quot;:&quot;5.7&quot;,&quot;iso&quot;:&quot;320&quot;,&quot;shutter_speed&quot;:&quot;0.025&quot;,&quot;title&quot;:&quot;YASHICA Digital Camera&quot;}\" data-image-title=\"YASHICA Digital Camera\" data-image-description=\"\" data-image-caption=\"\" data-medium-file=\"https:\/\/i0.wp.com\/www.robertosedda.it\/wp-content\/uploads\/2013\/06\/Bastione-St.-Remy-illuminato-4.jpg?fit=300%2C225\" data-large-file=\"https:\/\/i0.wp.com\/www.robertosedda.it\/wp-content\/uploads\/2013\/06\/Bastione-St.-Remy-illuminato-4.jpg?fit=510%2C383\" decoding=\"async\" loading=\"lazy\" class=\"alignright size-medium wp-image-3593\" src=\"https:\/\/i0.wp.com\/www.robertosedda.it\/wp-content\/uploads\/2013\/06\/Bastione-St.-Remy-illuminato-4.jpg?resize=300%2C225\" alt=\"YASHICA Digital Camera\" width=\"300\" height=\"225\" srcset=\"https:\/\/i0.wp.com\/www.robertosedda.it\/wp-content\/uploads\/2013\/06\/Bastione-St.-Remy-illuminato-4.jpg?resize=300%2C225 300w, https:\/\/i0.wp.com\/www.robertosedda.it\/wp-content\/uploads\/2013\/06\/Bastione-St.-Remy-illuminato-4.jpg?resize=1024%2C768 1024w, https:\/\/i0.wp.com\/www.robertosedda.it\/wp-content\/uploads\/2013\/06\/Bastione-St.-Remy-illuminato-4.jpg?resize=268%2C200 268w, https:\/\/i0.wp.com\/www.robertosedda.it\/wp-content\/uploads\/2013\/06\/Bastione-St.-Remy-illuminato-4.jpg?resize=700%2C525 700w, https:\/\/i0.wp.com\/www.robertosedda.it\/wp-content\/uploads\/2013\/06\/Bastione-St.-Remy-illuminato-4.jpg?w=1600 1600w, https:\/\/i0.wp.com\/www.robertosedda.it\/wp-content\/uploads\/2013\/06\/Bastione-St.-Remy-illuminato-4.jpg?w=2400 2400w\" sizes=\"(max-width: 300px) 100vw, 300px\" data-recalc-dims=\"1\" \/><\/a>D&#8217;accordo, insomma l&#8217;idea di sentire Sterling dal vivo mi piaceva parecchio e cos\u00ec siamo andati a sentirlo: un gelato da <em>Stefino<\/em> preliminare e poi l\u00e0, al Bastione. Alle nove: perch\u00e9 l&#8217;incontro inizia alle dieci ma ci sar\u00e0 un sacco di gente, vedrai.<\/p>\n<p>Invece non c&#8217;\u00e8 nessuno, tranne un professore di Giurisprudenza e un vento gelido che taglia le ossa, l&#8217;unica cosa che hai nello stomaco \u00e8 un gelato\u00a0&#8211; un <em>gelato<\/em>! e desideri di esserti riempito invece di <em>grog<\/em>, qualunque cosa esso sia, o di qualche altra roba che bevono al Polo &#8211; e noi ci rattrappiamo sulle sedie stringendoci nella felpina di cotone. Per\u00f2 siamo in prima fila. Magari ce lo scriveranno sulla lapide: <em>prese una polmonite in prima fila al Bastione<\/em>.<\/p>\n<p><a href=\"https:\/\/i0.wp.com\/www.robertosedda.it\/wp-content\/uploads\/2013\/06\/Bastione-St.-Remy-illuminato.jpg\"><img data-attachment-id=\"3595\" data-permalink=\"http:\/\/www.robertosedda.it\/?attachment_id=3595\" data-orig-file=\"https:\/\/i0.wp.com\/www.robertosedda.it\/wp-content\/uploads\/2013\/06\/Bastione-St.-Remy-illuminato.jpg?fit=3264%2C2448\" data-orig-size=\"3264,2448\" data-comments-opened=\"1\" data-image-meta=\"{&quot;aperture&quot;:&quot;2.8&quot;,&quot;credit&quot;:&quot;&quot;,&quot;camera&quot;:&quot;F8035&quot;,&quot;caption&quot;:&quot;&quot;,&quot;created_timestamp&quot;:&quot;1370640835&quot;,&quot;copyright&quot;:&quot;&quot;,&quot;focal_length&quot;:&quot;5.7&quot;,&quot;iso&quot;:&quot;249&quot;,&quot;shutter_speed&quot;:&quot;0.125&quot;,&quot;title&quot;:&quot;YASHICA Digital Camera&quot;}\" data-image-title=\"YASHICA Digital Camera\" data-image-description=\"\" data-image-caption=\"\" data-medium-file=\"https:\/\/i0.wp.com\/www.robertosedda.it\/wp-content\/uploads\/2013\/06\/Bastione-St.-Remy-illuminato.jpg?fit=300%2C225\" data-large-file=\"https:\/\/i0.wp.com\/www.robertosedda.it\/wp-content\/uploads\/2013\/06\/Bastione-St.-Remy-illuminato.jpg?fit=510%2C383\" decoding=\"async\" loading=\"lazy\" class=\"alignleft size-medium wp-image-3595\" src=\"https:\/\/i0.wp.com\/www.robertosedda.it\/wp-content\/uploads\/2013\/06\/Bastione-St.-Remy-illuminato.jpg?resize=300%2C225\" alt=\"YASHICA Digital Camera\" width=\"300\" height=\"225\" srcset=\"https:\/\/i0.wp.com\/www.robertosedda.it\/wp-content\/uploads\/2013\/06\/Bastione-St.-Remy-illuminato.jpg?resize=300%2C225 300w, https:\/\/i0.wp.com\/www.robertosedda.it\/wp-content\/uploads\/2013\/06\/Bastione-St.-Remy-illuminato.jpg?resize=1024%2C768 1024w, https:\/\/i0.wp.com\/www.robertosedda.it\/wp-content\/uploads\/2013\/06\/Bastione-St.-Remy-illuminato.jpg?resize=268%2C200 268w, https:\/\/i0.wp.com\/www.robertosedda.it\/wp-content\/uploads\/2013\/06\/Bastione-St.-Remy-illuminato.jpg?resize=700%2C525 700w, https:\/\/i0.wp.com\/www.robertosedda.it\/wp-content\/uploads\/2013\/06\/Bastione-St.-Remy-illuminato.jpg?w=1600 1600w, https:\/\/i0.wp.com\/www.robertosedda.it\/wp-content\/uploads\/2013\/06\/Bastione-St.-Remy-illuminato.jpg?w=2400 2400w\" sizes=\"(max-width: 300px) 100vw, 300px\" data-recalc-dims=\"1\" \/><\/a>Intanto che non hai niente da fare tranne battere i denti, per\u00f2, il cervello pu\u00f2 lavorare in santa pace. Per esempio, passano un po&#8217; di <em>staff<\/em> e di organizzatori, e mi chiedo che <em>giro<\/em> sia <em>Leggendo metropolitano<\/em>, perch\u00e9 l&#8217;impressione che ho \u00e8 che sia un giro <em>diverso<\/em> da altri che si muovono in citt\u00e0 e sono pi\u00f9 in evidenza, e poi sapete che <a title=\"La pi\u00f9 piccola delle citt\u00e0 di Giuda\" href=\"http:\/\/www.robertosedda.it\/?p=2696\">mi piace sempre interrogarmi e catalogare le reti locali<\/a>. La domanda \u00e8 ingannevolmente semplice (una ricerchina in rete svela la <a href=\"http:\/\/www.prohairesis.com\/\">risposta<\/a>, apparentemente), ma in realt\u00e0 ha che fare con parecchie altre cose, e in fondo vuol dire chiedersi se <em>Leggendo metropolitano <\/em>\u00e8 capitale sociale, o societ\u00e0 civile,\u00a0per dirla con Sterling, o altro, chiss\u00e0 (spero <em>non<\/em> predatori austriaci, qualunque cosa questo voglia dire, a occhio direi invece capitale sociale), e che punti di intersezione ci sono con le\u00a0<em>mie<\/em> reti (apparentemente: pochi).<\/p>\n<p>L&#8217;altra cosa che si chiede,\u00a0lo zio Rufus rannicchiato sulla sedia con le ginocchia sollevate a tenere ferma la mascella, \u00e8 quanto costi <em>Leggendo metropolitano<\/em>, e chi cacci i soldi (una ricerchina in rete qui d\u00e0 meno risposte,\u00a0anche se\u00a0ci sono i nomi degli <em>sponsor<\/em>, sul programma e nel sito). Un po&#8217; \u00e8 una domanda tecnica, perch\u00e9 un giorno i <em>Fabbricastorie<\/em> faranno la <em>convention<\/em> di giochi <em>definitiva <\/em>che render\u00e0 ogni altro evento ludico cagliaritano un pallido ricordo, e guardare quel che fanno i maggiori di te \u00e8 sempre utile. Un po&#8217; \u00e8 perch\u00e9 c&#8217;ho l&#8217;occhio sociale, e per esempio noto che, per quanto ne so, nessun <em>festival <\/em>letterario in citt\u00e0 pubblica un bilancio sociale: se si facesse non sarebbe un cattivo contributo al dibattito culturale locale, penso.<\/p>\n<p><a href=\"https:\/\/i0.wp.com\/www.robertosedda.it\/wp-content\/uploads\/2013\/06\/Sterling-autografi.jpg\"><img data-attachment-id=\"3594\" data-permalink=\"http:\/\/www.robertosedda.it\/?attachment_id=3594\" data-orig-file=\"https:\/\/i0.wp.com\/www.robertosedda.it\/wp-content\/uploads\/2013\/06\/Sterling-autografi.jpg?fit=3264%2C2448\" data-orig-size=\"3264,2448\" data-comments-opened=\"1\" data-image-meta=\"{&quot;aperture&quot;:&quot;2.8&quot;,&quot;credit&quot;:&quot;&quot;,&quot;camera&quot;:&quot;F8035&quot;,&quot;caption&quot;:&quot;&quot;,&quot;created_timestamp&quot;:&quot;1370644010&quot;,&quot;copyright&quot;:&quot;&quot;,&quot;focal_length&quot;:&quot;5.7&quot;,&quot;iso&quot;:&quot;320&quot;,&quot;shutter_speed&quot;:&quot;0.025&quot;,&quot;title&quot;:&quot;YASHICA Digital Camera&quot;}\" data-image-title=\"YASHICA Digital Camera\" data-image-description=\"\" data-image-caption=\"\" data-medium-file=\"https:\/\/i0.wp.com\/www.robertosedda.it\/wp-content\/uploads\/2013\/06\/Sterling-autografi.jpg?fit=300%2C225\" data-large-file=\"https:\/\/i0.wp.com\/www.robertosedda.it\/wp-content\/uploads\/2013\/06\/Sterling-autografi.jpg?fit=510%2C383\" decoding=\"async\" loading=\"lazy\" class=\"alignleft size-medium wp-image-3594\" src=\"https:\/\/i0.wp.com\/www.robertosedda.it\/wp-content\/uploads\/2013\/06\/Sterling-autografi.jpg?resize=300%2C225\" alt=\"YASHICA Digital Camera\" width=\"300\" height=\"225\" srcset=\"https:\/\/i0.wp.com\/www.robertosedda.it\/wp-content\/uploads\/2013\/06\/Sterling-autografi.jpg?resize=300%2C225 300w, https:\/\/i0.wp.com\/www.robertosedda.it\/wp-content\/uploads\/2013\/06\/Sterling-autografi.jpg?resize=1024%2C768 1024w, https:\/\/i0.wp.com\/www.robertosedda.it\/wp-content\/uploads\/2013\/06\/Sterling-autografi.jpg?resize=268%2C200 268w, https:\/\/i0.wp.com\/www.robertosedda.it\/wp-content\/uploads\/2013\/06\/Sterling-autografi.jpg?resize=700%2C525 700w, https:\/\/i0.wp.com\/www.robertosedda.it\/wp-content\/uploads\/2013\/06\/Sterling-autografi.jpg?w=1600 1600w, https:\/\/i0.wp.com\/www.robertosedda.it\/wp-content\/uploads\/2013\/06\/Sterling-autografi.jpg?w=2400 2400w\" sizes=\"(max-width: 300px) 100vw, 300px\" data-recalc-dims=\"1\" \/><\/a>Intanto che mi faccio tutte queste domande arriva un po&#8217; di pubblico, arriva Sterling (un po&#8217; mi pare di riconoscerlo dalle foto, un po&#8217; sento che parla inglese e io, novello Sherlock Holmes, traggo le mie deduzioni). Ho lasciato a casa le mie copie di <em>La matrice spezzata<\/em> e di <em>Giro di vite contro gli hacker<\/em>, quindi niente autografo, e poi mi vergognerei un po&#8217;, forse. Per un attimo considero la possibilit\u00e0 di una foto &#8211; effettivamente sarebbe fighissimo &#8211; ma qui la timidezza prende il sopravvento e rimango pacifico a tremare sulla sedietta.<\/p>\n<p>C&#8217;\u00e8 per\u00f2 una parte di pubblico che non ha di queste riserve, e fioccano le foto ricordo. Solo che non le fanno con Sterling, ma con un altro tizio,\u00a0vestito in un doppiopetto elegante, bell&#8217;uomo alto e dinoccolato, un po&#8217; alla Kirk Douglas, che mi \u00e8 del tutto ignoto.<\/p>\n<p><a href=\"https:\/\/i0.wp.com\/www.robertosedda.it\/wp-content\/uploads\/2013\/06\/Leggendo-metropolitano-Sterling-Nespoli-2-.jpg\"><img data-attachment-id=\"3597\" data-permalink=\"http:\/\/www.robertosedda.it\/?attachment_id=3597\" data-orig-file=\"https:\/\/i0.wp.com\/www.robertosedda.it\/wp-content\/uploads\/2013\/06\/Leggendo-metropolitano-Sterling-Nespoli-2-.jpg?fit=2448%2C3264\" data-orig-size=\"2448,3264\" data-comments-opened=\"1\" data-image-meta=\"{&quot;aperture&quot;:&quot;5.1&quot;,&quot;credit&quot;:&quot;&quot;,&quot;camera&quot;:&quot;F8035&quot;,&quot;caption&quot;:&quot;&quot;,&quot;created_timestamp&quot;:&quot;1370641964&quot;,&quot;copyright&quot;:&quot;&quot;,&quot;focal_length&quot;:&quot;17.1&quot;,&quot;iso&quot;:&quot;158&quot;,&quot;shutter_speed&quot;:&quot;0.007982&quot;,&quot;title&quot;:&quot;YASHICA Digital Camera&quot;}\" data-image-title=\"YASHICA Digital Camera\" data-image-description=\"\" data-image-caption=\"\" data-medium-file=\"https:\/\/i0.wp.com\/www.robertosedda.it\/wp-content\/uploads\/2013\/06\/Leggendo-metropolitano-Sterling-Nespoli-2-.jpg?fit=225%2C300\" data-large-file=\"https:\/\/i0.wp.com\/www.robertosedda.it\/wp-content\/uploads\/2013\/06\/Leggendo-metropolitano-Sterling-Nespoli-2-.jpg?fit=510%2C680\" decoding=\"async\" loading=\"lazy\" class=\"size-medium wp-image-3597 alignright\" src=\"https:\/\/i0.wp.com\/www.robertosedda.it\/wp-content\/uploads\/2013\/06\/Leggendo-metropolitano-Sterling-Nespoli-2-.jpg?resize=225%2C300\" alt=\"YASHICA Digital Camera\" width=\"225\" height=\"300\" srcset=\"https:\/\/i0.wp.com\/www.robertosedda.it\/wp-content\/uploads\/2013\/06\/Leggendo-metropolitano-Sterling-Nespoli-2-.jpg?resize=225%2C300 225w, https:\/\/i0.wp.com\/www.robertosedda.it\/wp-content\/uploads\/2013\/06\/Leggendo-metropolitano-Sterling-Nespoli-2-.jpg?resize=768%2C1024 768w, https:\/\/i0.wp.com\/www.robertosedda.it\/wp-content\/uploads\/2013\/06\/Leggendo-metropolitano-Sterling-Nespoli-2-.jpg?resize=700%2C933 700w, https:\/\/i0.wp.com\/www.robertosedda.it\/wp-content\/uploads\/2013\/06\/Leggendo-metropolitano-Sterling-Nespoli-2-.jpg?w=1600 1600w, https:\/\/i0.wp.com\/www.robertosedda.it\/wp-content\/uploads\/2013\/06\/Leggendo-metropolitano-Sterling-Nespoli-2-.jpg?w=2400 2400w\" sizes=\"(max-width: 225px) 100vw, 225px\" data-recalc-dims=\"1\" \/><\/a>Astuto come una volpe mi alzo e vado a vedere il cartello appeso al palco che elenca le varie attivit\u00e0 previste. Apprendo che Sterling discuter\u00e0 con tale Paolo Nespoli, nome che mi \u00e8 del tutto ignoto (ehm) e che il dibattito sar\u00e0 moderato da tale Andrea Possenti, nome che anch&#8217;esso mi \u00e8 del tutto ignoto (ri-hem). Proseguendo sulla linea Sherlock Holmes inaugurata, decido che Possenti deve essere chiaramente un noto giornalista, magari televisivo, e che pertanto \u00e8 lui l&#8217;oggetto delle brame del pubblico, il bell&#8217;uomo alto intento a fare il segno di vittoria davanti all&#8217;obiettivo mentre abbraccia ora l&#8217;uno ora l&#8217;altro degli spettatori.<\/p>\n<p>\u00c8 con una certa sorpresa da parte mia, pertanto, che quando a moderare il dibattito viene chiamato <a href=\"http:\/\/it.wikipedia.org\/wiki\/Andrea_Possenti\">Andrea Possenti<\/a>, &#8220;astrofisico e direttore dell&#8217;Osservatorio Astronomico di Cagliari&#8221;, il tizio alto resta comodamente seduto e invece sale sul palco un tizio che non avevo assolutamente notato. Mentre Possenti &#8211; che, incidentalmente, \u00e8 stato il primo a\u00a0 scoprire una <em>pulsar<\/em> doppia, il che lo rende a occhio uno degli scienziati pi\u00f9 importanti residenti a Cagliari &#8211; saluta il pubblico,\u00a0io ricacciato\u00a0su posizioni di ripiego decido che evidentemente il tizio alto \u00e8 Nespoli (se non \u00e8 zuppa&#8230;). <em>Tah-dah<\/em>, a me non la si fa, e quindi dopo che sul palco viene chiamato Sterling effettivamente al nome di Nespoli il tizio alto <a href=\"https:\/\/i0.wp.com\/www.robertosedda.it\/wp-content\/uploads\/2013\/06\/ALIM2807.jpg\"><img data-attachment-id=\"3602\" data-permalink=\"http:\/\/www.robertosedda.it\/?attachment_id=3602\" data-orig-file=\"https:\/\/i0.wp.com\/www.robertosedda.it\/wp-content\/uploads\/2013\/06\/ALIM2807.jpg?fit=2448%2C3264\" data-orig-size=\"2448,3264\" data-comments-opened=\"1\" data-image-meta=\"{&quot;aperture&quot;:&quot;5.1&quot;,&quot;credit&quot;:&quot;&quot;,&quot;camera&quot;:&quot;F8035&quot;,&quot;caption&quot;:&quot;&quot;,&quot;created_timestamp&quot;:&quot;1370644628&quot;,&quot;copyright&quot;:&quot;&quot;,&quot;focal_length&quot;:&quot;17.1&quot;,&quot;iso&quot;:&quot;320&quot;,&quot;shutter_speed&quot;:&quot;0.007982&quot;,&quot;title&quot;:&quot;YASHICA Digital Camera&quot;}\" data-image-title=\"YASHICA Digital Camera\" data-image-description=\"\" data-image-caption=\"\" data-medium-file=\"https:\/\/i0.wp.com\/www.robertosedda.it\/wp-content\/uploads\/2013\/06\/ALIM2807.jpg?fit=225%2C300\" data-large-file=\"https:\/\/i0.wp.com\/www.robertosedda.it\/wp-content\/uploads\/2013\/06\/ALIM2807.jpg?fit=510%2C680\" decoding=\"async\" loading=\"lazy\" class=\"alignleft size-medium wp-image-3602\" src=\"https:\/\/i0.wp.com\/www.robertosedda.it\/wp-content\/uploads\/2013\/06\/ALIM2807.jpg?resize=225%2C300\" alt=\"YASHICA Digital Camera\" width=\"225\" height=\"300\" srcset=\"https:\/\/i0.wp.com\/www.robertosedda.it\/wp-content\/uploads\/2013\/06\/ALIM2807.jpg?resize=225%2C300 225w, https:\/\/i0.wp.com\/www.robertosedda.it\/wp-content\/uploads\/2013\/06\/ALIM2807.jpg?resize=768%2C1024 768w, https:\/\/i0.wp.com\/www.robertosedda.it\/wp-content\/uploads\/2013\/06\/ALIM2807.jpg?resize=700%2C933 700w, https:\/\/i0.wp.com\/www.robertosedda.it\/wp-content\/uploads\/2013\/06\/ALIM2807.jpg?w=1600 1600w, https:\/\/i0.wp.com\/www.robertosedda.it\/wp-content\/uploads\/2013\/06\/ALIM2807.jpg?w=2400 2400w\" sizes=\"(max-width: 225px) 100vw, 225px\" data-recalc-dims=\"1\" \/><\/a>finalmente si alza e, accompagnato da gridolini e applausi d&#8217;entusiamo, sale sul palco, e\u00a0apprendo che non di giornalista o <em>star<\/em> televisiva si tratta (o forse un po&#8217; <em>star<\/em> lo \u00e8, considerata l&#8217;emozione del pubblico) ma di astronauta, e direi, di un <a href=\"http:\/\/it.wikipedia.org\/wiki\/Paolo_Nespoli\"><em>signor<\/em> astronauta<\/a>, considerato che \u00e8 stato sia sullo <em>Shuttle<\/em> che sulla <em>ISS<\/em>, la stazione spaziale internazionale. Devo dire che la reazione del pubblico mi colpisce: magari noi appassionati di fantascienza siamo in minoranza e i presenti sono tutti studenti di astrofisica, ma insomma non pensavo che esistesse il <em>fan club<\/em> degli astronauti.<\/p>\n<p><em>Leggendo metropolitano<\/em> di quest&#8217;anno ha un titolo di quelli che permettono di metterci dentro qualunque cosa, <em>Leg\u00e0mi<\/em>, e il nostro dibattito specifico si intitola <em>Leg\u00e0mi stellari<\/em>, che dal punto di vista di Sterling non mi pare fortunatissimo, considerato che la <em>space opera<\/em> non \u00e8 propriamente il suo campo specifico. Possenti \u00e8 molto bravo a familiarizzare con gli ospiti e a tenere alto il ritmo &#8211; alla fine passeranno due ore senza che ce ne accorgiamo &#8211; meno per\u00f2 a <em>legare<\/em> i due ospiti fra loro e a far emergere un tema comune. Devo anche dire che nuota controcorrente, perch\u00e9 Nespoli mette le mani avanti, dicendo: \u00abNaturalmente tutti vorrete sapere come si fa a fare la pip\u00ec in assenza di gravit\u00e0, vero?\u00bb, dopodich\u00e9 nessuno, e tanto meno Possenti, oser\u00e0 fare domande sulla vita quotidiana sulla <em>ISS<\/em>, che invece magari erano un grimaldello interessante. Sterling, per conto suo, da vecchio volpone delle ospitate si \u00e8 preparato: nel 2010 ha scritto <a href=\"http:\/\/www.dwell.com\/future\/article\/space-living-astro-home\">un articolo sulla <em>ISS<\/em><\/a>\u00a0(che \u00e8 considerato un classico, vedo) e <a href=\"http:\/\/www.dwell.com\/interviews\/article\/life-space-email-iss\">ha anche intervistato un&#8217;astronauta americana<\/a>, e di questo vuole parlare: \u00e8 buffissimo al secondo giro di domande che Possenti gli chiede una cosa e lui risponde a tutt&#8217;altro con quello che si era preparato, come se niente fosse. E anche nel seguito spesso Sterling\u00a0danzer\u00e0 astute danze attorno a\u00a0Possenti e alle sue domande, sostanzialmente andando avanti per conto suo.<\/p>\n<p><a href=\"https:\/\/i0.wp.com\/www.robertosedda.it\/wp-content\/uploads\/2013\/06\/Possenti-Nespoli-2.jpg\"><img data-attachment-id=\"3603\" data-permalink=\"http:\/\/www.robertosedda.it\/?attachment_id=3603\" data-orig-file=\"https:\/\/i0.wp.com\/www.robertosedda.it\/wp-content\/uploads\/2013\/06\/Possenti-Nespoli-2.jpg?fit=3264%2C2448\" data-orig-size=\"3264,2448\" data-comments-opened=\"1\" data-image-meta=\"{&quot;aperture&quot;:&quot;5.1&quot;,&quot;credit&quot;:&quot;&quot;,&quot;camera&quot;:&quot;F8035&quot;,&quot;caption&quot;:&quot;&quot;,&quot;created_timestamp&quot;:&quot;1370644358&quot;,&quot;copyright&quot;:&quot;&quot;,&quot;focal_length&quot;:&quot;17.1&quot;,&quot;iso&quot;:&quot;320&quot;,&quot;shutter_speed&quot;:&quot;0.007982&quot;,&quot;title&quot;:&quot;YASHICA Digital Camera&quot;}\" data-image-title=\"YASHICA Digital Camera\" data-image-description=\"\" data-image-caption=\"\" data-medium-file=\"https:\/\/i0.wp.com\/www.robertosedda.it\/wp-content\/uploads\/2013\/06\/Possenti-Nespoli-2.jpg?fit=300%2C225\" data-large-file=\"https:\/\/i0.wp.com\/www.robertosedda.it\/wp-content\/uploads\/2013\/06\/Possenti-Nespoli-2.jpg?fit=510%2C383\" decoding=\"async\" loading=\"lazy\" class=\"aligncenter size-large wp-image-3603\" src=\"https:\/\/i0.wp.com\/www.robertosedda.it\/wp-content\/uploads\/2013\/06\/Possenti-Nespoli-2.jpg?resize=700%2C525\" alt=\"YASHICA Digital Camera\" width=\"700\" height=\"525\" srcset=\"https:\/\/i0.wp.com\/www.robertosedda.it\/wp-content\/uploads\/2013\/06\/Possenti-Nespoli-2.jpg?resize=1024%2C768 1024w, https:\/\/i0.wp.com\/www.robertosedda.it\/wp-content\/uploads\/2013\/06\/Possenti-Nespoli-2.jpg?resize=300%2C225 300w, https:\/\/i0.wp.com\/www.robertosedda.it\/wp-content\/uploads\/2013\/06\/Possenti-Nespoli-2.jpg?resize=268%2C200 268w, https:\/\/i0.wp.com\/www.robertosedda.it\/wp-content\/uploads\/2013\/06\/Possenti-Nespoli-2.jpg?resize=700%2C525 700w, https:\/\/i0.wp.com\/www.robertosedda.it\/wp-content\/uploads\/2013\/06\/Possenti-Nespoli-2.jpg?w=1600 1600w, https:\/\/i0.wp.com\/www.robertosedda.it\/wp-content\/uploads\/2013\/06\/Possenti-Nespoli-2.jpg?w=2400 2400w\" sizes=\"(max-width: 700px) 100vw, 700px\" data-recalc-dims=\"1\" \/><\/a>Contro Possenti congiura anche l&#8217;interprete, che non mi pare bravissima: per tutto il dibattito non sembra capire che la stazione spaziale internazionale \u00e8 un oggetto singolo e specifico, non un termine generico per indicare qualunque astronave, e anche in altre occasioni lascia Sterling un po&#8217; abbandonato a se stesso. Naturalmente lui piazza anche delle zampate niente male: l&#8217;immagine della <em>ISS<\/em> come una specie di sito archeologico &#8220;patrimonio dell&#8217;umanit\u00e0&#8221; non \u00e8 male, come lo \u00e8 la provocazione che dovrebbe pertanto essere affidata alla gestione degli europei, che sono bravi e hanno tanta esperienza nella gestione di monumenti culturali. Non mi pare che Nespoli apprezzi, n\u00e9 che sia in fondo disposto a discutere di politica strategica dell&#8217;Agenzia Spaziale Europea: sembra pi\u00f9 abituato ai linguaggi di quando si va, poniamo, nelle scuole a fare promozione dell&#8217;immagine della corsa allo spazio, ma il pubblico e lo scrittore che lo fronteggia richiederebbero forse un atteggiamento comunicativo diverso.<\/p>\n<p><a href=\"https:\/\/i0.wp.com\/www.robertosedda.it\/wp-content\/uploads\/2013\/06\/Bruce-Sterling-Possenti-Nespoli-5.jpg\"><img data-attachment-id=\"3605\" data-permalink=\"http:\/\/www.robertosedda.it\/?attachment_id=3605\" data-orig-file=\"https:\/\/i0.wp.com\/www.robertosedda.it\/wp-content\/uploads\/2013\/06\/Bruce-Sterling-Possenti-Nespoli-5.jpg?fit=3264%2C2448\" data-orig-size=\"3264,2448\" data-comments-opened=\"1\" data-image-meta=\"{&quot;aperture&quot;:&quot;2.8&quot;,&quot;credit&quot;:&quot;&quot;,&quot;camera&quot;:&quot;F8035&quot;,&quot;caption&quot;:&quot;&quot;,&quot;created_timestamp&quot;:&quot;1370645734&quot;,&quot;copyright&quot;:&quot;&quot;,&quot;focal_length&quot;:&quot;5.7&quot;,&quot;iso&quot;:&quot;320&quot;,&quot;shutter_speed&quot;:&quot;0.025&quot;,&quot;title&quot;:&quot;YASHICA Digital Camera&quot;}\" data-image-title=\"YASHICA Digital Camera\" data-image-description=\"\" data-image-caption=\"\" data-medium-file=\"https:\/\/i0.wp.com\/www.robertosedda.it\/wp-content\/uploads\/2013\/06\/Bruce-Sterling-Possenti-Nespoli-5.jpg?fit=300%2C225\" data-large-file=\"https:\/\/i0.wp.com\/www.robertosedda.it\/wp-content\/uploads\/2013\/06\/Bruce-Sterling-Possenti-Nespoli-5.jpg?fit=510%2C383\" decoding=\"async\" loading=\"lazy\" class=\"size-large wp-image-3605 aligncenter\" src=\"https:\/\/i0.wp.com\/www.robertosedda.it\/wp-content\/uploads\/2013\/06\/Bruce-Sterling-Possenti-Nespoli-5.jpg?resize=700%2C525\" alt=\"YASHICA Digital Camera\" width=\"700\" height=\"525\" srcset=\"https:\/\/i0.wp.com\/www.robertosedda.it\/wp-content\/uploads\/2013\/06\/Bruce-Sterling-Possenti-Nespoli-5.jpg?resize=1024%2C768 1024w, https:\/\/i0.wp.com\/www.robertosedda.it\/wp-content\/uploads\/2013\/06\/Bruce-Sterling-Possenti-Nespoli-5.jpg?resize=300%2C225 300w, https:\/\/i0.wp.com\/www.robertosedda.it\/wp-content\/uploads\/2013\/06\/Bruce-Sterling-Possenti-Nespoli-5.jpg?resize=268%2C200 268w, https:\/\/i0.wp.com\/www.robertosedda.it\/wp-content\/uploads\/2013\/06\/Bruce-Sterling-Possenti-Nespoli-5.jpg?resize=700%2C525 700w, https:\/\/i0.wp.com\/www.robertosedda.it\/wp-content\/uploads\/2013\/06\/Bruce-Sterling-Possenti-Nespoli-5.jpg?w=1600 1600w, https:\/\/i0.wp.com\/www.robertosedda.it\/wp-content\/uploads\/2013\/06\/Bruce-Sterling-Possenti-Nespoli-5.jpg?w=2400 2400w\" sizes=\"(max-width: 700px) 100vw, 700px\" data-recalc-dims=\"1\" \/><\/a>Il che \u00e8 un peccato, anche dal punto di vista del dibattito: perch\u00e9 anche da qualche accenno, purtroppo troppo vago, emerge che Nespoli \u00e8 un personaggio pi\u00f9 che interessante: non tutti sono prima ufficiali dei corpi speciali, fanno l&#8217;intervento militare in Libano e <em>poi<\/em> si laureano anche\u00a0a trentun anni in ingegneria spaziale e vanno pi\u00f9 volte nello spazio. Una vita da romanzo, si sarebbe detto una volta, e chiss\u00e0 che ne pensa Sterling&#8230;<\/p>\n<p>N\u00e9 emerge, se non in maniera disperatamente sottotraccia, l&#8217;idea del soldato combattente che va nello spazio, vede la Terra senza confini e, non dico che diventa pacifista, ma almeno riconsidera una serie di cose e guarda ai ai confini e ai rapporti fra popoli in maniera diversa: un approfondimento sarebbe stato interessante ma Possenti se lo lascia sfuggire, Sterling quando tocca a lui non affonda mai il\u00a0colpo\u00a0e il tutto rimane sullo sfondo.<\/p>\n<p><a href=\"https:\/\/i0.wp.com\/www.robertosedda.it\/wp-content\/uploads\/2013\/06\/Bruce-Sterling-Possenti-Nespoli.jpg\"><img data-attachment-id=\"3606\" data-permalink=\"http:\/\/www.robertosedda.it\/?attachment_id=3606\" data-orig-file=\"https:\/\/i0.wp.com\/www.robertosedda.it\/wp-content\/uploads\/2013\/06\/Bruce-Sterling-Possenti-Nespoli.jpg?fit=3264%2C2448\" data-orig-size=\"3264,2448\" data-comments-opened=\"1\" data-image-meta=\"{&quot;aperture&quot;:&quot;5.1&quot;,&quot;credit&quot;:&quot;&quot;,&quot;camera&quot;:&quot;F8035&quot;,&quot;caption&quot;:&quot;&quot;,&quot;created_timestamp&quot;:&quot;1370645215&quot;,&quot;copyright&quot;:&quot;&quot;,&quot;focal_length&quot;:&quot;17.1&quot;,&quot;iso&quot;:&quot;320&quot;,&quot;shutter_speed&quot;:&quot;0.125&quot;,&quot;title&quot;:&quot;YASHICA Digital Camera&quot;}\" data-image-title=\"YASHICA Digital Camera\" data-image-description=\"\" data-image-caption=\"\" data-medium-file=\"https:\/\/i0.wp.com\/www.robertosedda.it\/wp-content\/uploads\/2013\/06\/Bruce-Sterling-Possenti-Nespoli.jpg?fit=300%2C225\" data-large-file=\"https:\/\/i0.wp.com\/www.robertosedda.it\/wp-content\/uploads\/2013\/06\/Bruce-Sterling-Possenti-Nespoli.jpg?fit=510%2C383\" decoding=\"async\" loading=\"lazy\" class=\"aligncenter size-large wp-image-3606\" src=\"https:\/\/i0.wp.com\/www.robertosedda.it\/wp-content\/uploads\/2013\/06\/Bruce-Sterling-Possenti-Nespoli.jpg?resize=700%2C525\" alt=\"YASHICA Digital Camera\" width=\"700\" height=\"525\" srcset=\"https:\/\/i0.wp.com\/www.robertosedda.it\/wp-content\/uploads\/2013\/06\/Bruce-Sterling-Possenti-Nespoli.jpg?resize=1024%2C768 1024w, https:\/\/i0.wp.com\/www.robertosedda.it\/wp-content\/uploads\/2013\/06\/Bruce-Sterling-Possenti-Nespoli.jpg?resize=300%2C225 300w, https:\/\/i0.wp.com\/www.robertosedda.it\/wp-content\/uploads\/2013\/06\/Bruce-Sterling-Possenti-Nespoli.jpg?resize=268%2C200 268w, https:\/\/i0.wp.com\/www.robertosedda.it\/wp-content\/uploads\/2013\/06\/Bruce-Sterling-Possenti-Nespoli.jpg?resize=700%2C525 700w, https:\/\/i0.wp.com\/www.robertosedda.it\/wp-content\/uploads\/2013\/06\/Bruce-Sterling-Possenti-Nespoli.jpg?w=1600 1600w, https:\/\/i0.wp.com\/www.robertosedda.it\/wp-content\/uploads\/2013\/06\/Bruce-Sterling-Possenti-Nespoli.jpg?w=2400 2400w\" sizes=\"(max-width: 700px) 100vw, 700px\" data-recalc-dims=\"1\" \/><\/a>In realt\u00e0 non si capisce bene se Sterling e Nespoli si pongono su due corni opposti di uno stesso argomento o se proprio navigano nello spazio come due asteroidi che nel buio interstellare non si incontreranno mai: un curioso dissidio proprio alla fine sembra suggerire almeno due idee di futuro diverse.\u00a0 Nespoli viene chiesto qualcosa sulla vita extraterrestre (e\/o sulla colonizzazione di altri pianeti) e dice, sostanzialmente, che con la tecnologia attuale il problema non si pone e che, poich\u00e9 il futuro \u00e8 imprevedibile, sostanzialmente di questo adesso non si pu\u00f2 dire niente. Si alza anche in piedi, per dirlo, mima una corsetta sul palco per raccontare delle distanze di cui sta parlando.<\/p>\n<p>Sornione, anche Bruce torna sull&#8217;argomento da un altro punto di vista, definisce anche lui una mimica fisica, misurando la durata della Terra sulla base dell&#8217;apertura delle sue braccia, e poi indica con questa logica la durata della presenza dell&#8217;uomo: un frammento di unghia. E dice pure c<a href=\"https:\/\/i0.wp.com\/www.robertosedda.it\/wp-content\/uploads\/2013\/06\/Leggendo-metropolitano-completo.jpg\"><img data-attachment-id=\"3612\" data-permalink=\"http:\/\/www.robertosedda.it\/?attachment_id=3612\" data-orig-file=\"https:\/\/i0.wp.com\/www.robertosedda.it\/wp-content\/uploads\/2013\/06\/Leggendo-metropolitano-completo.jpg?fit=3264%2C2448\" data-orig-size=\"3264,2448\" data-comments-opened=\"1\" data-image-meta=\"{&quot;aperture&quot;:&quot;5.1&quot;,&quot;credit&quot;:&quot;&quot;,&quot;camera&quot;:&quot;F8035&quot;,&quot;caption&quot;:&quot;&quot;,&quot;created_timestamp&quot;:&quot;1370644463&quot;,&quot;copyright&quot;:&quot;&quot;,&quot;focal_length&quot;:&quot;17.1&quot;,&quot;iso&quot;:&quot;320&quot;,&quot;shutter_speed&quot;:&quot;0.007982&quot;,&quot;title&quot;:&quot;YASHICA Digital Camera&quot;}\" data-image-title=\"YASHICA Digital Camera\" data-image-description=\"\" data-image-caption=\"\" data-medium-file=\"https:\/\/i0.wp.com\/www.robertosedda.it\/wp-content\/uploads\/2013\/06\/Leggendo-metropolitano-completo.jpg?fit=300%2C225\" data-large-file=\"https:\/\/i0.wp.com\/www.robertosedda.it\/wp-content\/uploads\/2013\/06\/Leggendo-metropolitano-completo.jpg?fit=510%2C383\" decoding=\"async\" loading=\"lazy\" class=\"size-medium wp-image-3612 alignright\" src=\"https:\/\/i0.wp.com\/www.robertosedda.it\/wp-content\/uploads\/2013\/06\/Leggendo-metropolitano-completo.jpg?resize=300%2C225\" alt=\"YASHICA Digital Camera\" width=\"300\" height=\"225\" srcset=\"https:\/\/i0.wp.com\/www.robertosedda.it\/wp-content\/uploads\/2013\/06\/Leggendo-metropolitano-completo.jpg?resize=300%2C225 300w, https:\/\/i0.wp.com\/www.robertosedda.it\/wp-content\/uploads\/2013\/06\/Leggendo-metropolitano-completo.jpg?resize=1024%2C768 1024w, https:\/\/i0.wp.com\/www.robertosedda.it\/wp-content\/uploads\/2013\/06\/Leggendo-metropolitano-completo.jpg?resize=268%2C200 268w, https:\/\/i0.wp.com\/www.robertosedda.it\/wp-content\/uploads\/2013\/06\/Leggendo-metropolitano-completo.jpg?resize=700%2C525 700w, https:\/\/i0.wp.com\/www.robertosedda.it\/wp-content\/uploads\/2013\/06\/Leggendo-metropolitano-completo.jpg?w=1600 1600w, https:\/\/i0.wp.com\/www.robertosedda.it\/wp-content\/uploads\/2013\/06\/Leggendo-metropolitano-completo.jpg?w=2400 2400w\" sizes=\"(max-width: 300px) 100vw, 300px\" data-recalc-dims=\"1\" \/><\/a>he non \u00e8 vero che il futuro \u00e8 imprevedibile: la scoperta scientifica dell&#8217;anno prossimo la stanno gi\u00e0 ricercando adesso, dopotutto (e ha ragione). \u00c8 un momento di (possibile) dissenso allettante, dal quale finalmente potrebbe scaturire un disegnare diversi futuri, ma purtroppo il tempo a quel punto era praticamente scaduto e quindi buonanotte, ci alziamo, si fanno un po&#8217; di altre foto ricordo e addio.<\/p>\n<p><a href=\"https:\/\/i0.wp.com\/www.robertosedda.it\/wp-content\/uploads\/2013\/06\/Bruce-Sterling-Legami-Leggendo-metropolitano.jpg\"><img data-attachment-id=\"3607\" data-permalink=\"http:\/\/www.robertosedda.it\/?attachment_id=3607\" data-orig-file=\"https:\/\/i0.wp.com\/www.robertosedda.it\/wp-content\/uploads\/2013\/06\/Bruce-Sterling-Legami-Leggendo-metropolitano.jpg?fit=2448%2C3264\" data-orig-size=\"2448,3264\" data-comments-opened=\"1\" data-image-meta=\"{&quot;aperture&quot;:&quot;5.1&quot;,&quot;credit&quot;:&quot;&quot;,&quot;camera&quot;:&quot;F8035&quot;,&quot;caption&quot;:&quot;&quot;,&quot;created_timestamp&quot;:&quot;1370646365&quot;,&quot;copyright&quot;:&quot;&quot;,&quot;focal_length&quot;:&quot;17.1&quot;,&quot;iso&quot;:&quot;320&quot;,&quot;shutter_speed&quot;:&quot;0.007982&quot;,&quot;title&quot;:&quot;YASHICA Digital Camera&quot;}\" data-image-title=\"YASHICA Digital Camera\" data-image-description=\"\" data-image-caption=\"\" data-medium-file=\"https:\/\/i0.wp.com\/www.robertosedda.it\/wp-content\/uploads\/2013\/06\/Bruce-Sterling-Legami-Leggendo-metropolitano.jpg?fit=225%2C300\" data-large-file=\"https:\/\/i0.wp.com\/www.robertosedda.it\/wp-content\/uploads\/2013\/06\/Bruce-Sterling-Legami-Leggendo-metropolitano.jpg?fit=510%2C680\" decoding=\"async\" loading=\"lazy\" class=\"alignleft size-medium wp-image-3607\" src=\"https:\/\/i0.wp.com\/www.robertosedda.it\/wp-content\/uploads\/2013\/06\/Bruce-Sterling-Legami-Leggendo-metropolitano.jpg?resize=225%2C300\" alt=\"YASHICA Digital Camera\" width=\"225\" height=\"300\" srcset=\"https:\/\/i0.wp.com\/www.robertosedda.it\/wp-content\/uploads\/2013\/06\/Bruce-Sterling-Legami-Leggendo-metropolitano.jpg?resize=225%2C300 225w, https:\/\/i0.wp.com\/www.robertosedda.it\/wp-content\/uploads\/2013\/06\/Bruce-Sterling-Legami-Leggendo-metropolitano.jpg?resize=768%2C1024 768w, https:\/\/i0.wp.com\/www.robertosedda.it\/wp-content\/uploads\/2013\/06\/Bruce-Sterling-Legami-Leggendo-metropolitano.jpg?resize=700%2C933 700w, https:\/\/i0.wp.com\/www.robertosedda.it\/wp-content\/uploads\/2013\/06\/Bruce-Sterling-Legami-Leggendo-metropolitano.jpg?w=1600 1600w, https:\/\/i0.wp.com\/www.robertosedda.it\/wp-content\/uploads\/2013\/06\/Bruce-Sterling-Legami-Leggendo-metropolitano.jpg?w=2400 2400w\" sizes=\"(max-width: 225px) 100vw, 225px\" data-recalc-dims=\"1\" \/><\/a>Andando via mia moglie che si sa, <a title=\"Non poteva funzionare\" href=\"http:\/\/www.robertosedda.it\/?p=657\">la sa pi\u00f9 lunga di me<\/a>, diceva che un buon festival &#8211; o un dibattito, \u00e8 lo stesso &#8211; dovrebbe aprirti delle strade, delle prospettive nuove. Questa apertura, aldil\u00e0 della curiosit\u00e0 per la figura di Nespoli o delle zampate di Sterling, mi pare sia mancata. E anche io andando via pensavo: \u00abMa io, un festival, lo saprei fare meglio?\u00bb e, incautamente, mi dicevo: \u00abForse si\u00bb.<\/p>\n<p>In realt\u00e0 la domanda, lasciamo da parte la risposta presuntuosa, forse era anche un&#8217;altra, e riguardava a cosa servono i festival, e come bisogna farli e con quale obiettivo. La cosa sarebbe stata discussa in lungo e in largo il giorno dopo al festival di Sassari di\u00a0<em>Scirarindi<\/em>, ma io in quel momento non potevo ancora saperlo. Era solo mezzanotte, il vento era calato e dal Bastione si vedevano tutte le luci della citt\u00e0: probabilmente qualcuno, sulla stazione spaziale, le stava guardando anche lui. Ha ragione Sterling: forse il futuro \u00e8 sempre gi\u00e0 cominciato, mentre ne parli.<\/p>\n","protected":false},"excerpt":{"rendered":"<p>Venerd\u00ec sera della settimana scorsa (il 7 giugno)\u00a0ho convinto Maria Bonaria ad andare a sentire Bruce Sterling al Bastione, all&#8217;interno<\/p>\n","protected":false},"author":1,"featured_media":3605,"comment_status":"open","ping_status":"open","sticky":false,"template":"","format":"standard","meta":{"_mi_skip_tracking":false,"_monsterinsights_sitenote_active":false,"_monsterinsights_sitenote_note":"","_monsterinsights_sitenote_category":0,"jetpack_post_was_ever_published":false,"_jetpack_newsletter_access":"","jetpack_publicize_message":"","jetpack_is_tweetstorm":false,"jetpack_publicize_feature_enabled":true,"jetpack_social_post_already_shared":false,"jetpack_social_options":{"image_generator_settings":{"template":"highway","enabled":false}}},"categories":[52,49,60,57,12],"tags":[],"jetpack_publicize_connections":[],"jetpack_featured_media_url":"https:\/\/i0.wp.com\/www.robertosedda.it\/wp-content\/uploads\/2013\/06\/Bruce-Sterling-Possenti-Nespoli-5.jpg?fit=3264%2C2448","jetpack_sharing_enabled":true,"jetpack_shortlink":"https:\/\/wp.me\/p4jV2T-UL","jetpack_likes_enabled":true,"jetpack-related-posts":[{"id":13059,"url":"http:\/\/www.robertosedda.it\/?p=13059","url_meta":{"origin":3519,"position":0},"title":"L&#8217;ottimista e il pessimista","author":"Rufus","date":"09\/01\/2017","format":false,"excerpt":"Una delle letture pi\u00f9 stimolanti che potete fare in questo momento \u00e8 l'annuale dibattito fra Bruce Sterling e Jon Lebkowsky sullo \"stato del mondo\" 2017, ospitato da The Well. Lo so che lo consiglio ogni anno, ma quest'anno lo trovo particolarmente interessante e ho deciso di mettermi di buzzo buono\u2026","rel":"","context":"In &quot;Coordinate&quot;","block_context":{"text":"Coordinate","link":"http:\/\/www.robertosedda.it\/?cat=52"},"img":{"alt_text":"","src":"https:\/\/i0.wp.com\/www.robertosedda.it\/wp-content\/uploads\/2017\/01\/Bruce-Sterling.jpg?fit=1000%2C667&resize=350%2C200","width":350,"height":200,"srcset":"https:\/\/i0.wp.com\/www.robertosedda.it\/wp-content\/uploads\/2017\/01\/Bruce-Sterling.jpg?fit=1000%2C667&resize=350%2C200 1x, https:\/\/i0.wp.com\/www.robertosedda.it\/wp-content\/uploads\/2017\/01\/Bruce-Sterling.jpg?fit=1000%2C667&resize=700%2C400 2x"},"classes":[]},{"id":11386,"url":"http:\/\/www.robertosedda.it\/?p=11386","url_meta":{"origin":3519,"position":1},"title":"REBLOG: Lo stato del mondo secondo Bruce Sterling","author":"Rufus","date":"08\/01\/2016","format":false,"excerpt":"Ogni anno sul sito\u00a0The Well Bruce Sterling e Jon\u00a0Lebkowsky dibattono lo \"stato del mondo\". \u00c8 una conversazione stranamente dissonante, in cui ciascuno di loro sembra occupato non a dialogare con l'altro ma a monologare, salvo che poi stranamente i fili si incrociano, si intrecciano e si dipanano di nuovo arricchendosi\u2026","rel":"","context":"In &quot;Segnalazioni&quot;","block_context":{"text":"Segnalazioni","link":"http:\/\/www.robertosedda.it\/?cat=95"},"img":{"alt_text":"","src":"","width":0,"height":0},"classes":[]},{"id":14518,"url":"http:\/\/www.robertosedda.it\/?p=14518","url_meta":{"origin":3519,"position":2},"title":"Lo stato del mondo 2018 \u00e8 in corso!","author":"Rufus","date":"11\/01\/2018","format":false,"excerpt":"Come tutti gli anni segnalo la discussione aperta su\u00a0The Well\u00a0fra Bruce Sterling e Jon Lebkowski (aperta sta a significare che tutti gli utenti possono partecipare, non solo i due principali interlocutori). L'argomento \u00e8 lo stato del mondo 2018\u00a0ed \u00e8 una conversazione piuttosto rutilante che si snoda da un argomento all'altro:\u2026","rel":"","context":"In &quot;Antropologia&quot;","block_context":{"text":"Antropologia","link":"http:\/\/www.robertosedda.it\/?cat=97"},"img":{"alt_text":"","src":"https:\/\/i0.wp.com\/www.robertosedda.it\/wp-content\/uploads\/2017\/01\/The-well.jpeg?fit=225%2C225&resize=350%2C200","width":350,"height":200},"classes":[]},{"id":16130,"url":"http:\/\/www.robertosedda.it\/?p=16130","url_meta":{"origin":3519,"position":3},"title":"Finestre sporche","author":"Rufus","date":"10\/01\/2019","format":false,"excerpt":"\u00c8 in corso, come sempre nelle prime settimane dell'anno, la discussione sullo stato del mondo 2019 fra Bruce Sterling e Jon Lebkowsky, come sempre la lettura pi\u00f9 stimolante dell'inizio dell'anno, come sempre molto ammerrigana e del tutto fuori bersaglio (come sempre non ci azzeccano mai) e, come ho\u00a0fatto\u00a0gli\u00a0altri\u00a0anni, come sempre\u2026","rel":"","context":"In &quot;Antropologia&quot;","block_context":{"text":"Antropologia","link":"http:\/\/www.robertosedda.it\/?cat=97"},"img":{"alt_text":"","src":"https:\/\/i0.wp.com\/www.robertosedda.it\/wp-content\/uploads\/2017\/01\/The-well.jpeg?fit=225%2C225&resize=350%2C200","width":350,"height":200},"classes":[]},{"id":19043,"url":"http:\/\/www.robertosedda.it\/?p=19043","url_meta":{"origin":3519,"position":4},"title":"Insopportabilmente americano, ma&#8230;","author":"Rufus","date":"18\/01\/2022","format":false,"excerpt":"Quando sei malato e non riesci a guarire, allora entri in un'altra dimensione: sei un invalido.","rel":"","context":"In &quot;Coordinate&quot;","block_context":{"text":"Coordinate","link":"http:\/\/www.robertosedda.it\/?cat=52"},"img":{"alt_text":"","src":"https:\/\/i0.wp.com\/www.robertosedda.it\/wp-content\/uploads\/2017\/01\/The-well.jpeg?fit=225%2C225&resize=350%2C200","width":350,"height":200},"classes":[]},{"id":18604,"url":"http:\/\/www.robertosedda.it\/?p=18604","url_meta":{"origin":3519,"position":5},"title":"Lo scrittore di realt\u00e0-che-potrebbe-essere (o che magari \u00e8 gi\u00e0)","author":"Rufus","date":"06\/05\/2021","format":false,"excerpt":"Quando ho deciso di seguire un po' di pi\u00f9 Twitter, che languiva in un angolo oscuro del mio telefono, la prima sensazione che ho avuto \u00e8 stata che fosse pieno di spazzatura livorosa. Per ovviare al problema ho deciso di scegliere con estrema cura chi seguire, non solo dal punto\u2026","rel":"","context":"In &quot;Coordinate&quot;","block_context":{"text":"Coordinate","link":"http:\/\/www.robertosedda.it\/?cat=52"},"img":{"alt_text":"","src":"https:\/\/i0.wp.com\/www.robertosedda.it\/wp-content\/uploads\/2021\/05\/Doctorow1.png?fit=793%2C677&resize=350%2C200","width":350,"height":200,"srcset":"https:\/\/i0.wp.com\/www.robertosedda.it\/wp-content\/uploads\/2021\/05\/Doctorow1.png?fit=793%2C677&resize=350%2C200 1x, https:\/\/i0.wp.com\/www.robertosedda.it\/wp-content\/uploads\/2021\/05\/Doctorow1.png?fit=793%2C677&resize=700%2C400 2x"},"classes":[]}],"_links":{"self":[{"href":"http:\/\/www.robertosedda.it\/index.php?rest_route=\/wp\/v2\/posts\/3519"}],"collection":[{"href":"http:\/\/www.robertosedda.it\/index.php?rest_route=\/wp\/v2\/posts"}],"about":[{"href":"http:\/\/www.robertosedda.it\/index.php?rest_route=\/wp\/v2\/types\/post"}],"author":[{"embeddable":true,"href":"http:\/\/www.robertosedda.it\/index.php?rest_route=\/wp\/v2\/users\/1"}],"replies":[{"embeddable":true,"href":"http:\/\/www.robertosedda.it\/index.php?rest_route=%2Fwp%2Fv2%2Fcomments&post=3519"}],"version-history":[{"count":34,"href":"http:\/\/www.robertosedda.it\/index.php?rest_route=\/wp\/v2\/posts\/3519\/revisions"}],"predecessor-version":[{"id":7608,"href":"http:\/\/www.robertosedda.it\/index.php?rest_route=\/wp\/v2\/posts\/3519\/revisions\/7608"}],"wp:featuredmedia":[{"embeddable":true,"href":"http:\/\/www.robertosedda.it\/index.php?rest_route=\/wp\/v2\/media\/3605"}],"wp:attachment":[{"href":"http:\/\/www.robertosedda.it\/index.php?rest_route=%2Fwp%2Fv2%2Fmedia&parent=3519"}],"wp:term":[{"taxonomy":"category","embeddable":true,"href":"http:\/\/www.robertosedda.it\/index.php?rest_route=%2Fwp%2Fv2%2Fcategories&post=3519"},{"taxonomy":"post_tag","embeddable":true,"href":"http:\/\/www.robertosedda.it\/index.php?rest_route=%2Fwp%2Fv2%2Ftags&post=3519"}],"curies":[{"name":"wp","href":"https:\/\/api.w.org\/{rel}","templated":true}]}}