{"id":3500,"date":"2013-06-11T10:11:26","date_gmt":"2013-06-11T08:11:26","guid":{"rendered":"http:\/\/www.robertosedda.it\/?p=3500"},"modified":"2024-06-18T17:49:18","modified_gmt":"2024-06-18T15:49:18","slug":"a-giro-pa-ru-mundu","status":"publish","type":"post","link":"http:\/\/www.robertosedda.it\/?p=3500","title":{"rendered":"A giro p\u00e0 ru mundu"},"content":{"rendered":"<p>\u00abMa tu sei sempre a giro <em>p\u00e0 ru mundu<\/em>?\u00bb, <em>in giro per il mondo<\/em>, disse la nonna a Stefano Cucca.<\/p>\n<p>Stefano era appena tornato da un viaggio e la nonna, bonariamente, lo prendeva in giro.<\/p>\n<p>Avesse saputo. Perch\u00e9 Stefano il giro del mondo intero lo far\u00e0 veramente (e, in suo onore, ha scelto la frase come motto). E non viaggia con la forza dei cavalli vapore, come <a title=\"Congegni matematici\" href=\"http:\/\/www.robertosedda.it\/?p=3466\">Phileas Fogg<\/a>, ma con la forza delle sue gambe.<\/p>\n<p>D&#8217;altro canto Stefano fa normalmente cose come andare in Australia a fare l&#8217;<em>iron man<\/em>, quindi non \u00e8 come se in viaggio ci andasse il simpatico salsicciotto che vi sta scrivendo.<\/p>\n<p>Quindi Stefano far\u00e0 il giro del mondo in bicicletta, per raccogliere e raccontare storie di stili di vista sostenibili.<\/p>\n<p>\u00c8 partito sabato, da Sorso.&nbsp;E forse questa \u00e8 una spiegazione: la leggenda popolare dice che i sorsesi sono tutti matti (per l&#8217;esattezza: <em>Soss\u00f9<\/em><em>, Calangianus e Lod\u00e8 son macchi tutti e tre<\/em>. Non so da cosa dipenda a Calangianus e Lod\u00e8, ma a Sorso c&#8217;\u00e8 la fontana <em>Billellera<\/em> che causa la follia di chi ne beve l&#8217;acqua). E un po&#8217; matti per prendere, lasciare il lavoro&nbsp;e partire <em>p\u00e0 ru mundu<\/em> bisogna esserlo, indubbiamente.<\/p>\n<p><a href=\"http:\/\/www.rumundu.com\/it\">Il progetto \u00e8 raccontato da un sito<\/a>, dove ci saranno man mano le foto, le storie raccolte e le cronache del viaggio (c&#8217;\u00e8 anche una mappa che consente di vedere subito in quale punto <em>de ru mundu<\/em> siamo arrivati &#8211; cio\u00e8: dov&#8217;\u00e8 arrivato Stefano, noi salsicciotti stiamo fermi).<\/p>\n<p>Sul sito \u00e8 anche possibile prenotarsi per ospitare Stefano (appartamento a Manhattan &#8211; o a Novisibirsk, qualcuno?), raccontargli le proprie storie di sostenibilit\u00e0 e fare donazioni per sostenere il viaggio (che anche se fra gli <em>sponsor<\/em> c&#8217;\u00e8 Banca Etica temo che questo non sia sufficiente a garantire l&#8217;autonomia dell&#8217;impresa, diciamo).<\/p>\n<p>La mia famiglia si sta organizzando: dopotutto \u00e8 il minimo che noi salsicciotti possiamo fare.<\/p>\n<div class=\"jetpack-video-wrapper\"><span class=\"embed-youtube\" style=\"text-align:center; display: block;\"><iframe class=\"youtube-player\" width=\"800\" height=\"450\" src=\"https:\/\/www.youtube.com\/embed\/O8Q0G3ugmPI?version=3&#038;rel=1&#038;showsearch=0&#038;showinfo=1&#038;iv_load_policy=1&#038;fs=1&#038;hl=it-IT&#038;autohide=2&#038;wmode=transparent\" allowfullscreen=\"true\" style=\"border:0;\" sandbox=\"allow-scripts allow-same-origin allow-popups allow-presentation\"><\/iframe><\/span><\/div>\n","protected":false},"excerpt":{"rendered":"<p>\u00abMa tu sei sempre a giro p\u00e0 ru mundu?\u00bb, in giro per il mondo, disse la nonna a Stefano Cucca.<\/p>\n","protected":false},"author":1,"featured_media":20510,"comment_status":"open","ping_status":"open","sticky":false,"template":"","format":"video","meta":{"_mi_skip_tracking":false,"_monsterinsights_sitenote_active":false,"_monsterinsights_sitenote_note":"","_monsterinsights_sitenote_category":0,"jetpack_post_was_ever_published":false,"_jetpack_newsletter_access":"","jetpack_publicize_message":"","jetpack_is_tweetstorm":false,"jetpack_publicize_feature_enabled":true,"jetpack_social_post_already_shared":false,"jetpack_social_options":{"image_generator_settings":{"template":"highway","enabled":false}}},"categories":[83,52,56,19],"tags":[],"jetpack_publicize_connections":[],"jetpack_featured_media_url":"https:\/\/i0.wp.com\/www.robertosedda.it\/wp-content\/uploads\/2013\/06\/Rumundu.jpg?fit=730%2C411","jetpack_sharing_enabled":true,"jetpack_shortlink":"https:\/\/wp.me\/p4jV2T-Us","jetpack_likes_enabled":true,"jetpack-related-posts":[{"id":10953,"url":"http:\/\/www.robertosedda.it\/?p=10953","url_meta":{"origin":3500,"position":0},"title":"Non ve lo perdete","author":"Rufus","date":"01\/10\/2015","format":"video","excerpt":"Da domani \u00e8 a Cagliari\u00a0Mirafiori Lunapark, un film che diversi amici in giro per tutta Italia, soprattutto soci di Banca Etica, mi consigliano caldamente. Sar\u00e0 proiettato\u00a0al Teatro Alkestis\u00a0 dal 2 al 7 ottobre. Il regista Stefano Di Polito sar\u00e0 presente in sala venerd\u00ec 2 e sabato 3 ottobre alle ore\u2026","rel":"","context":"In &quot;Coordinate&quot;","block_context":{"text":"Coordinate","link":"http:\/\/www.robertosedda.it\/?cat=52"},"img":{"alt_text":"","src":"https:\/\/i0.wp.com\/img.youtube.com\/vi\/FyGwkc1SrYM\/0.jpg?resize=350%2C200","width":350,"height":200},"classes":[]},{"id":7606,"url":"http:\/\/www.robertosedda.it\/?p=7606","url_meta":{"origin":3500,"position":1},"title":"Cose interessanti (e meno) a &#8220;Leggendo Metropolitano&#8221; (di festival &#8211; 3)","author":"Rufus","date":"05\/06\/2014","format":false,"excerpt":"Sono tornato ieri con Maria Bonaria a\u00a0Leggendo Metropolitano, dove\u00a0l'anno scorso avevo sentito Bruce Sterling e Paolo Nespoli. L'anno scorso c'ero capitato per caso, quest'anno mi sono studiato il programma in anticipo (e ne ho pure parlato nell'ultima puntata di\u00a0Oggi parliamo di libri, che non ho per\u00f2 ancora\u00a0pubblicato qui sul blog)\u2026","rel":"","context":"In &quot;Coordinate&quot;","block_context":{"text":"Coordinate","link":"http:\/\/www.robertosedda.it\/?cat=52"},"img":{"alt_text":"","src":"https:\/\/i0.wp.com\/www.robertosedda.it\/wp-content\/uploads\/2014\/06\/2014-06-04-20.06.13.jpg?fit=1200%2C900&resize=350%2C200","width":350,"height":200,"srcset":"https:\/\/i0.wp.com\/www.robertosedda.it\/wp-content\/uploads\/2014\/06\/2014-06-04-20.06.13.jpg?fit=1200%2C900&resize=350%2C200 1x, https:\/\/i0.wp.com\/www.robertosedda.it\/wp-content\/uploads\/2014\/06\/2014-06-04-20.06.13.jpg?fit=1200%2C900&resize=700%2C400 2x, https:\/\/i0.wp.com\/www.robertosedda.it\/wp-content\/uploads\/2014\/06\/2014-06-04-20.06.13.jpg?fit=1200%2C900&resize=1050%2C600 3x"},"classes":[]},{"id":5863,"url":"http:\/\/www.robertosedda.it\/?p=5863","url_meta":{"origin":3500,"position":2},"title":"Solo posti in piedi al MAMbo di Bologna","author":"Rufus","date":"16\/01\/2014","format":false,"excerpt":"Dei vantaggi comparati di diverse citt\u00e0 Uno dei vantaggi meno noti che una citt\u00e0 come Bologna ha nei confronti di altri centri urbani pi\u00f9 sfortunati \u00e8 il fatto che, essendo la sigla della provincia una bella sillaba piena e roBOante, si presta bene a essere inserita in tutta una serie\u2026","rel":"","context":"In &quot;Coordinate&quot;","block_context":{"text":"Coordinate","link":"http:\/\/www.robertosedda.it\/?cat=52"},"img":{"alt_text":"","src":"https:\/\/i0.wp.com\/www.robertosedda.it\/wp-content\/uploads\/2014\/01\/Il-lamento-dellora.jpg?fit=915%2C1200&resize=350%2C200","width":350,"height":200,"srcset":"https:\/\/i0.wp.com\/www.robertosedda.it\/wp-content\/uploads\/2014\/01\/Il-lamento-dellora.jpg?fit=915%2C1200&resize=350%2C200 1x, https:\/\/i0.wp.com\/www.robertosedda.it\/wp-content\/uploads\/2014\/01\/Il-lamento-dellora.jpg?fit=915%2C1200&resize=700%2C400 2x"},"classes":[]},{"id":3466,"url":"http:\/\/www.robertosedda.it\/?p=3466","url_meta":{"origin":3500,"position":3},"title":"Congegni matematici","author":"Rufus","date":"07\/06\/2013","format":"video","excerpt":"Il giro del mondo in ottanta giorni in linea Ho caricato ieri su Youtube la puntata di Oggi parliamo di libri dedicata al Giro del mondo in ottanta giorni. In un ciclo sui romanzi d'avventura non si poteva non parlare di Verne, e il problema era casomai quello di scegliere\u2026","rel":"","context":"In &quot;Cappe e spade&quot;","block_context":{"text":"Cappe e spade","link":"http:\/\/www.robertosedda.it\/?cat=70"},"img":{"alt_text":"","src":"https:\/\/i0.wp.com\/www.robertosedda.it\/wp-content\/uploads\/2013\/06\/SIL7-30-01.jpg?fit=450%2C621&resize=350%2C200","width":350,"height":200},"classes":[]},{"id":15463,"url":"http:\/\/www.robertosedda.it\/?p=15463","url_meta":{"origin":3500,"position":4},"title":"Come battere l&#8217;algoritmo di Facebook","author":"Rufus","date":"12\/07\/2018","format":false,"excerpt":"Vedo passare sulle bacheche di diversi miei contatti un testo che riguarda il modo di\u00a0bypassare il presunto nuovo algoritmo di\u00a0Facebook per evitare che ti faccia vedere sempre e solo i soliti venticinque amici. Ora, \u00e8 chiaro che \u00e8 una bufala, che tra l'altro girava pi\u00f9 o meno uguale un paio\u2026","rel":"","context":"In &quot;Coordinate&quot;","block_context":{"text":"Coordinate","link":"http:\/\/www.robertosedda.it\/?cat=52"},"img":{"alt_text":"","src":"https:\/\/i0.wp.com\/www.robertosedda.it\/wp-content\/uploads\/2018\/07\/Algoritmo-1.jpg?fit=1195%2C707&resize=350%2C200","width":350,"height":200,"srcset":"https:\/\/i0.wp.com\/www.robertosedda.it\/wp-content\/uploads\/2018\/07\/Algoritmo-1.jpg?fit=1195%2C707&resize=350%2C200 1x, https:\/\/i0.wp.com\/www.robertosedda.it\/wp-content\/uploads\/2018\/07\/Algoritmo-1.jpg?fit=1195%2C707&resize=700%2C400 2x, https:\/\/i0.wp.com\/www.robertosedda.it\/wp-content\/uploads\/2018\/07\/Algoritmo-1.jpg?fit=1195%2C707&resize=1050%2C600 3x"},"classes":[]},{"id":15358,"url":"http:\/\/www.robertosedda.it\/?p=15358","url_meta":{"origin":3500,"position":5},"title":"Lupi mannari e corruttori","author":"Rufus","date":"14\/06\/2018","format":false,"excerpt":"Una discussione di ieri sulla responsabilit\u00e0 politica (che \u00e8 cosa diversa da quella giudiziaria) a proposito degli arresti nella faccenda del nuovo stadio della Roma mi ha fatto tornare in mente una cosa che volevo dire tempo fa quando si \u00e8 discusso della proposta di Davigo (e altri) di utilizzare\u2026","rel":"","context":"In &quot;Coordinate&quot;","block_context":{"text":"Coordinate","link":"http:\/\/www.robertosedda.it\/?cat=52"},"img":{"alt_text":"","src":"https:\/\/i0.wp.com\/www.robertosedda.it\/wp-content\/uploads\/2018\/06\/Lupo-cattivo-con-cappello-Titti.jpeg?fit=959%2C1200&resize=350%2C200","width":350,"height":200,"srcset":"https:\/\/i0.wp.com\/www.robertosedda.it\/wp-content\/uploads\/2018\/06\/Lupo-cattivo-con-cappello-Titti.jpeg?fit=959%2C1200&resize=350%2C200 1x, https:\/\/i0.wp.com\/www.robertosedda.it\/wp-content\/uploads\/2018\/06\/Lupo-cattivo-con-cappello-Titti.jpeg?fit=959%2C1200&resize=700%2C400 2x"},"classes":[]}],"_links":{"self":[{"href":"http:\/\/www.robertosedda.it\/index.php?rest_route=\/wp\/v2\/posts\/3500"}],"collection":[{"href":"http:\/\/www.robertosedda.it\/index.php?rest_route=\/wp\/v2\/posts"}],"about":[{"href":"http:\/\/www.robertosedda.it\/index.php?rest_route=\/wp\/v2\/types\/post"}],"author":[{"embeddable":true,"href":"http:\/\/www.robertosedda.it\/index.php?rest_route=\/wp\/v2\/users\/1"}],"replies":[{"embeddable":true,"href":"http:\/\/www.robertosedda.it\/index.php?rest_route=%2Fwp%2Fv2%2Fcomments&post=3500"}],"version-history":[{"count":6,"href":"http:\/\/www.robertosedda.it\/index.php?rest_route=\/wp\/v2\/posts\/3500\/revisions"}],"predecessor-version":[{"id":20511,"href":"http:\/\/www.robertosedda.it\/index.php?rest_route=\/wp\/v2\/posts\/3500\/revisions\/20511"}],"wp:featuredmedia":[{"embeddable":true,"href":"http:\/\/www.robertosedda.it\/index.php?rest_route=\/wp\/v2\/media\/20510"}],"wp:attachment":[{"href":"http:\/\/www.robertosedda.it\/index.php?rest_route=%2Fwp%2Fv2%2Fmedia&parent=3500"}],"wp:term":[{"taxonomy":"category","embeddable":true,"href":"http:\/\/www.robertosedda.it\/index.php?rest_route=%2Fwp%2Fv2%2Fcategories&post=3500"},{"taxonomy":"post_tag","embeddable":true,"href":"http:\/\/www.robertosedda.it\/index.php?rest_route=%2Fwp%2Fv2%2Ftags&post=3500"}],"curies":[{"name":"wp","href":"https:\/\/api.w.org\/{rel}","templated":true}]}}